{"id":177551,"date":"2015-07-13T23:46:38","date_gmt":"2015-07-13T20:46:38","guid":{"rendered":"https:\/\/analyse.optim.biz\/?p=177551"},"modified":"2015-07-13T23:46:38","modified_gmt":"2015-07-13T20:46:38","slug":"klaus-iohannis-romanilor-din-spania-promisiunile-din-16-noiembrie-continua-sa-fie-reperul-meu-permanent","status":"publish","type":"post","link":"https:\/\/analyse.optim.biz\/?p=177551","title":{"rendered":"Klaus Iohannis, rom\u00e2nilor din Spania: Promisiunile din 16 noiembrie continu\u0103 s\u0103 fie reperul meu permanent"},"content":{"rendered":"<div class=\"entry data-app-meta data-app-meta-article\" data-embed-base-url-canonical=\"https:\/\/www.digi24.ro\/embed\/stiri\/actualitate\/politica\/klaus-iohannis-romanilor-din-spania-promisiunile-din-16-noiembrie-continua-sa-fie-reperul-meu-permanent-415399\">\n<p data-index=\"1\">\u015eeful statului a avut, luni, prima sa \u00eent\u00e2lnire cu rom\u00e2nii stabili\u0163i \u00een Spania de la alegerea sa \u00een func\u0163ia de pre\u015fedinte. Peste 150 de rom\u00e2ni stabili\u0163i \u00een Spania au participat la \u00eent\u00e2lnirea cu pre\u015fedintele Klaus Iohannis, iar liderul de la Cotroceni a avut un mesaj special pentru ei.<\/p>\n<p data-index=\"2\">\u201eS\u0103 fi\u0163i solidari \u015fi uni\u0163i, s\u0103 fi\u0163i lideri \u00een comunit\u0103\u0163ile voastre \u015fi s\u0103 fi\u0163i con\u015ftien\u0163i de for\u0163a pe care o ave\u0163i. \u015etiu c\u0103 sunte\u0163i cu sufletul acas\u0103, iar cel mai bun r\u0103spuns din partea noastr\u0103 este s\u0103 construim acea Rom\u00e2nie \u00een care dori\u0163i s\u0103 v\u0103 \u00eentoarce\u0163i\u201d, a declarat pre\u0219edintele Rom\u00e2niei.<\/p>\n<p data-index=\"3\">Cei mai mul\u0163i dintre rom\u00e2nii prezen\u0163i la \u00eent\u00e2lnire \u015fi-au st\u0103p\u00e2nit cu greu emo\u0163iile, pentru c\u0103 sunt pleca\u0163i de mai bine de zece ani din \u0163ar\u0103.<\/p>\n<p data-index=\"4\">\u201e<span>Cred c\u0103 e pentru prima dat\u0103 c\u00e2nd am avut emo\u0163ii ascult\u00e2nd imnul na\u0163ional al Rom\u00e2niei&#8230;. Un semn de speran\u0163\u0103, am tr\u0103it emo\u0163ionat prezen\u0163a pre\u015fedintelui pentru c\u0103 a ren\u0103scut speran\u0163a \u015fi cred c\u0103 se va \u00eencerca o schimbare\u201d, a m\u0103rturisit unul dintre participan\u021bi.<\/span><\/p>\n<p data-index=\"5\">\u201eE emo\u0163ionant \u015fi foarte impresionant. Am avut onoarea s\u0103-l vedem fa\u0163\u0103 \u00een fa\u0163\u0103&#8230; Mi-a pl\u0103cut mesajul domnului pre\u015fedinte\u201d, spune o t\u00e2n\u0103r\u0103.<\/p>\n<p data-index=\"6\"><strong>Au fost \u00eens\u0103 \u015fi membri ai comunit\u0103\u0163ii rom\u00e2ne care au criticat discursul pre\u015fedintelui.<\/strong><\/p>\n<p data-index=\"7\"><em>\u201eMesajul, care a fost nu a fost concret, clar \u015fi la obiect, a atins anumite subiecte, dar nu m-a convins. (&#8230;) Dumnealui se va trezi la sf\u00e2r\u015fitul mandatului c\u0103 rom\u00e2nii sunt nemul\u0163umi\u0163i, nu a fost omul pe care l-au votat sau care au dorit ei s\u0103 fie\u201d,<\/em> a declarat unul dintre rom\u00e2nii prezen\u021bi la \u00eent\u00e2lnire.<\/p>\n<p data-index=\"8\"><strong><span>Declara\u021biile pre\u0219edintelui Klaus Iohannis:<\/span><\/strong><\/p>\n<p data-index=\"9\">\u201eV\u0103 mul\u0163umesc pentru primire \u015fi sunt onorat s\u0103 m\u0103 aflu aici. \u00cen aceste prime luni de mandat am \u0163inut s\u0103 m\u0103 \u00eent\u00e2lnesc cu reprezentan\u0163i ai comunit\u0103\u0163ilor rom\u00e2ne\u015fti din Europa. \u015ei de fiecare dat\u0103 \u00eencerc aceea\u015fi emo\u0163ie \u015fi bucurie. Am dorit s\u0103 fiu al\u0103turi de voi, ca \u015fi de ceilal\u0163i concet\u0103\u0163eni ai no\u015ftri din diferite p\u0103r\u0163i ale continentului, pentru a v\u0103 cunoa\u015fte \u015fi a v\u0103 adresa c\u00e2teva g\u00e2nduri. V\u0103 mul\u0163umesc pentru cine sunte\u0163i, ambasadori ai no\u015ftri \u00een Spania, v\u0103 mul\u0163umesc c\u0103 ne reprezenta\u0163i cu onoare \u015fi sunte\u0163i un exemplu de patriotism. Printre voi m\u0103 simt acas\u0103. V\u0103 rog s\u0103 primi\u0163i aprecierea \u015fi respectul meu pentru ceea ce face\u0163i: investi\u0163i \u00een Rom\u00e2nia prin banii trimi\u015fi, \u00eei inspira\u0163i pe cei din \u0163ar\u0103 s\u0103 \u00ee\u015fi doreasc\u0103 mai mult \u015fi s\u0103 aib\u0103 \u00eencredere. \u015ei, \u00een acela\u015fi timp, contribui\u0163i la dezvoltarea comunit\u0103\u0163ilor \u00een care tr\u0103i\u0163i aici, \u00een Spania.<\/p>\n<p data-index=\"10\"><img decoding=\"async\" src=\"https:\/\/analyse.optim.biz\/wp-content\/uploads\/2024\/09\/otnlngq1zwi1yte2mzq5ymjlogi4yza0zmvhndmxyw-thumb_.jpg\" data-skip-htmlfix=\"1\" title=\"otnlngq1zwi1yte2mzq5ymjlogi4yza0zmvhndmxyw-thumb_\"><\/p>\n<p data-index=\"11\"><em><span>Foto: Administra\u021bia preziden\u021bial\u0103<\/span><\/em><\/p>\n<p data-index=\"12\">Aceast\u0103 \u00eent\u00e2lnire are loc pentru c\u0103 dumneavoastr\u0103 a\u0163i f\u0103cut-o posibil\u0103. Momentul 16 noiembrie este acum un pic mai \u00eendep\u0103rtat \u00een timp. Pentru mine \u00eens\u0103, ca angajament \u0219i determinare, nu s-a schimbat nimic. Urm\u0103resc acelea\u0219i principii, iar promisiunile pe care le-am f\u0103cut atunci continu\u0103 s\u0103 fie reperul meu permanent. Au trecut, iat\u0103, mai bine de \u0219ase luni \u0219i vreau s\u0103 fiu foarte onest despre acest \u00eenceput de mandat. Sunt lucruri care s-au mi\u0219cat \u0219i schimbat \u00een politica rom\u00e2neasc\u0103. Sunt proiecte pe care le-am dus la bun sf\u00e2r\u0219it, cum este Strategia Na\u0163ional\u0103 de Ap\u0103rare, pentru c\u0103 ne-am a\u0219ezat la masa dialogului, pentru c\u0103 am pus obiectivele comune pentru Rom\u00e2nia \u00eenaintea certurilor politice. Sunt alte proiecte care merg mai greu, pentru c\u0103 rezisten\u0163a la schimbare este \u00eenc\u0103 foarte mare. Dar drumul pe care am pornit este cel promis: al unei politici f\u0103cute altfel, cu mai mult\u0103 integritate \u0219i decen\u0163\u0103, cu respect pentru lege \u0219i pentru oameni, cu dialog, dar \u0219i cu fermitate \u00een ap\u0103rarea unor principii.<\/p>\n<p data-index=\"13\"><img decoding=\"async\" src=\"https:\/\/analyse.optim.biz\/wp-content\/uploads\/2024\/09\/mtc3ndyyytzlzdm0zmuxyme1zmu0nzayzduzzgq3za-thumb_.jpg\" data-skip-htmlfix=\"1\" title=\"mtc3ndyyytzlzdm0zmuxyme1zmu0nzayzduzzgq3za-thumb_\"><\/p>\n<p data-index=\"14\"><em><span>Foto: Administra\u021bia preziden\u021bial\u0103<\/span><\/em><\/p>\n<p data-index=\"15\"><span>Avem o nou\u0103 Strategie Na\u0163ional\u0103 de Ap\u0103rare. O amintesc aici pentru c\u0103 am \u0163inut \u00een cuprinsul ei s\u0103 fac o declara\u0163ie ferm\u0103, care pe unii sau chiar pe mul\u0163i i-a surprins. Am spus c\u0103 o Rom\u00e2nie puternic\u0103 este aceea care poate asigura securitatea cet\u0103\u0163enilor s\u0103i \u0219i \u00eei poate proteja, prin mijloace diplomatice \u0219i juridice, oriunde s-ar afla ei. \u00cen toate discu\u0163iile pe care le am cu omologii mei, respectarea \u0219i garantarea drepturilor rom\u00e2nilor \u00een \u0163\u0103rile \u00een care tr\u0103iesc \u0219i muncesc se afl\u0103 printre subiectele cele mai importante. De asemenea, cred c\u0103 autorit\u0103\u0163ile rom\u00e2ne trebuie s\u0103 aib\u0103 mereu \u00een vedere o rela\u0163ie mai bun\u0103 \u0219i mai str\u00e2ns\u0103 cu cet\u0103\u0163enii, servicii consulare mai eficiente \u0219i adaptate realit\u0103\u0163ilor, o organizare care s\u0103 r\u0103spund\u0103 cerin\u0163elor \u0219i o comunicare pe m\u0103sur\u0103. Am toate aceste lucruri \u00een aten\u0163ie.\u00a0<\/span><\/p>\n<p data-index=\"16\"><img decoding=\"async\" src=\"https:\/\/analyse.optim.biz\/wp-content\/uploads\/2024\/09\/ztqxztm0yza2mznjn2m0ownmzdqwogjintzmmzvknw-thumb_.jpg\" data-skip-htmlfix=\"1\" title=\"ztqxztm0yza2mznjn2m0ownmzdqwogjintzmmzvknw-thumb_\"><\/p>\n<p data-index=\"17\"><span><em><span>Foto: Administra\u021bia preziden\u021bial\u0103<\/span><\/em><\/span><\/p>\n<p data-index=\"18\"><span>Tot \u00een Strategia Na\u0163ional\u0103 de Ap\u0103rare am afirmat c\u0103 o Rom\u00e2nie puternic\u0103 \u00ee\u0219i promoveaz\u0103 identitatea, \u0219tie s\u0103 apere \u0219i valorifice acele lucruri, acele simboluri care ne definesc \u00een lume ca na\u0163iune, oriunde ne-am afla. Voi face\u0163i acest lucru aici, \u00een Spania, prin promovarea limbii \u0219i culturii rom\u00e2ne, prin rolul pe care \u00eel ave\u0163i \u00een societate. Voi face\u0163i Rom\u00e2nia puternic\u0103.\u00a0<\/span><\/p>\n<p><span>Trebuie s\u0103 v\u0103 spun c\u0103 la nivelul Administra\u0163iei Preziden\u0163iale am \u00eenceput s\u0103 g\u00e2ndim o viziune coerent\u0103 pentru diaspora. Am pornit de la a \u00een\u0163elege starea de fapt, problemele \u0219i preocup\u0103rile rom\u00e2nilor din str\u0103in\u0103tate. Am ini\u0163iat un dialog cu to\u0163i reprezentan\u0163ii institu\u0163iilor cu atribu\u0163ii, cu to\u0163i cei care au \u0219i trebuie s\u0103 aib\u0103 un cuv\u00e2nt de spus. V\u0103 rog s\u0103 privi\u0163i prezen\u0163a mea aici \u00een acela\u0219i context.<\/span><\/p>\n<p><span>Da\u0163i-mi voie s\u0103 \u00eenchei prin a v\u0103 \u00eendemna s\u0103 fi\u0163i solidari \u0219i uni\u0163i, s\u0103 fi\u0163i lideri \u00een comunit\u0103\u0163ile voastre, s\u0103 fi\u0163i con\u0219tien\u0163i de for\u0163a pe care o ave\u0163i. \u0218tiu c\u0103 sunte\u0163i cu sufletul acas\u0103. Iar cel mai bun r\u0103spuns din partea noastr\u0103, a celor din \u0163ar\u0103, este s\u0103 construim acea Rom\u00e2nie \u00een care s\u0103 v\u0103 dori\u0163i s\u0103 v\u0103 \u00eentoarce\u0163i. V\u0103 mul\u0163umesc \u00eenc\u0103 o dat\u0103!\u201d<\/span><\/p>\n<p data-index=\"19\"><span><img decoding=\"async\" src=\"https:\/\/analyse.optim.biz\/wp-content\/uploads\/2024\/09\/yjqxngizmzuxmdaxmwiwmjgxngi0ztywogixmju4nq-thumb_.jpg\" data-skip-htmlfix=\"1\" title=\"yjqxngizmzuxmdaxmwiwmjgxngi0ztywogixmju4nq-thumb_\"><\/span><\/p>\n<p data-index=\"20\"><span><span><em><span>Foto: Administra\u021bia preziden\u021bial\u0103<\/span><\/em><\/span><\/span><\/p>\n<p data-index=\"21\"><span>Klaus Iohannis \u00ee\u015fi va \u00eencheia mar\u021bi vizita \u00een Spania, dup\u0103 o \u00eent\u00e2lnire cu pre\u015fedintele Senatului de la Madrid. \u00a0<\/span><\/p>\n<h5><span>Citi\u021bi \u0219i<\/span><\/h5>\n<h5><a href=\"https:\/\/www.digi24.ro\/Stiri\/Digi24\/Actualitate\/Stiri\/El+Mundo+scrie+despre+Klaus+si+Carmen+Iohannis+Un+cuplu+atipic+p\" target=\"_blank\" data-skip-linkfix=\"1\" rel=\"noopener\">El Mundo scrie despre Klaus \u0219i Carmen Iohannis: Un cuplu atipic pe scena politic\u0103<\/a><\/h5>\n<h5><a href=\"https:\/\/www.digi24.ro\/Stiri\/Digi24\/Actualitate\/Politica\/VIDEO+Presedintele+Klaus+Iohannis+primit+de+regele+Felipe+al+VI-\" data-skip-linkfix=\"1\"><span>VIDEO. Pre\u0219edintele Klaus Iohannis, primit de regele Felipe al VI-lea al Spaniei<\/span><\/a><\/h5>\n<h5><a href=\"https:\/\/www.digi24.ro\/Stiri\/Digi24\/Actualitate\/Politica\/Regele+Spaniei+Romaniei+i+se+cuvine+intrarea+in+Schengen\" data-skip-linkfix=\"1\"><span>Regele Spaniei: Rom\u00e2niei i se cuvine intrarea \u00een Schengen<\/span><\/a><\/h5>\n<h5><a href=\"https:\/\/www.digi24.ro\/Stiri\/Digi24\/Actualitate\/Stiri\/Dubla+cetatenie+pentru+romanii+din+Spania+Madridul+se+declara+de\" data-skip-linkfix=\"1\"><span>Dubl\u0103 cet\u0103\u021benie pentru rom\u00e2nii din Spania: Madridul se declar\u0103 deschis la discu\u021bii<\/span><\/a><\/h5>\n<h5><a href=\"https:\/\/www.digi24.ro\/Stiri\/Digi24\/Economie\/Stiri\/Klaus+Iohannis+Romania+vrea+sa+intre+in+zona+euro\" data-skip-linkfix=\"1\"><span>Klaus Iohannis: Rom\u00e2nia vrea s\u0103 intre \u00een zona euro<\/span><\/a><\/h5>\n<p data-index=\"22\"><span><em><span><br \/><\/span><\/em><\/span><\/p>\n<p data-index=\"23\"><span><em><span><br \/><\/span><\/em><\/span><\/p>\n<p data-index=\"24\"><span><br \/><\/span><\/p>\n<\/div>\n<p> Source URL: https:\/\/www.digi24.ro\/stiri\/actualitate\/politica\/klaus-iohannis-romanilor-din-spania-promisiunile-din-16-noiembrie-continua-sa-fie-reperul-meu-permanent-415399<\/p>\n","protected":false},"excerpt":{"rendered":"<p>\u015eeful statului a avut, luni, prima sa \u00eent\u00e2lnire cu rom\u00e2nii stabili\u0163i \u00een Spania de la alegerea sa \u00een func\u0163ia de pre\u015fedinte. Peste 150 de rom\u00e2ni stabili\u0163i \u00een Spania au participat la \u00eent\u00e2lnirea cu pre\u015fedintele Klaus Iohannis, iar liderul de la Cotroceni a avut un mesaj special pentru ei. \u201eS\u0103 fi\u0163i solidari \u015fi uni\u0163i, s\u0103 fi\u0163i [&hellip;]<\/p>\n","protected":false},"author":1,"featured_media":177552,"comment_status":"open","ping_status":"","sticky":false,"template":"","format":"standard","meta":{"footnotes":""},"categories":[2],"tags":[11],"class_list":["post-177551","post","type-post","status-publish","format-standard","has-post-thumbnail","hentry","category-politics","tag-digi24"],"_links":{"self":[{"href":"https:\/\/analyse.optim.biz\/index.php?rest_route=\/wp\/v2\/posts\/177551","targetHints":{"allow":["GET"]}}],"collection":[{"href":"https:\/\/analyse.optim.biz\/index.php?rest_route=\/wp\/v2\/posts"}],"about":[{"href":"https:\/\/analyse.optim.biz\/index.php?rest_route=\/wp\/v2\/types\/post"}],"author":[{"embeddable":true,"href":"https:\/\/analyse.optim.biz\/index.php?rest_route=\/wp\/v2\/users\/1"}],"replies":[{"embeddable":true,"href":"https:\/\/analyse.optim.biz\/index.php?rest_route=%2Fwp%2Fv2%2Fcomments&post=177551"}],"version-history":[{"count":0,"href":"https:\/\/analyse.optim.biz\/index.php?rest_route=\/wp\/v2\/posts\/177551\/revisions"}],"wp:featuredmedia":[{"embeddable":true,"href":"https:\/\/analyse.optim.biz\/index.php?rest_route=\/wp\/v2\/media\/177552"}],"wp:attachment":[{"href":"https:\/\/analyse.optim.biz\/index.php?rest_route=%2Fwp%2Fv2%2Fmedia&parent=177551"}],"wp:term":[{"taxonomy":"category","embeddable":true,"href":"https:\/\/analyse.optim.biz\/index.php?rest_route=%2Fwp%2Fv2%2Fcategories&post=177551"},{"taxonomy":"post_tag","embeddable":true,"href":"https:\/\/analyse.optim.biz\/index.php?rest_route=%2Fwp%2Fv2%2Ftags&post=177551"}],"curies":[{"name":"wp","href":"https:\/\/api.w.org\/{rel}","templated":true}]}}