{"id":177548,"date":"2015-07-14T08:51:22","date_gmt":"2015-07-14T05:51:22","guid":{"rendered":"https:\/\/analyse.optim.biz\/?p=177548"},"modified":"2015-07-14T08:51:22","modified_gmt":"2015-07-14T05:51:22","slug":"victor-ponta-m-am-gandit-la-demisie-tariceanu-ar-putea-fi-un-inlocuitor","status":"publish","type":"post","link":"https:\/\/analyse.optim.biz\/?p=177548","title":{"rendered":"Victor Ponta: M-am g\u00e2ndit la demisie. T\u0103riceanu ar putea fi un \u00eenlocuitor"},"content":{"rendered":"<div class=\"entry data-app-meta data-app-meta-article\" data-embed-base-url-canonical=\"https:\/\/www.digi24.ro\/embed\/stiri\/actualitate\/politica\/victor-ponta-m-am-gandit-la-demisie-tariceanu-ar-putea-fi-un-inlocuitor-415418\">\n<p data-index=\"1\"><img decoding=\"async\" src=\"https:\/\/analyse.optim.biz\/wp-content\/uploads\/2024\/09\/lmpwzyz3ptgwmczoyxnopwewzwywndfiymiwn2u5ywmyyjq4mjrimti3ywqznjqx-thumb_.jpg\" data-skip-htmlfix=\"1\" title=\"lmpwzyz3ptgwmczoyxnopwewzwywndfiymiwn2u5ywmyyjq4mjrimti3ywqznjqx-thumb_\"><\/p>\n<p data-index=\"2\"><em>FOTO: Mediafax Foto<\/em><\/p>\n<p data-index=\"3\">Ponta a fost \u00eentrebat, \u00eentr-o emisiune TV, dac\u0103 s-a g\u00e2ndit \u00een aceast\u0103 perioad\u0103 la demisie.<\/p>\n<p data-index=\"4\">\u201eSigur c\u0103 da, cum s\u0103 nu. Este o g\u00e2ndire foarte concret\u0103, m-am g\u00e2ndit \u00een felul urm\u0103tor: la partid, PSD, am g\u0103sit imediat o formul\u0103 prin care cei afla\u0163i acum la conducere &#8211; Rovana Plumb, ceilal\u0163i colegi ai mei &#8211; pot foarte bine s\u0103 conduc\u0103 din punct de vedere politic partidul, mai ales c\u0103, practic din toamn\u0103, \u00eencepe preg\u0103tirea pentru alegerile locale, apoi pentru cele parlamentare. La Guvern, lucrurile stau \u00een felul urm\u0103tor: \u00een primul r\u00e2nd, nu c\u0103 sunt de ne\u00eenlocuit, nimeni nu e de ne\u00eenlocuit, dar sunt ni\u015fte proiecte pe care le-am pus \u00een aplicare \u015fi pe care trebuie s\u0103 le duc la bun sf\u00e2r\u015fit&#8221;, a ar\u0103tat premierul, citat de Mediafax.<\/p>\n<p data-index=\"5\">\u201e\u00cen al doilea r\u00e2nd (&#8230;), eu am fost votat, \u00eempreun\u0103 cu Crin Antonescu, ca s\u0103 guvern\u0103m, dar am fost \u015fi vota\u0163i ca s\u0103 nu mai ajung\u0103 \u0103ia pe care i-am dat jos, adic\u0103 Ungureanu, Predoiu, Boagiu, Ialomi\u0163ianu, toat\u0103 ga\u015fca.\u00a0P\u0103i, eu, dac\u0103 \u00eemi dau demisia de la Guvern, \u00eenseamn\u0103 c\u0103 dau \u0163ara celor care au distrus-o \u00eenainte. \u015ei dup\u0103 aia ce facem, iar\u0103\u015fi venim \u015fi muncim trei ani jumate ca s\u0103 d\u0103m \u00eenapoi oamenilor pensiile, salariile, TVA, toate celelalte lucruri&#8230; aia ar fi o tr\u0103dare, categoric, a celor care m-au votat&#8221;, a mai spus Victor Ponta.<\/p>\n<p data-index=\"6\">Solicitat s\u0103 precizeze dac\u0103 ar putea s\u0103 se retrag\u0103 din func\u0163ia de prim-ministru dac\u0103 ar fi propus altcineva din coali\u0163ie, el a men\u0163ionat: \u201eVoi sus\u0163ine \u00eentotdeauna pe cineva care a candidat ca USL \u015fi care pune \u00een aplicare ceea ce a promis USL\u201d.<\/p>\n<p data-index=\"7\">De asemenea, Ponta a fost solicitat s\u0103 dea un exemplu de persoan\u0103 pe care ar sus\u0163ine-o \u00een condi\u0163iile \u00een care el s-ar retrage. \u201eDa, C\u0103lin Popescu T\u0103riceanu, dar nu e un secret, am spus-o anul trecut. Nu vreau s\u0103 \u00eenceap\u0103 specula\u0163iile din chestia asta, domnul T\u0103riceanu e pre\u015fedintele Senatului, un pre\u015fedinte de Senat foarte bun \u015fi foarte onorabil pentru Rom\u00e2nia\u201d, a men\u0163ionat el.<\/p>\n<p data-index=\"8\">\u201eS\u0103 nu crede\u0163i c\u0103 am ajuns la concluzia c\u0103 numai eu pot s\u0103 fiu prim-ministru, nu, nici vorb\u0103 de a\u015fa ceva. Dar predarea pe tav\u0103 c\u0103tre cei care au distrus Rom\u00e2nia \u00eenainte de 2012 a Guvernului, da, cred c\u0103 ar fi o tr\u0103dare a celor care au crezut \u00een USL \u015fi a celor care ne-au votat. \u015ei dac\u0103 cei care sunt acum \u00een PNL au tr\u0103dat, e p\u0103catul lor, al meu nu, eu m-am \u0163inut de cuv\u00e2nt&#8221;, a mai spus Ponta.<\/p>\n<\/div>\n<p> Source URL: https:\/\/www.digi24.ro\/stiri\/actualitate\/politica\/victor-ponta-m-am-gandit-la-demisie-tariceanu-ar-putea-fi-un-inlocuitor-415418<\/p>\n","protected":false},"excerpt":{"rendered":"<p>FOTO: Mediafax Foto Ponta a fost \u00eentrebat, \u00eentr-o emisiune TV, dac\u0103 s-a g\u00e2ndit \u00een aceast\u0103 perioad\u0103 la demisie. \u201eSigur c\u0103 da, cum s\u0103 nu. Este o g\u00e2ndire foarte concret\u0103, m-am g\u00e2ndit \u00een felul urm\u0103tor: la partid, PSD, am g\u0103sit imediat o formul\u0103 prin care cei afla\u0163i acum la conducere &#8211; Rovana Plumb, ceilal\u0163i colegi ai [&hellip;]<\/p>\n","protected":false},"author":1,"featured_media":177549,"comment_status":"open","ping_status":"","sticky":false,"template":"","format":"standard","meta":{"footnotes":""},"categories":[2],"tags":[11],"class_list":["post-177548","post","type-post","status-publish","format-standard","has-post-thumbnail","hentry","category-politics","tag-digi24"],"_links":{"self":[{"href":"https:\/\/analyse.optim.biz\/index.php?rest_route=\/wp\/v2\/posts\/177548","targetHints":{"allow":["GET"]}}],"collection":[{"href":"https:\/\/analyse.optim.biz\/index.php?rest_route=\/wp\/v2\/posts"}],"about":[{"href":"https:\/\/analyse.optim.biz\/index.php?rest_route=\/wp\/v2\/types\/post"}],"author":[{"embeddable":true,"href":"https:\/\/analyse.optim.biz\/index.php?rest_route=\/wp\/v2\/users\/1"}],"replies":[{"embeddable":true,"href":"https:\/\/analyse.optim.biz\/index.php?rest_route=%2Fwp%2Fv2%2Fcomments&post=177548"}],"version-history":[{"count":0,"href":"https:\/\/analyse.optim.biz\/index.php?rest_route=\/wp\/v2\/posts\/177548\/revisions"}],"wp:featuredmedia":[{"embeddable":true,"href":"https:\/\/analyse.optim.biz\/index.php?rest_route=\/wp\/v2\/media\/177549"}],"wp:attachment":[{"href":"https:\/\/analyse.optim.biz\/index.php?rest_route=%2Fwp%2Fv2%2Fmedia&parent=177548"}],"wp:term":[{"taxonomy":"category","embeddable":true,"href":"https:\/\/analyse.optim.biz\/index.php?rest_route=%2Fwp%2Fv2%2Fcategories&post=177548"},{"taxonomy":"post_tag","embeddable":true,"href":"https:\/\/analyse.optim.biz\/index.php?rest_route=%2Fwp%2Fv2%2Ftags&post=177548"}],"curies":[{"name":"wp","href":"https:\/\/api.w.org\/{rel}","templated":true}]}}