{"id":177545,"date":"2015-07-14T09:42:34","date_gmt":"2015-07-14T06:42:34","guid":{"rendered":"https:\/\/analyse.optim.biz\/?p=177545"},"modified":"2015-07-14T09:42:34","modified_gmt":"2015-07-14T06:42:34","slug":"traian-basescu-ponta-te-rog-tradeaza-ma","status":"publish","type":"post","link":"https:\/\/analyse.optim.biz\/?p=177545","title":{"rendered":"Traian B\u0103sescu: Ponta, te rog, tr\u0103deaz\u0103-m\u0103!"},"content":{"rendered":"<div class=\"entry data-app-meta data-app-meta-article\" data-embed-base-url-canonical=\"https:\/\/www.digi24.ro\/embed\/stiri\/actualitate\/politica\/traian-basescu-ponta-te-rog-tradeaza-ma-415425\">\n<p data-index=\"1\"><img decoding=\"async\" src=\"https:\/\/analyse.optim.biz\/wp-content\/uploads\/2024\/09\/ad0zzgvkowq2ngziyze1zdriogvkzgi5mzuwodhkngy1yq-thumb_.jpg\" data-skip-htmlfix=\"1\" title=\"ad0zzgvkowq2ngziyze1zdriogvkzgi5mzuwodhkngy1yq-thumb_\"><\/p>\n<p data-index=\"2\"><span><em><strong>Foto: Mediafax<\/strong><\/em><\/span><\/p>\n<p data-index=\"3\">\u201ePonta, te rog, tr\u0103deaz\u0103-m\u0103 !!!!!<\/p>\n<p data-index=\"4\">R\u0103m\u00e2n consecvent ideii c\u0103 acuza\u0163ia de conflict de interese nu este justificat\u0103, dar participarea la fals \u015fi sp\u0103lare de bani \u00een rela\u0163ia cu Dan \u015eova \u00een afacerea Rovinari &#8211; Turceni pare a fi temeinic documentat\u0103 de procurori \u015fi numai un judec\u0103tor poate decide definitiv, indiferent ce eforturi mediatice s-ar face pentru a-l sp\u0103la pe Ponta cu anticipa\u0163ie de m\u00e2zga groas\u0103 a minciunii.<\/p>\n<div class=\"fb-post\">\n<div class=\"fb-xfbml-parse-ignore\">\n<blockquote cite=\"https:\/\/www.facebook.com\/PresedinteleTraianBasescu\/posts\/1085400081473542\">\n<p data-index=\"6\">Ponta, te rog, tr\u0103deaz\u0103-m\u0103 !!!!!R\u0103m\u00een consecvent ideii c\u0103 acuza\u0163ia de conflict de interese nu este justificat\u0103, dar&#8230;<\/p>\n<p>Posted by <a href=\"https:\/\/www.facebook.com\/PresedinteleTraianBasescu\" data-skip-linkfix=\"1\">Traian B\u0103sescu<\/a> on\u00a0<a href=\"https:\/\/www.facebook.com\/PresedinteleTraianBasescu\/posts\/1085400081473542\" data-skip-linkfix=\"1\">Monday, July 13, 2015<\/a><\/p><\/blockquote>\n<\/div>\n<\/div>\n<p data-index=\"7\"><strong>Mincinosul na\u0163ional \u00eencearc\u0103 s\u0103 ne conving\u0103 c\u0103, dac\u0103 ar demisiona,\u00a0ar tr\u0103da electoratul.<\/strong><\/p>\n<p data-index=\"8\">Bietul mitoman a ajuns s\u0103 cread\u0103 \u015fi vrea s\u0103 conving\u0103 o lume \u00eentreag\u0103 c\u0103 el a fost ales de popor.<\/p>\n<p data-index=\"9\">Nu, dragule, pe tine nu te-a ales niciun popor, ci <span><strong>te-am desemnat eu pentru func\u0163ia de prim ministru<\/strong><\/span><span> respect\u00eend principiul constitu\u0163ional c\u0103 o alian\u0163\u0103 care a c\u00ee\u015ftigat alegerile cu 68% poate propune premierul.<\/span><\/p>\n<p data-index=\"10\">Acum nici m\u0103car alian\u0163a USL care a c\u00e2\u015ftigat alegerile nu mai exist\u0103, deci tu cam vii de nic\u0103ieri la Palatul Victoria. <span><strong>Nu \u00eendr\u0103zni s\u0103 mai vorbe\u015fti de legitimitate c\u00eend alian\u0163a, dar \u015fi \u00een\u0163elegerea politic\u0103 ce te-a propulsat au disp\u0103rut.<\/strong><\/span><\/p>\n<p data-index=\"11\">\u00centre timp, ai devenit \u015fi singurul prim ministru din Europa urm\u0103rit penal.<\/p>\n<p data-index=\"12\">\u00cen concluzie, <span><strong>nu poporul te-a f\u0103cut prim ministru, ci eu te-am desemnat pentru aceast\u0103 func\u0163ie, iar Parlamentul a aprobat propunerea mea.<\/strong><\/span><\/p>\n<p data-index=\"13\">De aceea, te rog, <span><strong>TR\u0102DEAZ\u0102-M\u0102 PE MINE, care te-am desemnat, demision\u00eend \u015fi nu tr\u0103da interesele \u0163\u0103rii tale r\u0103m\u00e2n\u00e2nd \u00een func\u0163ie<\/strong><\/span><span>\u201d, a scris Traian B\u0103sescu pe Facebook.<\/span><\/p>\n<\/div>\n<p> Source URL: https:\/\/www.digi24.ro\/stiri\/actualitate\/politica\/traian-basescu-ponta-te-rog-tradeaza-ma-415425<\/p>\n","protected":false},"excerpt":{"rendered":"<p>Foto: Mediafax \u201ePonta, te rog, tr\u0103deaz\u0103-m\u0103 !!!!! R\u0103m\u00e2n consecvent ideii c\u0103 acuza\u0163ia de conflict de interese nu este justificat\u0103, dar participarea la fals \u015fi sp\u0103lare de bani \u00een rela\u0163ia cu Dan \u015eova \u00een afacerea Rovinari &#8211; Turceni pare a fi temeinic documentat\u0103 de procurori \u015fi numai un judec\u0103tor poate decide definitiv, indiferent ce eforturi mediatice [&hellip;]<\/p>\n","protected":false},"author":1,"featured_media":177546,"comment_status":"open","ping_status":"","sticky":false,"template":"","format":"standard","meta":{"footnotes":""},"categories":[2],"tags":[11],"class_list":["post-177545","post","type-post","status-publish","format-standard","has-post-thumbnail","hentry","category-politics","tag-digi24"],"_links":{"self":[{"href":"https:\/\/analyse.optim.biz\/index.php?rest_route=\/wp\/v2\/posts\/177545","targetHints":{"allow":["GET"]}}],"collection":[{"href":"https:\/\/analyse.optim.biz\/index.php?rest_route=\/wp\/v2\/posts"}],"about":[{"href":"https:\/\/analyse.optim.biz\/index.php?rest_route=\/wp\/v2\/types\/post"}],"author":[{"embeddable":true,"href":"https:\/\/analyse.optim.biz\/index.php?rest_route=\/wp\/v2\/users\/1"}],"replies":[{"embeddable":true,"href":"https:\/\/analyse.optim.biz\/index.php?rest_route=%2Fwp%2Fv2%2Fcomments&post=177545"}],"version-history":[{"count":0,"href":"https:\/\/analyse.optim.biz\/index.php?rest_route=\/wp\/v2\/posts\/177545\/revisions"}],"wp:featuredmedia":[{"embeddable":true,"href":"https:\/\/analyse.optim.biz\/index.php?rest_route=\/wp\/v2\/media\/177546"}],"wp:attachment":[{"href":"https:\/\/analyse.optim.biz\/index.php?rest_route=%2Fwp%2Fv2%2Fmedia&parent=177545"}],"wp:term":[{"taxonomy":"category","embeddable":true,"href":"https:\/\/analyse.optim.biz\/index.php?rest_route=%2Fwp%2Fv2%2Fcategories&post=177545"},{"taxonomy":"post_tag","embeddable":true,"href":"https:\/\/analyse.optim.biz\/index.php?rest_route=%2Fwp%2Fv2%2Ftags&post=177545"}],"curies":[{"name":"wp","href":"https:\/\/api.w.org\/{rel}","templated":true}]}}