{"id":177472,"date":"2015-07-15T16:52:43","date_gmt":"2015-07-15T13:52:43","guid":{"rendered":"https:\/\/analyse.optim.biz\/?p=177472"},"modified":"2015-07-15T16:52:43","modified_gmt":"2015-07-15T13:52:43","slug":"victor-ponta-a-cerut-o-lista-cu-institutiile-care-nu-respecta-legea-persoanelor-cu-dizabilitati","status":"publish","type":"post","link":"https:\/\/analyse.optim.biz\/?p=177472","title":{"rendered":"Victor Ponta a cerut o list\u0103 cu institu\u0163iile care nu respect\u0103 legea persoanelor cu dizabilit\u0103\u0163i"},"content":{"rendered":"<div class=\"entry data-app-meta data-app-meta-article\" data-embed-base-url-canonical=\"https:\/\/www.digi24.ro\/embed\/stiri\/actualitate\/politica\/victor-ponta-a-cerut-o-lista-cu-institutiile-care-nu-respecta-legea-persoanelor-cu-dizabilitati-416092\">\n<p data-index=\"1\"><img decoding=\"async\" src=\"https:\/\/analyse.optim.biz\/wp-content\/uploads\/2024\/09\/anbnjnc9odawjmhhc2g9ywzkywnkmtljnjhkmjfiyznhnmqwmjk3yznjndaynwu-thumb_.jpg\" data-skip-htmlfix=\"1\" title=\"anbnjnc9odawjmhhc2g9ywzkywnkmtljnjhkmjfiyznhnmqwmjk3yznjndaynwu-thumb_\"><\/p>\n<p data-index=\"2\"><em>Foto: inquamphotos.com\u00a0<\/em><\/p>\n<p data-index=\"3\">Solicitarea premierului vine dup\u0103 ce primul ministru a constatat, atunci c\u00e2nd s-a prezentat la Direc\u0163ia Na\u0163ional\u0103 Anticorup\u0163ie (DNA), c\u0103 institu\u0163ia nu beneficiaz\u0103 de ramp\u0103 de acces. Astfel, premierul a constatat c\u00e2t de greu este accesul pentru persoanele care nu se pot deplasa. Cu toate acestea, DNA are prev\u0103zut\u0103 o ramp\u0103 de acces, sus\u0163in surse judiciare citate de <a href=\"http:\/\/adevarul.ro\/news\/politica\/cum-mintit-ponta-poporul-televizorul-1_55a53b32f5eaafab2c922d56\/index.html\" target=\"_blank\" data-skip-linkfix=\"1\" rel=\"noopener\">Adev\u0103rul<\/a>, doar c\u0103 ea nu este \u00een fa\u0163a sediului institu\u0163iei.<\/p>\n<p data-index=\"4\">\u201eVreau s\u0103 fim mai eficien\u0163i \u00een partea de preven\u0163ie \u015fi doamna ministru Plumb, \u00een baza at\u00e2tor lucruri care ni s-au transmis \u015fi a experien\u0163ei proprii, poate face\u0163i \u00een aceast\u0103 var\u0103, sigur s\u0103 face\u0163i o analiz\u0103 pe toate institu\u0163iile publice care nu respect\u0103 legea privind mijloacele de acces pentru persoanele cu dizabilit\u0103\u0163i\u201d, a declarat Victor Ponta, potrivit <a href=\"http:\/\/www.mediafax.ro\/\" target=\"_blank\" data-skip-linkfix=\"1\" rel=\"noopener\">Mediafax<\/a>.<\/p>\n<p data-index=\"5\">Solicitarea premierului a venit dup\u0103 ce s-a confruntat cu problema lipsei unei rampe de acces c\u00e2nd s-a prezentat la DNA luni.<\/p>\n<p data-index=\"6\">\u201eEu m\u0103 g\u00e2ndesc, nu eu c\u0103 \u00eemi trece, dar sunt oameni care au nevoie s\u0103 aplic\u0103m legea s\u0103 intre \u00een institu\u0163ii publice, s\u0103 ias\u0103, s\u0103 fie sprijini\u0163i \u015fi avem o lege foarte bun\u0103 care nu se aplic\u0103 pe la destule institu\u0163ii care se ocup\u0103 cu aplicarea legii\u201d, a ad\u0103ugat premierul.<\/p>\n<p data-index=\"7\">\u00cen acela\u015fi context, premierul i-a cerut ministrului muncii \u015fi o analiz\u0103 \u201eeventual s\u0103 punem la dispozi\u0163ie resursele financiare ca s\u0103 nu mai existe nicio institu\u0163ie public\u0103 din Rom\u00e2nia care nu are mijloace de acces civilizate\u201d.<\/p>\n<\/div>\n<p> Source URL: https:\/\/www.digi24.ro\/stiri\/actualitate\/politica\/victor-ponta-a-cerut-o-lista-cu-institutiile-care-nu-respecta-legea-persoanelor-cu-dizabilitati-416092<\/p>\n","protected":false},"excerpt":{"rendered":"<p>Foto: inquamphotos.com\u00a0 Solicitarea premierului vine dup\u0103 ce primul ministru a constatat, atunci c\u00e2nd s-a prezentat la Direc\u0163ia Na\u0163ional\u0103 Anticorup\u0163ie (DNA), c\u0103 institu\u0163ia nu beneficiaz\u0103 de ramp\u0103 de acces. Astfel, premierul a constatat c\u00e2t de greu este accesul pentru persoanele care nu se pot deplasa. Cu toate acestea, DNA are prev\u0103zut\u0103 o ramp\u0103 de acces, sus\u0163in [&hellip;]<\/p>\n","protected":false},"author":1,"featured_media":177473,"comment_status":"open","ping_status":"","sticky":false,"template":"","format":"standard","meta":{"footnotes":""},"categories":[2],"tags":[11],"class_list":["post-177472","post","type-post","status-publish","format-standard","has-post-thumbnail","hentry","category-politics","tag-digi24"],"_links":{"self":[{"href":"https:\/\/analyse.optim.biz\/index.php?rest_route=\/wp\/v2\/posts\/177472","targetHints":{"allow":["GET"]}}],"collection":[{"href":"https:\/\/analyse.optim.biz\/index.php?rest_route=\/wp\/v2\/posts"}],"about":[{"href":"https:\/\/analyse.optim.biz\/index.php?rest_route=\/wp\/v2\/types\/post"}],"author":[{"embeddable":true,"href":"https:\/\/analyse.optim.biz\/index.php?rest_route=\/wp\/v2\/users\/1"}],"replies":[{"embeddable":true,"href":"https:\/\/analyse.optim.biz\/index.php?rest_route=%2Fwp%2Fv2%2Fcomments&post=177472"}],"version-history":[{"count":0,"href":"https:\/\/analyse.optim.biz\/index.php?rest_route=\/wp\/v2\/posts\/177472\/revisions"}],"wp:featuredmedia":[{"embeddable":true,"href":"https:\/\/analyse.optim.biz\/index.php?rest_route=\/wp\/v2\/media\/177473"}],"wp:attachment":[{"href":"https:\/\/analyse.optim.biz\/index.php?rest_route=%2Fwp%2Fv2%2Fmedia&parent=177472"}],"wp:term":[{"taxonomy":"category","embeddable":true,"href":"https:\/\/analyse.optim.biz\/index.php?rest_route=%2Fwp%2Fv2%2Fcategories&post=177472"},{"taxonomy":"post_tag","embeddable":true,"href":"https:\/\/analyse.optim.biz\/index.php?rest_route=%2Fwp%2Fv2%2Ftags&post=177472"}],"curies":[{"name":"wp","href":"https:\/\/api.w.org\/{rel}","templated":true}]}}