{"id":177469,"date":"2015-07-15T17:07:26","date_gmt":"2015-07-15T14:07:26","guid":{"rendered":"https:\/\/analyse.optim.biz\/?p=177469"},"modified":"2015-07-15T17:07:26","modified_gmt":"2015-07-15T14:07:26","slug":"ilie-sarbu-liviu-dragnea-nu-are-nicio-calitate-in-psd-ca-sa-ceara-organizarea-unui-congres","status":"publish","type":"post","link":"https:\/\/analyse.optim.biz\/?p=177469","title":{"rendered":"Ilie S\u00e2rbu: Liviu Dragnea nu are nicio calitate \u00een PSD ca s\u0103 cear\u0103 organizarea unui congres"},"content":{"rendered":"<div class=\"entry data-app-meta data-app-meta-article\" data-embed-base-url-canonical=\"https:\/\/www.digi24.ro\/embed\/stiri\/actualitate\/politica\/ilie-sarbu-liviu-dragnea-nu-are-nicio-calitate-in-psd-ca-sa-ceara-organizarea-unui-congres-416097\">\n<p data-index=\"1\"><img decoding=\"async\" src=\"https:\/\/analyse.optim.biz\/wp-content\/uploads\/2024\/09\/jnc9odawjmhhc2g9mzhkoddkodc4owiyotqzzjiwztc5ogy0mtcymwi4zmu-thumb_.jpg\" data-skip-htmlfix=\"1\" title=\"jnc9odawjmhhc2g9mzhkoddkodc4owiyotqzzjiwztc5ogy0mtcymwi4zmu-thumb_\"><\/p>\n<p data-index=\"2\">\u00a0<span><em> Ilie S\u00e2rbu, liderul grupului PSD din Senat. FOTO: Mediafax<\/em><\/span><\/p>\n<p data-index=\"3\">&#8220;<em>Dragnea nu are nicio calitate \u00een partid ca s\u0103 cear\u0103 organizarea unui congres sau s\u0103 nu fie de acord cu interimatul Rovanei. Domnul Dragnea nu apare \u00een statut, nu avem vreun articol, ceva clar, nu are nicio func\u021bie. Dac\u0103 mergem dup\u0103 statut, \u0219i eu sunt important, c\u0103 am fost socrul pre\u0219edintelui<strong>&#8220;,<\/strong><\/em> a afirmat<strong> Ilie S\u00e2rbu<\/strong>, \u00eenainte de \u0219edin\u021ba BPN al PSD.<\/p>\n<p data-index=\"4\">\u00cen context, el a subliniat c\u0103 nu are sens organizarea unui Comitet Executiv al forma\u021biunii.<\/p>\n<p data-index=\"5\">&#8220;<em>Nu are sens CEx. BPN-ul a stabilit. CEx s\u0103 mai fac\u0103? \u00centotdeauna vor fi p\u0103reri, cel care decide e BPN-ul. Sunt unii care spun c\u0103 Rovana nu e potrivit\u0103. Sunt opinii. \u00cen afar\u0103 de opinia cu domnul Dragnea, nu am auzit altele. Congresul este stabilit de Consiliul Na\u021bional<\/em>&#8220;, a afirmat <strong><span>Ilie <\/span>S\u00e2rbu<\/strong>. &#8220;<em>Oamenii pleac\u0103 \u00een concediu, oamenii \u0219i-au cump\u0103rat bilete din timp, vede\u021bi dumneavoastr\u0103 vreun congres reu\u0219it, acum, vara?<\/em>&#8220;, a mai spus<strong> liderul senatorilor social-democra\u021bi<\/strong>.<\/p>\n<\/div>\n<p> Source URL: https:\/\/www.digi24.ro\/stiri\/actualitate\/politica\/ilie-sarbu-liviu-dragnea-nu-are-nicio-calitate-in-psd-ca-sa-ceara-organizarea-unui-congres-416097<\/p>\n","protected":false},"excerpt":{"rendered":"<p>\u00a0 Ilie S\u00e2rbu, liderul grupului PSD din Senat. FOTO: Mediafax &#8220;Dragnea nu are nicio calitate \u00een partid ca s\u0103 cear\u0103 organizarea unui congres sau s\u0103 nu fie de acord cu interimatul Rovanei. Domnul Dragnea nu apare \u00een statut, nu avem vreun articol, ceva clar, nu are nicio func\u021bie. Dac\u0103 mergem dup\u0103 statut, \u0219i eu sunt [&hellip;]<\/p>\n","protected":false},"author":1,"featured_media":177470,"comment_status":"open","ping_status":"","sticky":false,"template":"","format":"standard","meta":{"footnotes":""},"categories":[2],"tags":[11],"class_list":["post-177469","post","type-post","status-publish","format-standard","has-post-thumbnail","hentry","category-politics","tag-digi24"],"_links":{"self":[{"href":"https:\/\/analyse.optim.biz\/index.php?rest_route=\/wp\/v2\/posts\/177469","targetHints":{"allow":["GET"]}}],"collection":[{"href":"https:\/\/analyse.optim.biz\/index.php?rest_route=\/wp\/v2\/posts"}],"about":[{"href":"https:\/\/analyse.optim.biz\/index.php?rest_route=\/wp\/v2\/types\/post"}],"author":[{"embeddable":true,"href":"https:\/\/analyse.optim.biz\/index.php?rest_route=\/wp\/v2\/users\/1"}],"replies":[{"embeddable":true,"href":"https:\/\/analyse.optim.biz\/index.php?rest_route=%2Fwp%2Fv2%2Fcomments&post=177469"}],"version-history":[{"count":0,"href":"https:\/\/analyse.optim.biz\/index.php?rest_route=\/wp\/v2\/posts\/177469\/revisions"}],"wp:featuredmedia":[{"embeddable":true,"href":"https:\/\/analyse.optim.biz\/index.php?rest_route=\/wp\/v2\/media\/177470"}],"wp:attachment":[{"href":"https:\/\/analyse.optim.biz\/index.php?rest_route=%2Fwp%2Fv2%2Fmedia&parent=177469"}],"wp:term":[{"taxonomy":"category","embeddable":true,"href":"https:\/\/analyse.optim.biz\/index.php?rest_route=%2Fwp%2Fv2%2Fcategories&post=177469"},{"taxonomy":"post_tag","embeddable":true,"href":"https:\/\/analyse.optim.biz\/index.php?rest_route=%2Fwp%2Fv2%2Ftags&post=177469"}],"curies":[{"name":"wp","href":"https:\/\/api.w.org\/{rel}","templated":true}]}}