{"id":177455,"date":"2015-07-15T19:55:20","date_gmt":"2015-07-15T16:55:20","guid":{"rendered":"https:\/\/analyse.optim.biz\/?p=177455"},"modified":"2015-07-15T19:55:20","modified_gmt":"2015-07-15T16:55:20","slug":"rovana-plumb-vot-in-unanimitate-pentru-sefia-psd-ion-iliescu-mai-feminizam-si-noi-conducerea","status":"publish","type":"post","link":"https:\/\/analyse.optim.biz\/?p=177455","title":{"rendered":"Rovana Plumb, vot \u00een unanimitate pentru \u015fefia PSD. Ion Iliescu: \u201eMai feminiz\u0103m \u0219i noi conducerea\u201d"},"content":{"rendered":"<div class=\"entry data-app-meta data-app-meta-article\" data-embed-base-url-canonical=\"https:\/\/www.digi24.ro\/embed\/stiri\/actualitate\/politica\/rovana-plumb-vot-in-unanimitate-pentru-sefia-psd-ion-iliescu-mai-feminizam-si-noi-conducerea-416186\">\n<p data-index=\"1\">\u201eNu mai sunt pre\u015fedinte. Nu m\u0103 \u00eentorc m\u00e2ine s\u0103 \u00eemi iau scaunul. Am \u015fi eliberat biroul\u201d, a spus Victor Ponta, care a renun\u021bat la func\u021bie dup\u0103 ce a fost inculpat de DNA.<\/p>\n<p data-index=\"2\">\u201eEu am s\u0103 \u00eei rog pe colegii mei s\u0103 sus\u0163inem unitatea partidului \u0219i s\u0103 lucr\u0103m \u00een echip\u0103\u201d, a spus \u0219i Rovana Plumb, pre\u015fedintele Consiliului Na\u0163ional al PSD.<\/p>\n<p data-index=\"3\">Transferul de putere c\u0103tre Rovana Plumb a fost votat \u00een unanimitate de conducerea central\u0103 a PSD, chiar dac\u0103 anterior Liviu Dragnea p\u0103rea s\u0103 amenin\u0163e serios aceast\u0103 pozi\u0163ie.<\/p>\n<p data-index=\"4\">\u201eLiviu Dragnea &#8211; am c\u00e2\u015ftigat foarte multe alegeri cu el, foarte multe b\u0103t\u0103lii, sigur e un om care poate s\u0103 fie potrivit pentru asta. Chiar dac\u0103 are o condamnare cu suspendare\u201d, spunea Paul St\u0103nescu, pre\u0219edintele CJ Olt.<\/p>\n<p data-index=\"5\">Ion Iliescu a venit \u015fi el la \u015fedin\u0163\u0103 ca s\u0103 lini\u015fteasc\u0103 spiritele din partid. El i-a luat ap\u0103rarea \u015fi lui Victor Ponta \u00een fa\u0163a acuza\u0163iilor pe care i le aduc procuorii DNA.<\/p>\n<p data-index=\"6\">\u201e<span>El a lucrat c\u00e2ndva \u00een biroul lui \u0218ova de avocatur\u0103. \u0218ova nu a reclamat nimic, niciun fel de preten\u021bie, dar se g\u0103sesc nu \u0219tiu care procurori s\u0103 pun\u0103 \u00een discu\u021bie efectele acestei chestiuni\u201d, a spus el.<\/span><\/p>\n<p data-index=\"7\">Fostul pre\u0219edinte al PSD mai spune c\u0103 o sprijin\u0103 pe Rovana Plumb la conducerea interimar\u0103 a PSD.<\/p>\n<p data-index=\"8\">\u201e<span>E o femeie cu experien\u021b\u0103, membr\u0103 de partid veche, a condus organiza\u021bia de femei un num\u0103r mare de ani, a fost ministru (&#8230;) Mai feminiz\u0103m \u0219i noi conducerea\u201d, a ad\u0103ugat Ion Iliescu.<\/span><\/p>\n<p data-index=\"9\">Apropia\u0163ii lui Victor Ponta i-au atras aten\u0163ia lui Liviu Dragnea c\u0103 nu poate emite preten\u0163ii s\u0103 conduc\u0103 partidul pentru c\u0103 de\u0163ine doar o func\u0163ie onorific\u0103.<\/p>\n<p data-index=\"10\">\u201eDomnul Dragnea vorbe\u015fte pu\u0163in \u00een nume personal pentru c\u0103 e un fel de coordonator numit de pre\u0219edinte, dup\u0103 statut, nu avem niciun fel de articol \u00een care s\u0103 spunem c\u0103 domnul Dragnea are vreo func\u0163ie\u201d, a spus Ilie S\u00e2rbu, liderul senatorilor PSD.<\/p>\n<p data-index=\"11\">Numele pre\u015fedintelui Camerei Deputa\u0163ilor a fost si el vehiculat pentru rolul de succesor la \u015fefia partidului. Valeriu Zgonea a evitat s\u0103 fac\u0103 orice fel de comentarii motiv\u00e2nd c\u0103 este \u00een luna de miere.<\/p>\n<p data-index=\"12\">\u201e\u00cen luna de miere nu vorbe\u015fti dec\u00e2t despre so\u0163ie \u015fi familie\u201d, a spus el.<\/p>\n<p data-index=\"13\">Rovana Plumb trebuie s\u0103 primeasc\u0103 \u015fi votul Comitetului Executiv pentru a r\u0103m\u00e2ne \u00een fruntea PSD p\u00e2n\u0103 la Congres. La aceast\u0103 reuniune care se va desf\u0103\u015fura s\u0103pt\u0103m\u00e2na viitoare particip\u0103 to\u0163i liderii PSD din \u0163ar\u0103.<\/p>\n<\/div>\n<p> Source URL: https:\/\/www.digi24.ro\/stiri\/actualitate\/politica\/rovana-plumb-vot-in-unanimitate-pentru-sefia-psd-ion-iliescu-mai-feminizam-si-noi-conducerea-416186<\/p>\n","protected":false},"excerpt":{"rendered":"<p>\u201eNu mai sunt pre\u015fedinte. Nu m\u0103 \u00eentorc m\u00e2ine s\u0103 \u00eemi iau scaunul. Am \u015fi eliberat biroul\u201d, a spus Victor Ponta, care a renun\u021bat la func\u021bie dup\u0103 ce a fost inculpat de DNA. \u201eEu am s\u0103 \u00eei rog pe colegii mei s\u0103 sus\u0163inem unitatea partidului \u0219i s\u0103 lucr\u0103m \u00een echip\u0103\u201d, a spus \u0219i Rovana Plumb, pre\u015fedintele [&hellip;]<\/p>\n","protected":false},"author":1,"featured_media":177456,"comment_status":"open","ping_status":"","sticky":false,"template":"","format":"standard","meta":{"footnotes":""},"categories":[2],"tags":[11],"class_list":["post-177455","post","type-post","status-publish","format-standard","has-post-thumbnail","hentry","category-politics","tag-digi24"],"_links":{"self":[{"href":"https:\/\/analyse.optim.biz\/index.php?rest_route=\/wp\/v2\/posts\/177455","targetHints":{"allow":["GET"]}}],"collection":[{"href":"https:\/\/analyse.optim.biz\/index.php?rest_route=\/wp\/v2\/posts"}],"about":[{"href":"https:\/\/analyse.optim.biz\/index.php?rest_route=\/wp\/v2\/types\/post"}],"author":[{"embeddable":true,"href":"https:\/\/analyse.optim.biz\/index.php?rest_route=\/wp\/v2\/users\/1"}],"replies":[{"embeddable":true,"href":"https:\/\/analyse.optim.biz\/index.php?rest_route=%2Fwp%2Fv2%2Fcomments&post=177455"}],"version-history":[{"count":0,"href":"https:\/\/analyse.optim.biz\/index.php?rest_route=\/wp\/v2\/posts\/177455\/revisions"}],"wp:featuredmedia":[{"embeddable":true,"href":"https:\/\/analyse.optim.biz\/index.php?rest_route=\/wp\/v2\/media\/177456"}],"wp:attachment":[{"href":"https:\/\/analyse.optim.biz\/index.php?rest_route=%2Fwp%2Fv2%2Fmedia&parent=177455"}],"wp:term":[{"taxonomy":"category","embeddable":true,"href":"https:\/\/analyse.optim.biz\/index.php?rest_route=%2Fwp%2Fv2%2Fcategories&post=177455"},{"taxonomy":"post_tag","embeddable":true,"href":"https:\/\/analyse.optim.biz\/index.php?rest_route=%2Fwp%2Fv2%2Ftags&post=177455"}],"curies":[{"name":"wp","href":"https:\/\/api.w.org\/{rel}","templated":true}]}}