{"id":177444,"date":"2015-07-15T23:25:11","date_gmt":"2015-07-15T20:25:11","guid":{"rendered":"https:\/\/analyse.optim.biz\/?p=177444"},"modified":"2015-07-15T23:25:11","modified_gmt":"2015-07-15T20:25:11","slug":"liviu-dragnea-trebuie-sa-ma-gandesc-serios-daca-mai-garantez-sau-nu-pentru-cineva-pentru-conducerea-partidului","status":"publish","type":"post","link":"https:\/\/analyse.optim.biz\/?p=177444","title":{"rendered":"Liviu Dragnea: \u201eTrebuie s\u0103 m\u0103 g\u00e2ndesc serios dac\u0103 mai garantez sau nu pentru cineva pentru conducerea partidului\u201d"},"content":{"rendered":"<div class=\"entry data-app-meta data-app-meta-article\" data-embed-base-url-canonical=\"https:\/\/www.digi24.ro\/embed\/stiri\/actualitate\/politica\/liviu-dragnea-trebuie-sa-ma-gandesc-serios-daca-mai-garantez-sau-nu-pentru-cineva-pentru-conducerea-partidului-416251\">\n<p data-index=\"1\">\u00centrebat dac\u0103 s-a g\u00e2ndit s\u0103 sus\u0163in\u0103 pe cineva la conducerea partidului, s\u0103 candideze sau s\u0103 se retrag\u0103, Liviu Dragnea a spus c\u0103 o s\u0103 se g\u00e2ndeasc\u0103 \u201ela una dintre cele trei posibilit\u0103\u0163i\u201d \u015fi c\u0103 vrea s\u0103 vad\u0103 care este cea mai bun\u0103 variant\u0103 pentru partid.<\/p>\n<p data-index=\"2\">Totu\u015fi, \u00eentrebat dac\u0103 se retrage din func\u0163ia de coordonator politic al PSD, Dragnea a spus: \u201eP\u0103i, am \u00een\u0163eles c\u0103 nu am nicio calitate \u00een PSD, deci n-am de ce s\u0103 m\u0103 retrag\u201d, potrivit Mediafax.<\/p>\n<p data-index=\"3\">\u201eEu trebuie s\u0103 m\u0103 g\u00e2ndesc serios dac\u0103 mai garantez sau nu pentru cineva pentru conducerea partidului \u015fi asta trebuie s\u0103 m\u0103 g\u00e2ndesc zilele astea, vorbim de dou\u0103-trei zile, pentru c\u0103 am avut nenum\u0103rate discu\u0163ii cu enorm de mul\u0163i colegi din \u0163ar\u0103, nu numai lideri jude\u0163eni, ci \u015fi membri de partid, primari, ale\u015fi locali, parlamentari chiar\u201d, a declarat Liviu Dragnea, dup\u0103 \u015fedin\u0163a BPN.<\/p>\n<p data-index=\"4\">\u201eIau \u00een calcul un singur lucru, \u015fi anume ce au spus unii colegi ast\u0103zi \u00een BPN, al\u0163ii au spus ieri, al\u0163ii au spus zilele trecute, s\u0103 m\u0103 hot\u0103r\u0103sc ce vreau s\u0103 fac eu \u00een ceea ce prive\u015fte <a href=\"https:\/\/www.digi24.ro\/Stiri\/Digi24\/Actualitate\/Politica\/Rovana+Plumb+vot+in+unanimitate+pentru+sefia+PSD+Ion+Iliescu+Mai\" target=\"_blank\" data-skip-linkfix=\"1\" rel=\"noopener\">conducerea partidului<\/a>. Promisiunea pe care am f\u0103cut-o \u00een BPN \u015fi o fac \u015fi acum este c\u0103 o s\u0103 m\u0103 g\u00e2ndesc serios\u201d, a mai spus social-democratul.<\/p>\n<p data-index=\"5\">Liviu Dragnea a mai ar\u0103tat c\u0103 prezentarea demisiei de c\u0103tre Victor Ponta nu este un lucru bun pentru partid. \u201eTo\u0163i \u00eel sprijinim, dar este important ca membrii de partid s\u0103 vad\u0103 totu\u015fi o ac\u0163iune coerent\u0103 de conducere \u00eencep\u00e2nd de s\u0103pt\u0103m\u00e2na viitoare. Asta e cel mai important \u015fi \u00een func\u0163ie de obiectivul \u0103sta pe care mi l-am asumat eu sau la care m\u0103 g\u00e2ndesc eu o s\u0103 iau o anumit\u0103 decizie, clar\u0103 \u015fi f\u0103r\u0103 echivoc\u201d, a declarat Dragnea.<\/p>\n<p data-index=\"6\">Referitor la planurile din PSD, Liviu Dragnea a explicat c\u0103 cele mai importante lucruri sunt p\u0103strarea guvern\u0103rii \u015fi construirea unei oferte politice pentru alegerile din 2016. \u00a0<\/p>\n<\/div>\n<p> Source URL: https:\/\/www.digi24.ro\/stiri\/actualitate\/politica\/liviu-dragnea-trebuie-sa-ma-gandesc-serios-daca-mai-garantez-sau-nu-pentru-cineva-pentru-conducerea-partidului-416251<\/p>\n","protected":false},"excerpt":{"rendered":"<p>\u00centrebat dac\u0103 s-a g\u00e2ndit s\u0103 sus\u0163in\u0103 pe cineva la conducerea partidului, s\u0103 candideze sau s\u0103 se retrag\u0103, Liviu Dragnea a spus c\u0103 o s\u0103 se g\u00e2ndeasc\u0103 \u201ela una dintre cele trei posibilit\u0103\u0163i\u201d \u015fi c\u0103 vrea s\u0103 vad\u0103 care este cea mai bun\u0103 variant\u0103 pentru partid. Totu\u015fi, \u00eentrebat dac\u0103 se retrage din func\u0163ia de coordonator politic [&hellip;]<\/p>\n","protected":false},"author":1,"featured_media":177445,"comment_status":"open","ping_status":"","sticky":false,"template":"","format":"standard","meta":{"footnotes":""},"categories":[2],"tags":[11],"class_list":["post-177444","post","type-post","status-publish","format-standard","has-post-thumbnail","hentry","category-politics","tag-digi24"],"_links":{"self":[{"href":"https:\/\/analyse.optim.biz\/index.php?rest_route=\/wp\/v2\/posts\/177444","targetHints":{"allow":["GET"]}}],"collection":[{"href":"https:\/\/analyse.optim.biz\/index.php?rest_route=\/wp\/v2\/posts"}],"about":[{"href":"https:\/\/analyse.optim.biz\/index.php?rest_route=\/wp\/v2\/types\/post"}],"author":[{"embeddable":true,"href":"https:\/\/analyse.optim.biz\/index.php?rest_route=\/wp\/v2\/users\/1"}],"replies":[{"embeddable":true,"href":"https:\/\/analyse.optim.biz\/index.php?rest_route=%2Fwp%2Fv2%2Fcomments&post=177444"}],"version-history":[{"count":0,"href":"https:\/\/analyse.optim.biz\/index.php?rest_route=\/wp\/v2\/posts\/177444\/revisions"}],"wp:featuredmedia":[{"embeddable":true,"href":"https:\/\/analyse.optim.biz\/index.php?rest_route=\/wp\/v2\/media\/177445"}],"wp:attachment":[{"href":"https:\/\/analyse.optim.biz\/index.php?rest_route=%2Fwp%2Fv2%2Fmedia&parent=177444"}],"wp:term":[{"taxonomy":"category","embeddable":true,"href":"https:\/\/analyse.optim.biz\/index.php?rest_route=%2Fwp%2Fv2%2Fcategories&post=177444"},{"taxonomy":"post_tag","embeddable":true,"href":"https:\/\/analyse.optim.biz\/index.php?rest_route=%2Fwp%2Fv2%2Ftags&post=177444"}],"curies":[{"name":"wp","href":"https:\/\/api.w.org\/{rel}","templated":true}]}}