{"id":1774179,"date":"2026-02-07T11:57:12","date_gmt":"2026-02-07T08:57:12","guid":{"rendered":"https:\/\/analyse.optim.biz\/?p=1774179"},"modified":"2026-02-07T11:57:12","modified_gmt":"2026-02-07T08:57:12","slug":"ajf-va-avea-un-nou-presedinte-ioan-mateescu-actualul-sef-face-un-pas-in-spate","status":"publish","type":"post","link":"https:\/\/analyse.optim.biz\/?p=1774179","title":{"rendered":"AJF va avea un nou pre\u0219edinte, Ioan Mateescu! Actualul \u0219ef, face un pas \u00een spate"},"content":{"rendered":"<p>[analyse_image type=&#8221;featured&#8221; src=&#8221;https:\/\/gazetadinvest.ro\/wp-content\/uploads\/2026\/02\/ajf.jpg&#8221;]<\/p>\n<div class=\"td-post-content tagdiv-type\">\n<div class=\"td-post-featured-image\"><a href=\"https:\/\/gazetadinvest.ro\/wp-content\/uploads\/2026\/02\/ajf.jpg\" data-caption><img loading=\"lazy\" decoding=\"async\" width=\"696\" height=\"1044\" class=\"entry-thumb td-modal-image\" src=\"https:\/\/gazetadinvest.ro\/wp-content\/uploads\/2026\/02\/ajf-696x1044.jpg\" alt title=\"ajf\"><\/a><\/div>\n<p><strong>Ioan Mateescu este singurul candidat la fun\u021bia de pre\u0219edinte al Asocia\u021biei Jude\u021bene de Fotbal, alegerile urm\u00e2nd a avea loc la finele acestei luni. Actualul pre\u0219edinte, Romeo Malac, r\u0103m\u00e2ne \u00een schem\u0103, urm\u00e2nd a deveni vicepre\u0219edinte, al\u0103turi de fotbalistul-antrenor Alin Ignea \u0219i Ciprian Tranc\u0103, cei trei f\u0103c\u00e2nd parte din echipa lui \u201eMateo\u201d.<\/strong><\/p>\n<p><em>\u201eCandidez din respect pentru fotbalul timi\u0219ean, pentru oamenii care \u00eel \u021bin viu zi de zi \u0219i pentru cluburile care merit\u0103 un partener corect, deschis \u0219i profesionist.<\/em><\/p>\n<p><em>Cred \u00eentr-o Asocia\u021bie modern\u0103 \u0219i transparent\u0103, \u00een care fiecare club s\u0103 simt\u0103 c\u0103 este ascultat \u0219i sprijinit. Fotbalul jude\u021bean are nevoie de stabilitate, reguli clare, sus\u021binere real\u0103 pentru copii \u0219i juniori, dar \u0219i de un dialog onest \u00eentre toate p\u0103r\u021bile implicate.<\/em><\/p>\n<p><em>Nu vin cu sloganuri mari. Vin cu dorin\u021ba sincer\u0103 de a construi un sistem mai bun, mai eficient, mai aproape de nevoile reale ale fotbalului timi\u0219ean.<\/em><\/p>\n<p><em>Al\u0103turi de mine, pentru func\u021biile de vicepre\u0219edin\u021bi, candideaz\u0103 Romeo Malac, Alin-Liviu Ignea \u0219i Ciprian Dan Tranc\u0103.<\/em><\/p>\n<p><em>Cred cu t\u0103rie c\u0103 doar lucr\u00e2nd \u00eempreun\u0103, cu respect \u0219i responsabilitate, putem deveni mai buni \u2014 ca asocia\u021bie, ca fenomen sportiv \u0219i ca parte a aceleia\u0219i comunit\u0103\u021bi.<\/em><\/p>\n<p><em>Le mul\u021bumesc tuturor celor care m-au \u00eencurajat s\u0103 candidez \u0219i \u00eei asigur c\u0103, indiferent de rezultat, voi r\u0103m\u00e2ne un sus\u021bin\u0103tor activ al fotbalului timi\u0219ean.<\/em><\/p>\n<p><em>Fotbalul din jude\u021bul nostru poate \u0219i merit\u0103 mai mult. <\/em><em>\u0218i putem face acest lucru doar \u00eempreun\u0103\u201d<\/em>, spune Ioan Mateescu.<\/p>\n<p>Noul pre\u0219edinte are dreptul de a numi apoi secretarul AJF, cei mai probabil Nelu Poclid \u0219i \u0219eful arbitrilor, unde este propus deja lugojeanul Raul Ghiciulescu.<\/p>\n<p>Dac\u0103 lucrurile sunt clare \u00een ceea ce prive\u0219te pre\u0219edintele, pentru cele trei locuri de vicepre\u0219edinte mai candideaz\u0103, Traian Dejeu, Pavel Velcot\u0103 \u0219i Nicu\u0219or Tanasoglu.<\/p>\n<\/div>\n<div class=\"td-post-content tagdiv-type\">\n<div class=\"td-post-featured-image\"><a href=\"https:\/\/gazetadinvest.ro\/wp-content\/uploads\/2026\/02\/ajf.jpg\" data-caption><img loading=\"lazy\" decoding=\"async\" width=\"696\" height=\"1044\" class=\"entry-thumb td-modal-image\" src=\"https:\/\/gazetadinvest.ro\/wp-content\/uploads\/2026\/02\/ajf-696x1044.jpg\" alt title=\"ajf\"><\/a><\/div>\n<p><strong>Ioan Mateescu este singurul candidat la fun\u021bia de pre\u0219edinte al Asocia\u021biei Jude\u021bene de Fotbal, alegerile urm\u00e2nd a avea loc la finele acestei luni. Actualul pre\u0219edinte, Romeo Malac, r\u0103m\u00e2ne \u00een schem\u0103, urm\u00e2nd a deveni vicepre\u0219edinte, al\u0103turi de fotbalistul-antrenor Alin Ignea \u0219i Ciprian Tranc\u0103, cei trei f\u0103c\u00e2nd parte din echipa lui \u201eMateo\u201d.<\/strong><\/p>\n<p><em>\u201eCandidez din respect pentru fotbalul timi\u0219ean, pentru oamenii care \u00eel \u021bin viu zi de zi \u0219i pentru cluburile care merit\u0103 un partener corect, deschis \u0219i profesionist.<\/em><\/p>\n<p><em>Cred \u00eentr-o Asocia\u021bie modern\u0103 \u0219i transparent\u0103, \u00een care fiecare club s\u0103 simt\u0103 c\u0103 este ascultat \u0219i sprijinit. Fotbalul jude\u021bean are nevoie de stabilitate, reguli clare, sus\u021binere real\u0103 pentru copii \u0219i juniori, dar \u0219i de un dialog onest \u00eentre toate p\u0103r\u021bile implicate.<\/em><\/p>\n<p><em>Nu vin cu sloganuri mari. Vin cu dorin\u021ba sincer\u0103 de a construi un sistem mai bun, mai eficient, mai aproape de nevoile reale ale fotbalului timi\u0219ean.<\/em><\/p>\n<p><em>Al\u0103turi de mine, pentru func\u021biile de vicepre\u0219edin\u021bi, candideaz\u0103 Romeo Malac, Alin-Liviu Ignea \u0219i Ciprian Dan Tranc\u0103.<\/em><\/p>\n<p><em>Cred cu t\u0103rie c\u0103 doar lucr\u00e2nd \u00eempreun\u0103, cu respect \u0219i responsabilitate, putem deveni mai buni \u2014 ca asocia\u021bie, ca fenomen sportiv \u0219i ca parte a aceleia\u0219i comunit\u0103\u021bi.<\/em><\/p>\n<p><em>Le mul\u021bumesc tuturor celor care m-au \u00eencurajat s\u0103 candidez \u0219i \u00eei asigur c\u0103, indiferent de rezultat, voi r\u0103m\u00e2ne un sus\u021bin\u0103tor activ al fotbalului timi\u0219ean.<\/em><\/p>\n<p><em>Fotbalul din jude\u021bul nostru poate \u0219i merit\u0103 mai mult. <\/em><em>\u0218i putem face acest lucru doar \u00eempreun\u0103\u201d<\/em>, spune Ioan Mateescu.<\/p>\n<p>Noul pre\u0219edinte are dreptul de a numi apoi secretarul AJF, cei mai probabil Nelu Poclid \u0219i \u0219eful arbitrilor, unde este propus deja lugojeanul Raul Ghiciulescu.<\/p>\n<p>Dac\u0103 lucrurile sunt clare \u00een ceea ce prive\u0219te pre\u0219edintele, pentru cele trei locuri de vicepre\u0219edinte mai candideaz\u0103, Traian Dejeu, Pavel Velcot\u0103 \u0219i Nicu\u0219or Tanasoglu.<\/p>\n<\/div>\n<p>[analyse_source url=&#8221;https:\/\/gazetadinvest.ro\/ajf-va-avea-un-nou-presedinte-ioan-mateescu-actualul-sef-face-un-pas-in-spate\/&#8221;]<\/p>\n","protected":false},"excerpt":{"rendered":"<p>[analyse_image type=&#8221;featured&#8221; src=&#8221;https:\/\/gazetadinvest.ro\/wp-content\/uploads\/2026\/02\/ajf.jpg&#8221;] Ioan Mateescu este singurul candidat la fun\u021bia de pre\u0219edinte al Asocia\u021biei Jude\u021bene de Fotbal, alegerile urm\u00e2nd a avea loc la finele acestei luni. Actualul pre\u0219edinte, Romeo Malac, r\u0103m\u00e2ne \u00een schem\u0103, urm\u00e2nd a deveni vicepre\u0219edinte, al\u0103turi de fotbalistul-antrenor Alin Ignea \u0219i Ciprian Tranc\u0103, cei trei f\u0103c\u00e2nd parte din echipa lui \u201eMateo\u201d. \u201eCandidez din [&hellip;]<\/p>\n","protected":false},"author":1,"featured_media":0,"comment_status":"open","ping_status":"","sticky":false,"template":"","format":"standard","meta":{"footnotes":""},"categories":[89],"tags":[226,203],"class_list":["post-1774179","post","type-post","status-publish","format-standard","hentry","category-romania","tag-crawlmanager","tag-gazetadinvest-ro"],"_links":{"self":[{"href":"https:\/\/analyse.optim.biz\/index.php?rest_route=\/wp\/v2\/posts\/1774179","targetHints":{"allow":["GET"]}}],"collection":[{"href":"https:\/\/analyse.optim.biz\/index.php?rest_route=\/wp\/v2\/posts"}],"about":[{"href":"https:\/\/analyse.optim.biz\/index.php?rest_route=\/wp\/v2\/types\/post"}],"author":[{"embeddable":true,"href":"https:\/\/analyse.optim.biz\/index.php?rest_route=\/wp\/v2\/users\/1"}],"replies":[{"embeddable":true,"href":"https:\/\/analyse.optim.biz\/index.php?rest_route=%2Fwp%2Fv2%2Fcomments&post=1774179"}],"version-history":[{"count":0,"href":"https:\/\/analyse.optim.biz\/index.php?rest_route=\/wp\/v2\/posts\/1774179\/revisions"}],"wp:attachment":[{"href":"https:\/\/analyse.optim.biz\/index.php?rest_route=%2Fwp%2Fv2%2Fmedia&parent=1774179"}],"wp:term":[{"taxonomy":"category","embeddable":true,"href":"https:\/\/analyse.optim.biz\/index.php?rest_route=%2Fwp%2Fv2%2Fcategories&post=1774179"},{"taxonomy":"post_tag","embeddable":true,"href":"https:\/\/analyse.optim.biz\/index.php?rest_route=%2Fwp%2Fv2%2Ftags&post=1774179"}],"curies":[{"name":"wp","href":"https:\/\/api.w.org\/{rel}","templated":true}]}}