{"id":1773463,"date":"2026-02-13T00:00:00","date_gmt":"2026-02-12T21:00:00","guid":{"rendered":"https:\/\/analyse.optim.biz\/?p=1773463"},"modified":"2026-02-13T00:00:00","modified_gmt":"2026-02-12T21:00:00","slug":"studii-in-domeniul-incluziunii-educationale-si-sociale-organizat-la-universitatea-din-suceava","status":"publish","type":"post","link":"https:\/\/analyse.optim.biz\/?p=1773463","title":{"rendered":"Studii \u00een domeniul incluziunii educa\u0163ionale \u015fi sociale, organizat la Universitatea din Suceava"},"content":{"rendered":"<p>[analyse_image type=&#8221;featured&#8221; src=&#8221;&#8221;]<\/p>\n<div class=\"entry-content\">\n<p align=\"justify\"><span lang=\"ro-RO\"><img decoding=\"async\" loading=\"lazy\" class=\"alignright size-medium wp-image-259275\" src=\"https:\/\/suceavanews.ro\/wp-content\/uploads\/2018\/02\/usv-300x188.jpg\" alt=\"usv, stiri, suceava, news, universitatea stfean cel mare\" width=\"300\" height=\"188\">Universitatea \u201e\u0218tefan cel Mare\u201d din Suceava (USV) anun\u021b\u0103 lansarea programului interna\u021bional de masterat <\/span><span lang=\"ro-RO\">Studii \u00een domeniul incluziunii educa\u021bionale \u015fi sociale (Inclusion Studies)<\/span><span lang=\"ro-RO\">, dezvoltat \u00eempreun\u0103 cu Universitatea din Ostrava (Cehia) \u0219i Universitatea din Bielefeld (Germania), \u00een cadrul Alian\u021bei universitare europene NEOLAiA. Programul este conceput ca un masterat cu diplom\u0103 multipl\u0103, cu durata de doi ani, predat integral \u00een limba englez\u0103, oferind studen\u021bilor un parcurs academic modern, interdisciplinar \u0219i ancorat \u00een provoc\u0103rile actuale din domeniul incluziunii. La finalul studiilor, masteranzii vor putea ob\u021bine diplome emise de fiecare dintre cele trei universit\u0103\u021bi partenere. <\/span><\/p>\n<p align=\"justify\"><span lang=\"ro-RO\">Masteratul interna\u021bional <\/span><span lang=\"ro-RO\">Studii \u00een domeniul incluziunii educa\u0163ionale \u015fi sociale <\/span><span lang=\"ro-RO\">aduce <\/span><span lang=\"ro-RO\">\u00eempreun\u0103 perspective contemporane asupra incluziunii \u0219i o colaborare academic\u0103 european\u0103 solid\u0103, valorific\u00e2nd expertiza speciali\u0219tilor din universit\u0103\u021bile partenere. Prin structur\u0103 \u0219i con\u021binut, programul urm\u0103re\u0219te formarea unor absolven\u021bi capabili s\u0103 analizeze \u0219i s\u0103 gestioneze procesele de incluziune \u00een contexte educa\u021bionale, sociale \u0219i organiza\u021bionale diverse, cu accent pe solu\u021bii aplicate, responsabilitate social\u0103 \u0219i impact \u00een comunitate. Dimensiunea NEOLAiA asigur\u0103 un mediu de \u00eenv\u0103\u021bare autentic european, prin activit\u0103\u021bi academice comune, interac\u021biune cu profesori din universit\u0103\u021bile partenere \u0219i oportunit\u0103\u021bi de mobilitate \u0219i cooperare interna\u021bional\u0103.<\/span><\/p>\n<p align=\"justify\"><span lang=\"ro-RO\">Parcursul academic din cadrul programului este organizat \u00een patru semestre (c\u00e2te 30 credite transferabile pentru fiecare), desf\u0103\u0219urate succesiv \u00een universit\u0103\u021bile partenere: semestrul 1 la <\/span><span lang=\"ro-RO\">Universitatea din Ostrava<\/span><span lang=\"ro-RO\">, semestrul 2 la <\/span><span lang=\"ro-RO\">Universitatea<\/span><span lang=\"ro-RO\"> din <\/span><span lang=\"ro-RO\">Bielefeld<\/span><span lang=\"ro-RO\">, semestrul 3 la<\/span><span lang=\"ro-RO\">Universitatea \u201e\u0218tefan cel Mare\u201d din Suceava<\/span><span lang=\"ro-RO\">, iar semestrul 4 este oferit \u00een comun de cele trei universit\u0103\u021bi \u0219i administrat academic de Universitatea din Bielefeld, cu posibilitatea alegerii loca\u021biei \u00een func\u021bie de tema lucr\u0103rii de diserta\u021bie. Programul <\/span><span lang=\"ro-RO\">Studii \u00een domeniul incluziunii educa\u0163ionale \u015fi sociale <\/span><span lang=\"ro-RO\">va demara \u00een anul universitar 2027\/2028.<\/span><\/p>\n<\/div>\n<div class=\"entry-content\">\n<p align=\"justify\"><span lang=\"ro-RO\"><img decoding=\"async\" loading=\"lazy\" class=\"alignright size-medium wp-image-259275\" src=\"https:\/\/suceavanews.ro\/wp-content\/uploads\/2018\/02\/usv-300x188.jpg\" alt=\"usv, stiri, suceava, news, universitatea stfean cel mare\" width=\"300\" height=\"188\">Universitatea \u201e\u0218tefan cel Mare\u201d din Suceava (USV) anun\u021b\u0103 lansarea programului interna\u021bional de masterat <\/span><span lang=\"ro-RO\">Studii \u00een domeniul incluziunii educa\u021bionale \u015fi sociale (Inclusion Studies)<\/span><span lang=\"ro-RO\">, dezvoltat \u00eempreun\u0103 cu Universitatea din Ostrava (Cehia) \u0219i Universitatea din Bielefeld (Germania), \u00een cadrul Alian\u021bei universitare europene NEOLAiA. Programul este conceput ca un masterat cu diplom\u0103 multipl\u0103, cu durata de doi ani, predat integral \u00een limba englez\u0103, oferind studen\u021bilor un parcurs academic modern, interdisciplinar \u0219i ancorat \u00een provoc\u0103rile actuale din domeniul incluziunii. La finalul studiilor, masteranzii vor putea ob\u021bine diplome emise de fiecare dintre cele trei universit\u0103\u021bi partenere. <\/span><\/p>\n<p align=\"justify\"><span lang=\"ro-RO\">Masteratul interna\u021bional <\/span><span lang=\"ro-RO\">Studii \u00een domeniul incluziunii educa\u0163ionale \u015fi sociale <\/span><span lang=\"ro-RO\">aduce <\/span><span lang=\"ro-RO\">\u00eempreun\u0103 perspective contemporane asupra incluziunii \u0219i o colaborare academic\u0103 european\u0103 solid\u0103, valorific\u00e2nd expertiza speciali\u0219tilor din universit\u0103\u021bile partenere. Prin structur\u0103 \u0219i con\u021binut, programul urm\u0103re\u0219te formarea unor absolven\u021bi capabili s\u0103 analizeze \u0219i s\u0103 gestioneze procesele de incluziune \u00een contexte educa\u021bionale, sociale \u0219i organiza\u021bionale diverse, cu accent pe solu\u021bii aplicate, responsabilitate social\u0103 \u0219i impact \u00een comunitate. Dimensiunea NEOLAiA asigur\u0103 un mediu de \u00eenv\u0103\u021bare autentic european, prin activit\u0103\u021bi academice comune, interac\u021biune cu profesori din universit\u0103\u021bile partenere \u0219i oportunit\u0103\u021bi de mobilitate \u0219i cooperare interna\u021bional\u0103.<\/span><\/p>\n<p align=\"justify\"><span lang=\"ro-RO\">Parcursul academic din cadrul programului este organizat \u00een patru semestre (c\u00e2te 30 credite transferabile pentru fiecare), desf\u0103\u0219urate succesiv \u00een universit\u0103\u021bile partenere: semestrul 1 la <\/span><span lang=\"ro-RO\">Universitatea din Ostrava<\/span><span lang=\"ro-RO\">, semestrul 2 la <\/span><span lang=\"ro-RO\">Universitatea<\/span><span lang=\"ro-RO\"> din <\/span><span lang=\"ro-RO\">Bielefeld<\/span><span lang=\"ro-RO\">, semestrul 3 la<\/span><span lang=\"ro-RO\">Universitatea \u201e\u0218tefan cel Mare\u201d din Suceava<\/span><span lang=\"ro-RO\">, iar semestrul 4 este oferit \u00een comun de cele trei universit\u0103\u021bi \u0219i administrat academic de Universitatea din Bielefeld, cu posibilitatea alegerii loca\u021biei \u00een func\u021bie de tema lucr\u0103rii de diserta\u021bie. Programul <\/span><span lang=\"ro-RO\">Studii \u00een domeniul incluziunii educa\u0163ionale \u015fi sociale <\/span><span lang=\"ro-RO\">va demara \u00een anul universitar 2027\/2028.<\/span><\/p>\n<\/div>\n<p>[analyse_source url=&#8221;https:\/\/suceavanews.ro\/318599\/social\/studii-in-domeniul-incluziunii-educationale-si-sociale-organizat-la-universitatea-din-suceava\/&#8221;]<\/p>\n","protected":false},"excerpt":{"rendered":"<p>[analyse_image type=&#8221;featured&#8221; src=&#8221;&#8221;] Universitatea \u201e\u0218tefan cel Mare\u201d din Suceava (USV) anun\u021b\u0103 lansarea programului interna\u021bional de masterat Studii \u00een domeniul incluziunii educa\u021bionale \u015fi sociale (Inclusion Studies), dezvoltat \u00eempreun\u0103 cu Universitatea din Ostrava (Cehia) \u0219i Universitatea din Bielefeld (Germania), \u00een cadrul Alian\u021bei universitare europene NEOLAiA. Programul este conceput ca un masterat cu diplom\u0103 multipl\u0103, cu durata de [&hellip;]<\/p>\n","protected":false},"author":1,"featured_media":0,"comment_status":"open","ping_status":"","sticky":false,"template":"","format":"standard","meta":{"footnotes":""},"categories":[89],"tags":[226,174],"class_list":["post-1773463","post","type-post","status-publish","format-standard","hentry","category-romania","tag-crawlmanager","tag-suceavanews-ro"],"_links":{"self":[{"href":"https:\/\/analyse.optim.biz\/index.php?rest_route=\/wp\/v2\/posts\/1773463","targetHints":{"allow":["GET"]}}],"collection":[{"href":"https:\/\/analyse.optim.biz\/index.php?rest_route=\/wp\/v2\/posts"}],"about":[{"href":"https:\/\/analyse.optim.biz\/index.php?rest_route=\/wp\/v2\/types\/post"}],"author":[{"embeddable":true,"href":"https:\/\/analyse.optim.biz\/index.php?rest_route=\/wp\/v2\/users\/1"}],"replies":[{"embeddable":true,"href":"https:\/\/analyse.optim.biz\/index.php?rest_route=%2Fwp%2Fv2%2Fcomments&post=1773463"}],"version-history":[{"count":0,"href":"https:\/\/analyse.optim.biz\/index.php?rest_route=\/wp\/v2\/posts\/1773463\/revisions"}],"wp:attachment":[{"href":"https:\/\/analyse.optim.biz\/index.php?rest_route=%2Fwp%2Fv2%2Fmedia&parent=1773463"}],"wp:term":[{"taxonomy":"category","embeddable":true,"href":"https:\/\/analyse.optim.biz\/index.php?rest_route=%2Fwp%2Fv2%2Fcategories&post=1773463"},{"taxonomy":"post_tag","embeddable":true,"href":"https:\/\/analyse.optim.biz\/index.php?rest_route=%2Fwp%2Fv2%2Ftags&post=1773463"}],"curies":[{"name":"wp","href":"https:\/\/api.w.org\/{rel}","templated":true}]}}