{"id":1773460,"date":"2026-02-13T00:00:00","date_gmt":"2026-02-12T21:00:00","guid":{"rendered":"https:\/\/analyse.optim.biz\/?p=1773460"},"modified":"2026-02-13T00:00:00","modified_gmt":"2026-02-12T21:00:00","slug":"sucevean-condamnat-pentru-fapte-comise-in-ungaria-razvan-a-fost-escortat-dupa-gratii","status":"publish","type":"post","link":"https:\/\/analyse.optim.biz\/?p=1773460","title":{"rendered":"Sucevean condamnat pentru fapte comise \u00een Ungaria. R\u0103zvan a fost escortat dup\u0103 gratii"},"content":{"rendered":"<p>[analyse_image type=&#8221;featured&#8221; src=&#8221;&#8221;]<\/p>\n<div class=\"entry-content\">\n<div id=\"attachment_593336\" class=\"wp-caption alignright\"><a href=\"https:\/\/www.botosaninews.ro\/wp-content\/uploads\/2023\/10\/condamnat-stiri-botosani.jpg\"><img decoding=\"async\" aria-describedby=\"caption-attachment-593336\" loading=\"lazy\" class=\"size-medium wp-image-593336\" src=\"https:\/\/www.botosaninews.ro\/wp-content\/uploads\/2023\/10\/condamnat-stiri-botosani-300x200.jpg\" alt=\"\" width=\"300\" height=\"200\"><\/a><\/p>\n<p id=\"caption-attachment-593336\" class=\"wp-caption-text\">foto: sra screening<\/p>\n<\/div>\n<p>Un t\u00e2n\u0103r a ajuns \u00een Penitenciarul <a href=\"https:\/\/www.botosaninews.ro\/720620\/general\/stirea-zilei\/rasturnare-de-situatie-modernizarea-unui-important-drum-national-din-botosani-a-fost-blocata-instanta-a-intors-rezultatul-licitatiei\/\">Boto\u0219ani<\/a> pentru fapte comise \u00een Ungaria. R\u0103zvan Bolohan a fost escortat dup\u0103 gratii.<\/p>\n<p>Omul, din comuna \u0218cheia, jude\u021bul Suceava, a fost condamnat la executarea unei pedepse cu \u00eenchisoarea de 3 ani pentru infrac\u021biuni de trafic de persoane, conducerea unui vehicul sub influen\u021ba alcoolului sau a altor substan\u021be \u0219i de\u021binerea de droguri.<\/p>\n<p>Faptele au fost comise \u00een data de 18 august 2023 pe teritoriul Ungariei. Zilele trecute, R\u0103zvan a fost g\u0103sit la locuin\u021ba sa din \u0218cheia, a fost re\u021binut \u0219i condus la Penintenciarul Boto\u0219ani unde a fost depus \u00een vederea \u00eencarcer\u0103rii.<\/p>\n<p><span><a href=\"https:\/\/news.google.com\/publications\/CAAqBwgKMMy4pgswtMO-Aw?ceid=RO:ro&amp;oc=3\" target=\"_blank\" rel=\"noopener\">Urmareste-ne pe Google News<\/a><\/span><\/p>\n<\/div>\n<div class=\"entry-content\">\n<div id=\"attachment_593336\" class=\"wp-caption alignright\"><a href=\"https:\/\/www.botosaninews.ro\/wp-content\/uploads\/2023\/10\/condamnat-stiri-botosani.jpg\"><img decoding=\"async\" aria-describedby=\"caption-attachment-593336\" loading=\"lazy\" class=\"size-medium wp-image-593336\" src=\"https:\/\/www.botosaninews.ro\/wp-content\/uploads\/2023\/10\/condamnat-stiri-botosani-300x200.jpg\" alt=\"\" width=\"300\" height=\"200\"><\/a><\/p>\n<p id=\"caption-attachment-593336\" class=\"wp-caption-text\">foto: sra screening<\/p>\n<\/div>\n<p>Un t\u00e2n\u0103r a ajuns \u00een Penitenciarul <a href=\"https:\/\/www.botosaninews.ro\/720620\/general\/stirea-zilei\/rasturnare-de-situatie-modernizarea-unui-important-drum-national-din-botosani-a-fost-blocata-instanta-a-intors-rezultatul-licitatiei\/\">Boto\u0219ani<\/a> pentru fapte comise \u00een Ungaria. R\u0103zvan Bolohan a fost escortat dup\u0103 gratii.<\/p>\n<p>Omul, din comuna \u0218cheia, jude\u021bul Suceava, a fost condamnat la executarea unei pedepse cu \u00eenchisoarea de 3 ani pentru infrac\u021biuni de trafic de persoane, conducerea unui vehicul sub influen\u021ba alcoolului sau a altor substan\u021be \u0219i de\u021binerea de droguri.<\/p>\n<p>Faptele au fost comise \u00een data de 18 august 2023 pe teritoriul Ungariei. Zilele trecute, R\u0103zvan a fost g\u0103sit la locuin\u021ba sa din \u0218cheia, a fost re\u021binut \u0219i condus la Penintenciarul Boto\u0219ani unde a fost depus \u00een vederea \u00eencarcer\u0103rii.<\/p>\n<p><span><a href=\"https:\/\/news.google.com\/publications\/CAAqBwgKMMy4pgswtMO-Aw?ceid=RO:ro&amp;oc=3\" target=\"_blank\" rel=\"noopener\">Urmareste-ne pe Google News<\/a><\/span><\/p>\n<\/div>\n<p>[analyse_source url=&#8221;https:\/\/suceavanews.ro\/318601\/social\/sucevean-condamnat-pentru-fapte-comise-in-ungaria-razvan-a-fost-escortat-dupa-gratii\/&#8221;]<\/p>\n","protected":false},"excerpt":{"rendered":"<p>[analyse_image type=&#8221;featured&#8221; src=&#8221;&#8221;] foto: sra screening Un t\u00e2n\u0103r a ajuns \u00een Penitenciarul Boto\u0219ani pentru fapte comise \u00een Ungaria. R\u0103zvan Bolohan a fost escortat dup\u0103 gratii. Omul, din comuna \u0218cheia, jude\u021bul Suceava, a fost condamnat la executarea unei pedepse cu \u00eenchisoarea de 3 ani pentru infrac\u021biuni de trafic de persoane, conducerea unui vehicul sub influen\u021ba alcoolului [&hellip;]<\/p>\n","protected":false},"author":1,"featured_media":0,"comment_status":"open","ping_status":"","sticky":false,"template":"","format":"standard","meta":{"footnotes":""},"categories":[89],"tags":[226,174],"class_list":["post-1773460","post","type-post","status-publish","format-standard","hentry","category-romania","tag-crawlmanager","tag-suceavanews-ro"],"_links":{"self":[{"href":"https:\/\/analyse.optim.biz\/index.php?rest_route=\/wp\/v2\/posts\/1773460","targetHints":{"allow":["GET"]}}],"collection":[{"href":"https:\/\/analyse.optim.biz\/index.php?rest_route=\/wp\/v2\/posts"}],"about":[{"href":"https:\/\/analyse.optim.biz\/index.php?rest_route=\/wp\/v2\/types\/post"}],"author":[{"embeddable":true,"href":"https:\/\/analyse.optim.biz\/index.php?rest_route=\/wp\/v2\/users\/1"}],"replies":[{"embeddable":true,"href":"https:\/\/analyse.optim.biz\/index.php?rest_route=%2Fwp%2Fv2%2Fcomments&post=1773460"}],"version-history":[{"count":0,"href":"https:\/\/analyse.optim.biz\/index.php?rest_route=\/wp\/v2\/posts\/1773460\/revisions"}],"wp:attachment":[{"href":"https:\/\/analyse.optim.biz\/index.php?rest_route=%2Fwp%2Fv2%2Fmedia&parent=1773460"}],"wp:term":[{"taxonomy":"category","embeddable":true,"href":"https:\/\/analyse.optim.biz\/index.php?rest_route=%2Fwp%2Fv2%2Fcategories&post=1773460"},{"taxonomy":"post_tag","embeddable":true,"href":"https:\/\/analyse.optim.biz\/index.php?rest_route=%2Fwp%2Fv2%2Ftags&post=1773460"}],"curies":[{"name":"wp","href":"https:\/\/api.w.org\/{rel}","templated":true}]}}