{"id":1773458,"date":"2026-02-14T00:00:00","date_gmt":"2026-02-13T21:00:00","guid":{"rendered":"https:\/\/analyse.optim.biz\/?p=1773458"},"modified":"2026-02-14T00:00:00","modified_gmt":"2026-02-13T21:00:00","slug":"tragedie-copilas-de-nici-doi-ani-accidentat-mortal-cu-masina-de-matusa-sa","status":"publish","type":"post","link":"https:\/\/analyse.optim.biz\/?p=1773458","title":{"rendered":"Tragedie! Copila\u0219 de nici doi ani, accidentat mortal cu ma\u0219ina de m\u0103tu\u0219a sa"},"content":{"rendered":"<p>[analyse_image type=&#8221;featured&#8221; src=&#8221;&#8221;]<\/p>\n<div class=\"entry-content\">\n<p><a href=\"https:\/\/www.botosaninews.ro\/wp-content\/uploads\/2018\/12\/copil-mort-stiri-botosani.jpg\"><img decoding=\"async\" loading=\"lazy\" class=\"alignright size-medium wp-image-369572\" src=\"https:\/\/www.botosaninews.ro\/wp-content\/uploads\/2018\/12\/copil-mort-stiri-botosani-300x188.jpg\" alt=\"\" width=\"300\" height=\"188\"><\/a>O tragedie a avut loc pe un drum jude\u021bean din jude\u021bul Suceava, pe raza comunei Dumbr\u0103veni. Un copila\u0219 de doar un an \u0219i \u0219apte luni a murit dup\u0103 ce m\u0103tu\u0219a sa, de 26 de ani, a dat cu ma\u0219ina peste el.<\/p>\n<p>T\u00e2n\u0103ra circula cu ma\u0219ina din direc\u021bia centrului localit\u0103\u021bii Dumbr\u0103veni c\u0103tre localitatea Stamate, iar \u00een momentul \u00een care a ajuns \u00een fa\u021ba casei aflat pe strada Drago\u0219 Vod\u0103, din localitatea Dumbr\u0103veni,a oprit autovehiculul pe pode\u021bul din fa\u021ba casei.<\/p>\n<p>Din curtea imobilului a ie\u0219it cumnata sa \u00een v\u00e2rst\u0103 de 22 de ani \u00eempreuna cu copilul acesteia \u00een v\u00e2rst\u0103 de un an \u0219i 7 luni.<\/p>\n<p>Copila\u0219ul a mers \u00een spatele ma\u0219inii, dar nu a fost observat nici de mam\u0103 \u0219i nici de m\u0103tu\u0219a sa. \u0218oferi\u021ba, \u00een momentul \u00een care s-a pus \u00een mi\u0219care, efectu\u00e2nd manevra de mers \u00eenapoi de pe pode\u021b, l-a acro\u0219at \u0219i a trecut peste el cu roata st\u00e2nga spate.<\/p>\n<p>B\u0103ie\u021belul a fost r\u0103nit grav \u0219i a fost transportat cu ambulan\u021ba la Spitalul Jude\u0163ean \u201eSf\u00e2ntul Ioan cel Nou de la Suceava\u201d, \u00een stop cardio respirator. Din p\u0103cate, \u00een ciuda eforturilor medicilor, acesta a decedat. \u0218oferi\u021ba nu se afla sub influen\u021ba b\u0103uturilor alcoolice. Poli\u021bi\u0219tii fac cercet\u0103ri pentru ucidere din culp\u0103.<\/p>\n<p>\u00a0<\/p>\n<\/div>\n<div class=\"entry-content\">\n<p><a href=\"https:\/\/www.botosaninews.ro\/wp-content\/uploads\/2018\/12\/copil-mort-stiri-botosani.jpg\"><img decoding=\"async\" loading=\"lazy\" class=\"alignright size-medium wp-image-369572\" src=\"https:\/\/www.botosaninews.ro\/wp-content\/uploads\/2018\/12\/copil-mort-stiri-botosani-300x188.jpg\" alt=\"\" width=\"300\" height=\"188\"><\/a>O tragedie a avut loc pe un drum jude\u021bean din jude\u021bul Suceava, pe raza comunei Dumbr\u0103veni. Un copila\u0219 de doar un an \u0219i \u0219apte luni a murit dup\u0103 ce m\u0103tu\u0219a sa, de 26 de ani, a dat cu ma\u0219ina peste el.<\/p>\n<p>T\u00e2n\u0103ra circula cu ma\u0219ina din direc\u021bia centrului localit\u0103\u021bii Dumbr\u0103veni c\u0103tre localitatea Stamate, iar \u00een momentul \u00een care a ajuns \u00een fa\u021ba casei aflat pe strada Drago\u0219 Vod\u0103, din localitatea Dumbr\u0103veni,a oprit autovehiculul pe pode\u021bul din fa\u021ba casei.<\/p>\n<p>Din curtea imobilului a ie\u0219it cumnata sa \u00een v\u00e2rst\u0103 de 22 de ani \u00eempreuna cu copilul acesteia \u00een v\u00e2rst\u0103 de un an \u0219i 7 luni.<\/p>\n<p>Copila\u0219ul a mers \u00een spatele ma\u0219inii, dar nu a fost observat nici de mam\u0103 \u0219i nici de m\u0103tu\u0219a sa. \u0218oferi\u021ba, \u00een momentul \u00een care s-a pus \u00een mi\u0219care, efectu\u00e2nd manevra de mers \u00eenapoi de pe pode\u021b, l-a acro\u0219at \u0219i a trecut peste el cu roata st\u00e2nga spate.<\/p>\n<p>B\u0103ie\u021belul a fost r\u0103nit grav \u0219i a fost transportat cu ambulan\u021ba la Spitalul Jude\u0163ean \u201eSf\u00e2ntul Ioan cel Nou de la Suceava\u201d, \u00een stop cardio respirator. Din p\u0103cate, \u00een ciuda eforturilor medicilor, acesta a decedat. \u0218oferi\u021ba nu se afla sub influen\u021ba b\u0103uturilor alcoolice. Poli\u021bi\u0219tii fac cercet\u0103ri pentru ucidere din culp\u0103.<\/p>\n<p>\u00a0<\/p>\n<\/div>\n<p>[analyse_source url=&#8221;https:\/\/suceavanews.ro\/318611\/general\/stirea-zilei\/tragedie-copilas-de-nici-doi-ani-accidentat-mortal-cu-masina-de-matusa-sa\/&#8221;]<\/p>\n","protected":false},"excerpt":{"rendered":"<p>[analyse_image type=&#8221;featured&#8221; src=&#8221;&#8221;] O tragedie a avut loc pe un drum jude\u021bean din jude\u021bul Suceava, pe raza comunei Dumbr\u0103veni. Un copila\u0219 de doar un an \u0219i \u0219apte luni a murit dup\u0103 ce m\u0103tu\u0219a sa, de 26 de ani, a dat cu ma\u0219ina peste el. T\u00e2n\u0103ra circula cu ma\u0219ina din direc\u021bia centrului localit\u0103\u021bii Dumbr\u0103veni c\u0103tre localitatea [&hellip;]<\/p>\n","protected":false},"author":1,"featured_media":0,"comment_status":"open","ping_status":"","sticky":false,"template":"","format":"standard","meta":{"footnotes":""},"categories":[89],"tags":[226,174],"class_list":["post-1773458","post","type-post","status-publish","format-standard","hentry","category-romania","tag-crawlmanager","tag-suceavanews-ro"],"_links":{"self":[{"href":"https:\/\/analyse.optim.biz\/index.php?rest_route=\/wp\/v2\/posts\/1773458","targetHints":{"allow":["GET"]}}],"collection":[{"href":"https:\/\/analyse.optim.biz\/index.php?rest_route=\/wp\/v2\/posts"}],"about":[{"href":"https:\/\/analyse.optim.biz\/index.php?rest_route=\/wp\/v2\/types\/post"}],"author":[{"embeddable":true,"href":"https:\/\/analyse.optim.biz\/index.php?rest_route=\/wp\/v2\/users\/1"}],"replies":[{"embeddable":true,"href":"https:\/\/analyse.optim.biz\/index.php?rest_route=%2Fwp%2Fv2%2Fcomments&post=1773458"}],"version-history":[{"count":0,"href":"https:\/\/analyse.optim.biz\/index.php?rest_route=\/wp\/v2\/posts\/1773458\/revisions"}],"wp:attachment":[{"href":"https:\/\/analyse.optim.biz\/index.php?rest_route=%2Fwp%2Fv2%2Fmedia&parent=1773458"}],"wp:term":[{"taxonomy":"category","embeddable":true,"href":"https:\/\/analyse.optim.biz\/index.php?rest_route=%2Fwp%2Fv2%2Fcategories&post=1773458"},{"taxonomy":"post_tag","embeddable":true,"href":"https:\/\/analyse.optim.biz\/index.php?rest_route=%2Fwp%2Fv2%2Ftags&post=1773458"}],"curies":[{"name":"wp","href":"https:\/\/api.w.org\/{rel}","templated":true}]}}