{"id":1772842,"date":"2026-02-15T20:12:44","date_gmt":"2026-02-15T17:12:44","guid":{"rendered":"https:\/\/analyse.optim.biz\/?p=1772842"},"modified":"2026-02-15T20:12:44","modified_gmt":"2026-02-15T17:12:44","slug":"curierul-de-valcea-premiat-la-centenarul-camerei-de-comert-si-industrie-valcea","status":"publish","type":"post","link":"https:\/\/analyse.optim.biz\/?p=1772842","title":{"rendered":"Curierul de V\u00e2lcea, premiat la Centenarul Camerei de Comer\u021b \u0219i Industrie V\u00e2lcea"},"content":{"rendered":"<p>[analyse_image type=&#8221;featured&#8221; src=&#8221;https:\/\/www.curierul.ro\/wp-content\/uploads\/2026\/02\/FOND-1-scaled.jpghttps:\/\/i0.wp.com\/www.curierul.ro\/wp-content\/uploads\/2026\/02\/FOND-1-scaled.jpg?fit=1200%2C900&amp;ssl=1&#8243;]<\/p>\n<article id=\"196342\" class=\"post-196342 post type-post status-publish format-standard has-post-thumbnail hentry category-actualitate category-eveniment-social category-impact category-social tag-cci tag-curierul-de-valcea\">\n<header class=\"post-header\">\n<ul class=\"breadcrumbs\">\n<li><a href=\"https:\/\/www.curierul.ro\">Home<\/a><\/li>\n<li class=\"breadcrumbs-active .category-actualitate\"><a href=\"https:\/\/www.curierul.ro\/index.php?cat=1615\">Actualitate<\/a><\/li>\n<li class=\"breadcrumbs-active .category-actualitate\">Curierul de V\u00e2lcea, premiat la Centenarul Camerei de Comer\u021b \u0219i Industrie V\u00e2lcea<\/li>\n<\/ul>\n<div class=\"featured-photo\"><img loading=\"lazy\" decoding=\"async\" width=\"2560\" height=\"1920\" src=\"https:\/\/i0.wp.com\/www.curierul.ro\/wp-content\/uploads\/2026\/02\/FOND-1-scaled.jpg?fit=300%2C225&amp;ssl=1\" class=\"attachment-single size-single wp-post-image\" alt><\/div>\n<h1 class=\"headline\">Curierul de V\u00e2lcea, premiat la Centenarul Camerei de Comer\u021b \u0219i Industrie V\u00e2lcea<\/h1>\n<p class=\"byline\">\n\t\tScris de<a href=\"https:\/\/www.curierul.ro\/author\/curierul\/\">Curierul de Valcea<\/a>, \t\t15 februarie 2026\t\t\t\t<\/p>\n<hr>\n<\/header>\n<p>La \u00eemplinirea unui secol de la \u00eenfiin\u021bare, Camera de Comer\u021b \u0219i Industrie V\u00e2lcea a organizat un eveniment festiv \u00een care a fost omagiat\u0103 \u0219i premiat\u0103 excelen\u021ba jude\u021bului, pe mai multe paliere. \u00cen cadrul premiilor acordate mass-media locale, Curierul de V\u00e2lcea \u0219i Radio Metronom au primit binemeritata recunoa\u0219tere pentru rezilien\u021ba dovedit\u0103 \u00een pia\u021b\u0103 din 1990 \u00eencoace. Detaliile \u0219i fotografiile serii Centenarului CCI V\u00e2lcea le reg\u0103si\u021bi <a href=\"https:\/\/www.curierul.ro\/asr-principele-nicolae-la-manifestarile-centenarului-camerei-de-comert-si-industrie-valcea\/\" data-type=\"link\" data-id=\"https:\/\/www.curierul.ro\/asr-principele-nicolae-la-manifestarile-centenarului-camerei-de-comert-si-industrie-valcea\/\">aici<\/a>.<\/p>\n<div class=\"sharedaddy sd-sharing-enabled\">\n<div class=\"robots-nocontent sd-block sd-social sd-social-official sd-sharing\">\n<h3 class=\"sd-title\">Distribuie pe:<\/h3>\n<div class=\"sd-content\">\n<ul>\n<li class=\"share-facebook\">\n<li class=\"share-twitter\"><a href=\"https:\/\/twitter.com\/share\" class=\"twitter-share-button\" data-url=\"https:\/\/www.curierul.ro\/curierul-de-valcea-premiat-la-centenarul-camerei-de-comert-si-industrie-valcea\/\" data-text=\"Curierul de V\u00e2lcea, premiat la Centenarul Camerei de Comer\u021b \u0219i Industrie V\u00e2lcea\" data-via=\"curierulvl\">Tweet<\/a><\/li>\n<li class=\"share-jetpack-whatsapp\"><a rel=\"nofollow noopener noreferrer\" data-shared=\"sharing-whatsapp-196342\" class=\"share-jetpack-whatsapp sd-button\" href=\"https:\/\/www.curierul.ro\/curierul-de-valcea-premiat-la-centenarul-camerei-de-comert-si-industrie-valcea\/?share=jetpack-whatsapp\" target=\"_blank\" aria-labelledby=\"sharing-whatsapp-196342\"><span id=\"sharing-whatsapp-196342\" hidden>D\u0103 clic pentru partajare pe WhatsApp(Se deschide \u00eentr-o fereastr\u0103 nou\u0103)<\/span><span>WhatsApp<\/span><\/a><\/li>\n<li><a href=\"https:\/\/www.curierul.ro\/curierul-de-valcea-premiat-la-centenarul-camerei-de-comert-si-industrie-valcea\/\" class=\"sharing-anchor sd-button share-more\"><span>Mai mult<\/span><\/a><\/li>\n<li class=\"share-end\"><\/ul>\n<div class=\"sharing-hidden\">\n<div class=\"inner\">\n<ul>\n<li class=\"share-email\"><a rel=\"nofollow noopener noreferrer\" data-shared=\"sharing-email-196342\" class=\"share-email sd-button\" href=\"mailto:?subject=%5BArticol%20partajat%5D%20Curierul%20de%20V%C3%A2lcea%2C%20premiat%20la%20Centenarul%20Camerei%20de%20Comer%C8%9B%20%C8%99i%20Industrie%20V%C3%A2lcea&amp;body=https%3A%2F%2Fwww.curierul.ro%2Fcurierul-de-valcea-premiat-la-centenarul-camerei-de-comert-si-industrie-valcea%2F&amp;share=email\" target=\"_blank\" aria-labelledby=\"sharing-email-196342\" data-email-share-error-title=\"\u021ai-ai configurat emailul?\" data-email-share-error-text=\"Dac\u0103 ai probleme la partajarea prin email, probabil nu ai configurat emailul pentru navigator. Poate trebuie s\u0103 creezi singur un email nou.\" data-email-share-nonce=\"b73dcc75e3\" data-email-share-track-url=\"https:\/\/www.curierul.ro\/curierul-de-valcea-premiat-la-centenarul-camerei-de-comert-si-industrie-valcea\/?share=email\"><span id=\"sharing-email-196342\" hidden>D\u0103 clic pentru a trimite o leg\u0103tur\u0103 prin email unui prieten(Se deschide \u00eentr-o fereastr\u0103 nou\u0103)<\/span><span>Email<\/span><\/a><\/li>\n<li class=\"share-print\"><a rel=\"nofollow noopener noreferrer\" data-shared=\"sharing-print-196342\" class=\"share-print sd-button\" href=\"https:\/\/www.curierul.ro\/curierul-de-valcea-premiat-la-centenarul-camerei-de-comert-si-industrie-valcea\/#print?share=print\" target=\"_blank\" aria-labelledby=\"sharing-print-196342\"><span id=\"sharing-print-196342\" hidden>D\u0103 clic pentru a imprima(Se deschide \u00eentr-o fereastr\u0103 nou\u0103)<\/span><span>Imprimare<\/span><\/a><\/li>\n<li class=\"share-end\"><\/ul>\n<\/div>\n<\/div>\n<\/div>\n<\/div>\n<\/div>\n<div id=\"jp-relatedposts\" class=\"jp-relatedposts\">\n<h3 class=\"jp-relatedposts-headline\"><em>Similare<\/em><\/h3>\n<\/div>\n<footer class=\"post-footer\">\n<p class=\"tags\"><strong>Tags: <\/strong><a href=\"https:\/\/www.curierul.ro\/tag\/cci\/\" rel=\"tag\">CCI<\/a>, <a href=\"https:\/\/www.curierul.ro\/tag\/curierul-de-valcea\/\" rel=\"tag\">Curierul de V\u00e2lcea<\/a><\/p>\n<div class=\"post-navigation clearfix\">\n<div class=\"previous-post\">\n<div class=\"featured-photo\"><img loading=\"lazy\" decoding=\"async\" width=\"2560\" height=\"1920\" src=\"https:\/\/i0.wp.com\/www.curierul.ro\/wp-content\/uploads\/2026\/02\/P-4-5-5-scaled.jpg?fit=300%2C225&amp;ssl=1\" class=\"attachment-post-thumbnail size-post-thumbnail wp-post-image\" alt><\/div>\n<p class=\"paginate-title\">\u00ab\u00ab <a href=\"https:\/\/www.curierul.ro\/asr-principele-nicolae-la-manifestarile-centenarului-camerei-de-comert-si-industrie-valcea\/\" rel=\"prev\">ASR PRINCIPELE NICOLAE LA MANIFEST\u0102RILE CENTENARULUI CAMEREI DE COMER\u021a \u0218I INDUSTRIE V\u00c2LCEA<\/a><\/p>\n<\/div>\n<\/div>\n<div id=\"comments\" class=\"comments-area\">\n<div id=\"respond\" class=\"comment-respond\">\n<h3 id=\"reply-title\" class=\"comment-reply-title\">Po\u021bi comenta aici<small><a rel=\"nofollow\" id=\"cancel-comment-reply-link\" href=\"https:\/\/www.curierul.ro\/curierul-de-valcea-premiat-la-centenarul-camerei-de-comert-si-industrie-valcea\/#respond\">Anuleaz\u0103 r\u0103spunsul<\/a><\/small><\/h3>\n<\/div>\n<p class=\"akismet_comment_form_privacy_notice\">Acest site folose\u0219te Akismet pentru a reduce spamul. <a href=\"https:\/\/akismet.com\/privacy\/\" target=\"_blank\" rel=\"nofollow noopener\">Afl\u0103 cum sunt procesate datele comentariilor tale<\/a>.<\/p>\n<\/div>\n<section class=\"related-stories\">\n<h2>Related Stories<\/h2>\n<div class=\"stories-container\">\n<article id=\"latest-196323\" class=\"story post-196323 post type-post status-publish format-standard has-post-thumbnail hentry category-actualitate category-headlines category-impact tag-cci tag-centenar-camera-de-comert-si-industrie-valcea tag-principele-nicolae\">\n<div class=\"photo\"><img decoding=\"async\" width=\"735\" height=\"440\" src=\"https:\/\/i0.wp.com\/www.curierul.ro\/wp-content\/uploads\/2026\/02\/P-4-5-5-scaled.jpg?fit=300%2C225&amp;ssl=1\" class=\"attachment-giornalismo-single size-giornalismo-single wp-post-image\" alt loading=\"lazy\"><\/div>\n<p class=\"headline\"><a href=\"https:\/\/www.curierul.ro\/asr-principele-nicolae-la-manifestarile-centenarului-camerei-de-comert-si-industrie-valcea\/\">ASR PRINCIPELE NICOLAE LA MANIFEST\u0102RILE CENTENARULUI CAMEREI DE COMER\u021a \u0218I INDUSTRIE V\u00c2LCEA<\/a><\/p>\n<\/article>\n<article id=\"latest-184942\" class=\"story post-184942 post type-post status-publish format-standard has-post-thumbnail hentry category-actualitate category-economie tag-cci tag-gala-ecomiei-2023 tag-gala-economiei-valcene\">\n<div class=\"photo\"><img decoding=\"async\" width=\"735\" height=\"440\" src=\"https:\/\/i0.wp.com\/www.curierul.ro\/wp-content\/uploads\/2023\/10\/GALA-2-scaled.jpg?fit=300%2C214&amp;ssl=1\" class=\"attachment-giornalismo-single size-giornalismo-single wp-post-image\" alt loading=\"lazy\"><\/div>\n<p class=\"headline\"><a href=\"https:\/\/www.curierul.ro\/economia-valceana-s-a-intors-la-gala-camerei-de-comert-si-industrie\/\">Economia v\u00e2lcean\u0103 s-a \u00eentors la Gala Camerei de Comer\u021b \u0219i Industrie<\/a><\/p>\n<\/article>\n<article id=\"latest-152251\" class=\"story post-152251 post type-post status-publish format-standard has-post-thumbnail hentry category-actualitate category-economie category-eveniment-social category-impact tag-cci tag-firme-din-valcea tag-topul-firmelor\">\n<div class=\"photo\"><img decoding=\"async\" width=\"735\" height=\"440\" src=\"https:\/\/i0.wp.com\/www.curierul.ro\/wp-content\/uploads\/2017\/07\/cci-sediu-e1676372712191.jpg?fit=300%2C146&amp;ssl=1\" class=\"attachment-giornalismo-single size-giornalismo-single wp-post-image\" alt loading=\"lazy\"><\/div>\n<p class=\"headline\"><a href=\"https:\/\/www.curierul.ro\/topul-firmelor-valcene-programat-pentru-17-septembrie\/\">TOPUL FIRMELOR V\u00c2LCENE, programat pentru 17 septembrie<\/a><\/p>\n<\/article>\n<\/div>\n<\/section>\n<section class=\"latest-category clearfix\">\n<h2 class=\"title\">More Stories From Actualitate<\/h2>\n<div class=\"stories-container\">\n<article id=\"related-196323\" class=\"story post-196323 post type-post status-publish format-standard has-post-thumbnail hentry category-actualitate category-headlines category-impact tag-cci tag-centenar-camera-de-comert-si-industrie-valcea tag-principele-nicolae\">\n<div class=\"photo\"><img decoding=\"async\" width=\"735\" height=\"440\" src=\"https:\/\/i0.wp.com\/www.curierul.ro\/wp-content\/uploads\/2026\/02\/P-4-5-5-scaled.jpg?fit=300%2C225&amp;ssl=1\" class=\"attachment-giornalismo-single size-giornalismo-single wp-post-image\" alt loading=\"lazy\"><\/div>\n<p class=\"headline\"><a href=\"https:\/\/www.curierul.ro\/asr-principele-nicolae-la-manifestarile-centenarului-camerei-de-comert-si-industrie-valcea\/\">ASR PRINCIPELE NICOLAE LA MANIFEST\u0102RILE CENTENARULUI CAMEREI DE COMER\u021a \u0218I INDUSTRIE V\u00c2LCEA<\/a><\/p>\n<\/article>\n<article id=\"related-196320\" class=\"story post-196320 post type-post status-publish format-standard has-post-thumbnail hentry category-actualitate category-agricultura tag-articol-de-la-partener\">\n<div class=\"photo\"><img decoding=\"async\" width=\"735\" height=\"440\" src=\"https:\/\/i0.wp.com\/www.curierul.ro\/wp-content\/uploads\/2026\/02\/sol.jpg?fit=300%2C169&amp;ssl=1\" class=\"attachment-giornalismo-single size-giornalismo-single wp-post-image\" alt loading=\"lazy\"><\/div>\n<p class=\"headline\"><a href=\"https:\/\/www.curierul.ro\/greseala-care-iti-compromite-dezinfectarea-solului-fara-sa-ti-dai-seama\/\">Gre\u0219eala care \u00ee\u021bi compromite dezinfectarea solului f\u0103r\u0103 s\u0103-\u021bi dai seama<\/a><\/p>\n<\/article>\n<article id=\"related-196296\" class=\"story post-196296 post type-post status-publish format-standard has-post-thumbnail hentry category-actualitate category-economie category-eveniment-social category-headlines tag-camera-de-comert-si-industrie-valcea-2 tag-centenar tag-invitat tag-principele-nicolae\">\n<div class=\"photo\"><img decoding=\"async\" width=\"735\" height=\"440\" src=\"https:\/\/i0.wp.com\/www.curierul.ro\/wp-content\/uploads\/2026\/02\/FOND.jpg?fit=300%2C200&amp;ssl=1\" class=\"attachment-giornalismo-single size-giornalismo-single wp-post-image\" alt loading=\"lazy\"><\/div>\n<p class=\"headline\"><a href=\"https:\/\/www.curierul.ro\/astazi-principele-nicolae-este-invitatul-special-al-centenarului-camerei-de-comert-si-industrie-valcea\/\">Ast\u0103zi, Principele Nicolae este invitatul special al Centenarului Camerei de Comer\u021b \u0219i Industrie V\u00e2lcea<\/a><\/p>\n<\/article>\n<\/div>\n<\/section>\n<section class=\"author-bio clearfix\">\n<div class=\"mug-shot\"><img decoding=\"async\" alt src=\"https:\/\/secure.gravatar.com\/avatar\/2a58d181c1d85262357d59db6fc29158130ca794fc45057783762a4c0eb9167f?s=96&amp;d=mm&amp;r=g\" class=\"avatar avatar-96 photo\" height=\"96\" width=\"96\" loading=\"lazy\"><\/div>\n<div class=\"author-info\">\n<p class=\"title\">About Curierul de Valcea, <\/p>\n<div class=\"author-social-area\"><a href=\"mailto:curierul@curierul.ro\"><span class=\"fal fa-envelope\"><span class=\"screen-reader-text\">Email the Author<\/span><\/span><\/a><\/div>\n<\/div>\n<\/section>\n<\/footer>\n<\/article>\n<article id=\"196342\" class=\"post-196342 post type-post status-publish format-standard has-post-thumbnail hentry category-actualitate category-eveniment-social category-impact category-social tag-cci tag-curierul-de-valcea\">\n<header class=\"post-header\">\n<ul class=\"breadcrumbs\">\n<li><a href=\"https:\/\/www.curierul.ro\">Home<\/a><\/li>\n<li class=\"breadcrumbs-active .category-actualitate\"><a href=\"https:\/\/www.curierul.ro\/index.php?cat=1615\">Actualitate<\/a><\/li>\n<li class=\"breadcrumbs-active .category-actualitate\">Curierul de V\u00e2lcea, premiat la Centenarul Camerei de Comer\u021b \u0219i Industrie V\u00e2lcea<\/li>\n<\/ul>\n<div class=\"featured-photo\"><img loading=\"lazy\" decoding=\"async\" width=\"2560\" height=\"1920\" src=\"https:\/\/i0.wp.com\/www.curierul.ro\/wp-content\/uploads\/2026\/02\/FOND-1-scaled.jpg?fit=300%2C225&amp;ssl=1\" class=\"attachment-single size-single wp-post-image\" alt><\/div>\n<h1 class=\"headline\">Curierul de V\u00e2lcea, premiat la Centenarul Camerei de Comer\u021b \u0219i Industrie V\u00e2lcea<\/h1>\n<p class=\"byline\">\n\t\tScris de<a href=\"https:\/\/www.curierul.ro\/author\/curierul\/\">Curierul de Valcea<\/a>, \t\t15 februarie 2026\t\t\t\t<\/p>\n<hr>\n<\/header>\n<p>La \u00eemplinirea unui secol de la \u00eenfiin\u021bare, Camera de Comer\u021b \u0219i Industrie V\u00e2lcea a organizat un eveniment festiv \u00een care a fost omagiat\u0103 \u0219i premiat\u0103 excelen\u021ba jude\u021bului, pe mai multe paliere. \u00cen cadrul premiilor acordate mass-media locale, Curierul de V\u00e2lcea \u0219i Radio Metronom au primit binemeritata recunoa\u0219tere pentru rezilien\u021ba dovedit\u0103 \u00een pia\u021b\u0103 din 1990 \u00eencoace. Detaliile \u0219i fotografiile serii Centenarului CCI V\u00e2lcea le reg\u0103si\u021bi <a href=\"https:\/\/www.curierul.ro\/asr-principele-nicolae-la-manifestarile-centenarului-camerei-de-comert-si-industrie-valcea\/\" data-type=\"link\" data-id=\"https:\/\/www.curierul.ro\/asr-principele-nicolae-la-manifestarile-centenarului-camerei-de-comert-si-industrie-valcea\/\">aici<\/a>.<\/p>\n<div class=\"sharedaddy sd-sharing-enabled\">\n<div class=\"robots-nocontent sd-block sd-social sd-social-official sd-sharing\">\n<h3 class=\"sd-title\">Distribuie pe:<\/h3>\n<div class=\"sd-content\">\n<ul>\n<li class=\"share-facebook\">\n<li class=\"share-twitter\"><a href=\"https:\/\/twitter.com\/share\" class=\"twitter-share-button\" data-url=\"https:\/\/www.curierul.ro\/curierul-de-valcea-premiat-la-centenarul-camerei-de-comert-si-industrie-valcea\/\" data-text=\"Curierul de V\u00e2lcea, premiat la Centenarul Camerei de Comer\u021b \u0219i Industrie V\u00e2lcea\" data-via=\"curierulvl\">Tweet<\/a><\/li>\n<li class=\"share-jetpack-whatsapp\"><a rel=\"nofollow noopener noreferrer\" data-shared=\"sharing-whatsapp-196342\" class=\"share-jetpack-whatsapp sd-button\" href=\"https:\/\/www.curierul.ro\/curierul-de-valcea-premiat-la-centenarul-camerei-de-comert-si-industrie-valcea\/?share=jetpack-whatsapp\" target=\"_blank\" aria-labelledby=\"sharing-whatsapp-196342\"><span id=\"sharing-whatsapp-196342\" hidden>D\u0103 clic pentru partajare pe WhatsApp(Se deschide \u00eentr-o fereastr\u0103 nou\u0103)<\/span><span>WhatsApp<\/span><\/a><\/li>\n<li><a href=\"https:\/\/www.curierul.ro\/curierul-de-valcea-premiat-la-centenarul-camerei-de-comert-si-industrie-valcea\/\" class=\"sharing-anchor sd-button share-more\"><span>Mai mult<\/span><\/a><\/li>\n<li class=\"share-end\"><\/ul>\n<div class=\"sharing-hidden\">\n<div class=\"inner\">\n<ul>\n<li class=\"share-email\"><a rel=\"nofollow noopener noreferrer\" data-shared=\"sharing-email-196342\" class=\"share-email sd-button\" href=\"mailto:?subject=%5BArticol%20partajat%5D%20Curierul%20de%20V%C3%A2lcea%2C%20premiat%20la%20Centenarul%20Camerei%20de%20Comer%C8%9B%20%C8%99i%20Industrie%20V%C3%A2lcea&amp;body=https%3A%2F%2Fwww.curierul.ro%2Fcurierul-de-valcea-premiat-la-centenarul-camerei-de-comert-si-industrie-valcea%2F&amp;share=email\" target=\"_blank\" aria-labelledby=\"sharing-email-196342\" data-email-share-error-title=\"\u021ai-ai configurat emailul?\" data-email-share-error-text=\"Dac\u0103 ai probleme la partajarea prin email, probabil nu ai configurat emailul pentru navigator. Poate trebuie s\u0103 creezi singur un email nou.\" data-email-share-nonce=\"b73dcc75e3\" data-email-share-track-url=\"https:\/\/www.curierul.ro\/curierul-de-valcea-premiat-la-centenarul-camerei-de-comert-si-industrie-valcea\/?share=email\"><span id=\"sharing-email-196342\" hidden>D\u0103 clic pentru a trimite o leg\u0103tur\u0103 prin email unui prieten(Se deschide \u00eentr-o fereastr\u0103 nou\u0103)<\/span><span>Email<\/span><\/a><\/li>\n<li class=\"share-print\"><a rel=\"nofollow noopener noreferrer\" data-shared=\"sharing-print-196342\" class=\"share-print sd-button\" href=\"https:\/\/www.curierul.ro\/curierul-de-valcea-premiat-la-centenarul-camerei-de-comert-si-industrie-valcea\/#print?share=print\" target=\"_blank\" aria-labelledby=\"sharing-print-196342\"><span id=\"sharing-print-196342\" hidden>D\u0103 clic pentru a imprima(Se deschide \u00eentr-o fereastr\u0103 nou\u0103)<\/span><span>Imprimare<\/span><\/a><\/li>\n<li class=\"share-end\"><\/ul>\n<\/div>\n<\/div>\n<\/div>\n<\/div>\n<\/div>\n<div id=\"jp-relatedposts\" class=\"jp-relatedposts\">\n<h3 class=\"jp-relatedposts-headline\"><em>Similare<\/em><\/h3>\n<\/div>\n<footer class=\"post-footer\">\n<p class=\"tags\"><strong>Tags: <\/strong><a href=\"https:\/\/www.curierul.ro\/tag\/cci\/\" rel=\"tag\">CCI<\/a>, <a href=\"https:\/\/www.curierul.ro\/tag\/curierul-de-valcea\/\" rel=\"tag\">Curierul de V\u00e2lcea<\/a><\/p>\n<div class=\"post-navigation clearfix\">\n<div class=\"previous-post\">\n<div class=\"featured-photo\"><img loading=\"lazy\" decoding=\"async\" width=\"2560\" height=\"1920\" src=\"https:\/\/i0.wp.com\/www.curierul.ro\/wp-content\/uploads\/2026\/02\/P-4-5-5-scaled.jpg?fit=300%2C225&amp;ssl=1\" class=\"attachment-post-thumbnail size-post-thumbnail wp-post-image\" alt><\/div>\n<p class=\"paginate-title\">\u00ab\u00ab <a href=\"https:\/\/www.curierul.ro\/asr-principele-nicolae-la-manifestarile-centenarului-camerei-de-comert-si-industrie-valcea\/\" rel=\"prev\">ASR PRINCIPELE NICOLAE LA MANIFEST\u0102RILE CENTENARULUI CAMEREI DE COMER\u021a \u0218I INDUSTRIE V\u00c2LCEA<\/a><\/p>\n<\/div>\n<\/div>\n<div id=\"comments\" class=\"comments-area\">\n<div id=\"respond\" class=\"comment-respond\">\n<h3 id=\"reply-title\" class=\"comment-reply-title\">Po\u021bi comenta aici<small><a rel=\"nofollow\" id=\"cancel-comment-reply-link\" href=\"https:\/\/www.curierul.ro\/curierul-de-valcea-premiat-la-centenarul-camerei-de-comert-si-industrie-valcea\/#respond\">Anuleaz\u0103 r\u0103spunsul<\/a><\/small><\/h3>\n<\/div>\n<p class=\"akismet_comment_form_privacy_notice\">Acest site folose\u0219te Akismet pentru a reduce spamul. <a href=\"https:\/\/akismet.com\/privacy\/\" target=\"_blank\" rel=\"nofollow noopener\">Afl\u0103 cum sunt procesate datele comentariilor tale<\/a>.<\/p>\n<\/div>\n<section class=\"related-stories\">\n<h2>Related Stories<\/h2>\n<div class=\"stories-container\">\n<article id=\"latest-196323\" class=\"story post-196323 post type-post status-publish format-standard has-post-thumbnail hentry category-actualitate category-headlines category-impact tag-cci tag-centenar-camera-de-comert-si-industrie-valcea tag-principele-nicolae\">\n<div class=\"photo\"><img decoding=\"async\" width=\"735\" height=\"440\" src=\"https:\/\/i0.wp.com\/www.curierul.ro\/wp-content\/uploads\/2026\/02\/P-4-5-5-scaled.jpg?fit=300%2C225&amp;ssl=1\" class=\"attachment-giornalismo-single size-giornalismo-single wp-post-image\" alt loading=\"lazy\"><\/div>\n<p class=\"headline\"><a href=\"https:\/\/www.curierul.ro\/asr-principele-nicolae-la-manifestarile-centenarului-camerei-de-comert-si-industrie-valcea\/\">ASR PRINCIPELE NICOLAE LA MANIFEST\u0102RILE CENTENARULUI CAMEREI DE COMER\u021a \u0218I INDUSTRIE V\u00c2LCEA<\/a><\/p>\n<\/article>\n<article id=\"latest-184942\" class=\"story post-184942 post type-post status-publish format-standard has-post-thumbnail hentry category-actualitate category-economie tag-cci tag-gala-ecomiei-2023 tag-gala-economiei-valcene\">\n<div class=\"photo\"><img decoding=\"async\" width=\"735\" height=\"440\" src=\"https:\/\/i0.wp.com\/www.curierul.ro\/wp-content\/uploads\/2023\/10\/GALA-2-scaled.jpg?fit=300%2C214&amp;ssl=1\" class=\"attachment-giornalismo-single size-giornalismo-single wp-post-image\" alt loading=\"lazy\"><\/div>\n<p class=\"headline\"><a href=\"https:\/\/www.curierul.ro\/economia-valceana-s-a-intors-la-gala-camerei-de-comert-si-industrie\/\">Economia v\u00e2lcean\u0103 s-a \u00eentors la Gala Camerei de Comer\u021b \u0219i Industrie<\/a><\/p>\n<\/article>\n<article id=\"latest-152251\" class=\"story post-152251 post type-post status-publish format-standard has-post-thumbnail hentry category-actualitate category-economie category-eveniment-social category-impact tag-cci tag-firme-din-valcea tag-topul-firmelor\">\n<div class=\"photo\"><img decoding=\"async\" width=\"735\" height=\"440\" src=\"https:\/\/i0.wp.com\/www.curierul.ro\/wp-content\/uploads\/2017\/07\/cci-sediu-e1676372712191.jpg?fit=300%2C146&amp;ssl=1\" class=\"attachment-giornalismo-single size-giornalismo-single wp-post-image\" alt loading=\"lazy\"><\/div>\n<p class=\"headline\"><a href=\"https:\/\/www.curierul.ro\/topul-firmelor-valcene-programat-pentru-17-septembrie\/\">TOPUL FIRMELOR V\u00c2LCENE, programat pentru 17 septembrie<\/a><\/p>\n<\/article>\n<\/div>\n<\/section>\n<section class=\"latest-category clearfix\">\n<h2 class=\"title\">More Stories From Actualitate<\/h2>\n<div class=\"stories-container\">\n<article id=\"related-196323\" class=\"story post-196323 post type-post status-publish format-standard has-post-thumbnail hentry category-actualitate category-headlines category-impact tag-cci tag-centenar-camera-de-comert-si-industrie-valcea tag-principele-nicolae\">\n<div class=\"photo\"><img decoding=\"async\" width=\"735\" height=\"440\" src=\"https:\/\/i0.wp.com\/www.curierul.ro\/wp-content\/uploads\/2026\/02\/P-4-5-5-scaled.jpg?fit=300%2C225&amp;ssl=1\" class=\"attachment-giornalismo-single size-giornalismo-single wp-post-image\" alt loading=\"lazy\"><\/div>\n<p class=\"headline\"><a href=\"https:\/\/www.curierul.ro\/asr-principele-nicolae-la-manifestarile-centenarului-camerei-de-comert-si-industrie-valcea\/\">ASR PRINCIPELE NICOLAE LA MANIFEST\u0102RILE CENTENARULUI CAMEREI DE COMER\u021a \u0218I INDUSTRIE V\u00c2LCEA<\/a><\/p>\n<\/article>\n<article id=\"related-196320\" class=\"story post-196320 post type-post status-publish format-standard has-post-thumbnail hentry category-actualitate category-agricultura tag-articol-de-la-partener\">\n<div class=\"photo\"><img decoding=\"async\" width=\"735\" height=\"440\" src=\"https:\/\/i0.wp.com\/www.curierul.ro\/wp-content\/uploads\/2026\/02\/sol.jpg?fit=300%2C169&amp;ssl=1\" class=\"attachment-giornalismo-single size-giornalismo-single wp-post-image\" alt loading=\"lazy\"><\/div>\n<p class=\"headline\"><a href=\"https:\/\/www.curierul.ro\/greseala-care-iti-compromite-dezinfectarea-solului-fara-sa-ti-dai-seama\/\">Gre\u0219eala care \u00ee\u021bi compromite dezinfectarea solului f\u0103r\u0103 s\u0103-\u021bi dai seama<\/a><\/p>\n<\/article>\n<article id=\"related-196296\" class=\"story post-196296 post type-post status-publish format-standard has-post-thumbnail hentry category-actualitate category-economie category-eveniment-social category-headlines tag-camera-de-comert-si-industrie-valcea-2 tag-centenar tag-invitat tag-principele-nicolae\">\n<div class=\"photo\"><img decoding=\"async\" width=\"735\" height=\"440\" src=\"https:\/\/i0.wp.com\/www.curierul.ro\/wp-content\/uploads\/2026\/02\/FOND.jpg?fit=300%2C200&amp;ssl=1\" class=\"attachment-giornalismo-single size-giornalismo-single wp-post-image\" alt loading=\"lazy\"><\/div>\n<p class=\"headline\"><a href=\"https:\/\/www.curierul.ro\/astazi-principele-nicolae-este-invitatul-special-al-centenarului-camerei-de-comert-si-industrie-valcea\/\">Ast\u0103zi, Principele Nicolae este invitatul special al Centenarului Camerei de Comer\u021b \u0219i Industrie V\u00e2lcea<\/a><\/p>\n<\/article>\n<\/div>\n<\/section>\n<section class=\"author-bio clearfix\">\n<div class=\"mug-shot\"><img decoding=\"async\" alt src=\"https:\/\/secure.gravatar.com\/avatar\/2a58d181c1d85262357d59db6fc29158130ca794fc45057783762a4c0eb9167f?s=96&amp;d=mm&amp;r=g\" class=\"avatar avatar-96 photo\" height=\"96\" width=\"96\" loading=\"lazy\"><\/div>\n<div class=\"author-info\">\n<p class=\"title\">About Curierul de Valcea, <\/p>\n<div class=\"author-social-area\"><a href=\"mailto:curierul@curierul.ro\"><span class=\"fal fa-envelope\"><span class=\"screen-reader-text\">Email the Author<\/span><\/span><\/a><\/div>\n<\/div>\n<\/section>\n<\/footer>\n<\/article>\n<article id=\"latest-196323\" class=\"story post-196323 post type-post status-publish format-standard has-post-thumbnail hentry category-actualitate category-headlines category-impact tag-cci tag-centenar-camera-de-comert-si-industrie-valcea tag-principele-nicolae\">\n<div class=\"photo\"><img decoding=\"async\" width=\"735\" height=\"440\" src=\"https:\/\/i0.wp.com\/www.curierul.ro\/wp-content\/uploads\/2026\/02\/P-4-5-5-scaled.jpg?fit=300%2C225&amp;ssl=1\" class=\"attachment-giornalismo-single size-giornalismo-single wp-post-image\" alt loading=\"lazy\"><\/div>\n<p class=\"headline\"><a href=\"https:\/\/www.curierul.ro\/asr-principele-nicolae-la-manifestarile-centenarului-camerei-de-comert-si-industrie-valcea\/\">ASR PRINCIPELE NICOLAE LA MANIFEST\u0102RILE CENTENARULUI CAMEREI DE COMER\u021a \u0218I INDUSTRIE V\u00c2LCEA<\/a><\/p>\n<\/article>\n<article id=\"latest-184942\" class=\"story post-184942 post type-post status-publish format-standard has-post-thumbnail hentry category-actualitate category-economie tag-cci tag-gala-ecomiei-2023 tag-gala-economiei-valcene\">\n<div class=\"photo\"><img decoding=\"async\" width=\"735\" height=\"440\" src=\"https:\/\/i0.wp.com\/www.curierul.ro\/wp-content\/uploads\/2023\/10\/GALA-2-scaled.jpg?fit=300%2C214&amp;ssl=1\" class=\"attachment-giornalismo-single size-giornalismo-single wp-post-image\" alt loading=\"lazy\"><\/div>\n<p class=\"headline\"><a href=\"https:\/\/www.curierul.ro\/economia-valceana-s-a-intors-la-gala-camerei-de-comert-si-industrie\/\">Economia v\u00e2lcean\u0103 s-a \u00eentors la Gala Camerei de Comer\u021b \u0219i Industrie<\/a><\/p>\n<\/article>\n<article id=\"latest-152251\" class=\"story post-152251 post type-post status-publish format-standard has-post-thumbnail hentry category-actualitate category-economie category-eveniment-social category-impact tag-cci tag-firme-din-valcea tag-topul-firmelor\">\n<div class=\"photo\"><img decoding=\"async\" width=\"735\" height=\"440\" src=\"https:\/\/i0.wp.com\/www.curierul.ro\/wp-content\/uploads\/2017\/07\/cci-sediu-e1676372712191.jpg?fit=300%2C146&amp;ssl=1\" class=\"attachment-giornalismo-single size-giornalismo-single wp-post-image\" alt loading=\"lazy\"><\/div>\n<p class=\"headline\"><a href=\"https:\/\/www.curierul.ro\/topul-firmelor-valcene-programat-pentru-17-septembrie\/\">TOPUL FIRMELOR V\u00c2LCENE, programat pentru 17 septembrie<\/a><\/p>\n<\/article>\n<article id=\"related-196323\" class=\"story post-196323 post type-post status-publish format-standard has-post-thumbnail hentry category-actualitate category-headlines category-impact tag-cci tag-centenar-camera-de-comert-si-industrie-valcea tag-principele-nicolae\">\n<div class=\"photo\"><img decoding=\"async\" width=\"735\" height=\"440\" src=\"https:\/\/i0.wp.com\/www.curierul.ro\/wp-content\/uploads\/2026\/02\/P-4-5-5-scaled.jpg?fit=300%2C225&amp;ssl=1\" class=\"attachment-giornalismo-single size-giornalismo-single wp-post-image\" alt loading=\"lazy\"><\/div>\n<p class=\"headline\"><a href=\"https:\/\/www.curierul.ro\/asr-principele-nicolae-la-manifestarile-centenarului-camerei-de-comert-si-industrie-valcea\/\">ASR PRINCIPELE NICOLAE LA MANIFEST\u0102RILE CENTENARULUI CAMEREI DE COMER\u021a \u0218I INDUSTRIE V\u00c2LCEA<\/a><\/p>\n<\/article>\n<article id=\"related-196320\" class=\"story post-196320 post type-post status-publish format-standard has-post-thumbnail hentry category-actualitate category-agricultura tag-articol-de-la-partener\">\n<div class=\"photo\"><img decoding=\"async\" width=\"735\" height=\"440\" src=\"https:\/\/i0.wp.com\/www.curierul.ro\/wp-content\/uploads\/2026\/02\/sol.jpg?fit=300%2C169&amp;ssl=1\" class=\"attachment-giornalismo-single size-giornalismo-single wp-post-image\" alt loading=\"lazy\"><\/div>\n<p class=\"headline\"><a href=\"https:\/\/www.curierul.ro\/greseala-care-iti-compromite-dezinfectarea-solului-fara-sa-ti-dai-seama\/\">Gre\u0219eala care \u00ee\u021bi compromite dezinfectarea solului f\u0103r\u0103 s\u0103-\u021bi dai seama<\/a><\/p>\n<\/article>\n<article id=\"related-196296\" class=\"story post-196296 post type-post status-publish format-standard has-post-thumbnail hentry category-actualitate category-economie category-eveniment-social category-headlines tag-camera-de-comert-si-industrie-valcea-2 tag-centenar tag-invitat tag-principele-nicolae\">\n<div class=\"photo\"><img decoding=\"async\" width=\"735\" height=\"440\" src=\"https:\/\/i0.wp.com\/www.curierul.ro\/wp-content\/uploads\/2026\/02\/FOND.jpg?fit=300%2C200&amp;ssl=1\" class=\"attachment-giornalismo-single size-giornalismo-single wp-post-image\" alt loading=\"lazy\"><\/div>\n<p class=\"headline\"><a href=\"https:\/\/www.curierul.ro\/astazi-principele-nicolae-este-invitatul-special-al-centenarului-camerei-de-comert-si-industrie-valcea\/\">Ast\u0103zi, Principele Nicolae este invitatul special al Centenarului Camerei de Comer\u021b \u0219i Industrie V\u00e2lcea<\/a><\/p>\n<\/article>\n<p>[analyse_source url=&#8221;https:\/\/www.curierul.ro\/curierul-de-valcea-premiat-la-centenarul-camerei-de-comert-si-industrie-valcea\/&#8221;]<\/p>\n","protected":false},"excerpt":{"rendered":"<p>[analyse_image type=&#8221;featured&#8221; src=&#8221;https:\/\/www.curierul.ro\/wp-content\/uploads\/2026\/02\/FOND-1-scaled.jpghttps:\/\/i0.wp.com\/www.curierul.ro\/wp-content\/uploads\/2026\/02\/FOND-1-scaled.jpg?fit=1200%2C900&amp;ssl=1&#8243;] Home Actualitate Curierul de V\u00e2lcea, premiat la Centenarul Camerei de Comer\u021b \u0219i Industrie V\u00e2lcea Curierul de V\u00e2lcea, premiat la Centenarul Camerei de Comer\u021b \u0219i Industrie V\u00e2lcea Scris deCurierul de Valcea, 15 februarie 2026 La \u00eemplinirea unui secol de la \u00eenfiin\u021bare, Camera de Comer\u021b \u0219i Industrie V\u00e2lcea a organizat un eveniment festiv \u00een [&hellip;]<\/p>\n","protected":false},"author":1,"featured_media":0,"comment_status":"open","ping_status":"","sticky":false,"template":"","format":"standard","meta":{"footnotes":""},"categories":[89],"tags":[226,213],"class_list":["post-1772842","post","type-post","status-publish","format-standard","hentry","category-romania","tag-crawlmanager","tag-curierul-ro"],"_links":{"self":[{"href":"https:\/\/analyse.optim.biz\/index.php?rest_route=\/wp\/v2\/posts\/1772842","targetHints":{"allow":["GET"]}}],"collection":[{"href":"https:\/\/analyse.optim.biz\/index.php?rest_route=\/wp\/v2\/posts"}],"about":[{"href":"https:\/\/analyse.optim.biz\/index.php?rest_route=\/wp\/v2\/types\/post"}],"author":[{"embeddable":true,"href":"https:\/\/analyse.optim.biz\/index.php?rest_route=\/wp\/v2\/users\/1"}],"replies":[{"embeddable":true,"href":"https:\/\/analyse.optim.biz\/index.php?rest_route=%2Fwp%2Fv2%2Fcomments&post=1772842"}],"version-history":[{"count":0,"href":"https:\/\/analyse.optim.biz\/index.php?rest_route=\/wp\/v2\/posts\/1772842\/revisions"}],"wp:attachment":[{"href":"https:\/\/analyse.optim.biz\/index.php?rest_route=%2Fwp%2Fv2%2Fmedia&parent=1772842"}],"wp:term":[{"taxonomy":"category","embeddable":true,"href":"https:\/\/analyse.optim.biz\/index.php?rest_route=%2Fwp%2Fv2%2Fcategories&post=1772842"},{"taxonomy":"post_tag","embeddable":true,"href":"https:\/\/analyse.optim.biz\/index.php?rest_route=%2Fwp%2Fv2%2Ftags&post=1772842"}],"curies":[{"name":"wp","href":"https:\/\/api.w.org\/{rel}","templated":true}]}}