{"id":1772840,"date":"2026-02-15T20:04:24","date_gmt":"2026-02-15T17:04:24","guid":{"rendered":"https:\/\/analyse.optim.biz\/?p=1772840"},"modified":"2026-02-15T20:04:24","modified_gmt":"2026-02-15T17:04:24","slug":"asr-principele-nicolae-la-manifestarile-centenarului-camerei-de-comert-si-industrie-valcea","status":"publish","type":"post","link":"https:\/\/analyse.optim.biz\/?p=1772840","title":{"rendered":"ASR PRINCIPELE NICOLAE LA MANIFEST\u0102RILE CENTENARULUI CAMEREI DE COMER\u021a \u0218I INDUSTRIE V\u00c2LCEA"},"content":{"rendered":"<p>[analyse_image type=&#8221;featured&#8221; src=&#8221;https:\/\/www.curierul.ro\/wp-content\/uploads\/2026\/02\/P-4-5-5-scaled.jpghttps:\/\/i0.wp.com\/www.curierul.ro\/wp-content\/uploads\/2026\/02\/P-4-5-5-scaled.jpg?fit=1200%2C900&amp;ssl=1&#8243;]<\/p>\n<article id=\"196323\" class=\"post-196323 post type-post status-publish format-standard has-post-thumbnail hentry category-actualitate category-headlines category-impact tag-cci tag-centenar-camera-de-comert-si-industrie-valcea tag-principele-nicolae\">\n<header class=\"post-header\">\n<ul class=\"breadcrumbs\">\n<li><a href=\"https:\/\/www.curierul.ro\">Home<\/a><\/li>\n<li class=\"breadcrumbs-active .category-actualitate\"><a href=\"https:\/\/www.curierul.ro\/index.php?cat=1615\">Actualitate<\/a><\/li>\n<li class=\"breadcrumbs-active .category-actualitate\">ASR PRINCIPELE NICOLAE LA MANIFEST\u0102RILE CENTENARULUI CAMEREI DE COMER\u021a \u0218I INDUSTRIE V\u00c2LCEA<\/li>\n<\/ul>\n<div class=\"featured-photo\"><img loading=\"lazy\" decoding=\"async\" width=\"2560\" height=\"1920\" src=\"https:\/\/i0.wp.com\/www.curierul.ro\/wp-content\/uploads\/2026\/02\/P-4-5-5-scaled.jpg?fit=300%2C225&amp;ssl=1\" class=\"attachment-single size-single wp-post-image\" alt><\/div>\n<h1 class=\"headline\">ASR PRINCIPELE NICOLAE LA MANIFEST\u0102RILE CENTENARULUI CAMEREI DE COMER\u021a \u0218I INDUSTRIE V\u00c2LCEA<\/h1>\n<p class=\"byline\">\n\t\tScris de<a href=\"https:\/\/www.curierul.ro\/author\/ipopa\/\">Ionut Popa<\/a>, \t\t15 februarie 2026\t\t\t\t<\/p>\n<hr>\n<\/header>\n<h5 class=\"wp-block-heading has-custom-sun-background-color has-background\">\u2022 str-str\u0103nepotul lui Ferdinand \u00centregitorul a fermecat prin modestie \u0219i elegan\u021b\u0103<\/h5>\n<p>Vineri, 13 februarie, Camera de Comer\u021b \u0219i Industrie V\u00e2lcea a \u00eemplinit 100 de ani de la fondare. Cu acest prilej, au fost organizate mai multe manifest\u0103ri, care au debutat cu slujba de Te Deum s\u0103v\u00e2r\u0219it\u0103 de c\u0103tre \u00cenaltpreasfin\u021bitul P\u0103rinte Varsanufie, Arhiepiscopul R\u00e2mnicului, la Catedrala Arhiepiscopal\u0103, unde a fost prezent ASR Principele Nicolae.<\/p>\n<p>La finalul slujbei de mul\u021bumire, Chiriarhul R\u00e2mnicului a accentuat c\u0103: \u201e<strong><em>La \u00eemplinirea a 100 de ani de la \u00eenfiin\u021barea Camerei de Comer\u021b \u0219i Industrie V\u00e2lcea, se cuvine s\u0103 aducem prinos de recuno\u0219tin\u021b\u0103 lui Dumnezeu pentru darul timpului binecuv\u00e2ntat \u0219i pentru roadele unei lucr\u0103ri statornice, a\u0219ezate \u00een slujba dezvolt\u0103rii economice \u0219i a demnit\u0103\u021bii comunit\u0103\u021bii v\u00e2lcene.<\/em><\/strong><\/p>\n<p><strong><em>\u00cen jude\u021bul V\u00e2lcea, un spa\u021biu \u00eenve\u0219m\u00e2ntat de spiritualitatea ortodox\u0103, de tradi\u021bia \u0219i cultura Olteniei de sub Munte, dezvoltarea economic\u0103 a fost legat\u0103 de valorile care au sus\u021binut, de-a lungul genera\u021biilor, via\u021ba comunit\u0103\u021bii.<\/em><\/strong><\/p>\n<p><strong><em>Tradi\u021bia camerelor de comer\u021b a reflectat \u00een Rom\u00e2nia o continuitate institu\u021bional\u0103 marcat\u0103 de adapt\u0103ri succesive la schimb\u0103rile de regim politic \u0219i de model economic. De la organisme consultative \u00een statul modern \u00een formare, la structuri centralizate \u00een perioada economiei planificate \u0219i, ulterior, la organiza\u021bii autonome \u00een economia de pia\u021b\u0103, camerele de comer\u021b au constituit un instrument esen\u021bial de reprezentare a intereselor mediului de afaceri.<\/em><\/strong><\/p>\n<div class=\"wp-block-image\">\n<figure class=\"aligncenter size-large\"><img loading=\"lazy\" decoding=\"async\" width=\"1024\" height=\"668\" src=\"https:\/\/i0.wp.com\/www.curierul.ro\/wp-content\/uploads\/2026\/02\/P-4-5-3.jpg?fit=300%2C196&amp;ssl=1\" alt class=\"wp-image-196329\"><\/figure>\n<\/div>\n<p><strong><em>Centenarul Camerei de Comer\u021b \u0219i Industrie V\u00e2lcea reprezint\u0103 a\u0219adar o m\u0103rturie vie a continuit\u0103\u021bii, a responsabilit\u0103\u021bii \u0219i a conlucr\u0103rii dintre ini\u021biativa privat\u0103 \u0219i binele comun. De-a lungul unui veac marcat de prefaceri istorice profunde \u0219i mari \u00eencerc\u0103ri pe plan social, economic \u0219i administrativ, Camera de Comer\u021b \u0219i Industrie V\u00e2lcea a r\u0103mas un factor de dialog \u0219i solidaritate \u00eentre mediul antreprenorial, autorit\u0103\u021bi \u0219i societate.<\/em><\/strong><\/p>\n<p><strong><em>Privim cu pre\u021buire lucrarea onest\u0103 \u0219i harnic\u0103 a acelora care, prin munc\u0103 responsabil\u0103 \u0219i spirit creator, au sporit bun\u0103starea comunit\u0103\u021bii. Aceast\u0103 lucrare, \u00eentemeiat\u0103 pe dreptate \u0219i solidaritate a devenit pe parcursul unui secol izvor de binecuv\u00e2ntare pentru \u00eentreaga comunitate v\u00e2lcean\u0103.<\/em><\/strong><\/p>\n<p><strong><em>De aceea, se cuvine s\u0103 cinstim memoria acelora care au pus temeliile acestei institu\u021bii \u0219i au lucrat cu devotament pentru consolidarea ei \u0219i s\u0103 privim acest moment drept prilejul \u00eennoirii angajamentului pentru dezvoltare durabil\u0103, pentru formarea tinerilor antreprenori \u0219i pentru promovarea unui climat economic bazat pe \u00eencredere \u0219i cooperare.<\/em><\/strong><\/p>\n<figure class=\"wp-block-image size-large\"><img decoding=\"async\" loading=\"lazy\" width=\"1024\" height=\"698\" src=\"https:\/\/i0.wp.com\/www.curierul.ro\/wp-content\/uploads\/2026\/02\/P4-5-1.jpg?fit=300%2C204&amp;ssl=1\" alt class=\"wp-image-196330\"><\/figure>\n<p><strong><em>\u00cel rug\u0103m pe Bunul Dumnezeu s\u0103 binecuv\u00e2nteze \u00een continuare activitatea membrilor Camerei de Comer\u021b \u0219i Industrie V\u00e2lcea, d\u0103ruindu-le \u00een\u021belepciune \u0219i putere de a lucra spre binele comunit\u0103\u021bii \u0219i al semenilor<\/em><\/strong>\u201d.<\/p>\n<h5 class=\"wp-block-heading has-custom-sun-background-color has-background\"><strong>PRINCIPELE \u0218I \u201eNEAMUL NOSTRU\u201d<\/strong><\/h5>\n<p>Spre sear\u0103, invita\u021bii Camerei de Comer\u021b \u0219i Industrie V\u00e2lcea s-au putut delecta cu un program festiv \u00een cadrul c\u0103ruia s-au acordat premii pentru firme: Rotarexim S.A., Boromir Ind SRL, Diana SRL, Minet S.A., B\u0103ile Govora S.A, WIPRO Infrastructure Engineering SA, Normandia Service SRL, AVI-GIIS SRL, premiul pentru educa\u021bie a fost primit de Alexandra Petric\u0103 \u2013 Olimpic\u0103 premiat\u0103 la nai, care a sus\u021binut \u0219i un scurt recital, dar \u0219i Liceul \u201eConstantin Br\u00e2ncoveanu\u201d Horezu, premii pentru cultur\u0103: Mihail Moldoveanu, Gheroghe Dican, Funda\u021bia \u201eDumitru Dr\u0103ghicescu\u201d \u0219i pentru restaurarea Bisericii Sf. Gheorghe.<\/p>\n<p>Georges Fischer a devenit cel de-al patrulea membru de onoare al CCI V\u00e2lcea iar Principele Niculae a primit o plachet\u0103 din partea pre\u0219edintelui Valentin Cismaru cu prilejul Centenarului Camerei. Doru Simovici, pre\u0219edintele CCI Bac\u0103u, a \u00eenm\u00e2nat omologilor s\u0103i v\u00e2lceni cea mai \u00eenalt\u0103 distic\u021bie a institu\u021biei sale, acordat\u0103 \u00een premier\u0103 unei alte camere jude\u021bene \u00een ultimii 35 ani.<\/p>\n<blockquote class=\"wp-block-quote is-layout-flow wp-block-quote-is-layout-flow\">\n<p><strong>\u00cen deschiderea evenimentului festiv, pre\u0219edintele Valentin Cismaru a spus:<\/strong><\/p>\n<p><\/p>\n<p>\u201e<em>Decretul semnat de Regele Ferdinand a dat posibilitatea comercian\u021bilor din V\u00e2lcea, primii din Oltenia, dup\u0103 cum o \u0219tie toat\u0103 lumea, sunt primii \u00een Oltenia pentru c\u0103 sunt mai aproape de Transilvania \u0219i pentru c\u0103 au o calitate a lor pe care nu poate s\u0103 le-o conteste nimeni. \u00cen perioada \u00een care a func\u021bionat aceast\u0103 camer\u0103 s-au \u00eent\u00e2mplat multe \u0219i cea mai grav\u0103 etap\u0103 a fost \u00een care puterea comunist\u0103 a desfiin\u021bat-o. N-o s\u0103 vorbesc prea mult despre asta, nu are niciun sens la o s\u0103rb\u0103toare, o \u0219tim cu to\u021bii\u2026 A\u0219 prefera s\u0103 v\u0103 vorbesc despre rena\u0219terea acestei camere! Ea a \u00eenceput frumos, la 19 august 1990, \u0219i ceea ce este \u0219i mai frumos este c\u0103 tot atunci s-a \u00eenfiin\u021bat acel organism care a func\u021bionat \u0219i \u00eenainte de r\u0103zboi: Registrul Comer\u021bului. Am avut pl\u0103cerea s\u0103-i invit\u0103m pe colegii no\u0219tri care au \u00eenceput la Camer\u0103 \u0219i acum lucreaz\u0103 la acest Registru. Cu toate c\u0103 un fost prim ministru cu importante r\u0103m\u0103\u0219i\u021be de g\u00e2ndire comunist\u0103 a na\u021bionalizat f\u0103r\u0103 motiv \u00eentr-o vineri a anului 2002 Registrul Comer\u021bului, care func\u021biona excelent \u00een toat\u0103 \u021bara, a\u0219a cum lucra \u0219i \u00eenainte de r\u0103zboi, \u00a0satisfac\u021bia noastr\u0103 pentru cei 12 ani c\u00e2nd am fost \u00eempreun\u0103 este c\u0103 cele mai importante firme private din economia v\u00e2lcean\u0103 actual\u0103 au fost \u00eenfiin\u021bate atunci! A fost perioada \u00een care aceast\u0103 caemr\u0103 a reu\u0219it s\u0103 scoat\u0103 \u00een lume la t\u00e2rguri, la \u00eent\u00e2lniri de afaceri, schimb de experien\u021b\u0103 \u0219i delega\u021bii, un num\u0103r important de oameni de afaceri v\u00e2lceni \u00een \u021b\u0103ri ca Grecia, Italia, Fran\u021ba, Suedia, Serbia, Egipt, etc\u2026 Probabil c\u0103 dintre dumneavoastr\u0103 sunt mul\u021bi aici, \u00een sal\u0103, care au participat la aceste deplas\u0103ri pe care Camera de Comer\u021b le-a organizat atunci. A\u0219 aminti aici una mai important\u0103, care mi-a pl\u0103cut \u0219i mie cel mai mult pentru c\u0103 ne-a dat \u0219i nou\u0103 un pic de culoare, am fost printre cei care am avut o expozi\u021bie la World Trade Center, din New York. Un stand al Camerei de Comer\u021b \u0219i Industrie de la V\u00e2lcea! Am fost \u0219i-am prezentat produsele economiei v\u00e2lcene \u00een centrul economiei mondiale! A fost cu noi un director de la Dr\u0103g\u0103\u0219ani, domnul Arm\u0103\u0219oiu, care a fost \u00een stare s\u0103 aduc\u0103 \u00een America, \u00een geamantanul s\u0103u, dou\u0103 jante de ma\u0219in\u0103. C\u00e2nd s-a terminat expozi\u021bia, respectivul domn, Dumnezeu s\u0103-l ierte c\u0103 nu mai e printre noi acum, s-a \u00eentors cu acele jante de c\u00e2te 7 dolari fiecare! Asta arat\u0103, pentru mine, unul, nivelul de responsabilitate a acelui om\u2026 Tot \u00een acea perioad\u0103, Camera a reu\u0219it s\u0103 pun\u0103-n mi\u0219care dou\u0103 parteneriate importante: unul era PromoBussiness, care a \u021binut vreo 15 ani \u0219i care ajunsese una dintre cele mai importante expozi\u021bii ale vremii din Rom\u00e2nia, cu participare intern\u0103 dar \u0219i interna\u021bional\u0103. Al doilea este Hervex-ul, expozi\u021bie pe care am sus\u021binut-o \u0219i recent, \u00een luna noiembrie. Printr-o colaborare excelent\u0103 cu autorit\u0103\u021bile locale, s-a reu\u0219it construc\u021bia Centrului Flandra. Apoi \u0218coala Rom\u00e2n\u0103 de Afaceri \u0219i Complexul Expozi\u021bional Nord Oltenia\u2026 care poate, \u00eentr-un final, o s\u0103 func\u021bioneze a\u0219a cum trebuie \u0219i acel centru expozi\u021bional, pentru c\u0103 este un complex enorm unde s-ar putea face foarte multe ac\u021biuni. Activitatea Camerei a \u00eensemnat \u0219i derularea unor proiecte cu fonduri europene \u00eensum\u00e2nd c\u00e2teva zeci de milioane de euro! Nu e vorba de nicio o gre\u0219eal\u0103: sunt zeci de milioane de euro care s-au materializat \u00een preg\u0103tirea profesional\u0103 a mai bine de 15.000 de cursan\u021bi, cre\u00e2nd start-up-uri \u00een V\u00e2lcea, Oltenia, Arad, Sibiu. S-au pus bazele unor importante rela\u021bii interna\u021bionale, a\u0219a cum a fost Asocia\u021bia de Prietenie Rom\u00e2no-Chinez\u0103, Asocia\u021bia Montana din Fran\u021ba, pe care am invitat-o \u0219i la V\u00e2lcea, \u00eentr-o manifestare extraordinar\u0103, Asocia\u021bia Mun\u021bilor Faimo\u0219i, unde am avut importante particip\u0103ri, \u00een America, la Seattle, \u00een China, de vreo dou\u0103 ori, \u0219i una chiar aici la noi, la Ol\u0103ne\u0219ti. O participare la fel de semnificativ\u0103 a fost cea de la Federa\u021bia Mondial\u0103 a Camerelor de Comer\u021b, unde invitatul nostru de onoare, domnul Georges Fischer, s-a num\u0103rat printre cei cu un rol major \u00een cooptarea noastr\u0103\u2026 A\u0219 vrea s\u0103 v\u0103 mai aduc \u00een fa\u021b\u0103 \u0219i colabor\u0103rile cu camerele de comer\u021b din \u021bar\u0103 iar cele mai bune dou\u0103 prietene ale noastre sunt \u00een aceast\u0103 sear\u0103 aici, al\u0103turi de noi, la aceast\u0103 s\u0103rb\u0103toare a Centenarului, fapt pentru care le \u0219i mul\u021bumim: este vorba de camerele din Bac\u0103u, prin Doru Simovici, \u0219i din Sibiu, prin Octavian Is\u0103il\u0103. \u021ain s\u0103 le mul\u021bumesc \u0219i salaria\u021bilor pe care i-am avut de-a lungul timpului \u0219i pe cei de azi. Trebuie s\u0103-i fac o mul\u021bumire special\u0103 domnului Rizoiu, colaboratorului meu de baz\u0103, \u0219i, de ce nu?, \u0219i so\u021biei mele care e aici\u2026 nu neap\u0103rat pentru c\u0103 e so\u021bia mea ci pentru c\u0103 primul anun\u021b de \u00eenfiin\u021bare al Camerei de la V\u00e2lcea a ap\u0103rut datorit\u0103 unei scrisori pe care a f\u0103cut-o Elena Cismaru \u00een Curierul de V\u00e2lcea la ini\u021biativa lui Octavian Vulpescu, de la Craiova, \u0219i nu a mea, a\u0219a c\u0103 meritul a fost \u00eemp\u0103r\u021bit. Le mul\u021bumim de asemenea tuturor celor care au f\u0103cut parte din colegiile de conducere ale CCI de-a lungul timpului \u0219i pe care-i v\u0103d prezen\u021bi \u00een sal\u0103, \u00een aceast\u0103 sear\u0103. Le mul\u021bumesc pentru tot ce-au f\u0103cut \u0219i pentru c\u0103 ne sunt al\u0103turi \u0219i acum! V\u0103 mul\u021bumesc!<\/em>\u201d<\/p>\n<figure class=\"wp-block-image size-large\"><img decoding=\"async\" loading=\"lazy\" width=\"1024\" height=\"768\" src=\"https:\/\/i0.wp.com\/www.curierul.ro\/wp-content\/uploads\/2026\/02\/P4-5-7-scaled.jpg?fit=300%2C225&amp;ssl=1\" alt class=\"wp-image-196331\"><\/figure>\n<\/blockquote>\n<blockquote class=\"wp-block-quote is-layout-flow wp-block-quote-is-layout-flow\">\n<p><strong>Declarat membru de onoare al Camerei de Comer\u021b \u0219i Industrie V\u00e2lcea, Georges Fischer a subliniat:<\/strong><\/p>\n<p><\/p>\n<p>\u201e<em>Domnule pre\u0219edinte, \u0219ti\u021bi c\u0103, \u00een orice limb\u0103 ar fi s\u0103 vorbesc, eu \u00eencep mereu cu o glum\u0103\u2026 c\u00e2nd am primit propunerea dumneavoastr\u0103 s\u0103 devin membru de onoare al Camerei de Comer\u021b \u0219i Industrie V\u00e2lcea, recunosc c\u0103 am ezitat un pic pentru c\u0103, \u00een fran\u021buze\u0219te, membru de onoare mai \u00eenseamn\u0103 \u0219i membru\u2026 donator\u2026am vrut s\u0103 m\u0103 asigur c\u0103 r\u0103m\u00e2ne doar onoarea\u2026 \u0218i, pentru mine, chiar este o real\u0103 \u0219i mare onoare s\u0103 primesc acel statut, am venit direct de la Paris pentru acest moment. \u0218i este mai mult de at\u00e2t, este \u00eenc\u0103 un semn de prietenie, dup\u0103 at\u00e2\u021bia ani. Este o reconfirmare c\u0103 rela\u021biile dintre organiza\u021bii pot s\u0103 devin\u0103 personal amicale. V\u0103d \u00een gestul dumneavoastr\u0103 un semn de recuno\u0219tin\u021b\u0103 pentru tot ceea ce am f\u0103cut \u00een cadrul re\u021belelor camerelor, pentru \u00eemputernicirea camerelor, pentru dezvoltarea serviciilor, pentru \u00eembun\u0103t\u0103\u021birea situa\u021biei financiare. Eu sper c-o s\u0103 continu\u0103m s\u0103 fim, s\u0103 r\u0103m\u00e2nem prieteni \u0219i s\u0103 cooper\u0103m la fel pentru dezvoltarea Camerei de Comer\u021b \u0219i Industrie V\u00e2lcea \u0219i din lumea \u00eentreag\u0103. Camerele de Comer\u021b sunt o re\u021bea, un lan\u021b a c\u0103rei putere este dintotdeauna dat\u0103 de cel mai slab. V\u0103 mul\u021bumesc foarte mult!<\/em>\u201d<\/p>\n<\/blockquote>\n<blockquote class=\"wp-block-quote is-layout-flow wp-block-quote-is-layout-flow\">\n<p>I<strong>nvitatul special, Principele Nicolae, a transmis, la r\u00e2ndul s\u0103u urm\u0103torul mesaj:<\/strong><\/p>\n<p><\/p>\n<p>\u201e<em>Bun\u0103 seara \u0219i bine v-am g\u0103sit! Este o mare bucurie s\u0103 fiu aici, s\u0103 m\u0103 \u00eentorc din nou la R\u00e2mnicu V\u00e2lcea. Dar, de data asta, ca un prieten\u2026 dar nu numai. Azi, \u00een urm\u0103 cu o sut\u0103 de ani, a fost \u00eenfiin\u021bat\u0103 Camera de Comer\u021b a V\u00e2lcii \u0219i azi sunt aici \u00een calitate de a cincea genera\u021bie care a sprijinit aceast\u0103 Camer\u0103. \u0218i este o onoare mare pentru mine s\u0103 fiu al\u0103turi de voi nu ca o organiza\u021bie, ca o comunitate de antreprenori, o comunitate de oameni de afaceri\u2026 F\u0103r\u0103 voi, \u00een primul r\u00e2nd, aceast\u0103 camer\u0103 n-ar exista. F\u0103r\u0103 voi, economia local\u0103 n-ar merge \u00eenainte. Antreprenori, oameni de afaceri, voi sunte\u021bi un pilon extrem de important pentru aceast\u0103 \u021bar\u0103, pentru aceast\u0103 comunitate \u0219i pentru asta, eu v\u0103 felicit pentru acest demers \u0219i acest curaj indiferent de problemele pe care le-a\u021bi \u00eent\u00e2lnit \u00een aceast\u0103 c\u0103l\u0103torie. De altfel, felicit fiecare camer\u0103 de comer\u021b pentru aceast\u0103 comunitate. Nu dac\u0103 \u0219ti\u021bi dar, \u00een octombrie 1926, regina Maria a f\u0103cut o c\u0103l\u0103torie istoric\u0103, o c\u0103l\u0103torie extrem de important\u0103 pentru Rom\u00e2nia: a plecat \u00een Statele Unite. Poate a\u021bi v\u0103zut imagini\u2026 e emo\u021bionant c\u00e2nd m\u0103 uit la acest material, cu c\u00e2t entuziasm a fost primit\u0103! Nu a plecat \u00een Statele Unite pentru o c\u0103l\u0103torie, a plecat s\u0103 promoveze Rom\u00e2nia, a plecat s\u0103 c\u00e2\u0219tige \u00eencredere dar misiunea acestei c\u0103l\u0103torii a fost atragerea de investitori pentru Rom\u00e2nia, firmele s\u0103 vin\u0103 \u00een Rom\u00e2nia s\u0103 sprijine economia, s\u0103 sprijine \u021bara, s\u0103 sprijine neamul nostru\u2026 Deci avem dou\u0103 s\u0103rb\u0103tori \u00een seara asta: demersul reginei Maria \u0219i \u00eenfiin\u021barea Camerei de Comer\u021b \u0219i Industrie a V\u00e2lcii prin decretul regal semnat de str\u0103-str\u0103bunicul meu. V\u0103 urez mult succes! Poate vom avea mai multe provoc\u0103ri \u00een viitor, poate nu\u2026 dar am toat\u0103 \u00eencrederea \u00een aceast\u0103 comunitate, indiferent dac\u0103 vorbim despre R\u00e2mnicu V\u00e2lcea sau alte comunit\u0103\u021bi din alte jude\u021be din \u021bar\u0103. Mult succes, mult spor! \u0218i ave\u021bi un prieten \u00een mine. Mul\u021bumesc mult! Sear\u0103 frumoas\u0103!<\/em>\u201d<\/p>\n<figure data-carousel-extra='{\"blog_id\":1,\"permalink\":\"https:\/\/www.curierul.ro\/asr-principele-nicolae-la-manifestarile-centenarului-camerei-de-comert-si-industrie-valcea\/\"}' class=\"wp-block-gallery has-nested-images columns-default is-cropped wp-block-gallery-2 is-layout-flex wp-block-gallery-is-layout-flex\">\n<figure class=\"wp-block-image size-large\"><img decoding=\"async\" loading=\"lazy\" width=\"611\" height=\"711\" data-id=\"196332\" src=\"https:\/\/i0.wp.com\/www.curierul.ro\/wp-content\/uploads\/2026\/02\/P-4-5-2.jpg?fit=258%2C300&amp;ssl=1\" alt class=\"wp-image-196332\"><\/figure>\n<figure class=\"wp-block-image size-large\"><img decoding=\"async\" loading=\"lazy\" width=\"1024\" height=\"668\" data-id=\"196334\" src=\"https:\/\/i0.wp.com\/www.curierul.ro\/wp-content\/uploads\/2026\/02\/P-4-5-3-1.jpg?fit=300%2C196&amp;ssl=1\" alt class=\"wp-image-196334\"><\/figure>\n<figure class=\"wp-block-image size-large\"><img decoding=\"async\" loading=\"lazy\" width=\"1024\" height=\"768\" data-id=\"196336\" src=\"https:\/\/i0.wp.com\/www.curierul.ro\/wp-content\/uploads\/2026\/02\/P-4-5-4-scaled.jpg?fit=300%2C225&amp;ssl=1\" alt class=\"wp-image-196336\"><\/figure>\n<figure class=\"wp-block-image size-large\"><img decoding=\"async\" loading=\"lazy\" width=\"1024\" height=\"768\" data-id=\"196337\" src=\"https:\/\/i0.wp.com\/www.curierul.ro\/wp-content\/uploads\/2026\/02\/P-4-5-5-1-scaled.jpg?fit=300%2C225&amp;ssl=1\" alt class=\"wp-image-196337\"><\/figure>\n<figure class=\"wp-block-image size-large\"><img decoding=\"async\" loading=\"lazy\" width=\"1024\" height=\"768\" data-id=\"196335\" src=\"https:\/\/i0.wp.com\/www.curierul.ro\/wp-content\/uploads\/2026\/02\/P-4-5-6-scaled.jpg?fit=300%2C225&amp;ssl=1\" alt class=\"wp-image-196335\"><\/figure>\n<figure class=\"wp-block-image size-large\"><img decoding=\"async\" loading=\"lazy\" width=\"1024\" height=\"698\" data-id=\"196333\" src=\"https:\/\/i0.wp.com\/www.curierul.ro\/wp-content\/uploads\/2026\/02\/P4-5-1-1.jpg?fit=300%2C204&amp;ssl=1\" alt class=\"wp-image-196333\"><\/figure>\n<figure class=\"wp-block-image size-large\"><img decoding=\"async\" loading=\"lazy\" width=\"1024\" height=\"768\" data-id=\"196338\" src=\"https:\/\/i0.wp.com\/www.curierul.ro\/wp-content\/uploads\/2026\/02\/P4-5-7-1-scaled.jpg?fit=300%2C225&amp;ssl=1\" alt class=\"wp-image-196338\"><\/figure>\n<figure class=\"wp-block-image size-large\"><img decoding=\"async\" loading=\"lazy\" width=\"1024\" height=\"667\" data-id=\"196339\" src=\"https:\/\/i0.wp.com\/www.curierul.ro\/wp-content\/uploads\/2026\/02\/P4-5.jpg?fit=300%2C196&amp;ssl=1\" alt class=\"wp-image-196339\"><\/figure>\n<\/figure>\n<\/blockquote>\n<div class=\"sharedaddy sd-sharing-enabled\">\n<div class=\"robots-nocontent sd-block sd-social sd-social-official sd-sharing\">\n<h3 class=\"sd-title\">Distribuie pe:<\/h3>\n<div class=\"sd-content\">\n<ul>\n<li class=\"share-facebook\">\n<li class=\"share-twitter\"><a href=\"https:\/\/twitter.com\/share\" class=\"twitter-share-button\" data-url=\"https:\/\/www.curierul.ro\/asr-principele-nicolae-la-manifestarile-centenarului-camerei-de-comert-si-industrie-valcea\/\" data-text=\"ASR PRINCIPELE NICOLAE LA MANIFEST\u0102RILE CENTENARULUI CAMEREI DE COMER\u021a \u0218I INDUSTRIE V\u00c2LCEA\" data-via=\"curierulvl\">Tweet<\/a><\/li>\n<li class=\"share-jetpack-whatsapp\"><a rel=\"nofollow noopener noreferrer\" data-shared=\"sharing-whatsapp-196323\" class=\"share-jetpack-whatsapp sd-button\" href=\"https:\/\/www.curierul.ro\/asr-principele-nicolae-la-manifestarile-centenarului-camerei-de-comert-si-industrie-valcea\/?share=jetpack-whatsapp\" target=\"_blank\" aria-labelledby=\"sharing-whatsapp-196323\"><span id=\"sharing-whatsapp-196323\" hidden>D\u0103 clic pentru partajare pe WhatsApp(Se deschide \u00eentr-o fereastr\u0103 nou\u0103)<\/span><span>WhatsApp<\/span><\/a><\/li>\n<li><a href=\"https:\/\/www.curierul.ro\/asr-principele-nicolae-la-manifestarile-centenarului-camerei-de-comert-si-industrie-valcea\/\" class=\"sharing-anchor sd-button share-more\"><span>Mai mult<\/span><\/a><\/li>\n<li class=\"share-end\"><\/ul>\n<div class=\"sharing-hidden\">\n<div class=\"inner\">\n<ul>\n<li class=\"share-email\"><a rel=\"nofollow noopener noreferrer\" data-shared=\"sharing-email-196323\" class=\"share-email sd-button\" href=\"mailto:?subject=%5BArticol%20partajat%5D%20ASR%20PRINCIPELE%20NICOLAE%20LA%20MANIFEST%C4%82RILE%20CENTENARULUI%20CAMEREI%20DE%20COMER%C8%9A%20%C8%98I%20INDUSTRIE%20V%C3%82LCEA&amp;body=https%3A%2F%2Fwww.curierul.ro%2Fasr-principele-nicolae-la-manifestarile-centenarului-camerei-de-comert-si-industrie-valcea%2F&amp;share=email\" target=\"_blank\" aria-labelledby=\"sharing-email-196323\" data-email-share-error-title=\"\u021ai-ai configurat emailul?\" data-email-share-error-text=\"Dac\u0103 ai probleme la partajarea prin email, probabil nu ai configurat emailul pentru navigator. Poate trebuie s\u0103 creezi singur un email nou.\" data-email-share-nonce=\"b9847e099f\" data-email-share-track-url=\"https:\/\/www.curierul.ro\/asr-principele-nicolae-la-manifestarile-centenarului-camerei-de-comert-si-industrie-valcea\/?share=email\"><span id=\"sharing-email-196323\" hidden>D\u0103 clic pentru a trimite o leg\u0103tur\u0103 prin email unui prieten(Se deschide \u00eentr-o fereastr\u0103 nou\u0103)<\/span><span>Email<\/span><\/a><\/li>\n<li class=\"share-print\"><a rel=\"nofollow noopener noreferrer\" data-shared=\"sharing-print-196323\" class=\"share-print sd-button\" href=\"https:\/\/www.curierul.ro\/asr-principele-nicolae-la-manifestarile-centenarului-camerei-de-comert-si-industrie-valcea\/#print?share=print\" target=\"_blank\" aria-labelledby=\"sharing-print-196323\"><span id=\"sharing-print-196323\" hidden>D\u0103 clic pentru a imprima(Se deschide \u00eentr-o fereastr\u0103 nou\u0103)<\/span><span>Imprimare<\/span><\/a><\/li>\n<li class=\"share-end\"><\/ul>\n<\/div>\n<\/div>\n<\/div>\n<\/div>\n<\/div>\n<div id=\"jp-relatedposts\" class=\"jp-relatedposts\">\n<h3 class=\"jp-relatedposts-headline\"><em>Similare<\/em><\/h3>\n<\/div>\n<footer class=\"post-footer\">\n<p class=\"tags\"><strong>Tags: <\/strong><a href=\"https:\/\/www.curierul.ro\/tag\/cci\/\" rel=\"tag\">CCI<\/a>, <a href=\"https:\/\/www.curierul.ro\/tag\/centenar-camera-de-comert-si-industrie-valcea\/\" rel=\"tag\">Centenar Camera de Comer\u021b \u0219i Industrie V\u00e2lcea<\/a>, <a href=\"https:\/\/www.curierul.ro\/tag\/principele-nicolae\/\" rel=\"tag\">principele Nicolae<\/a><\/p>\n<div class=\"post-navigation clearfix\">\n<div class=\"previous-post\">\n<div class=\"featured-photo\"><img decoding=\"async\" width=\"1360\" height=\"768\" src=\"https:\/\/i0.wp.com\/www.curierul.ro\/wp-content\/uploads\/2026\/02\/sol.jpg?fit=300%2C169&amp;ssl=1\" class=\"attachment-post-thumbnail size-post-thumbnail wp-post-image\" alt loading=\"lazy\"><\/div>\n<p class=\"paginate-title\">\u00ab\u00ab <a href=\"https:\/\/www.curierul.ro\/greseala-care-iti-compromite-dezinfectarea-solului-fara-sa-ti-dai-seama\/\" rel=\"prev\">Gre\u0219eala care \u00ee\u021bi compromite dezinfectarea solului f\u0103r\u0103 s\u0103-\u021bi dai seama<\/a><\/p>\n<\/div>\n<div class=\"next-post\">\n<div class=\"featured-photo\"><img decoding=\"async\" width=\"2560\" height=\"1920\" src=\"https:\/\/i0.wp.com\/www.curierul.ro\/wp-content\/uploads\/2026\/02\/FOND-1-scaled.jpg?fit=300%2C225&amp;ssl=1\" class=\"attachment-post-thumbnail size-post-thumbnail wp-post-image\" alt loading=\"lazy\"><\/div>\n<p class=\"paginate-title\"><a href=\"https:\/\/www.curierul.ro\/curierul-de-valcea-premiat-la-centenarul-camerei-de-comert-si-industrie-valcea\/\" rel=\"next\">Curierul de V\u00e2lcea, premiat la Centenarul Camerei de Comer\u021b \u0219i Industrie V\u00e2lcea<\/a> \u00bb\u00bb<\/p>\n<\/div>\n<\/div>\n<div id=\"comments\" class=\"comments-area\">\n<h2 class=\"comments-title\">\n\t\t\t1 thought on \u201c<span>ASR PRINCIPELE NICOLAE LA MANIFEST\u0102RILE CENTENARULUI CAMEREI DE COMER\u021a \u0218I INDUSTRIE V\u00c2LCEA<\/span>\u201d\t\t<\/h2>\n<ol class=\"comment-list\">\n<li id=\"comment-5906\" class=\"pingback even thread-even depth-1\">\n<div class=\"comment-body\">\n\t\t\t\tPingback: <a href=\"https:\/\/www.curierul.ro\/curierul-de-valcea-premiat-la-centenarul-camerei-de-comert-si-industrie-valcea\/\" class=\"url\" rel=\"ugc\">Curierul de V\u00e2lcea, premiat la Centenarul Camerei de Comer\u021b \u0219i Industrie V\u00e2lcea \u2013 Curierul de V\u00e2lcea<\/a><\/div>\n<\/li>\n<\/ol>\n<div id=\"respond\" class=\"comment-respond\">\n<h3 id=\"reply-title\" class=\"comment-reply-title\">Po\u021bi comenta aici<small><a rel=\"nofollow\" id=\"cancel-comment-reply-link\" href=\"https:\/\/www.curierul.ro\/asr-principele-nicolae-la-manifestarile-centenarului-camerei-de-comert-si-industrie-valcea\/#respond\">Anuleaz\u0103 r\u0103spunsul<\/a><\/small><\/h3>\n<\/div>\n<p class=\"akismet_comment_form_privacy_notice\">Acest site folose\u0219te Akismet pentru a reduce spamul. <a href=\"https:\/\/akismet.com\/privacy\/\" target=\"_blank\" rel=\"nofollow noopener\">Afl\u0103 cum sunt procesate datele comentariilor tale<\/a>.<\/p>\n<\/div>\n<section class=\"related-stories\">\n<h2>Related Stories<\/h2>\n<div class=\"stories-container\">\n<article id=\"latest-196342\" class=\"story post-196342 post type-post status-publish format-standard has-post-thumbnail hentry category-actualitate category-eveniment-social category-impact category-social tag-cci tag-curierul-de-valcea\">\n<div class=\"photo\"><img decoding=\"async\" width=\"735\" height=\"440\" src=\"https:\/\/i0.wp.com\/www.curierul.ro\/wp-content\/uploads\/2026\/02\/FOND-1-scaled.jpg?fit=300%2C225&amp;ssl=1\" class=\"attachment-giornalismo-single size-giornalismo-single wp-post-image\" alt loading=\"lazy\"><\/div>\n<p class=\"headline\"><a href=\"https:\/\/www.curierul.ro\/curierul-de-valcea-premiat-la-centenarul-camerei-de-comert-si-industrie-valcea\/\">Curierul de V\u00e2lcea, premiat la Centenarul Camerei de Comer\u021b \u0219i Industrie V\u00e2lcea<\/a><\/p>\n<\/article>\n<article id=\"latest-184942\" class=\"story post-184942 post type-post status-publish format-standard has-post-thumbnail hentry category-actualitate category-economie tag-cci tag-gala-ecomiei-2023 tag-gala-economiei-valcene\">\n<div class=\"photo\"><img decoding=\"async\" width=\"735\" height=\"440\" src=\"https:\/\/i0.wp.com\/www.curierul.ro\/wp-content\/uploads\/2023\/10\/GALA-2-scaled.jpg?fit=300%2C214&amp;ssl=1\" class=\"attachment-giornalismo-single size-giornalismo-single wp-post-image\" alt loading=\"lazy\"><\/div>\n<p class=\"headline\"><a href=\"https:\/\/www.curierul.ro\/economia-valceana-s-a-intors-la-gala-camerei-de-comert-si-industrie\/\">Economia v\u00e2lcean\u0103 s-a \u00eentors la Gala Camerei de Comer\u021b \u0219i Industrie<\/a><\/p>\n<\/article>\n<article id=\"latest-152251\" class=\"story post-152251 post type-post status-publish format-standard has-post-thumbnail hentry category-actualitate category-economie category-eveniment-social category-impact tag-cci tag-firme-din-valcea tag-topul-firmelor\">\n<div class=\"photo\"><img decoding=\"async\" width=\"735\" height=\"440\" src=\"https:\/\/i0.wp.com\/www.curierul.ro\/wp-content\/uploads\/2017\/07\/cci-sediu-e1676372712191.jpg?fit=300%2C146&amp;ssl=1\" class=\"attachment-giornalismo-single size-giornalismo-single wp-post-image\" alt loading=\"lazy\"><\/div>\n<p class=\"headline\"><a href=\"https:\/\/www.curierul.ro\/topul-firmelor-valcene-programat-pentru-17-septembrie\/\">TOPUL FIRMELOR V\u00c2LCENE, programat pentru 17 septembrie<\/a><\/p>\n<\/article>\n<\/div>\n<\/section>\n<section class=\"latest-category clearfix\">\n<h2 class=\"title\">More Stories From Actualitate<\/h2>\n<div class=\"stories-container\">\n<article id=\"related-196342\" class=\"story post-196342 post type-post status-publish format-standard has-post-thumbnail hentry category-actualitate category-eveniment-social category-impact category-social tag-cci tag-curierul-de-valcea\">\n<div class=\"photo\"><img decoding=\"async\" width=\"735\" height=\"440\" src=\"https:\/\/i0.wp.com\/www.curierul.ro\/wp-content\/uploads\/2026\/02\/FOND-1-scaled.jpg?fit=300%2C225&amp;ssl=1\" class=\"attachment-giornalismo-single size-giornalismo-single wp-post-image\" alt loading=\"lazy\"><\/div>\n<p class=\"headline\"><a href=\"https:\/\/www.curierul.ro\/curierul-de-valcea-premiat-la-centenarul-camerei-de-comert-si-industrie-valcea\/\">Curierul de V\u00e2lcea, premiat la Centenarul Camerei de Comer\u021b \u0219i Industrie V\u00e2lcea<\/a><\/p>\n<\/article>\n<article id=\"related-196320\" class=\"story post-196320 post type-post status-publish format-standard has-post-thumbnail hentry category-actualitate category-agricultura tag-articol-de-la-partener\">\n<div class=\"photo\"><img decoding=\"async\" width=\"735\" height=\"440\" src=\"https:\/\/i0.wp.com\/www.curierul.ro\/wp-content\/uploads\/2026\/02\/sol.jpg?fit=300%2C169&amp;ssl=1\" class=\"attachment-giornalismo-single size-giornalismo-single wp-post-image\" alt loading=\"lazy\"><\/div>\n<p class=\"headline\"><a href=\"https:\/\/www.curierul.ro\/greseala-care-iti-compromite-dezinfectarea-solului-fara-sa-ti-dai-seama\/\">Gre\u0219eala care \u00ee\u021bi compromite dezinfectarea solului f\u0103r\u0103 s\u0103-\u021bi dai seama<\/a><\/p>\n<\/article>\n<article id=\"related-196296\" class=\"story post-196296 post type-post status-publish format-standard has-post-thumbnail hentry category-actualitate category-economie category-eveniment-social category-headlines tag-camera-de-comert-si-industrie-valcea-2 tag-centenar tag-invitat tag-principele-nicolae\">\n<div class=\"photo\"><img decoding=\"async\" width=\"735\" height=\"440\" src=\"https:\/\/i0.wp.com\/www.curierul.ro\/wp-content\/uploads\/2026\/02\/FOND.jpg?fit=300%2C200&amp;ssl=1\" class=\"attachment-giornalismo-single size-giornalismo-single wp-post-image\" alt loading=\"lazy\"><\/div>\n<p class=\"headline\"><a href=\"https:\/\/www.curierul.ro\/astazi-principele-nicolae-este-invitatul-special-al-centenarului-camerei-de-comert-si-industrie-valcea\/\">Ast\u0103zi, Principele Nicolae este invitatul special al Centenarului Camerei de Comer\u021b \u0219i Industrie V\u00e2lcea<\/a><\/p>\n<\/article>\n<\/div>\n<\/section>\n<section class=\"author-bio clearfix\">\n<div class=\"mug-shot\"><img decoding=\"async\" alt src=\"https:\/\/secure.gravatar.com\/avatar\/71797bb2441db6347bb197c6f7923349c8f14a8f4a1cae2dc340b7586da67587?s=96&amp;d=mm&amp;r=g\" class=\"avatar avatar-96 photo\" height=\"96\" width=\"96\" loading=\"lazy\"><\/div>\n<div class=\"author-info\">\n<p class=\"title\">About Ionut Popa, <\/p>\n<div class=\"author-social-area\"><a href=\"mailto:ipopa@curierul.ro\"><span class=\"fal fa-envelope\"><span class=\"screen-reader-text\">Email the Author<\/span><\/span><\/a><\/div>\n<\/div>\n<\/section>\n<\/footer>\n<\/article>\n<article id=\"196323\" class=\"post-196323 post type-post status-publish format-standard has-post-thumbnail hentry category-actualitate category-headlines category-impact tag-cci tag-centenar-camera-de-comert-si-industrie-valcea tag-principele-nicolae\">\n<header class=\"post-header\">\n<ul class=\"breadcrumbs\">\n<li><a href=\"https:\/\/www.curierul.ro\">Home<\/a><\/li>\n<li class=\"breadcrumbs-active .category-actualitate\"><a href=\"https:\/\/www.curierul.ro\/index.php?cat=1615\">Actualitate<\/a><\/li>\n<li class=\"breadcrumbs-active .category-actualitate\">ASR PRINCIPELE NICOLAE LA MANIFEST\u0102RILE CENTENARULUI CAMEREI DE COMER\u021a \u0218I INDUSTRIE V\u00c2LCEA<\/li>\n<\/ul>\n<div class=\"featured-photo\"><img loading=\"lazy\" decoding=\"async\" width=\"2560\" height=\"1920\" src=\"https:\/\/i0.wp.com\/www.curierul.ro\/wp-content\/uploads\/2026\/02\/P-4-5-5-scaled.jpg?fit=300%2C225&amp;ssl=1\" class=\"attachment-single size-single wp-post-image\" alt><\/div>\n<h1 class=\"headline\">ASR PRINCIPELE NICOLAE LA MANIFEST\u0102RILE CENTENARULUI CAMEREI DE COMER\u021a \u0218I INDUSTRIE V\u00c2LCEA<\/h1>\n<p class=\"byline\">\n\t\tScris de<a href=\"https:\/\/www.curierul.ro\/author\/ipopa\/\">Ionut Popa<\/a>, \t\t15 februarie 2026\t\t\t\t<\/p>\n<hr>\n<\/header>\n<h5 class=\"wp-block-heading has-custom-sun-background-color has-background\">\u2022 str-str\u0103nepotul lui Ferdinand \u00centregitorul a fermecat prin modestie \u0219i elegan\u021b\u0103<\/h5>\n<p>Vineri, 13 februarie, Camera de Comer\u021b \u0219i Industrie V\u00e2lcea a \u00eemplinit 100 de ani de la fondare. Cu acest prilej, au fost organizate mai multe manifest\u0103ri, care au debutat cu slujba de Te Deum s\u0103v\u00e2r\u0219it\u0103 de c\u0103tre \u00cenaltpreasfin\u021bitul P\u0103rinte Varsanufie, Arhiepiscopul R\u00e2mnicului, la Catedrala Arhiepiscopal\u0103, unde a fost prezent ASR Principele Nicolae.<\/p>\n<p>La finalul slujbei de mul\u021bumire, Chiriarhul R\u00e2mnicului a accentuat c\u0103: \u201e<strong><em>La \u00eemplinirea a 100 de ani de la \u00eenfiin\u021barea Camerei de Comer\u021b \u0219i Industrie V\u00e2lcea, se cuvine s\u0103 aducem prinos de recuno\u0219tin\u021b\u0103 lui Dumnezeu pentru darul timpului binecuv\u00e2ntat \u0219i pentru roadele unei lucr\u0103ri statornice, a\u0219ezate \u00een slujba dezvolt\u0103rii economice \u0219i a demnit\u0103\u021bii comunit\u0103\u021bii v\u00e2lcene.<\/em><\/strong><\/p>\n<p><strong><em>\u00cen jude\u021bul V\u00e2lcea, un spa\u021biu \u00eenve\u0219m\u00e2ntat de spiritualitatea ortodox\u0103, de tradi\u021bia \u0219i cultura Olteniei de sub Munte, dezvoltarea economic\u0103 a fost legat\u0103 de valorile care au sus\u021binut, de-a lungul genera\u021biilor, via\u021ba comunit\u0103\u021bii.<\/em><\/strong><\/p>\n<p><strong><em>Tradi\u021bia camerelor de comer\u021b a reflectat \u00een Rom\u00e2nia o continuitate institu\u021bional\u0103 marcat\u0103 de adapt\u0103ri succesive la schimb\u0103rile de regim politic \u0219i de model economic. De la organisme consultative \u00een statul modern \u00een formare, la structuri centralizate \u00een perioada economiei planificate \u0219i, ulterior, la organiza\u021bii autonome \u00een economia de pia\u021b\u0103, camerele de comer\u021b au constituit un instrument esen\u021bial de reprezentare a intereselor mediului de afaceri.<\/em><\/strong><\/p>\n<div class=\"wp-block-image\">\n<figure class=\"aligncenter size-large\"><img loading=\"lazy\" decoding=\"async\" width=\"1024\" height=\"668\" src=\"https:\/\/i0.wp.com\/www.curierul.ro\/wp-content\/uploads\/2026\/02\/P-4-5-3.jpg?fit=300%2C196&amp;ssl=1\" alt class=\"wp-image-196329\"><\/figure>\n<\/div>\n<p><strong><em>Centenarul Camerei de Comer\u021b \u0219i Industrie V\u00e2lcea reprezint\u0103 a\u0219adar o m\u0103rturie vie a continuit\u0103\u021bii, a responsabilit\u0103\u021bii \u0219i a conlucr\u0103rii dintre ini\u021biativa privat\u0103 \u0219i binele comun. De-a lungul unui veac marcat de prefaceri istorice profunde \u0219i mari \u00eencerc\u0103ri pe plan social, economic \u0219i administrativ, Camera de Comer\u021b \u0219i Industrie V\u00e2lcea a r\u0103mas un factor de dialog \u0219i solidaritate \u00eentre mediul antreprenorial, autorit\u0103\u021bi \u0219i societate.<\/em><\/strong><\/p>\n<p><strong><em>Privim cu pre\u021buire lucrarea onest\u0103 \u0219i harnic\u0103 a acelora care, prin munc\u0103 responsabil\u0103 \u0219i spirit creator, au sporit bun\u0103starea comunit\u0103\u021bii. Aceast\u0103 lucrare, \u00eentemeiat\u0103 pe dreptate \u0219i solidaritate a devenit pe parcursul unui secol izvor de binecuv\u00e2ntare pentru \u00eentreaga comunitate v\u00e2lcean\u0103.<\/em><\/strong><\/p>\n<p><strong><em>De aceea, se cuvine s\u0103 cinstim memoria acelora care au pus temeliile acestei institu\u021bii \u0219i au lucrat cu devotament pentru consolidarea ei \u0219i s\u0103 privim acest moment drept prilejul \u00eennoirii angajamentului pentru dezvoltare durabil\u0103, pentru formarea tinerilor antreprenori \u0219i pentru promovarea unui climat economic bazat pe \u00eencredere \u0219i cooperare.<\/em><\/strong><\/p>\n<figure class=\"wp-block-image size-large\"><img decoding=\"async\" loading=\"lazy\" width=\"1024\" height=\"698\" src=\"https:\/\/i0.wp.com\/www.curierul.ro\/wp-content\/uploads\/2026\/02\/P4-5-1.jpg?fit=300%2C204&amp;ssl=1\" alt class=\"wp-image-196330\"><\/figure>\n<p><strong><em>\u00cel rug\u0103m pe Bunul Dumnezeu s\u0103 binecuv\u00e2nteze \u00een continuare activitatea membrilor Camerei de Comer\u021b \u0219i Industrie V\u00e2lcea, d\u0103ruindu-le \u00een\u021belepciune \u0219i putere de a lucra spre binele comunit\u0103\u021bii \u0219i al semenilor<\/em><\/strong>\u201d.<\/p>\n<h5 class=\"wp-block-heading has-custom-sun-background-color has-background\"><strong>PRINCIPELE \u0218I \u201eNEAMUL NOSTRU\u201d<\/strong><\/h5>\n<p>Spre sear\u0103, invita\u021bii Camerei de Comer\u021b \u0219i Industrie V\u00e2lcea s-au putut delecta cu un program festiv \u00een cadrul c\u0103ruia s-au acordat premii pentru firme: Rotarexim S.A., Boromir Ind SRL, Diana SRL, Minet S.A., B\u0103ile Govora S.A, WIPRO Infrastructure Engineering SA, Normandia Service SRL, AVI-GIIS SRL, premiul pentru educa\u021bie a fost primit de Alexandra Petric\u0103 \u2013 Olimpic\u0103 premiat\u0103 la nai, care a sus\u021binut \u0219i un scurt recital, dar \u0219i Liceul \u201eConstantin Br\u00e2ncoveanu\u201d Horezu, premii pentru cultur\u0103: Mihail Moldoveanu, Gheroghe Dican, Funda\u021bia \u201eDumitru Dr\u0103ghicescu\u201d \u0219i pentru restaurarea Bisericii Sf. Gheorghe.<\/p>\n<p>Georges Fischer a devenit cel de-al patrulea membru de onoare al CCI V\u00e2lcea iar Principele Niculae a primit o plachet\u0103 din partea pre\u0219edintelui Valentin Cismaru cu prilejul Centenarului Camerei. Doru Simovici, pre\u0219edintele CCI Bac\u0103u, a \u00eenm\u00e2nat omologilor s\u0103i v\u00e2lceni cea mai \u00eenalt\u0103 distic\u021bie a institu\u021biei sale, acordat\u0103 \u00een premier\u0103 unei alte camere jude\u021bene \u00een ultimii 35 ani.<\/p>\n<blockquote class=\"wp-block-quote is-layout-flow wp-block-quote-is-layout-flow\">\n<p><strong>\u00cen deschiderea evenimentului festiv, pre\u0219edintele Valentin Cismaru a spus:<\/strong><\/p>\n<p><\/p>\n<p>\u201e<em>Decretul semnat de Regele Ferdinand a dat posibilitatea comercian\u021bilor din V\u00e2lcea, primii din Oltenia, dup\u0103 cum o \u0219tie toat\u0103 lumea, sunt primii \u00een Oltenia pentru c\u0103 sunt mai aproape de Transilvania \u0219i pentru c\u0103 au o calitate a lor pe care nu poate s\u0103 le-o conteste nimeni. \u00cen perioada \u00een care a func\u021bionat aceast\u0103 camer\u0103 s-au \u00eent\u00e2mplat multe \u0219i cea mai grav\u0103 etap\u0103 a fost \u00een care puterea comunist\u0103 a desfiin\u021bat-o. N-o s\u0103 vorbesc prea mult despre asta, nu are niciun sens la o s\u0103rb\u0103toare, o \u0219tim cu to\u021bii\u2026 A\u0219 prefera s\u0103 v\u0103 vorbesc despre rena\u0219terea acestei camere! Ea a \u00eenceput frumos, la 19 august 1990, \u0219i ceea ce este \u0219i mai frumos este c\u0103 tot atunci s-a \u00eenfiin\u021bat acel organism care a func\u021bionat \u0219i \u00eenainte de r\u0103zboi: Registrul Comer\u021bului. Am avut pl\u0103cerea s\u0103-i invit\u0103m pe colegii no\u0219tri care au \u00eenceput la Camer\u0103 \u0219i acum lucreaz\u0103 la acest Registru. Cu toate c\u0103 un fost prim ministru cu importante r\u0103m\u0103\u0219i\u021be de g\u00e2ndire comunist\u0103 a na\u021bionalizat f\u0103r\u0103 motiv \u00eentr-o vineri a anului 2002 Registrul Comer\u021bului, care func\u021biona excelent \u00een toat\u0103 \u021bara, a\u0219a cum lucra \u0219i \u00eenainte de r\u0103zboi, \u00a0satisfac\u021bia noastr\u0103 pentru cei 12 ani c\u00e2nd am fost \u00eempreun\u0103 este c\u0103 cele mai importante firme private din economia v\u00e2lcean\u0103 actual\u0103 au fost \u00eenfiin\u021bate atunci! A fost perioada \u00een care aceast\u0103 caemr\u0103 a reu\u0219it s\u0103 scoat\u0103 \u00een lume la t\u00e2rguri, la \u00eent\u00e2lniri de afaceri, schimb de experien\u021b\u0103 \u0219i delega\u021bii, un num\u0103r important de oameni de afaceri v\u00e2lceni \u00een \u021b\u0103ri ca Grecia, Italia, Fran\u021ba, Suedia, Serbia, Egipt, etc\u2026 Probabil c\u0103 dintre dumneavoastr\u0103 sunt mul\u021bi aici, \u00een sal\u0103, care au participat la aceste deplas\u0103ri pe care Camera de Comer\u021b le-a organizat atunci. A\u0219 aminti aici una mai important\u0103, care mi-a pl\u0103cut \u0219i mie cel mai mult pentru c\u0103 ne-a dat \u0219i nou\u0103 un pic de culoare, am fost printre cei care am avut o expozi\u021bie la World Trade Center, din New York. Un stand al Camerei de Comer\u021b \u0219i Industrie de la V\u00e2lcea! Am fost \u0219i-am prezentat produsele economiei v\u00e2lcene \u00een centrul economiei mondiale! A fost cu noi un director de la Dr\u0103g\u0103\u0219ani, domnul Arm\u0103\u0219oiu, care a fost \u00een stare s\u0103 aduc\u0103 \u00een America, \u00een geamantanul s\u0103u, dou\u0103 jante de ma\u0219in\u0103. C\u00e2nd s-a terminat expozi\u021bia, respectivul domn, Dumnezeu s\u0103-l ierte c\u0103 nu mai e printre noi acum, s-a \u00eentors cu acele jante de c\u00e2te 7 dolari fiecare! Asta arat\u0103, pentru mine, unul, nivelul de responsabilitate a acelui om\u2026 Tot \u00een acea perioad\u0103, Camera a reu\u0219it s\u0103 pun\u0103-n mi\u0219care dou\u0103 parteneriate importante: unul era PromoBussiness, care a \u021binut vreo 15 ani \u0219i care ajunsese una dintre cele mai importante expozi\u021bii ale vremii din Rom\u00e2nia, cu participare intern\u0103 dar \u0219i interna\u021bional\u0103. Al doilea este Hervex-ul, expozi\u021bie pe care am sus\u021binut-o \u0219i recent, \u00een luna noiembrie. Printr-o colaborare excelent\u0103 cu autorit\u0103\u021bile locale, s-a reu\u0219it construc\u021bia Centrului Flandra. Apoi \u0218coala Rom\u00e2n\u0103 de Afaceri \u0219i Complexul Expozi\u021bional Nord Oltenia\u2026 care poate, \u00eentr-un final, o s\u0103 func\u021bioneze a\u0219a cum trebuie \u0219i acel centru expozi\u021bional, pentru c\u0103 este un complex enorm unde s-ar putea face foarte multe ac\u021biuni. Activitatea Camerei a \u00eensemnat \u0219i derularea unor proiecte cu fonduri europene \u00eensum\u00e2nd c\u00e2teva zeci de milioane de euro! Nu e vorba de nicio o gre\u0219eal\u0103: sunt zeci de milioane de euro care s-au materializat \u00een preg\u0103tirea profesional\u0103 a mai bine de 15.000 de cursan\u021bi, cre\u00e2nd start-up-uri \u00een V\u00e2lcea, Oltenia, Arad, Sibiu. S-au pus bazele unor importante rela\u021bii interna\u021bionale, a\u0219a cum a fost Asocia\u021bia de Prietenie Rom\u00e2no-Chinez\u0103, Asocia\u021bia Montana din Fran\u021ba, pe care am invitat-o \u0219i la V\u00e2lcea, \u00eentr-o manifestare extraordinar\u0103, Asocia\u021bia Mun\u021bilor Faimo\u0219i, unde am avut importante particip\u0103ri, \u00een America, la Seattle, \u00een China, de vreo dou\u0103 ori, \u0219i una chiar aici la noi, la Ol\u0103ne\u0219ti. O participare la fel de semnificativ\u0103 a fost cea de la Federa\u021bia Mondial\u0103 a Camerelor de Comer\u021b, unde invitatul nostru de onoare, domnul Georges Fischer, s-a num\u0103rat printre cei cu un rol major \u00een cooptarea noastr\u0103\u2026 A\u0219 vrea s\u0103 v\u0103 mai aduc \u00een fa\u021b\u0103 \u0219i colabor\u0103rile cu camerele de comer\u021b din \u021bar\u0103 iar cele mai bune dou\u0103 prietene ale noastre sunt \u00een aceast\u0103 sear\u0103 aici, al\u0103turi de noi, la aceast\u0103 s\u0103rb\u0103toare a Centenarului, fapt pentru care le \u0219i mul\u021bumim: este vorba de camerele din Bac\u0103u, prin Doru Simovici, \u0219i din Sibiu, prin Octavian Is\u0103il\u0103. \u021ain s\u0103 le mul\u021bumesc \u0219i salaria\u021bilor pe care i-am avut de-a lungul timpului \u0219i pe cei de azi. Trebuie s\u0103-i fac o mul\u021bumire special\u0103 domnului Rizoiu, colaboratorului meu de baz\u0103, \u0219i, de ce nu?, \u0219i so\u021biei mele care e aici\u2026 nu neap\u0103rat pentru c\u0103 e so\u021bia mea ci pentru c\u0103 primul anun\u021b de \u00eenfiin\u021bare al Camerei de la V\u00e2lcea a ap\u0103rut datorit\u0103 unei scrisori pe care a f\u0103cut-o Elena Cismaru \u00een Curierul de V\u00e2lcea la ini\u021biativa lui Octavian Vulpescu, de la Craiova, \u0219i nu a mea, a\u0219a c\u0103 meritul a fost \u00eemp\u0103r\u021bit. Le mul\u021bumim de asemenea tuturor celor care au f\u0103cut parte din colegiile de conducere ale CCI de-a lungul timpului \u0219i pe care-i v\u0103d prezen\u021bi \u00een sal\u0103, \u00een aceast\u0103 sear\u0103. Le mul\u021bumesc pentru tot ce-au f\u0103cut \u0219i pentru c\u0103 ne sunt al\u0103turi \u0219i acum! V\u0103 mul\u021bumesc!<\/em>\u201d<\/p>\n<figure class=\"wp-block-image size-large\"><img decoding=\"async\" loading=\"lazy\" width=\"1024\" height=\"768\" src=\"https:\/\/i0.wp.com\/www.curierul.ro\/wp-content\/uploads\/2026\/02\/P4-5-7-scaled.jpg?fit=300%2C225&amp;ssl=1\" alt class=\"wp-image-196331\"><\/figure>\n<\/blockquote>\n<blockquote class=\"wp-block-quote is-layout-flow wp-block-quote-is-layout-flow\">\n<p><strong>Declarat membru de onoare al Camerei de Comer\u021b \u0219i Industrie V\u00e2lcea, Georges Fischer a subliniat:<\/strong><\/p>\n<p><\/p>\n<p>\u201e<em>Domnule pre\u0219edinte, \u0219ti\u021bi c\u0103, \u00een orice limb\u0103 ar fi s\u0103 vorbesc, eu \u00eencep mereu cu o glum\u0103\u2026 c\u00e2nd am primit propunerea dumneavoastr\u0103 s\u0103 devin membru de onoare al Camerei de Comer\u021b \u0219i Industrie V\u00e2lcea, recunosc c\u0103 am ezitat un pic pentru c\u0103, \u00een fran\u021buze\u0219te, membru de onoare mai \u00eenseamn\u0103 \u0219i membru\u2026 donator\u2026am vrut s\u0103 m\u0103 asigur c\u0103 r\u0103m\u00e2ne doar onoarea\u2026 \u0218i, pentru mine, chiar este o real\u0103 \u0219i mare onoare s\u0103 primesc acel statut, am venit direct de la Paris pentru acest moment. \u0218i este mai mult de at\u00e2t, este \u00eenc\u0103 un semn de prietenie, dup\u0103 at\u00e2\u021bia ani. Este o reconfirmare c\u0103 rela\u021biile dintre organiza\u021bii pot s\u0103 devin\u0103 personal amicale. V\u0103d \u00een gestul dumneavoastr\u0103 un semn de recuno\u0219tin\u021b\u0103 pentru tot ceea ce am f\u0103cut \u00een cadrul re\u021belelor camerelor, pentru \u00eemputernicirea camerelor, pentru dezvoltarea serviciilor, pentru \u00eembun\u0103t\u0103\u021birea situa\u021biei financiare. Eu sper c-o s\u0103 continu\u0103m s\u0103 fim, s\u0103 r\u0103m\u00e2nem prieteni \u0219i s\u0103 cooper\u0103m la fel pentru dezvoltarea Camerei de Comer\u021b \u0219i Industrie V\u00e2lcea \u0219i din lumea \u00eentreag\u0103. Camerele de Comer\u021b sunt o re\u021bea, un lan\u021b a c\u0103rei putere este dintotdeauna dat\u0103 de cel mai slab. V\u0103 mul\u021bumesc foarte mult!<\/em>\u201d<\/p>\n<\/blockquote>\n<blockquote class=\"wp-block-quote is-layout-flow wp-block-quote-is-layout-flow\">\n<p>I<strong>nvitatul special, Principele Nicolae, a transmis, la r\u00e2ndul s\u0103u urm\u0103torul mesaj:<\/strong><\/p>\n<p><\/p>\n<p>\u201e<em>Bun\u0103 seara \u0219i bine v-am g\u0103sit! Este o mare bucurie s\u0103 fiu aici, s\u0103 m\u0103 \u00eentorc din nou la R\u00e2mnicu V\u00e2lcea. Dar, de data asta, ca un prieten\u2026 dar nu numai. Azi, \u00een urm\u0103 cu o sut\u0103 de ani, a fost \u00eenfiin\u021bat\u0103 Camera de Comer\u021b a V\u00e2lcii \u0219i azi sunt aici \u00een calitate de a cincea genera\u021bie care a sprijinit aceast\u0103 Camer\u0103. \u0218i este o onoare mare pentru mine s\u0103 fiu al\u0103turi de voi nu ca o organiza\u021bie, ca o comunitate de antreprenori, o comunitate de oameni de afaceri\u2026 F\u0103r\u0103 voi, \u00een primul r\u00e2nd, aceast\u0103 camer\u0103 n-ar exista. F\u0103r\u0103 voi, economia local\u0103 n-ar merge \u00eenainte. Antreprenori, oameni de afaceri, voi sunte\u021bi un pilon extrem de important pentru aceast\u0103 \u021bar\u0103, pentru aceast\u0103 comunitate \u0219i pentru asta, eu v\u0103 felicit pentru acest demers \u0219i acest curaj indiferent de problemele pe care le-a\u021bi \u00eent\u00e2lnit \u00een aceast\u0103 c\u0103l\u0103torie. De altfel, felicit fiecare camer\u0103 de comer\u021b pentru aceast\u0103 comunitate. Nu dac\u0103 \u0219ti\u021bi dar, \u00een octombrie 1926, regina Maria a f\u0103cut o c\u0103l\u0103torie istoric\u0103, o c\u0103l\u0103torie extrem de important\u0103 pentru Rom\u00e2nia: a plecat \u00een Statele Unite. Poate a\u021bi v\u0103zut imagini\u2026 e emo\u021bionant c\u00e2nd m\u0103 uit la acest material, cu c\u00e2t entuziasm a fost primit\u0103! Nu a plecat \u00een Statele Unite pentru o c\u0103l\u0103torie, a plecat s\u0103 promoveze Rom\u00e2nia, a plecat s\u0103 c\u00e2\u0219tige \u00eencredere dar misiunea acestei c\u0103l\u0103torii a fost atragerea de investitori pentru Rom\u00e2nia, firmele s\u0103 vin\u0103 \u00een Rom\u00e2nia s\u0103 sprijine economia, s\u0103 sprijine \u021bara, s\u0103 sprijine neamul nostru\u2026 Deci avem dou\u0103 s\u0103rb\u0103tori \u00een seara asta: demersul reginei Maria \u0219i \u00eenfiin\u021barea Camerei de Comer\u021b \u0219i Industrie a V\u00e2lcii prin decretul regal semnat de str\u0103-str\u0103bunicul meu. V\u0103 urez mult succes! Poate vom avea mai multe provoc\u0103ri \u00een viitor, poate nu\u2026 dar am toat\u0103 \u00eencrederea \u00een aceast\u0103 comunitate, indiferent dac\u0103 vorbim despre R\u00e2mnicu V\u00e2lcea sau alte comunit\u0103\u021bi din alte jude\u021be din \u021bar\u0103. Mult succes, mult spor! \u0218i ave\u021bi un prieten \u00een mine. Mul\u021bumesc mult! Sear\u0103 frumoas\u0103!<\/em>\u201d<\/p>\n<figure data-carousel-extra='{\"blog_id\":1,\"permalink\":\"https:\/\/www.curierul.ro\/asr-principele-nicolae-la-manifestarile-centenarului-camerei-de-comert-si-industrie-valcea\/\"}' class=\"wp-block-gallery has-nested-images columns-default is-cropped wp-block-gallery-2 is-layout-flex wp-block-gallery-is-layout-flex\">\n<figure class=\"wp-block-image size-large\"><img decoding=\"async\" loading=\"lazy\" width=\"611\" height=\"711\" data-id=\"196332\" src=\"https:\/\/i0.wp.com\/www.curierul.ro\/wp-content\/uploads\/2026\/02\/P-4-5-2.jpg?fit=258%2C300&amp;ssl=1\" alt class=\"wp-image-196332\"><\/figure>\n<figure class=\"wp-block-image size-large\"><img decoding=\"async\" loading=\"lazy\" width=\"1024\" height=\"668\" data-id=\"196334\" src=\"https:\/\/i0.wp.com\/www.curierul.ro\/wp-content\/uploads\/2026\/02\/P-4-5-3-1.jpg?fit=300%2C196&amp;ssl=1\" alt class=\"wp-image-196334\"><\/figure>\n<figure class=\"wp-block-image size-large\"><img decoding=\"async\" loading=\"lazy\" width=\"1024\" height=\"768\" data-id=\"196336\" src=\"https:\/\/i0.wp.com\/www.curierul.ro\/wp-content\/uploads\/2026\/02\/P-4-5-4-scaled.jpg?fit=300%2C225&amp;ssl=1\" alt class=\"wp-image-196336\"><\/figure>\n<figure class=\"wp-block-image size-large\"><img decoding=\"async\" loading=\"lazy\" width=\"1024\" height=\"768\" data-id=\"196337\" src=\"https:\/\/i0.wp.com\/www.curierul.ro\/wp-content\/uploads\/2026\/02\/P-4-5-5-1-scaled.jpg?fit=300%2C225&amp;ssl=1\" alt class=\"wp-image-196337\"><\/figure>\n<figure class=\"wp-block-image size-large\"><img decoding=\"async\" loading=\"lazy\" width=\"1024\" height=\"768\" data-id=\"196335\" src=\"https:\/\/i0.wp.com\/www.curierul.ro\/wp-content\/uploads\/2026\/02\/P-4-5-6-scaled.jpg?fit=300%2C225&amp;ssl=1\" alt class=\"wp-image-196335\"><\/figure>\n<figure class=\"wp-block-image size-large\"><img decoding=\"async\" loading=\"lazy\" width=\"1024\" height=\"698\" data-id=\"196333\" src=\"https:\/\/i0.wp.com\/www.curierul.ro\/wp-content\/uploads\/2026\/02\/P4-5-1-1.jpg?fit=300%2C204&amp;ssl=1\" alt class=\"wp-image-196333\"><\/figure>\n<figure class=\"wp-block-image size-large\"><img decoding=\"async\" loading=\"lazy\" width=\"1024\" height=\"768\" data-id=\"196338\" src=\"https:\/\/i0.wp.com\/www.curierul.ro\/wp-content\/uploads\/2026\/02\/P4-5-7-1-scaled.jpg?fit=300%2C225&amp;ssl=1\" alt class=\"wp-image-196338\"><\/figure>\n<figure class=\"wp-block-image size-large\"><img decoding=\"async\" loading=\"lazy\" width=\"1024\" height=\"667\" data-id=\"196339\" src=\"https:\/\/i0.wp.com\/www.curierul.ro\/wp-content\/uploads\/2026\/02\/P4-5.jpg?fit=300%2C196&amp;ssl=1\" alt class=\"wp-image-196339\"><\/figure>\n<\/figure>\n<\/blockquote>\n<div class=\"sharedaddy sd-sharing-enabled\">\n<div class=\"robots-nocontent sd-block sd-social sd-social-official sd-sharing\">\n<h3 class=\"sd-title\">Distribuie pe:<\/h3>\n<div class=\"sd-content\">\n<ul>\n<li class=\"share-facebook\">\n<li class=\"share-twitter\"><a href=\"https:\/\/twitter.com\/share\" class=\"twitter-share-button\" data-url=\"https:\/\/www.curierul.ro\/asr-principele-nicolae-la-manifestarile-centenarului-camerei-de-comert-si-industrie-valcea\/\" data-text=\"ASR PRINCIPELE NICOLAE LA MANIFEST\u0102RILE CENTENARULUI CAMEREI DE COMER\u021a \u0218I INDUSTRIE V\u00c2LCEA\" data-via=\"curierulvl\">Tweet<\/a><\/li>\n<li class=\"share-jetpack-whatsapp\"><a rel=\"nofollow noopener noreferrer\" data-shared=\"sharing-whatsapp-196323\" class=\"share-jetpack-whatsapp sd-button\" href=\"https:\/\/www.curierul.ro\/asr-principele-nicolae-la-manifestarile-centenarului-camerei-de-comert-si-industrie-valcea\/?share=jetpack-whatsapp\" target=\"_blank\" aria-labelledby=\"sharing-whatsapp-196323\"><span id=\"sharing-whatsapp-196323\" hidden>D\u0103 clic pentru partajare pe WhatsApp(Se deschide \u00eentr-o fereastr\u0103 nou\u0103)<\/span><span>WhatsApp<\/span><\/a><\/li>\n<li><a href=\"https:\/\/www.curierul.ro\/asr-principele-nicolae-la-manifestarile-centenarului-camerei-de-comert-si-industrie-valcea\/\" class=\"sharing-anchor sd-button share-more\"><span>Mai mult<\/span><\/a><\/li>\n<li class=\"share-end\"><\/ul>\n<div class=\"sharing-hidden\">\n<div class=\"inner\">\n<ul>\n<li class=\"share-email\"><a rel=\"nofollow noopener noreferrer\" data-shared=\"sharing-email-196323\" class=\"share-email sd-button\" href=\"mailto:?subject=%5BArticol%20partajat%5D%20ASR%20PRINCIPELE%20NICOLAE%20LA%20MANIFEST%C4%82RILE%20CENTENARULUI%20CAMEREI%20DE%20COMER%C8%9A%20%C8%98I%20INDUSTRIE%20V%C3%82LCEA&amp;body=https%3A%2F%2Fwww.curierul.ro%2Fasr-principele-nicolae-la-manifestarile-centenarului-camerei-de-comert-si-industrie-valcea%2F&amp;share=email\" target=\"_blank\" aria-labelledby=\"sharing-email-196323\" data-email-share-error-title=\"\u021ai-ai configurat emailul?\" data-email-share-error-text=\"Dac\u0103 ai probleme la partajarea prin email, probabil nu ai configurat emailul pentru navigator. Poate trebuie s\u0103 creezi singur un email nou.\" data-email-share-nonce=\"b9847e099f\" data-email-share-track-url=\"https:\/\/www.curierul.ro\/asr-principele-nicolae-la-manifestarile-centenarului-camerei-de-comert-si-industrie-valcea\/?share=email\"><span id=\"sharing-email-196323\" hidden>D\u0103 clic pentru a trimite o leg\u0103tur\u0103 prin email unui prieten(Se deschide \u00eentr-o fereastr\u0103 nou\u0103)<\/span><span>Email<\/span><\/a><\/li>\n<li class=\"share-print\"><a rel=\"nofollow noopener noreferrer\" data-shared=\"sharing-print-196323\" class=\"share-print sd-button\" href=\"https:\/\/www.curierul.ro\/asr-principele-nicolae-la-manifestarile-centenarului-camerei-de-comert-si-industrie-valcea\/#print?share=print\" target=\"_blank\" aria-labelledby=\"sharing-print-196323\"><span id=\"sharing-print-196323\" hidden>D\u0103 clic pentru a imprima(Se deschide \u00eentr-o fereastr\u0103 nou\u0103)<\/span><span>Imprimare<\/span><\/a><\/li>\n<li class=\"share-end\"><\/ul>\n<\/div>\n<\/div>\n<\/div>\n<\/div>\n<\/div>\n<div id=\"jp-relatedposts\" class=\"jp-relatedposts\">\n<h3 class=\"jp-relatedposts-headline\"><em>Similare<\/em><\/h3>\n<\/div>\n<footer class=\"post-footer\">\n<p class=\"tags\"><strong>Tags: <\/strong><a href=\"https:\/\/www.curierul.ro\/tag\/cci\/\" rel=\"tag\">CCI<\/a>, <a href=\"https:\/\/www.curierul.ro\/tag\/centenar-camera-de-comert-si-industrie-valcea\/\" rel=\"tag\">Centenar Camera de Comer\u021b \u0219i Industrie V\u00e2lcea<\/a>, <a href=\"https:\/\/www.curierul.ro\/tag\/principele-nicolae\/\" rel=\"tag\">principele Nicolae<\/a><\/p>\n<div class=\"post-navigation clearfix\">\n<div class=\"previous-post\">\n<div class=\"featured-photo\"><img decoding=\"async\" width=\"1360\" height=\"768\" src=\"https:\/\/i0.wp.com\/www.curierul.ro\/wp-content\/uploads\/2026\/02\/sol.jpg?fit=300%2C169&amp;ssl=1\" class=\"attachment-post-thumbnail size-post-thumbnail wp-post-image\" alt loading=\"lazy\"><\/div>\n<p class=\"paginate-title\">\u00ab\u00ab <a href=\"https:\/\/www.curierul.ro\/greseala-care-iti-compromite-dezinfectarea-solului-fara-sa-ti-dai-seama\/\" rel=\"prev\">Gre\u0219eala care \u00ee\u021bi compromite dezinfectarea solului f\u0103r\u0103 s\u0103-\u021bi dai seama<\/a><\/p>\n<\/div>\n<div class=\"next-post\">\n<div class=\"featured-photo\"><img decoding=\"async\" width=\"2560\" height=\"1920\" src=\"https:\/\/i0.wp.com\/www.curierul.ro\/wp-content\/uploads\/2026\/02\/FOND-1-scaled.jpg?fit=300%2C225&amp;ssl=1\" class=\"attachment-post-thumbnail size-post-thumbnail wp-post-image\" alt loading=\"lazy\"><\/div>\n<p class=\"paginate-title\"><a href=\"https:\/\/www.curierul.ro\/curierul-de-valcea-premiat-la-centenarul-camerei-de-comert-si-industrie-valcea\/\" rel=\"next\">Curierul de V\u00e2lcea, premiat la Centenarul Camerei de Comer\u021b \u0219i Industrie V\u00e2lcea<\/a> \u00bb\u00bb<\/p>\n<\/div>\n<\/div>\n<div id=\"comments\" class=\"comments-area\">\n<h2 class=\"comments-title\">\n\t\t\t1 thought on \u201c<span>ASR PRINCIPELE NICOLAE LA MANIFEST\u0102RILE CENTENARULUI CAMEREI DE COMER\u021a \u0218I INDUSTRIE V\u00c2LCEA<\/span>\u201d\t\t<\/h2>\n<ol class=\"comment-list\">\n<li id=\"comment-5906\" class=\"pingback even thread-even depth-1\">\n<div class=\"comment-body\">\n\t\t\t\tPingback: <a href=\"https:\/\/www.curierul.ro\/curierul-de-valcea-premiat-la-centenarul-camerei-de-comert-si-industrie-valcea\/\" class=\"url\" rel=\"ugc\">Curierul de V\u00e2lcea, premiat la Centenarul Camerei de Comer\u021b \u0219i Industrie V\u00e2lcea \u2013 Curierul de V\u00e2lcea<\/a><\/div>\n<\/li>\n<\/ol>\n<div id=\"respond\" class=\"comment-respond\">\n<h3 id=\"reply-title\" class=\"comment-reply-title\">Po\u021bi comenta aici<small><a rel=\"nofollow\" id=\"cancel-comment-reply-link\" href=\"https:\/\/www.curierul.ro\/asr-principele-nicolae-la-manifestarile-centenarului-camerei-de-comert-si-industrie-valcea\/#respond\">Anuleaz\u0103 r\u0103spunsul<\/a><\/small><\/h3>\n<\/div>\n<p class=\"akismet_comment_form_privacy_notice\">Acest site folose\u0219te Akismet pentru a reduce spamul. <a href=\"https:\/\/akismet.com\/privacy\/\" target=\"_blank\" rel=\"nofollow noopener\">Afl\u0103 cum sunt procesate datele comentariilor tale<\/a>.<\/p>\n<\/div>\n<section class=\"related-stories\">\n<h2>Related Stories<\/h2>\n<div class=\"stories-container\">\n<article id=\"latest-196342\" class=\"story post-196342 post type-post status-publish format-standard has-post-thumbnail hentry category-actualitate category-eveniment-social category-impact category-social tag-cci tag-curierul-de-valcea\">\n<div class=\"photo\"><img decoding=\"async\" width=\"735\" height=\"440\" src=\"https:\/\/i0.wp.com\/www.curierul.ro\/wp-content\/uploads\/2026\/02\/FOND-1-scaled.jpg?fit=300%2C225&amp;ssl=1\" class=\"attachment-giornalismo-single size-giornalismo-single wp-post-image\" alt loading=\"lazy\"><\/div>\n<p class=\"headline\"><a href=\"https:\/\/www.curierul.ro\/curierul-de-valcea-premiat-la-centenarul-camerei-de-comert-si-industrie-valcea\/\">Curierul de V\u00e2lcea, premiat la Centenarul Camerei de Comer\u021b \u0219i Industrie V\u00e2lcea<\/a><\/p>\n<\/article>\n<article id=\"latest-184942\" class=\"story post-184942 post type-post status-publish format-standard has-post-thumbnail hentry category-actualitate category-economie tag-cci tag-gala-ecomiei-2023 tag-gala-economiei-valcene\">\n<div class=\"photo\"><img decoding=\"async\" width=\"735\" height=\"440\" src=\"https:\/\/i0.wp.com\/www.curierul.ro\/wp-content\/uploads\/2023\/10\/GALA-2-scaled.jpg?fit=300%2C214&amp;ssl=1\" class=\"attachment-giornalismo-single size-giornalismo-single wp-post-image\" alt loading=\"lazy\"><\/div>\n<p class=\"headline\"><a href=\"https:\/\/www.curierul.ro\/economia-valceana-s-a-intors-la-gala-camerei-de-comert-si-industrie\/\">Economia v\u00e2lcean\u0103 s-a \u00eentors la Gala Camerei de Comer\u021b \u0219i Industrie<\/a><\/p>\n<\/article>\n<article id=\"latest-152251\" class=\"story post-152251 post type-post status-publish format-standard has-post-thumbnail hentry category-actualitate category-economie category-eveniment-social category-impact tag-cci tag-firme-din-valcea tag-topul-firmelor\">\n<div class=\"photo\"><img decoding=\"async\" width=\"735\" height=\"440\" src=\"https:\/\/i0.wp.com\/www.curierul.ro\/wp-content\/uploads\/2017\/07\/cci-sediu-e1676372712191.jpg?fit=300%2C146&amp;ssl=1\" class=\"attachment-giornalismo-single size-giornalismo-single wp-post-image\" alt loading=\"lazy\"><\/div>\n<p class=\"headline\"><a href=\"https:\/\/www.curierul.ro\/topul-firmelor-valcene-programat-pentru-17-septembrie\/\">TOPUL FIRMELOR V\u00c2LCENE, programat pentru 17 septembrie<\/a><\/p>\n<\/article>\n<\/div>\n<\/section>\n<section class=\"latest-category clearfix\">\n<h2 class=\"title\">More Stories From Actualitate<\/h2>\n<div class=\"stories-container\">\n<article id=\"related-196342\" class=\"story post-196342 post type-post status-publish format-standard has-post-thumbnail hentry category-actualitate category-eveniment-social category-impact category-social tag-cci tag-curierul-de-valcea\">\n<div class=\"photo\"><img decoding=\"async\" width=\"735\" height=\"440\" src=\"https:\/\/i0.wp.com\/www.curierul.ro\/wp-content\/uploads\/2026\/02\/FOND-1-scaled.jpg?fit=300%2C225&amp;ssl=1\" class=\"attachment-giornalismo-single size-giornalismo-single wp-post-image\" alt loading=\"lazy\"><\/div>\n<p class=\"headline\"><a href=\"https:\/\/www.curierul.ro\/curierul-de-valcea-premiat-la-centenarul-camerei-de-comert-si-industrie-valcea\/\">Curierul de V\u00e2lcea, premiat la Centenarul Camerei de Comer\u021b \u0219i Industrie V\u00e2lcea<\/a><\/p>\n<\/article>\n<article id=\"related-196320\" class=\"story post-196320 post type-post status-publish format-standard has-post-thumbnail hentry category-actualitate category-agricultura tag-articol-de-la-partener\">\n<div class=\"photo\"><img decoding=\"async\" width=\"735\" height=\"440\" src=\"https:\/\/i0.wp.com\/www.curierul.ro\/wp-content\/uploads\/2026\/02\/sol.jpg?fit=300%2C169&amp;ssl=1\" class=\"attachment-giornalismo-single size-giornalismo-single wp-post-image\" alt loading=\"lazy\"><\/div>\n<p class=\"headline\"><a href=\"https:\/\/www.curierul.ro\/greseala-care-iti-compromite-dezinfectarea-solului-fara-sa-ti-dai-seama\/\">Gre\u0219eala care \u00ee\u021bi compromite dezinfectarea solului f\u0103r\u0103 s\u0103-\u021bi dai seama<\/a><\/p>\n<\/article>\n<article id=\"related-196296\" class=\"story post-196296 post type-post status-publish format-standard has-post-thumbnail hentry category-actualitate category-economie category-eveniment-social category-headlines tag-camera-de-comert-si-industrie-valcea-2 tag-centenar tag-invitat tag-principele-nicolae\">\n<div class=\"photo\"><img decoding=\"async\" width=\"735\" height=\"440\" src=\"https:\/\/i0.wp.com\/www.curierul.ro\/wp-content\/uploads\/2026\/02\/FOND.jpg?fit=300%2C200&amp;ssl=1\" class=\"attachment-giornalismo-single size-giornalismo-single wp-post-image\" alt loading=\"lazy\"><\/div>\n<p class=\"headline\"><a href=\"https:\/\/www.curierul.ro\/astazi-principele-nicolae-este-invitatul-special-al-centenarului-camerei-de-comert-si-industrie-valcea\/\">Ast\u0103zi, Principele Nicolae este invitatul special al Centenarului Camerei de Comer\u021b \u0219i Industrie V\u00e2lcea<\/a><\/p>\n<\/article>\n<\/div>\n<\/section>\n<section class=\"author-bio clearfix\">\n<div class=\"mug-shot\"><img decoding=\"async\" alt src=\"https:\/\/secure.gravatar.com\/avatar\/71797bb2441db6347bb197c6f7923349c8f14a8f4a1cae2dc340b7586da67587?s=96&amp;d=mm&amp;r=g\" class=\"avatar avatar-96 photo\" height=\"96\" width=\"96\" loading=\"lazy\"><\/div>\n<div class=\"author-info\">\n<p class=\"title\">About Ionut Popa, <\/p>\n<div class=\"author-social-area\"><a href=\"mailto:ipopa@curierul.ro\"><span class=\"fal fa-envelope\"><span class=\"screen-reader-text\">Email the Author<\/span><\/span><\/a><\/div>\n<\/div>\n<\/section>\n<\/footer>\n<\/article>\n<article id=\"latest-196342\" class=\"story post-196342 post type-post status-publish format-standard has-post-thumbnail hentry category-actualitate category-eveniment-social category-impact category-social tag-cci tag-curierul-de-valcea\">\n<div class=\"photo\"><img decoding=\"async\" width=\"735\" height=\"440\" src=\"https:\/\/i0.wp.com\/www.curierul.ro\/wp-content\/uploads\/2026\/02\/FOND-1-scaled.jpg?fit=300%2C225&amp;ssl=1\" class=\"attachment-giornalismo-single size-giornalismo-single wp-post-image\" alt loading=\"lazy\"><\/div>\n<p class=\"headline\"><a href=\"https:\/\/www.curierul.ro\/curierul-de-valcea-premiat-la-centenarul-camerei-de-comert-si-industrie-valcea\/\">Curierul de V\u00e2lcea, premiat la Centenarul Camerei de Comer\u021b \u0219i Industrie V\u00e2lcea<\/a><\/p>\n<\/article>\n<article id=\"latest-184942\" class=\"story post-184942 post type-post status-publish format-standard has-post-thumbnail hentry category-actualitate category-economie tag-cci tag-gala-ecomiei-2023 tag-gala-economiei-valcene\">\n<div class=\"photo\"><img decoding=\"async\" width=\"735\" height=\"440\" src=\"https:\/\/i0.wp.com\/www.curierul.ro\/wp-content\/uploads\/2023\/10\/GALA-2-scaled.jpg?fit=300%2C214&amp;ssl=1\" class=\"attachment-giornalismo-single size-giornalismo-single wp-post-image\" alt loading=\"lazy\"><\/div>\n<p class=\"headline\"><a href=\"https:\/\/www.curierul.ro\/economia-valceana-s-a-intors-la-gala-camerei-de-comert-si-industrie\/\">Economia v\u00e2lcean\u0103 s-a \u00eentors la Gala Camerei de Comer\u021b \u0219i Industrie<\/a><\/p>\n<\/article>\n<article id=\"latest-152251\" class=\"story post-152251 post type-post status-publish format-standard has-post-thumbnail hentry category-actualitate category-economie category-eveniment-social category-impact tag-cci tag-firme-din-valcea tag-topul-firmelor\">\n<div class=\"photo\"><img decoding=\"async\" width=\"735\" height=\"440\" src=\"https:\/\/i0.wp.com\/www.curierul.ro\/wp-content\/uploads\/2017\/07\/cci-sediu-e1676372712191.jpg?fit=300%2C146&amp;ssl=1\" class=\"attachment-giornalismo-single size-giornalismo-single wp-post-image\" alt loading=\"lazy\"><\/div>\n<p class=\"headline\"><a href=\"https:\/\/www.curierul.ro\/topul-firmelor-valcene-programat-pentru-17-septembrie\/\">TOPUL FIRMELOR V\u00c2LCENE, programat pentru 17 septembrie<\/a><\/p>\n<\/article>\n<article id=\"related-196342\" class=\"story post-196342 post type-post status-publish format-standard has-post-thumbnail hentry category-actualitate category-eveniment-social category-impact category-social tag-cci tag-curierul-de-valcea\">\n<div class=\"photo\"><img decoding=\"async\" width=\"735\" height=\"440\" src=\"https:\/\/i0.wp.com\/www.curierul.ro\/wp-content\/uploads\/2026\/02\/FOND-1-scaled.jpg?fit=300%2C225&amp;ssl=1\" class=\"attachment-giornalismo-single size-giornalismo-single wp-post-image\" alt loading=\"lazy\"><\/div>\n<p class=\"headline\"><a href=\"https:\/\/www.curierul.ro\/curierul-de-valcea-premiat-la-centenarul-camerei-de-comert-si-industrie-valcea\/\">Curierul de V\u00e2lcea, premiat la Centenarul Camerei de Comer\u021b \u0219i Industrie V\u00e2lcea<\/a><\/p>\n<\/article>\n<article id=\"related-196320\" class=\"story post-196320 post type-post status-publish format-standard has-post-thumbnail hentry category-actualitate category-agricultura tag-articol-de-la-partener\">\n<div class=\"photo\"><img decoding=\"async\" width=\"735\" height=\"440\" src=\"https:\/\/i0.wp.com\/www.curierul.ro\/wp-content\/uploads\/2026\/02\/sol.jpg?fit=300%2C169&amp;ssl=1\" class=\"attachment-giornalismo-single size-giornalismo-single wp-post-image\" alt loading=\"lazy\"><\/div>\n<p class=\"headline\"><a href=\"https:\/\/www.curierul.ro\/greseala-care-iti-compromite-dezinfectarea-solului-fara-sa-ti-dai-seama\/\">Gre\u0219eala care \u00ee\u021bi compromite dezinfectarea solului f\u0103r\u0103 s\u0103-\u021bi dai seama<\/a><\/p>\n<\/article>\n<article id=\"related-196296\" class=\"story post-196296 post type-post status-publish format-standard has-post-thumbnail hentry category-actualitate category-economie category-eveniment-social category-headlines tag-camera-de-comert-si-industrie-valcea-2 tag-centenar tag-invitat tag-principele-nicolae\">\n<div class=\"photo\"><img decoding=\"async\" width=\"735\" height=\"440\" src=\"https:\/\/i0.wp.com\/www.curierul.ro\/wp-content\/uploads\/2026\/02\/FOND.jpg?fit=300%2C200&amp;ssl=1\" class=\"attachment-giornalismo-single size-giornalismo-single wp-post-image\" alt loading=\"lazy\"><\/div>\n<p class=\"headline\"><a href=\"https:\/\/www.curierul.ro\/astazi-principele-nicolae-este-invitatul-special-al-centenarului-camerei-de-comert-si-industrie-valcea\/\">Ast\u0103zi, Principele Nicolae este invitatul special al Centenarului Camerei de Comer\u021b \u0219i Industrie V\u00e2lcea<\/a><\/p>\n<\/article>\n<p>[analyse_source url=&#8221;https:\/\/www.curierul.ro\/asr-principele-nicolae-la-manifestarile-centenarului-camerei-de-comert-si-industrie-valcea\/&#8221;]<\/p>\n","protected":false},"excerpt":{"rendered":"<p>[analyse_image type=&#8221;featured&#8221; src=&#8221;https:\/\/www.curierul.ro\/wp-content\/uploads\/2026\/02\/P-4-5-5-scaled.jpghttps:\/\/i0.wp.com\/www.curierul.ro\/wp-content\/uploads\/2026\/02\/P-4-5-5-scaled.jpg?fit=1200%2C900&amp;ssl=1&#8243;] Home Actualitate ASR PRINCIPELE NICOLAE LA MANIFEST\u0102RILE CENTENARULUI CAMEREI DE COMER\u021a \u0218I INDUSTRIE V\u00c2LCEA ASR PRINCIPELE NICOLAE LA MANIFEST\u0102RILE CENTENARULUI CAMEREI DE COMER\u021a \u0218I INDUSTRIE V\u00c2LCEA Scris deIonut Popa, 15 februarie 2026 \u2022 str-str\u0103nepotul lui Ferdinand \u00centregitorul a fermecat prin modestie \u0219i elegan\u021b\u0103 Vineri, 13 februarie, Camera de Comer\u021b \u0219i Industrie V\u00e2lcea [&hellip;]<\/p>\n","protected":false},"author":1,"featured_media":0,"comment_status":"open","ping_status":"","sticky":false,"template":"","format":"standard","meta":{"footnotes":""},"categories":[89],"tags":[226,213],"class_list":["post-1772840","post","type-post","status-publish","format-standard","hentry","category-romania","tag-crawlmanager","tag-curierul-ro"],"_links":{"self":[{"href":"https:\/\/analyse.optim.biz\/index.php?rest_route=\/wp\/v2\/posts\/1772840","targetHints":{"allow":["GET"]}}],"collection":[{"href":"https:\/\/analyse.optim.biz\/index.php?rest_route=\/wp\/v2\/posts"}],"about":[{"href":"https:\/\/analyse.optim.biz\/index.php?rest_route=\/wp\/v2\/types\/post"}],"author":[{"embeddable":true,"href":"https:\/\/analyse.optim.biz\/index.php?rest_route=\/wp\/v2\/users\/1"}],"replies":[{"embeddable":true,"href":"https:\/\/analyse.optim.biz\/index.php?rest_route=%2Fwp%2Fv2%2Fcomments&post=1772840"}],"version-history":[{"count":0,"href":"https:\/\/analyse.optim.biz\/index.php?rest_route=\/wp\/v2\/posts\/1772840\/revisions"}],"wp:attachment":[{"href":"https:\/\/analyse.optim.biz\/index.php?rest_route=%2Fwp%2Fv2%2Fmedia&parent=1772840"}],"wp:term":[{"taxonomy":"category","embeddable":true,"href":"https:\/\/analyse.optim.biz\/index.php?rest_route=%2Fwp%2Fv2%2Fcategories&post=1772840"},{"taxonomy":"post_tag","embeddable":true,"href":"https:\/\/analyse.optim.biz\/index.php?rest_route=%2Fwp%2Fv2%2Ftags&post=1772840"}],"curies":[{"name":"wp","href":"https:\/\/api.w.org\/{rel}","templated":true}]}}