{"id":1772814,"date":"2026-02-12T19:40:32","date_gmt":"2026-02-12T16:40:32","guid":{"rendered":"https:\/\/analyse.optim.biz\/?p=1772814"},"modified":"2026-02-12T19:40:32","modified_gmt":"2026-02-12T16:40:32","slug":"prozatorul-si-poetul-robert-serban-noul-presedinte-al-filialei-timisoara-a-uniunii-scriitorilor-din-romania","status":"publish","type":"post","link":"https:\/\/analyse.optim.biz\/?p=1772814","title":{"rendered":"Prozatorul \u0219i poetul Robert \u0218erban, noul pre\u0219edinte al Filialei Timi\u0219oara a Uniunii Scriitorilor din Rom\u00e2nia"},"content":{"rendered":"<p>[analyse_image type=&#8221;featured&#8221; src=&#8221;https:\/\/gazetadinvest.ro\/wp-content\/uploads\/2026\/02\/serban.jpg&#8221;]<\/p>\n<div class=\"td-post-content tagdiv-type\">\n<div class=\"td-post-featured-image\"><a href=\"https:\/\/gazetadinvest.ro\/wp-content\/uploads\/2026\/02\/serban.jpg\" data-caption><img loading=\"lazy\" decoding=\"async\" width=\"696\" height=\"522\" class=\"entry-thumb td-modal-image\" src=\"https:\/\/gazetadinvest.ro\/wp-content\/uploads\/2026\/02\/serban-696x522.jpg\" alt title=\"serban\"><\/a><\/div>\n<p><strong>Adunarea General\u0103 Extraordinar\u0103 a membrilor Filialei Timi\u0219oara a Uniunii Scriitorilor din Rom\u00e2nia, de joi, 12 februarie2026, condus\u0103 de Varujan Vosganian, pre\u0219edintele Uniunii Scriitorilor din Rom\u00e2nia, l-a ales pe cunoscutul om de cultur\u0103 Robert \u0218erban \u00een func\u021bia pre\u0219edinte al Filialei Timi\u0219oara a Uniunii Scriitorilor din Rom\u00e2nia, func\u021bie r\u0103mas\u0103 vacant\u0103 dup\u0103 plecarea dintre noi a regretatului Cornel Ungureanu, mentorul s\u0103u.<\/strong><\/p>\n<p>Robert \u0218erban este o figur\u0103 binecunoscut\u0103 nu doar publicului timi\u0219orean, ci \u00eentregii lumi culturale din \u021bar\u0103 \u0219i din str\u0103in\u0103tate, prin activitatea constant\u0103 ca scriitor, jurnalist, at\u00e2t \u00een presa scris\u0103, c\u00e2t \u0219i la radio \u0219i televiziune, ca moderator \u0219i realizator, inclusiv \u00een mediul online, dar \u0219i editor de carte, profesor de jurnalistic\u0103 la nivel universitar. Personalitate complex\u0103, Robert \u0218erban a prezentat \u0219i prezint\u0103 \u00een continuare arti\u0219ti plastici \u00een spa\u021biul cultural b\u0103n\u0103\u021bean, vernis\u00e2nd multe expozi\u021bii, inclusiv de fotografie, fiind prezent al\u0103turi de scriitori la numeroase lans\u0103ri de carte, pe care le recomand\u0103 \u0219i \u00een emisiunile sale televizate. Este unul dintre pu\u021binii scriitori din genera\u021bia actual\u0103 tradus \u00een numeroase limbi, cu particip\u0103ri la expozi\u021bii \u0219i t\u00e2rguri de carte interna\u021bionale.<\/p>\n<p>Robert \u015eerban s-a n\u0103scut la 4 octombrie 1970, la Turnu Severin, dar, devenind timi\u0219oarean din 1990, s-a \u00eencadrat perfect \u00een spa\u021biul s\u0103u cultural, pe care l-a \u00eembog\u0103\u021bit continuu. \u00cel felicit\u0103m din inim\u0103 \u0219i-i ur\u0103m mult\u0103 s\u0103n\u0103tate \u0219i putere, fiind convin\u0219i c\u0103 va avea succes \u0219i \u00een noua responsabilitate, c\u0103 va contribui cel pu\u021bin la fel de activ la promovarea c\u0103r\u021bii \u0219i a valorilor literare.<\/p>\n<p><em>\u201cSunt onorat c\u0103 ai mei colegi m-au votat pentru aceast\u0103 func\u0163ie care presupune, \u00een primul r\u00e2nd, o \u015fi mai mare implicare a mea \u00een via\u0163a Filialei, via\u0163\u0103 \u00een care, de altminteri, sunt implicat de mult timp. E o postur\u0103 care oblig\u0103, o postur\u0103 din care se pot face multe lucruri frumoase\u201d,<\/em> a declarat Robert \u015eerban imediat dup\u0103 finalizarea alegerilor.<\/p>\n<p>\u00cen direct la Radio Timi\u0219oara, Robert \u0218erban a reiterat: <em>\u201c\u00cen lumea literar\u0103, func\u021biile \u021bin mai mult de onoare dec\u00e2t de pragmatism, dar eu cred c\u0103 se pot schimba. A fi \u00eenvestit cu o astfel de postur\u0103 de c\u0103tre colegii t\u0103i \u00eenseamn\u0103 foarte multe responsabilitate \u0219i cred c\u0103 se pot face mult mai multe lucruri dec\u00e2t s\u0103 scriem. Scriitorul, \u00een primul r\u00e2nd, asta \u0219tie s\u0103 fac\u0103, s\u0103 stea \u00een singur\u0103tate \u0219i s\u0103-\u0219i scrie c\u0103r\u021bile. Cred c\u0103 Uniunea Scriitorilor asta trebuie s\u0103 fac\u0103, trebuie s\u0103 atrag\u0103 aten\u021bia asupra valorii care r\u0103m\u00e2ne cartea, o valoare formidabil\u0103, o valoare care a f\u0103cut ca lumea s\u0103 ajung\u0103 ast\u0103zi aici, iar cititul trebuie s\u0103 r\u0103m\u00e2n\u0103 \u00een continuare un exerci\u021biu al min\u021bii ce trebuie practicat zi de zi\u201d.<\/em><\/p>\n<p>A consemnat Daniela V\u0103leanu<\/p>\n<\/div>\n<div class=\"td-post-content tagdiv-type\">\n<div class=\"td-post-featured-image\"><a href=\"https:\/\/gazetadinvest.ro\/wp-content\/uploads\/2026\/02\/serban.jpg\" data-caption><img loading=\"lazy\" decoding=\"async\" width=\"696\" height=\"522\" class=\"entry-thumb td-modal-image\" src=\"https:\/\/gazetadinvest.ro\/wp-content\/uploads\/2026\/02\/serban-696x522.jpg\" alt title=\"serban\"><\/a><\/div>\n<p><strong>Adunarea General\u0103 Extraordinar\u0103 a membrilor Filialei Timi\u0219oara a Uniunii Scriitorilor din Rom\u00e2nia, de joi, 12 februarie2026, condus\u0103 de Varujan Vosganian, pre\u0219edintele Uniunii Scriitorilor din Rom\u00e2nia, l-a ales pe cunoscutul om de cultur\u0103 Robert \u0218erban \u00een func\u021bia pre\u0219edinte al Filialei Timi\u0219oara a Uniunii Scriitorilor din Rom\u00e2nia, func\u021bie r\u0103mas\u0103 vacant\u0103 dup\u0103 plecarea dintre noi a regretatului Cornel Ungureanu, mentorul s\u0103u.<\/strong><\/p>\n<p>Robert \u0218erban este o figur\u0103 binecunoscut\u0103 nu doar publicului timi\u0219orean, ci \u00eentregii lumi culturale din \u021bar\u0103 \u0219i din str\u0103in\u0103tate, prin activitatea constant\u0103 ca scriitor, jurnalist, at\u00e2t \u00een presa scris\u0103, c\u00e2t \u0219i la radio \u0219i televiziune, ca moderator \u0219i realizator, inclusiv \u00een mediul online, dar \u0219i editor de carte, profesor de jurnalistic\u0103 la nivel universitar. Personalitate complex\u0103, Robert \u0218erban a prezentat \u0219i prezint\u0103 \u00een continuare arti\u0219ti plastici \u00een spa\u021biul cultural b\u0103n\u0103\u021bean, vernis\u00e2nd multe expozi\u021bii, inclusiv de fotografie, fiind prezent al\u0103turi de scriitori la numeroase lans\u0103ri de carte, pe care le recomand\u0103 \u0219i \u00een emisiunile sale televizate. Este unul dintre pu\u021binii scriitori din genera\u021bia actual\u0103 tradus \u00een numeroase limbi, cu particip\u0103ri la expozi\u021bii \u0219i t\u00e2rguri de carte interna\u021bionale.<\/p>\n<p>Robert \u015eerban s-a n\u0103scut la 4 octombrie 1970, la Turnu Severin, dar, devenind timi\u0219oarean din 1990, s-a \u00eencadrat perfect \u00een spa\u021biul s\u0103u cultural, pe care l-a \u00eembog\u0103\u021bit continuu. \u00cel felicit\u0103m din inim\u0103 \u0219i-i ur\u0103m mult\u0103 s\u0103n\u0103tate \u0219i putere, fiind convin\u0219i c\u0103 va avea succes \u0219i \u00een noua responsabilitate, c\u0103 va contribui cel pu\u021bin la fel de activ la promovarea c\u0103r\u021bii \u0219i a valorilor literare.<\/p>\n<p><em>\u201cSunt onorat c\u0103 ai mei colegi m-au votat pentru aceast\u0103 func\u0163ie care presupune, \u00een primul r\u00e2nd, o \u015fi mai mare implicare a mea \u00een via\u0163a Filialei, via\u0163\u0103 \u00een care, de altminteri, sunt implicat de mult timp. E o postur\u0103 care oblig\u0103, o postur\u0103 din care se pot face multe lucruri frumoase\u201d,<\/em> a declarat Robert \u015eerban imediat dup\u0103 finalizarea alegerilor.<\/p>\n<p>\u00cen direct la Radio Timi\u0219oara, Robert \u0218erban a reiterat: <em>\u201c\u00cen lumea literar\u0103, func\u021biile \u021bin mai mult de onoare dec\u00e2t de pragmatism, dar eu cred c\u0103 se pot schimba. A fi \u00eenvestit cu o astfel de postur\u0103 de c\u0103tre colegii t\u0103i \u00eenseamn\u0103 foarte multe responsabilitate \u0219i cred c\u0103 se pot face mult mai multe lucruri dec\u00e2t s\u0103 scriem. Scriitorul, \u00een primul r\u00e2nd, asta \u0219tie s\u0103 fac\u0103, s\u0103 stea \u00een singur\u0103tate \u0219i s\u0103-\u0219i scrie c\u0103r\u021bile. Cred c\u0103 Uniunea Scriitorilor asta trebuie s\u0103 fac\u0103, trebuie s\u0103 atrag\u0103 aten\u021bia asupra valorii care r\u0103m\u00e2ne cartea, o valoare formidabil\u0103, o valoare care a f\u0103cut ca lumea s\u0103 ajung\u0103 ast\u0103zi aici, iar cititul trebuie s\u0103 r\u0103m\u00e2n\u0103 \u00een continuare un exerci\u021biu al min\u021bii ce trebuie practicat zi de zi\u201d.<\/em><\/p>\n<p>A consemnat Daniela V\u0103leanu<\/p>\n<\/div>\n<p>[analyse_source url=&#8221;https:\/\/gazetadinvest.ro\/prozatorul-si-poetul-robert-serban-noul-presedinte-al-filialei-timisoara-a-uniunii-scriitorilor-din-romania\/&#8221;]<\/p>\n","protected":false},"excerpt":{"rendered":"<p>[analyse_image type=&#8221;featured&#8221; src=&#8221;https:\/\/gazetadinvest.ro\/wp-content\/uploads\/2026\/02\/serban.jpg&#8221;] Adunarea General\u0103 Extraordinar\u0103 a membrilor Filialei Timi\u0219oara a Uniunii Scriitorilor din Rom\u00e2nia, de joi, 12 februarie2026, condus\u0103 de Varujan Vosganian, pre\u0219edintele Uniunii Scriitorilor din Rom\u00e2nia, l-a ales pe cunoscutul om de cultur\u0103 Robert \u0218erban \u00een func\u021bia pre\u0219edinte al Filialei Timi\u0219oara a Uniunii Scriitorilor din Rom\u00e2nia, func\u021bie r\u0103mas\u0103 vacant\u0103 dup\u0103 plecarea dintre noi [&hellip;]<\/p>\n","protected":false},"author":1,"featured_media":0,"comment_status":"open","ping_status":"","sticky":false,"template":"","format":"standard","meta":{"footnotes":""},"categories":[89],"tags":[226,203],"class_list":["post-1772814","post","type-post","status-publish","format-standard","hentry","category-romania","tag-crawlmanager","tag-gazetadinvest-ro"],"_links":{"self":[{"href":"https:\/\/analyse.optim.biz\/index.php?rest_route=\/wp\/v2\/posts\/1772814","targetHints":{"allow":["GET"]}}],"collection":[{"href":"https:\/\/analyse.optim.biz\/index.php?rest_route=\/wp\/v2\/posts"}],"about":[{"href":"https:\/\/analyse.optim.biz\/index.php?rest_route=\/wp\/v2\/types\/post"}],"author":[{"embeddable":true,"href":"https:\/\/analyse.optim.biz\/index.php?rest_route=\/wp\/v2\/users\/1"}],"replies":[{"embeddable":true,"href":"https:\/\/analyse.optim.biz\/index.php?rest_route=%2Fwp%2Fv2%2Fcomments&post=1772814"}],"version-history":[{"count":0,"href":"https:\/\/analyse.optim.biz\/index.php?rest_route=\/wp\/v2\/posts\/1772814\/revisions"}],"wp:attachment":[{"href":"https:\/\/analyse.optim.biz\/index.php?rest_route=%2Fwp%2Fv2%2Fmedia&parent=1772814"}],"wp:term":[{"taxonomy":"category","embeddable":true,"href":"https:\/\/analyse.optim.biz\/index.php?rest_route=%2Fwp%2Fv2%2Fcategories&post=1772814"},{"taxonomy":"post_tag","embeddable":true,"href":"https:\/\/analyse.optim.biz\/index.php?rest_route=%2Fwp%2Fv2%2Ftags&post=1772814"}],"curies":[{"name":"wp","href":"https:\/\/api.w.org\/{rel}","templated":true}]}}