{"id":1772811,"date":"2026-02-12T08:44:35","date_gmt":"2026-02-12T05:44:35","guid":{"rendered":"https:\/\/analyse.optim.biz\/?p=1772811"},"modified":"2026-02-12T08:44:35","modified_gmt":"2026-02-12T05:44:35","slug":"un-nou-vernisaj-deschiderea-expozitiei-geometrii-afective","status":"publish","type":"post","link":"https:\/\/analyse.optim.biz\/?p=1772811","title":{"rendered":"Un nou vernisaj. Deschiderea expozi\u021biei \u201cGeometrii afective\u201d"},"content":{"rendered":"<p>[analyse_image type=&#8221;featured&#8221; src=&#8221;https:\/\/gazetadinvest.ro\/wp-content\/uploads\/2026\/02\/vernisaj.jpg&#8221;]<\/p>\n<div class=\"td-post-content tagdiv-type\">\n<div class=\"td-post-featured-image\"><a href=\"https:\/\/gazetadinvest.ro\/wp-content\/uploads\/2026\/02\/vernisaj.jpg\" data-caption><img loading=\"lazy\" decoding=\"async\" width=\"696\" height=\"409\" class=\"entry-thumb td-modal-image\" src=\"https:\/\/gazetadinvest.ro\/wp-content\/uploads\/2026\/02\/vernisaj-696x409.jpg\" alt title=\"vernisaj\"><\/a><\/div>\n<p><strong>Miercuri, 11 februarie, Galeria Br\u0103teanu din Timi\u0219oara ne-a invitat la un nou eveniment expozi\u021bional de anvergur\u0103: expozi\u021bia colectiv\u0103 de colaj \u0219i asamblaj \u201eGeometrii afective\u201d, expozi\u021bie deschis\u0103 publicului larg \u00een perioada 11\u201328 februarie 2026.<\/strong><\/p>\n<p>De data aceasta, demersul artistic propus de Costin Br\u0103teanu \u00eembin\u0103 dimensiunea emo\u021bional\u0103 a imaginii artistice cu diversitatea structurilor formal-geometrice de mare fine\u021be.<\/p>\n<p>Expozi\u021bia reune\u0219te un num\u0103r impresionant de arti\u0219ti contemporani, cei 50 de creatori aduc\u00e2nd pe simeze lucr\u0103ri de mare valoare. De data aceasta, colajul \u0219i asamblajul ca tehnici vizuale devin practici de construc\u021bie \u0219i reconstruc\u021bie a unor noi sensuri artistice, cu semnifica\u021bii profund afective. Juxtapunerea, fragmentarea \u0219i reconfigurarea material\u0103 compun structuri vizuale extrem de coerente, \u00eenc\u0103rcate de memorie \u0219i afec\u021biune, noi emo\u021bii filtrate prin structur\u0103 \u0219i fragmente care, puse \u00eempreun\u0103, cap\u0103t\u0103 noi forme \u0219i genereaz\u0103 noi sensuri \u0219i sensibilit\u0103\u021bi.<\/p>\n<p>Expozi\u021bia \u201eGeometrii afective\u201d propune o nou\u0103 lectur\u0103 a geometriei, un nou limbaj al tr\u0103irii, nu doar o simpl\u0103 formul\u0103 artistic\u0103. Gestul intim reorganizeaz\u0103 rigoarea formelor \u0219i culorilor, recompun\u00e2nd un spa\u021biu care penduleaz\u0103 \u00eentre intuitiv \u0219i ra\u021bional, d\u00e2nd na\u0219tere unor realit\u0103\u021bi subiective bine conturate vizual, care cap\u0103t\u0103 noi expresivit\u0103\u021bi afective.<\/p>\n<p>Cuv\u00e2ntul de deschidere i-a apar\u021binut prof.univ.dr. Carol David, personalitate marcant\u0103 a mediului artistic \u0219i academic, prezen\u021ba acestuia conferind evenimentului valen\u021be \u00een plus de substan\u021b\u0103 \u0219i autoritate cultural\u0103, ad\u0103ugat\u0103 la lista impresionant\u0103 a arti\u0219tilor participan\u021bi, ce pune \u00een lumin\u0103 marea diversitate \u0219i vitalitate a scenei artistice contemporane: Sorin Nicodim, Ioan Burlacu, Lidia \u0218tef V\u00e2r\u0219\u0103ndan, Daiana Mihaela St\u0103ncioiu, Doru Br\u0103teanu, Angelica Alexa, Liana Trip\u0219a, Diana Harja, Daniela Or\u0103vi\u021banu, Ali Zarioiu, Delia Danciu, Carol David, Dana Catona, Kara Molnar, Tar B\u00e9la, Roxana Netea, Patricia Iusztin Stanga, Radu Cristuinea, Andrei Teodorescu, Ileana Ciobanu Ioanovici, Roxana Donaldson, Greti Adriene Papiu, Nora Novak, Anca-Luiza Zaharia, Alina Magdalena Andreica, Sarah Raluca Miulescu, Elena Felicia Selejan, Geta Adam, Sorina Simona Marandiuc, Dorothea H\u00eerjoi, Suzana F\u00e2nt\u00e2nariu, Cezara-Ana Smuczer, Lia Popescu, Nevena Mirea, Camelia Rusu-Sadovei, Hedy M-Kiss, Moritz Emil, Claudia Marta Junc, Mariana \u021aepe\u0219, Erika Gaudagnin, Mirela Popescu, Daliana Elena Pavel, Adriana Ilin Tomici, Dominika Morariu, Traian Abruda, Daniel Suici, Patricia Bucko, Benedek Zoltan \u00d6rs \u0219i Lucia Preda.<\/p>\n<p>Ca \u00eentotdeauna, \u0219i acest vernisaj reprezint\u0103 mai mult dec\u00e2t o simpl\u0103 expunere a unor opere \u0219i se constituie \u00eentr-o veritabil\u0103 declara\u021bie vibrant\u0103 a vitalit\u0103\u021bii scenei artistice din Timi\u0219oara \u0219i nu numai, care nu doar conserv\u0103 patrimoniul cultural, ci \u00eel cultiv\u0103 \u0219i-l dezvolt\u0103 cu m\u00e2ndrie, o manifestare colectiv\u0103 a talentului creator \u0219i dedica\u021biei artistice.<\/p>\n<p><strong>A consemnat Daniela V\u0103leanu<\/strong><\/p>\n<\/div>\n<div class=\"td-post-content tagdiv-type\">\n<div class=\"td-post-featured-image\"><a href=\"https:\/\/gazetadinvest.ro\/wp-content\/uploads\/2026\/02\/vernisaj.jpg\" data-caption><img loading=\"lazy\" decoding=\"async\" width=\"696\" height=\"409\" class=\"entry-thumb td-modal-image\" src=\"https:\/\/gazetadinvest.ro\/wp-content\/uploads\/2026\/02\/vernisaj-696x409.jpg\" alt title=\"vernisaj\"><\/a><\/div>\n<p><strong>Miercuri, 11 februarie, Galeria Br\u0103teanu din Timi\u0219oara ne-a invitat la un nou eveniment expozi\u021bional de anvergur\u0103: expozi\u021bia colectiv\u0103 de colaj \u0219i asamblaj \u201eGeometrii afective\u201d, expozi\u021bie deschis\u0103 publicului larg \u00een perioada 11\u201328 februarie 2026.<\/strong><\/p>\n<p>De data aceasta, demersul artistic propus de Costin Br\u0103teanu \u00eembin\u0103 dimensiunea emo\u021bional\u0103 a imaginii artistice cu diversitatea structurilor formal-geometrice de mare fine\u021be.<\/p>\n<p>Expozi\u021bia reune\u0219te un num\u0103r impresionant de arti\u0219ti contemporani, cei 50 de creatori aduc\u00e2nd pe simeze lucr\u0103ri de mare valoare. De data aceasta, colajul \u0219i asamblajul ca tehnici vizuale devin practici de construc\u021bie \u0219i reconstruc\u021bie a unor noi sensuri artistice, cu semnifica\u021bii profund afective. Juxtapunerea, fragmentarea \u0219i reconfigurarea material\u0103 compun structuri vizuale extrem de coerente, \u00eenc\u0103rcate de memorie \u0219i afec\u021biune, noi emo\u021bii filtrate prin structur\u0103 \u0219i fragmente care, puse \u00eempreun\u0103, cap\u0103t\u0103 noi forme \u0219i genereaz\u0103 noi sensuri \u0219i sensibilit\u0103\u021bi.<\/p>\n<p>Expozi\u021bia \u201eGeometrii afective\u201d propune o nou\u0103 lectur\u0103 a geometriei, un nou limbaj al tr\u0103irii, nu doar o simpl\u0103 formul\u0103 artistic\u0103. Gestul intim reorganizeaz\u0103 rigoarea formelor \u0219i culorilor, recompun\u00e2nd un spa\u021biu care penduleaz\u0103 \u00eentre intuitiv \u0219i ra\u021bional, d\u00e2nd na\u0219tere unor realit\u0103\u021bi subiective bine conturate vizual, care cap\u0103t\u0103 noi expresivit\u0103\u021bi afective.<\/p>\n<p>Cuv\u00e2ntul de deschidere i-a apar\u021binut prof.univ.dr. Carol David, personalitate marcant\u0103 a mediului artistic \u0219i academic, prezen\u021ba acestuia conferind evenimentului valen\u021be \u00een plus de substan\u021b\u0103 \u0219i autoritate cultural\u0103, ad\u0103ugat\u0103 la lista impresionant\u0103 a arti\u0219tilor participan\u021bi, ce pune \u00een lumin\u0103 marea diversitate \u0219i vitalitate a scenei artistice contemporane: Sorin Nicodim, Ioan Burlacu, Lidia \u0218tef V\u00e2r\u0219\u0103ndan, Daiana Mihaela St\u0103ncioiu, Doru Br\u0103teanu, Angelica Alexa, Liana Trip\u0219a, Diana Harja, Daniela Or\u0103vi\u021banu, Ali Zarioiu, Delia Danciu, Carol David, Dana Catona, Kara Molnar, Tar B\u00e9la, Roxana Netea, Patricia Iusztin Stanga, Radu Cristuinea, Andrei Teodorescu, Ileana Ciobanu Ioanovici, Roxana Donaldson, Greti Adriene Papiu, Nora Novak, Anca-Luiza Zaharia, Alina Magdalena Andreica, Sarah Raluca Miulescu, Elena Felicia Selejan, Geta Adam, Sorina Simona Marandiuc, Dorothea H\u00eerjoi, Suzana F\u00e2nt\u00e2nariu, Cezara-Ana Smuczer, Lia Popescu, Nevena Mirea, Camelia Rusu-Sadovei, Hedy M-Kiss, Moritz Emil, Claudia Marta Junc, Mariana \u021aepe\u0219, Erika Gaudagnin, Mirela Popescu, Daliana Elena Pavel, Adriana Ilin Tomici, Dominika Morariu, Traian Abruda, Daniel Suici, Patricia Bucko, Benedek Zoltan \u00d6rs \u0219i Lucia Preda.<\/p>\n<p>Ca \u00eentotdeauna, \u0219i acest vernisaj reprezint\u0103 mai mult dec\u00e2t o simpl\u0103 expunere a unor opere \u0219i se constituie \u00eentr-o veritabil\u0103 declara\u021bie vibrant\u0103 a vitalit\u0103\u021bii scenei artistice din Timi\u0219oara \u0219i nu numai, care nu doar conserv\u0103 patrimoniul cultural, ci \u00eel cultiv\u0103 \u0219i-l dezvolt\u0103 cu m\u00e2ndrie, o manifestare colectiv\u0103 a talentului creator \u0219i dedica\u021biei artistice.<\/p>\n<p><strong>A consemnat Daniela V\u0103leanu<\/strong><\/p>\n<\/div>\n<p>[analyse_source url=&#8221;https:\/\/gazetadinvest.ro\/un-nou-vernisaj-deschiderea-expozitiei-geometrii-afective\/&#8221;]<\/p>\n","protected":false},"excerpt":{"rendered":"<p>[analyse_image type=&#8221;featured&#8221; src=&#8221;https:\/\/gazetadinvest.ro\/wp-content\/uploads\/2026\/02\/vernisaj.jpg&#8221;] Miercuri, 11 februarie, Galeria Br\u0103teanu din Timi\u0219oara ne-a invitat la un nou eveniment expozi\u021bional de anvergur\u0103: expozi\u021bia colectiv\u0103 de colaj \u0219i asamblaj \u201eGeometrii afective\u201d, expozi\u021bie deschis\u0103 publicului larg \u00een perioada 11\u201328 februarie 2026. De data aceasta, demersul artistic propus de Costin Br\u0103teanu \u00eembin\u0103 dimensiunea emo\u021bional\u0103 a imaginii artistice cu diversitatea structurilor formal-geometrice [&hellip;]<\/p>\n","protected":false},"author":1,"featured_media":0,"comment_status":"open","ping_status":"","sticky":false,"template":"","format":"standard","meta":{"footnotes":""},"categories":[89],"tags":[226,203],"class_list":["post-1772811","post","type-post","status-publish","format-standard","hentry","category-romania","tag-crawlmanager","tag-gazetadinvest-ro"],"_links":{"self":[{"href":"https:\/\/analyse.optim.biz\/index.php?rest_route=\/wp\/v2\/posts\/1772811","targetHints":{"allow":["GET"]}}],"collection":[{"href":"https:\/\/analyse.optim.biz\/index.php?rest_route=\/wp\/v2\/posts"}],"about":[{"href":"https:\/\/analyse.optim.biz\/index.php?rest_route=\/wp\/v2\/types\/post"}],"author":[{"embeddable":true,"href":"https:\/\/analyse.optim.biz\/index.php?rest_route=\/wp\/v2\/users\/1"}],"replies":[{"embeddable":true,"href":"https:\/\/analyse.optim.biz\/index.php?rest_route=%2Fwp%2Fv2%2Fcomments&post=1772811"}],"version-history":[{"count":0,"href":"https:\/\/analyse.optim.biz\/index.php?rest_route=\/wp\/v2\/posts\/1772811\/revisions"}],"wp:attachment":[{"href":"https:\/\/analyse.optim.biz\/index.php?rest_route=%2Fwp%2Fv2%2Fmedia&parent=1772811"}],"wp:term":[{"taxonomy":"category","embeddable":true,"href":"https:\/\/analyse.optim.biz\/index.php?rest_route=%2Fwp%2Fv2%2Fcategories&post=1772811"},{"taxonomy":"post_tag","embeddable":true,"href":"https:\/\/analyse.optim.biz\/index.php?rest_route=%2Fwp%2Fv2%2Ftags&post=1772811"}],"curies":[{"name":"wp","href":"https:\/\/api.w.org\/{rel}","templated":true}]}}