{"id":1772528,"date":"2026-02-14T09:57:06","date_gmt":"2026-02-14T06:57:06","guid":{"rendered":"https:\/\/analyse.optim.biz\/?p=1772528"},"modified":"2026-02-14T09:57:06","modified_gmt":"2026-02-14T06:57:06","slug":"liga-florilor-etapa-15-scm-ramnicu-valcea-joaca-la-zalau-ora-17","status":"publish","type":"post","link":"https:\/\/analyse.optim.biz\/?p=1772528","title":{"rendered":"LIGA FLORILOR, ETAPA 15. SCM R\u00c2MNICU V\u00c2LCEA JOAC\u0102 LA ZAL\u0102U, ORA 17."},"content":{"rendered":"<p>[analyse_image type=&#8221;featured&#8221; src=&#8221;https:\/\/www.curierul.ro\/wp-content\/uploads\/2026\/02\/IMG-20260214-WA0007.jpghttps:\/\/i0.wp.com\/www.curierul.ro\/wp-content\/uploads\/2026\/02\/IMG-20260214-WA0007.jpg?fit=1200%2C1105&amp;ssl=1&#8243;]<\/p>\n<article id=\"196312\" class=\"post-196312 post type-post status-publish format-standard has-post-thumbnail hentry category-handbal category-headlines category-sport\">\n<header class=\"post-header\">\n<ul class=\"breadcrumbs\">\n<li><a href=\"https:\/\/www.curierul.ro\">Home<\/a><\/li>\n<li class=\"breadcrumbs-active .category-handbal\"><a href=\"https:\/\/www.curierul.ro\/index.php?cat=4\">Handbal<\/a><\/li>\n<li class=\"breadcrumbs-active .category-handbal\">LIGA FLORILOR, ETAPA 15. SCM R\u00c2MNICU V\u00c2LCEA JOAC\u0102 LA ZAL\u0102U, ORA 17.<\/li>\n<\/ul>\n<div class=\"featured-photo\"><img loading=\"lazy\" decoding=\"async\" width=\"1219\" height=\"1123\" src=\"https:\/\/i0.wp.com\/www.curierul.ro\/wp-content\/uploads\/2026\/02\/IMG-20260214-WA0007.jpg?fit=300%2C276&amp;ssl=1\" class=\"attachment-single size-single wp-post-image\" alt><\/div>\n<h1 class=\"headline\">LIGA FLORILOR, ETAPA 15. SCM R\u00c2MNICU V\u00c2LCEA JOAC\u0102 LA ZAL\u0102U, ORA 17.<\/h1>\n<p class=\"byline\">\n\t\tScris de<a href=\"https:\/\/www.curierul.ro\/author\/gabi\/\">Gabriel S\u0103ndulescu<\/a>, \t\t14 februarie 2026\t\t\t\t<\/p>\n<hr>\n<\/header>\n<p>Locul 4 la finalul actualului sezon de Liga Florilor nu iese din orice discu\u021bie drept utopie. Echipa de handbal feminin SCM R\u00e2mnicu V\u00e2lcea este acolo, la b\u0103taie \u0219i, dovedit anterior, \u00een m\u0103sur\u0103 s\u0103 a\u0219eze lucrurile pentru Europa sezonului viitor. O \u0219ans\u0103 s-ar putea ivi \u0219i pe culoarul de Cupa Rom\u00e2niei, meci acas\u0103, cu \u0218tiin\u021ba Bucure\u0219ti, pe 18 februarie. Probabil c\u0103 partida cu bucure\u0219tencele din Divizia A va fi ultima f\u0103r\u0103 probleme. Apoi traseu infernal, mai ales \u00een ultimele patru etape, despre care vom mai vorbi.<\/p>\n<p>\ud83d\udc49Un hop ast\u0103zi la Zal\u0103u, contra eternului Gheorghe Tadici, aflat \u00eentr-o oarecare pierdere de imagine, dar mai ales de altitudine cu echipa sa. Locul 11, penultimul \u00een Lig\u0103, doar 4 puncte, un \u0219ir cu 9 \u00eenfr\u00e2ngeri \u0219i 2 remize pentru z\u0103l\u0103uance.<\/p>\n<p>\ud83d\udc49La SCM, o singur\u0103 indisponibilitate, pe care, din motive lesne de \u00een\u021beles, nu o fac public\u0103. V\u00e2lcencele s-au antrenat asear\u0103, dup\u0103 sosirea la Zal\u0103u, preg\u0103tind diferite formule pentru linia de 9 metri. Atmosfera pare bun\u0103, dup\u0103 o perioad\u0103 delicat\u0103 din punct de vedere emo\u021bional. O singur\u0103 direc\u021bie, victoria.<\/p>\n<p>\ud83d\udc49\u00cen tur, 33-27 pentru SCM. Fa\u021b\u0103 \u00een fa\u021b\u0103, \u00een ultimii 15 ani : 22 succese V\u00e2lcea, 6 victorii Zal\u0103u, 2 remize(meciuri oficiale, statistic\u0103 Flashscore)<\/p>\n<p>\ud83d\udcccHC Zal\u0103u \u2013 SCM R\u00e2mnicu V\u00e2lcea, ora 17, Sala Sporturilor Zal\u0103u.<br \/>\ud83d\udcfa YouTube FRH \u0219i HC Zal\u0103u<\/p>\n<div class=\"sharedaddy sd-sharing-enabled\">\n<div class=\"robots-nocontent sd-block sd-social sd-social-official sd-sharing\">\n<h3 class=\"sd-title\">Distribuie pe:<\/h3>\n<div class=\"sd-content\">\n<ul>\n<li class=\"share-facebook\">\n<li class=\"share-twitter\"><a href=\"https:\/\/twitter.com\/share\" class=\"twitter-share-button\" data-url=\"https:\/\/www.curierul.ro\/liga-florilor-etapa-15-scm-ramnicu-valcea-joaca-la-zalau-ora-17\/\" data-text=\"LIGA FLORILOR, ETAPA 15. SCM R\u00c2MNICU V\u00c2LCEA JOAC\u0102 LA ZAL\u0102U, ORA 17.\" data-via=\"curierulvl\">Tweet<\/a><\/li>\n<li class=\"share-jetpack-whatsapp\"><a rel=\"nofollow noopener noreferrer\" data-shared=\"sharing-whatsapp-196312\" class=\"share-jetpack-whatsapp sd-button\" href=\"https:\/\/www.curierul.ro\/liga-florilor-etapa-15-scm-ramnicu-valcea-joaca-la-zalau-ora-17\/?share=jetpack-whatsapp\" target=\"_blank\" aria-labelledby=\"sharing-whatsapp-196312\"><span id=\"sharing-whatsapp-196312\" hidden>D\u0103 clic pentru partajare pe WhatsApp(Se deschide \u00eentr-o fereastr\u0103 nou\u0103)<\/span><span>WhatsApp<\/span><\/a><\/li>\n<li><a href=\"https:\/\/www.curierul.ro\/liga-florilor-etapa-15-scm-ramnicu-valcea-joaca-la-zalau-ora-17\/\" class=\"sharing-anchor sd-button share-more\"><span>Mai mult<\/span><\/a><\/li>\n<li class=\"share-end\"><\/ul>\n<div class=\"sharing-hidden\">\n<div class=\"inner\">\n<ul>\n<li class=\"share-email\"><a rel=\"nofollow noopener noreferrer\" data-shared=\"sharing-email-196312\" class=\"share-email sd-button\" href=\"mailto:?subject=%5BArticol%20partajat%5D%20LIGA%20FLORILOR%2C%20ETAPA%2015.%20SCM%20R%C3%82MNICU%20V%C3%82LCEA%20JOAC%C4%82%20LA%20ZAL%C4%82U%2C%20ORA%2017.&amp;body=https%3A%2F%2Fwww.curierul.ro%2Fliga-florilor-etapa-15-scm-ramnicu-valcea-joaca-la-zalau-ora-17%2F&amp;share=email\" target=\"_blank\" aria-labelledby=\"sharing-email-196312\" data-email-share-error-title=\"\u021ai-ai configurat emailul?\" data-email-share-error-text=\"Dac\u0103 ai probleme la partajarea prin email, probabil nu ai configurat emailul pentru navigator. Poate trebuie s\u0103 creezi singur un email nou.\" data-email-share-nonce=\"42ab6c039d\" data-email-share-track-url=\"https:\/\/www.curierul.ro\/liga-florilor-etapa-15-scm-ramnicu-valcea-joaca-la-zalau-ora-17\/?share=email\"><span id=\"sharing-email-196312\" hidden>D\u0103 clic pentru a trimite o leg\u0103tur\u0103 prin email unui prieten(Se deschide \u00eentr-o fereastr\u0103 nou\u0103)<\/span><span>Email<\/span><\/a><\/li>\n<li class=\"share-print\"><a rel=\"nofollow noopener noreferrer\" data-shared=\"sharing-print-196312\" class=\"share-print sd-button\" href=\"https:\/\/www.curierul.ro\/liga-florilor-etapa-15-scm-ramnicu-valcea-joaca-la-zalau-ora-17\/#print?share=print\" target=\"_blank\" aria-labelledby=\"sharing-print-196312\"><span id=\"sharing-print-196312\" hidden>D\u0103 clic pentru a imprima(Se deschide \u00eentr-o fereastr\u0103 nou\u0103)<\/span><span>Imprimare<\/span><\/a><\/li>\n<li class=\"share-end\"><\/ul>\n<\/div>\n<\/div>\n<\/div>\n<\/div>\n<\/div>\n<div id=\"jp-relatedposts\" class=\"jp-relatedposts\">\n<h3 class=\"jp-relatedposts-headline\"><em>Similare<\/em><\/h3>\n<\/div>\n<footer class=\"post-footer\">\n<div class=\"post-navigation clearfix\">\n<div class=\"previous-post\">\n<div class=\"featured-photo\"><img loading=\"lazy\" decoding=\"async\" width=\"1219\" height=\"1327\" src=\"https:\/\/i0.wp.com\/www.curierul.ro\/wp-content\/uploads\/2026\/02\/IMG-20260214-WA0000.jpg?fit=276%2C300&amp;ssl=1\" class=\"attachment-post-thumbnail size-post-thumbnail wp-post-image\" alt><\/div>\n<p class=\"paginate-title\">\u00ab\u00ab <a href=\"https:\/\/www.curierul.ro\/astazi-in-zavoi-scm-ramnicu-valcea-selimbar-liga-2-amical-ora-12\/\" rel=\"prev\">AST\u0102ZI, \u00ceN Z\u0102VOI. SCM R\u00c2MNICU V\u00c2LCEA \u2013 \u0218ELIMB\u0102R (LIGA 2), AMICAL, ORA 12<\/a><\/p>\n<\/div>\n<div class=\"next-post\">\n<div class=\"featured-photo\"><img decoding=\"async\" width=\"1219\" height=\"1186\" src=\"https:\/\/i0.wp.com\/www.curierul.ro\/wp-content\/uploads\/2026\/02\/IMG-20260214-WA0014.jpg?fit=300%2C292&amp;ssl=1\" class=\"attachment-post-thumbnail size-post-thumbnail wp-post-image\" alt loading=\"lazy\"><\/div>\n<p class=\"paginate-title\"><a href=\"https:\/\/www.curierul.ro\/liga-florilor-etapa-15-la-relanti-scm-ramnicu-valcea-castiga-la-zalau-34-21\/\" rel=\"next\">LIGA FLORILOR, ETAPA 15. LA RELANTI. SCM R\u00c2MNICU V\u00c2LCEA C\u00c2\u0218TIG\u0102 LA ZAL\u0102U, 34-21.<\/a> \u00bb\u00bb<\/p>\n<\/div>\n<\/div>\n<div id=\"comments\" class=\"comments-area\">\n<div id=\"respond\" class=\"comment-respond\">\n<h3 id=\"reply-title\" class=\"comment-reply-title\">Po\u021bi comenta aici<small><a rel=\"nofollow\" id=\"cancel-comment-reply-link\" href=\"https:\/\/www.curierul.ro\/liga-florilor-etapa-15-scm-ramnicu-valcea-joaca-la-zalau-ora-17\/#respond\">Anuleaz\u0103 r\u0103spunsul<\/a><\/small><\/h3>\n<\/div>\n<p class=\"akismet_comment_form_privacy_notice\">Acest site folose\u0219te Akismet pentru a reduce spamul. <a href=\"https:\/\/akismet.com\/privacy\/\" target=\"_blank\" rel=\"nofollow noopener\">Afl\u0103 cum sunt procesate datele comentariilor tale<\/a>.<\/p>\n<\/div>\n<section class=\"latest-category clearfix\">\n<h2 class=\"title\">More Stories From Handbal<\/h2>\n<div class=\"stories-container\">\n<article id=\"related-196314\" class=\"story post-196314 post type-post status-publish format-standard has-post-thumbnail hentry category-handbal category-headlines category-sport\">\n<div class=\"photo\"><img decoding=\"async\" width=\"735\" height=\"440\" src=\"https:\/\/i0.wp.com\/www.curierul.ro\/wp-content\/uploads\/2026\/02\/IMG-20260214-WA0014.jpg?fit=300%2C292&amp;ssl=1\" class=\"attachment-giornalismo-single size-giornalismo-single wp-post-image\" alt loading=\"lazy\"><\/div>\n<p class=\"headline\"><a href=\"https:\/\/www.curierul.ro\/liga-florilor-etapa-15-la-relanti-scm-ramnicu-valcea-castiga-la-zalau-34-21\/\">LIGA FLORILOR, ETAPA 15. LA RELANTI. SCM R\u00c2MNICU V\u00c2LCEA C\u00c2\u0218TIG\u0102 LA ZAL\u0102U, 34-21.<\/a><\/p>\n<\/article>\n<article id=\"related-196114\" class=\"story post-196114 post type-post status-publish format-standard has-post-thumbnail hentry category-handbal category-sport\">\n<div class=\"photo\"><img decoding=\"async\" width=\"735\" height=\"440\" src=\"https:\/\/i0.wp.com\/www.curierul.ro\/wp-content\/uploads\/2026\/01\/Handbal-SCM-Rapid.jpeg?fit=300%2C188&amp;ssl=1\" class=\"attachment-giornalismo-single size-giornalismo-single wp-post-image\" alt loading=\"lazy\"><\/div>\n<p class=\"headline\"><a href=\"https:\/\/www.curierul.ro\/impunatoarea-scm-ramnicu-valcea-35-25-cu-rapid-locul-4-in-clasament\/\">IMPUN\u0102TOAREA SCM R\u00c2MNICU V\u00c2LCEA: 35-25 CU RAPID, LOCUL 4 \u00ceN CLASAMENT<\/a><\/p>\n<\/article>\n<article id=\"related-196090\" class=\"story post-196090 post type-post status-publish format-standard has-post-thumbnail hentry category-handbal category-headlines category-sport\">\n<div class=\"photo\"><img decoding=\"async\" width=\"735\" height=\"440\" src=\"https:\/\/i0.wp.com\/www.curierul.ro\/wp-content\/uploads\/2026\/01\/IMG-20260127-WA0005.jpg?fit=300%2C280&amp;ssl=1\" class=\"attachment-giornalismo-single size-giornalismo-single wp-post-image\" alt loading=\"lazy\"><\/div>\n<p class=\"headline\"><a href=\"https:\/\/www.curierul.ro\/liga-florilor-astazi-de-la-17-30-scm-ramnicu-valcea-rapid-bucuresti\/\">LIGA FLORILOR. AST\u0102ZI, DE LA 17.30, SCM R\u00c2MNICU V\u00c2LCEA \u2013 RAPID BUCURE\u0218TI.<\/a><\/p>\n<\/article>\n<\/div>\n<\/section>\n<section class=\"author-bio clearfix\">\n<div class=\"mug-shot\"><img decoding=\"async\" alt src=\"https:\/\/secure.gravatar.com\/avatar\/38348b3eaa7d589402948e297c539169e25c956b894b08c27e56c621c3536fa4?s=96&amp;d=mm&amp;r=g\" class=\"avatar avatar-96 photo\" height=\"96\" width=\"96\" loading=\"lazy\"><\/div>\n<div class=\"author-info\">\n<p class=\"title\">About Gabriel S\u0103ndulescu, <\/p>\n<div class=\"author-social-area\"><a href=\"mailto:gbrlsandulescu@yahoo.com\"><span class=\"fal fa-envelope\"><span class=\"screen-reader-text\">Email the Author<\/span><\/span><\/a><\/div>\n<\/div>\n<\/section>\n<\/footer>\n<\/article>\n<article id=\"196312\" class=\"post-196312 post type-post status-publish format-standard has-post-thumbnail hentry category-handbal category-headlines category-sport\">\n<header class=\"post-header\">\n<ul class=\"breadcrumbs\">\n<li><a href=\"https:\/\/www.curierul.ro\">Home<\/a><\/li>\n<li class=\"breadcrumbs-active .category-handbal\"><a href=\"https:\/\/www.curierul.ro\/index.php?cat=4\">Handbal<\/a><\/li>\n<li class=\"breadcrumbs-active .category-handbal\">LIGA FLORILOR, ETAPA 15. SCM R\u00c2MNICU V\u00c2LCEA JOAC\u0102 LA ZAL\u0102U, ORA 17.<\/li>\n<\/ul>\n<div class=\"featured-photo\"><img loading=\"lazy\" decoding=\"async\" width=\"1219\" height=\"1123\" src=\"https:\/\/i0.wp.com\/www.curierul.ro\/wp-content\/uploads\/2026\/02\/IMG-20260214-WA0007.jpg?fit=300%2C276&amp;ssl=1\" class=\"attachment-single size-single wp-post-image\" alt><\/div>\n<h1 class=\"headline\">LIGA FLORILOR, ETAPA 15. SCM R\u00c2MNICU V\u00c2LCEA JOAC\u0102 LA ZAL\u0102U, ORA 17.<\/h1>\n<p class=\"byline\">\n\t\tScris de<a href=\"https:\/\/www.curierul.ro\/author\/gabi\/\">Gabriel S\u0103ndulescu<\/a>, \t\t14 februarie 2026\t\t\t\t<\/p>\n<hr>\n<\/header>\n<p>Locul 4 la finalul actualului sezon de Liga Florilor nu iese din orice discu\u021bie drept utopie. Echipa de handbal feminin SCM R\u00e2mnicu V\u00e2lcea este acolo, la b\u0103taie \u0219i, dovedit anterior, \u00een m\u0103sur\u0103 s\u0103 a\u0219eze lucrurile pentru Europa sezonului viitor. O \u0219ans\u0103 s-ar putea ivi \u0219i pe culoarul de Cupa Rom\u00e2niei, meci acas\u0103, cu \u0218tiin\u021ba Bucure\u0219ti, pe 18 februarie. Probabil c\u0103 partida cu bucure\u0219tencele din Divizia A va fi ultima f\u0103r\u0103 probleme. Apoi traseu infernal, mai ales \u00een ultimele patru etape, despre care vom mai vorbi.<\/p>\n<p>\ud83d\udc49Un hop ast\u0103zi la Zal\u0103u, contra eternului Gheorghe Tadici, aflat \u00eentr-o oarecare pierdere de imagine, dar mai ales de altitudine cu echipa sa. Locul 11, penultimul \u00een Lig\u0103, doar 4 puncte, un \u0219ir cu 9 \u00eenfr\u00e2ngeri \u0219i 2 remize pentru z\u0103l\u0103uance.<\/p>\n<p>\ud83d\udc49La SCM, o singur\u0103 indisponibilitate, pe care, din motive lesne de \u00een\u021beles, nu o fac public\u0103. V\u00e2lcencele s-au antrenat asear\u0103, dup\u0103 sosirea la Zal\u0103u, preg\u0103tind diferite formule pentru linia de 9 metri. Atmosfera pare bun\u0103, dup\u0103 o perioad\u0103 delicat\u0103 din punct de vedere emo\u021bional. O singur\u0103 direc\u021bie, victoria.<\/p>\n<p>\ud83d\udc49\u00cen tur, 33-27 pentru SCM. Fa\u021b\u0103 \u00een fa\u021b\u0103, \u00een ultimii 15 ani : 22 succese V\u00e2lcea, 6 victorii Zal\u0103u, 2 remize(meciuri oficiale, statistic\u0103 Flashscore)<\/p>\n<p>\ud83d\udcccHC Zal\u0103u \u2013 SCM R\u00e2mnicu V\u00e2lcea, ora 17, Sala Sporturilor Zal\u0103u.<br \/>\ud83d\udcfa YouTube FRH \u0219i HC Zal\u0103u<\/p>\n<div class=\"sharedaddy sd-sharing-enabled\">\n<div class=\"robots-nocontent sd-block sd-social sd-social-official sd-sharing\">\n<h3 class=\"sd-title\">Distribuie pe:<\/h3>\n<div class=\"sd-content\">\n<ul>\n<li class=\"share-facebook\">\n<li class=\"share-twitter\"><a href=\"https:\/\/twitter.com\/share\" class=\"twitter-share-button\" data-url=\"https:\/\/www.curierul.ro\/liga-florilor-etapa-15-scm-ramnicu-valcea-joaca-la-zalau-ora-17\/\" data-text=\"LIGA FLORILOR, ETAPA 15. SCM R\u00c2MNICU V\u00c2LCEA JOAC\u0102 LA ZAL\u0102U, ORA 17.\" data-via=\"curierulvl\">Tweet<\/a><\/li>\n<li class=\"share-jetpack-whatsapp\"><a rel=\"nofollow noopener noreferrer\" data-shared=\"sharing-whatsapp-196312\" class=\"share-jetpack-whatsapp sd-button\" href=\"https:\/\/www.curierul.ro\/liga-florilor-etapa-15-scm-ramnicu-valcea-joaca-la-zalau-ora-17\/?share=jetpack-whatsapp\" target=\"_blank\" aria-labelledby=\"sharing-whatsapp-196312\"><span id=\"sharing-whatsapp-196312\" hidden>D\u0103 clic pentru partajare pe WhatsApp(Se deschide \u00eentr-o fereastr\u0103 nou\u0103)<\/span><span>WhatsApp<\/span><\/a><\/li>\n<li><a href=\"https:\/\/www.curierul.ro\/liga-florilor-etapa-15-scm-ramnicu-valcea-joaca-la-zalau-ora-17\/\" class=\"sharing-anchor sd-button share-more\"><span>Mai mult<\/span><\/a><\/li>\n<li class=\"share-end\"><\/ul>\n<div class=\"sharing-hidden\">\n<div class=\"inner\">\n<ul>\n<li class=\"share-email\"><a rel=\"nofollow noopener noreferrer\" data-shared=\"sharing-email-196312\" class=\"share-email sd-button\" href=\"mailto:?subject=%5BArticol%20partajat%5D%20LIGA%20FLORILOR%2C%20ETAPA%2015.%20SCM%20R%C3%82MNICU%20V%C3%82LCEA%20JOAC%C4%82%20LA%20ZAL%C4%82U%2C%20ORA%2017.&amp;body=https%3A%2F%2Fwww.curierul.ro%2Fliga-florilor-etapa-15-scm-ramnicu-valcea-joaca-la-zalau-ora-17%2F&amp;share=email\" target=\"_blank\" aria-labelledby=\"sharing-email-196312\" data-email-share-error-title=\"\u021ai-ai configurat emailul?\" data-email-share-error-text=\"Dac\u0103 ai probleme la partajarea prin email, probabil nu ai configurat emailul pentru navigator. Poate trebuie s\u0103 creezi singur un email nou.\" data-email-share-nonce=\"42ab6c039d\" data-email-share-track-url=\"https:\/\/www.curierul.ro\/liga-florilor-etapa-15-scm-ramnicu-valcea-joaca-la-zalau-ora-17\/?share=email\"><span id=\"sharing-email-196312\" hidden>D\u0103 clic pentru a trimite o leg\u0103tur\u0103 prin email unui prieten(Se deschide \u00eentr-o fereastr\u0103 nou\u0103)<\/span><span>Email<\/span><\/a><\/li>\n<li class=\"share-print\"><a rel=\"nofollow noopener noreferrer\" data-shared=\"sharing-print-196312\" class=\"share-print sd-button\" href=\"https:\/\/www.curierul.ro\/liga-florilor-etapa-15-scm-ramnicu-valcea-joaca-la-zalau-ora-17\/#print?share=print\" target=\"_blank\" aria-labelledby=\"sharing-print-196312\"><span id=\"sharing-print-196312\" hidden>D\u0103 clic pentru a imprima(Se deschide \u00eentr-o fereastr\u0103 nou\u0103)<\/span><span>Imprimare<\/span><\/a><\/li>\n<li class=\"share-end\"><\/ul>\n<\/div>\n<\/div>\n<\/div>\n<\/div>\n<\/div>\n<div id=\"jp-relatedposts\" class=\"jp-relatedposts\">\n<h3 class=\"jp-relatedposts-headline\"><em>Similare<\/em><\/h3>\n<\/div>\n<footer class=\"post-footer\">\n<div class=\"post-navigation clearfix\">\n<div class=\"previous-post\">\n<div class=\"featured-photo\"><img loading=\"lazy\" decoding=\"async\" width=\"1219\" height=\"1327\" src=\"https:\/\/i0.wp.com\/www.curierul.ro\/wp-content\/uploads\/2026\/02\/IMG-20260214-WA0000.jpg?fit=276%2C300&amp;ssl=1\" class=\"attachment-post-thumbnail size-post-thumbnail wp-post-image\" alt><\/div>\n<p class=\"paginate-title\">\u00ab\u00ab <a href=\"https:\/\/www.curierul.ro\/astazi-in-zavoi-scm-ramnicu-valcea-selimbar-liga-2-amical-ora-12\/\" rel=\"prev\">AST\u0102ZI, \u00ceN Z\u0102VOI. SCM R\u00c2MNICU V\u00c2LCEA \u2013 \u0218ELIMB\u0102R (LIGA 2), AMICAL, ORA 12<\/a><\/p>\n<\/div>\n<div class=\"next-post\">\n<div class=\"featured-photo\"><img decoding=\"async\" width=\"1219\" height=\"1186\" src=\"https:\/\/i0.wp.com\/www.curierul.ro\/wp-content\/uploads\/2026\/02\/IMG-20260214-WA0014.jpg?fit=300%2C292&amp;ssl=1\" class=\"attachment-post-thumbnail size-post-thumbnail wp-post-image\" alt loading=\"lazy\"><\/div>\n<p class=\"paginate-title\"><a href=\"https:\/\/www.curierul.ro\/liga-florilor-etapa-15-la-relanti-scm-ramnicu-valcea-castiga-la-zalau-34-21\/\" rel=\"next\">LIGA FLORILOR, ETAPA 15. LA RELANTI. SCM R\u00c2MNICU V\u00c2LCEA C\u00c2\u0218TIG\u0102 LA ZAL\u0102U, 34-21.<\/a> \u00bb\u00bb<\/p>\n<\/div>\n<\/div>\n<div id=\"comments\" class=\"comments-area\">\n<div id=\"respond\" class=\"comment-respond\">\n<h3 id=\"reply-title\" class=\"comment-reply-title\">Po\u021bi comenta aici<small><a rel=\"nofollow\" id=\"cancel-comment-reply-link\" href=\"https:\/\/www.curierul.ro\/liga-florilor-etapa-15-scm-ramnicu-valcea-joaca-la-zalau-ora-17\/#respond\">Anuleaz\u0103 r\u0103spunsul<\/a><\/small><\/h3>\n<\/div>\n<p class=\"akismet_comment_form_privacy_notice\">Acest site folose\u0219te Akismet pentru a reduce spamul. <a href=\"https:\/\/akismet.com\/privacy\/\" target=\"_blank\" rel=\"nofollow noopener\">Afl\u0103 cum sunt procesate datele comentariilor tale<\/a>.<\/p>\n<\/div>\n<section class=\"latest-category clearfix\">\n<h2 class=\"title\">More Stories From Handbal<\/h2>\n<div class=\"stories-container\">\n<article id=\"related-196314\" class=\"story post-196314 post type-post status-publish format-standard has-post-thumbnail hentry category-handbal category-headlines category-sport\">\n<div class=\"photo\"><img decoding=\"async\" width=\"735\" height=\"440\" src=\"https:\/\/i0.wp.com\/www.curierul.ro\/wp-content\/uploads\/2026\/02\/IMG-20260214-WA0014.jpg?fit=300%2C292&amp;ssl=1\" class=\"attachment-giornalismo-single size-giornalismo-single wp-post-image\" alt loading=\"lazy\"><\/div>\n<p class=\"headline\"><a href=\"https:\/\/www.curierul.ro\/liga-florilor-etapa-15-la-relanti-scm-ramnicu-valcea-castiga-la-zalau-34-21\/\">LIGA FLORILOR, ETAPA 15. LA RELANTI. SCM R\u00c2MNICU V\u00c2LCEA C\u00c2\u0218TIG\u0102 LA ZAL\u0102U, 34-21.<\/a><\/p>\n<\/article>\n<article id=\"related-196114\" class=\"story post-196114 post type-post status-publish format-standard has-post-thumbnail hentry category-handbal category-sport\">\n<div class=\"photo\"><img decoding=\"async\" width=\"735\" height=\"440\" src=\"https:\/\/i0.wp.com\/www.curierul.ro\/wp-content\/uploads\/2026\/01\/Handbal-SCM-Rapid.jpeg?fit=300%2C188&amp;ssl=1\" class=\"attachment-giornalismo-single size-giornalismo-single wp-post-image\" alt loading=\"lazy\"><\/div>\n<p class=\"headline\"><a href=\"https:\/\/www.curierul.ro\/impunatoarea-scm-ramnicu-valcea-35-25-cu-rapid-locul-4-in-clasament\/\">IMPUN\u0102TOAREA SCM R\u00c2MNICU V\u00c2LCEA: 35-25 CU RAPID, LOCUL 4 \u00ceN CLASAMENT<\/a><\/p>\n<\/article>\n<article id=\"related-196090\" class=\"story post-196090 post type-post status-publish format-standard has-post-thumbnail hentry category-handbal category-headlines category-sport\">\n<div class=\"photo\"><img decoding=\"async\" width=\"735\" height=\"440\" src=\"https:\/\/i0.wp.com\/www.curierul.ro\/wp-content\/uploads\/2026\/01\/IMG-20260127-WA0005.jpg?fit=300%2C280&amp;ssl=1\" class=\"attachment-giornalismo-single size-giornalismo-single wp-post-image\" alt loading=\"lazy\"><\/div>\n<p class=\"headline\"><a href=\"https:\/\/www.curierul.ro\/liga-florilor-astazi-de-la-17-30-scm-ramnicu-valcea-rapid-bucuresti\/\">LIGA FLORILOR. AST\u0102ZI, DE LA 17.30, SCM R\u00c2MNICU V\u00c2LCEA \u2013 RAPID BUCURE\u0218TI.<\/a><\/p>\n<\/article>\n<\/div>\n<\/section>\n<section class=\"author-bio clearfix\">\n<div class=\"mug-shot\"><img decoding=\"async\" alt src=\"https:\/\/secure.gravatar.com\/avatar\/38348b3eaa7d589402948e297c539169e25c956b894b08c27e56c621c3536fa4?s=96&amp;d=mm&amp;r=g\" class=\"avatar avatar-96 photo\" height=\"96\" width=\"96\" loading=\"lazy\"><\/div>\n<div class=\"author-info\">\n<p class=\"title\">About Gabriel S\u0103ndulescu, <\/p>\n<div class=\"author-social-area\"><a href=\"mailto:gbrlsandulescu@yahoo.com\"><span class=\"fal fa-envelope\"><span class=\"screen-reader-text\">Email the Author<\/span><\/span><\/a><\/div>\n<\/div>\n<\/section>\n<\/footer>\n<\/article>\n<article id=\"related-196314\" class=\"story post-196314 post type-post status-publish format-standard has-post-thumbnail hentry category-handbal category-headlines category-sport\">\n<div class=\"photo\"><img decoding=\"async\" width=\"735\" height=\"440\" src=\"https:\/\/i0.wp.com\/www.curierul.ro\/wp-content\/uploads\/2026\/02\/IMG-20260214-WA0014.jpg?fit=300%2C292&amp;ssl=1\" class=\"attachment-giornalismo-single size-giornalismo-single wp-post-image\" alt loading=\"lazy\"><\/div>\n<p class=\"headline\"><a href=\"https:\/\/www.curierul.ro\/liga-florilor-etapa-15-la-relanti-scm-ramnicu-valcea-castiga-la-zalau-34-21\/\">LIGA FLORILOR, ETAPA 15. LA RELANTI. SCM R\u00c2MNICU V\u00c2LCEA C\u00c2\u0218TIG\u0102 LA ZAL\u0102U, 34-21.<\/a><\/p>\n<\/article>\n<article id=\"related-196114\" class=\"story post-196114 post type-post status-publish format-standard has-post-thumbnail hentry category-handbal category-sport\">\n<div class=\"photo\"><img decoding=\"async\" width=\"735\" height=\"440\" src=\"https:\/\/i0.wp.com\/www.curierul.ro\/wp-content\/uploads\/2026\/01\/Handbal-SCM-Rapid.jpeg?fit=300%2C188&amp;ssl=1\" class=\"attachment-giornalismo-single size-giornalismo-single wp-post-image\" alt loading=\"lazy\"><\/div>\n<p class=\"headline\"><a href=\"https:\/\/www.curierul.ro\/impunatoarea-scm-ramnicu-valcea-35-25-cu-rapid-locul-4-in-clasament\/\">IMPUN\u0102TOAREA SCM R\u00c2MNICU V\u00c2LCEA: 35-25 CU RAPID, LOCUL 4 \u00ceN CLASAMENT<\/a><\/p>\n<\/article>\n<article id=\"related-196090\" class=\"story post-196090 post type-post status-publish format-standard has-post-thumbnail hentry category-handbal category-headlines category-sport\">\n<div class=\"photo\"><img decoding=\"async\" width=\"735\" height=\"440\" src=\"https:\/\/i0.wp.com\/www.curierul.ro\/wp-content\/uploads\/2026\/01\/IMG-20260127-WA0005.jpg?fit=300%2C280&amp;ssl=1\" class=\"attachment-giornalismo-single size-giornalismo-single wp-post-image\" alt loading=\"lazy\"><\/div>\n<p class=\"headline\"><a href=\"https:\/\/www.curierul.ro\/liga-florilor-astazi-de-la-17-30-scm-ramnicu-valcea-rapid-bucuresti\/\">LIGA FLORILOR. AST\u0102ZI, DE LA 17.30, SCM R\u00c2MNICU V\u00c2LCEA \u2013 RAPID BUCURE\u0218TI.<\/a><\/p>\n<\/article>\n<p>[analyse_source url=&#8221;https:\/\/www.curierul.ro\/liga-florilor-etapa-15-scm-ramnicu-valcea-joaca-la-zalau-ora-17\/&#8221;]<\/p>\n","protected":false},"excerpt":{"rendered":"<p>[analyse_image type=&#8221;featured&#8221; src=&#8221;https:\/\/www.curierul.ro\/wp-content\/uploads\/2026\/02\/IMG-20260214-WA0007.jpghttps:\/\/i0.wp.com\/www.curierul.ro\/wp-content\/uploads\/2026\/02\/IMG-20260214-WA0007.jpg?fit=1200%2C1105&amp;ssl=1&#8243;] Home Handbal LIGA FLORILOR, ETAPA 15. SCM R\u00c2MNICU V\u00c2LCEA JOAC\u0102 LA ZAL\u0102U, ORA 17. LIGA FLORILOR, ETAPA 15. SCM R\u00c2MNICU V\u00c2LCEA JOAC\u0102 LA ZAL\u0102U, ORA 17. Scris deGabriel S\u0103ndulescu, 14 februarie 2026 Locul 4 la finalul actualului sezon de Liga Florilor nu iese din orice discu\u021bie drept utopie. Echipa de handbal feminin [&hellip;]<\/p>\n","protected":false},"author":1,"featured_media":0,"comment_status":"open","ping_status":"","sticky":false,"template":"","format":"standard","meta":{"footnotes":""},"categories":[89],"tags":[226,213],"class_list":["post-1772528","post","type-post","status-publish","format-standard","hentry","category-romania","tag-crawlmanager","tag-curierul-ro"],"_links":{"self":[{"href":"https:\/\/analyse.optim.biz\/index.php?rest_route=\/wp\/v2\/posts\/1772528","targetHints":{"allow":["GET"]}}],"collection":[{"href":"https:\/\/analyse.optim.biz\/index.php?rest_route=\/wp\/v2\/posts"}],"about":[{"href":"https:\/\/analyse.optim.biz\/index.php?rest_route=\/wp\/v2\/types\/post"}],"author":[{"embeddable":true,"href":"https:\/\/analyse.optim.biz\/index.php?rest_route=\/wp\/v2\/users\/1"}],"replies":[{"embeddable":true,"href":"https:\/\/analyse.optim.biz\/index.php?rest_route=%2Fwp%2Fv2%2Fcomments&post=1772528"}],"version-history":[{"count":0,"href":"https:\/\/analyse.optim.biz\/index.php?rest_route=\/wp\/v2\/posts\/1772528\/revisions"}],"wp:attachment":[{"href":"https:\/\/analyse.optim.biz\/index.php?rest_route=%2Fwp%2Fv2%2Fmedia&parent=1772528"}],"wp:term":[{"taxonomy":"category","embeddable":true,"href":"https:\/\/analyse.optim.biz\/index.php?rest_route=%2Fwp%2Fv2%2Fcategories&post=1772528"},{"taxonomy":"post_tag","embeddable":true,"href":"https:\/\/analyse.optim.biz\/index.php?rest_route=%2Fwp%2Fv2%2Ftags&post=1772528"}],"curies":[{"name":"wp","href":"https:\/\/api.w.org\/{rel}","templated":true}]}}