{"id":1772525,"date":"2026-02-14T07:52:13","date_gmt":"2026-02-14T04:52:13","guid":{"rendered":"https:\/\/analyse.optim.biz\/?p=1772525"},"modified":"2026-02-14T07:52:13","modified_gmt":"2026-02-14T04:52:13","slug":"astazi-in-zavoi-scm-ramnicu-valcea-selimbar-liga-2-amical-ora-12","status":"publish","type":"post","link":"https:\/\/analyse.optim.biz\/?p=1772525","title":{"rendered":"AST\u0102ZI, \u00ceN Z\u0102VOI. SCM R\u00c2MNICU V\u00c2LCEA \u2013 \u0218ELIMB\u0102R (LIGA 2), AMICAL, ORA 12"},"content":{"rendered":"<p>[analyse_image type=&#8221;featured&#8221; src=&#8221;https:\/\/www.curierul.ro\/wp-content\/uploads\/2026\/02\/IMG-20260214-WA0000.jpghttps:\/\/i0.wp.com\/www.curierul.ro\/wp-content\/uploads\/2026\/02\/IMG-20260214-WA0000.jpg?fit=1102%2C1200&amp;ssl=1&#8243;]<\/p>\n<article id=\"196310\" class=\"post-196310 post type-post status-publish format-standard has-post-thumbnail hentry category-fotbal category-headlines category-sport\">\n<header class=\"post-header\">\n<ul class=\"breadcrumbs\">\n<li><a href=\"https:\/\/www.curierul.ro\">Home<\/a><\/li>\n<li class=\"breadcrumbs-active .category-fotbal\"><a href=\"https:\/\/www.curierul.ro\/index.php?cat=3\">Fotbal<\/a><\/li>\n<li class=\"breadcrumbs-active .category-fotbal\">AST\u0102ZI, \u00ceN Z\u0102VOI. SCM R\u00c2MNICU V\u00c2LCEA \u2013 \u0218ELIMB\u0102R (LIGA 2), AMICAL, ORA 12<\/li>\n<\/ul>\n<div class=\"featured-photo\"><img loading=\"lazy\" decoding=\"async\" width=\"1219\" height=\"1327\" src=\"https:\/\/i0.wp.com\/www.curierul.ro\/wp-content\/uploads\/2026\/02\/IMG-20260214-WA0000.jpg?fit=276%2C300&amp;ssl=1\" class=\"attachment-single size-single wp-post-image\" alt><\/div>\n<h1 class=\"headline\">AST\u0102ZI, \u00ceN Z\u0102VOI. SCM R\u00c2MNICU V\u00c2LCEA \u2013 \u0218ELIMB\u0102R (LIGA 2), AMICAL, ORA 12<\/h1>\n<p class=\"byline\">\n\t\tScris de<a href=\"https:\/\/www.curierul.ro\/author\/gabi\/\">Gabriel S\u0103ndulescu<\/a>, \t\t14 februarie 2026\t\t\t\t<\/p>\n<hr>\n<\/header>\n<p>\u27a1\ufe0fCu dou\u0103 s\u0103pt\u0103m\u00e2ni \u00eenainte de reluarea Ligii 3, SCM R\u00e2mnicu V\u00e2lcea \u00eencearc\u0103 s\u0103 ating\u0103 optimul perioadei de preg\u0103tire. Joi, la Sibiu, v\u00e2lcenii au c\u00e2\u0219tigat cu 3-1 partida amical\u0103 cu CSC 1599 \u0218elimb\u0103r, forma\u021bie de Liga 2, preg\u0103tit\u0103 de Eugen Beza. Goluri Vladu, Rusu \u0219i Salaoru. Mario Vladu este ultima achizi\u021bie a V\u00e2lcii, junior, 19 ani, pozi\u021bia mijloca\u0219, venit de la Academia Rapid. De asemenea antrenorul Constantin Schumacher i-a folosit de la \u00eenceput pe atacantul Lemac \u0219i funda\u0219ul Georgescu, celelate transferuri importante pentru SCM.<\/p>\n<p>\u27a1\ufe0fAst\u0103zi, \u00een Z\u0103voi, se joac\u0103 \u201ereturul\u201d cu \u0218elimb\u0103r, de la ora 12,00. Partida se va juca pe terenul central, dup\u0103 ce perioada de preg\u0103tire a \u00eenceput pe \u201esinteticul\u201d al\u0103turat. De urm\u0103rit cristalizarea primului \u201eunsprezece\u201d cu care SCM va ataca ultimele partide din sezonul regulat, iar apoi play-off-ul.<\/p>\n<p>\u27a1\ufe0fPe 20 februarie, SCM R\u00e2mnicu V\u00e2lcea va sus\u021bine ultimul amical, cu Inter Sibiu.<\/p>\n<p>\u27a1\ufe0fPe 27 februarie, reluarea campionatului Ligii 3, acas\u0103, cu F\u0103rc\u0103\u0219e\u0219ti. Reamintesc, v\u00e2lcenii conduc seria 6, cu o diferen\u021b\u0103 de 7 puncte fa\u021b\u0103 de secunda Minerul Lupeni.<\/p>\n<div class=\"sharedaddy sd-sharing-enabled\">\n<div class=\"robots-nocontent sd-block sd-social sd-social-official sd-sharing\">\n<h3 class=\"sd-title\">Distribuie pe:<\/h3>\n<div class=\"sd-content\">\n<ul>\n<li class=\"share-facebook\">\n<li class=\"share-twitter\"><a href=\"https:\/\/twitter.com\/share\" class=\"twitter-share-button\" data-url=\"https:\/\/www.curierul.ro\/astazi-in-zavoi-scm-ramnicu-valcea-selimbar-liga-2-amical-ora-12\/\" data-text=\"AST\u0102ZI, \u00ceN Z\u0102VOI. SCM R\u00c2MNICU V\u00c2LCEA - \u0218ELIMB\u0102R (LIGA 2), AMICAL, ORA 12\" data-via=\"curierulvl\">Tweet<\/a><\/li>\n<li class=\"share-jetpack-whatsapp\"><a rel=\"nofollow noopener noreferrer\" data-shared=\"sharing-whatsapp-196310\" class=\"share-jetpack-whatsapp sd-button\" href=\"https:\/\/www.curierul.ro\/astazi-in-zavoi-scm-ramnicu-valcea-selimbar-liga-2-amical-ora-12\/?share=jetpack-whatsapp\" target=\"_blank\" aria-labelledby=\"sharing-whatsapp-196310\"><span id=\"sharing-whatsapp-196310\" hidden>D\u0103 clic pentru partajare pe WhatsApp(Se deschide \u00eentr-o fereastr\u0103 nou\u0103)<\/span><span>WhatsApp<\/span><\/a><\/li>\n<li><a href=\"https:\/\/www.curierul.ro\/astazi-in-zavoi-scm-ramnicu-valcea-selimbar-liga-2-amical-ora-12\/\" class=\"sharing-anchor sd-button share-more\"><span>Mai mult<\/span><\/a><\/li>\n<li class=\"share-end\"><\/ul>\n<div class=\"sharing-hidden\">\n<div class=\"inner\">\n<ul>\n<li class=\"share-email\"><a rel=\"nofollow noopener noreferrer\" data-shared=\"sharing-email-196310\" class=\"share-email sd-button\" href=\"mailto:?subject=%5BArticol%20partajat%5D%20AST%C4%82ZI%2C%20%C3%8EN%20Z%C4%82VOI.%20SCM%20R%C3%82MNICU%20V%C3%82LCEA%20-%20%C8%98ELIMB%C4%82R%20%28LIGA%202%29%2C%20AMICAL%2C%20ORA%2012&amp;body=https%3A%2F%2Fwww.curierul.ro%2Fastazi-in-zavoi-scm-ramnicu-valcea-selimbar-liga-2-amical-ora-12%2F&amp;share=email\" target=\"_blank\" aria-labelledby=\"sharing-email-196310\" data-email-share-error-title=\"\u021ai-ai configurat emailul?\" data-email-share-error-text=\"Dac\u0103 ai probleme la partajarea prin email, probabil nu ai configurat emailul pentru navigator. Poate trebuie s\u0103 creezi singur un email nou.\" data-email-share-nonce=\"b2a1381e7c\" data-email-share-track-url=\"https:\/\/www.curierul.ro\/astazi-in-zavoi-scm-ramnicu-valcea-selimbar-liga-2-amical-ora-12\/?share=email\"><span id=\"sharing-email-196310\" hidden>D\u0103 clic pentru a trimite o leg\u0103tur\u0103 prin email unui prieten(Se deschide \u00eentr-o fereastr\u0103 nou\u0103)<\/span><span>Email<\/span><\/a><\/li>\n<li class=\"share-print\"><a rel=\"nofollow noopener noreferrer\" data-shared=\"sharing-print-196310\" class=\"share-print sd-button\" href=\"https:\/\/www.curierul.ro\/astazi-in-zavoi-scm-ramnicu-valcea-selimbar-liga-2-amical-ora-12\/#print?share=print\" target=\"_blank\" aria-labelledby=\"sharing-print-196310\"><span id=\"sharing-print-196310\" hidden>D\u0103 clic pentru a imprima(Se deschide \u00eentr-o fereastr\u0103 nou\u0103)<\/span><span>Imprimare<\/span><\/a><\/li>\n<li class=\"share-end\"><\/ul>\n<\/div>\n<\/div>\n<\/div>\n<\/div>\n<\/div>\n<div id=\"jp-relatedposts\" class=\"jp-relatedposts\">\n<h3 class=\"jp-relatedposts-headline\"><em>Similare<\/em><\/h3>\n<\/div>\n<footer class=\"post-footer\">\n<div class=\"post-navigation clearfix\">\n<div class=\"previous-post\">\n<div class=\"featured-photo\"><img loading=\"lazy\" decoding=\"async\" width=\"2048\" height=\"1365\" src=\"https:\/\/i0.wp.com\/www.curierul.ro\/wp-content\/uploads\/2026\/02\/FOND.jpg?fit=300%2C200&amp;ssl=1\" class=\"attachment-post-thumbnail size-post-thumbnail wp-post-image\" alt><\/div>\n<p class=\"paginate-title\">\u00ab\u00ab <a href=\"https:\/\/www.curierul.ro\/astazi-principele-nicolae-este-invitatul-special-al-centenarului-camerei-de-comert-si-industrie-valcea\/\" rel=\"prev\">Ast\u0103zi, Principele Nicolae este invitatul special al Centenarului Camerei de Comer\u021b \u0219i Industrie V\u00e2lcea<\/a><\/p>\n<\/div>\n<div class=\"next-post\">\n<div class=\"featured-photo\"><img decoding=\"async\" width=\"1219\" height=\"1123\" src=\"https:\/\/i0.wp.com\/www.curierul.ro\/wp-content\/uploads\/2026\/02\/IMG-20260214-WA0007.jpg?fit=300%2C276&amp;ssl=1\" class=\"attachment-post-thumbnail size-post-thumbnail wp-post-image\" alt loading=\"lazy\"><\/div>\n<p class=\"paginate-title\"><a href=\"https:\/\/www.curierul.ro\/liga-florilor-etapa-15-scm-ramnicu-valcea-joaca-la-zalau-ora-17\/\" rel=\"next\">LIGA FLORILOR, ETAPA 15. SCM R\u00c2MNICU V\u00c2LCEA JOAC\u0102 LA ZAL\u0102U, ORA 17.<\/a> \u00bb\u00bb<\/p>\n<\/div>\n<\/div>\n<div id=\"comments\" class=\"comments-area\">\n<div id=\"respond\" class=\"comment-respond\">\n<h3 id=\"reply-title\" class=\"comment-reply-title\">Po\u021bi comenta aici<small><a rel=\"nofollow\" id=\"cancel-comment-reply-link\" href=\"https:\/\/www.curierul.ro\/astazi-in-zavoi-scm-ramnicu-valcea-selimbar-liga-2-amical-ora-12\/#respond\">Anuleaz\u0103 r\u0103spunsul<\/a><\/small><\/h3>\n<\/div>\n<p class=\"akismet_comment_form_privacy_notice\">Acest site folose\u0219te Akismet pentru a reduce spamul. <a href=\"https:\/\/akismet.com\/privacy\/\" target=\"_blank\" rel=\"nofollow noopener\">Afl\u0103 cum sunt procesate datele comentariilor tale<\/a>.<\/p>\n<\/div>\n<section class=\"latest-category clearfix\">\n<h2 class=\"title\">More Stories From Fotbal<\/h2>\n<div class=\"stories-container\">\n<article id=\"related-196316\" class=\"story post-196316 post type-post status-publish format-standard has-post-thumbnail hentry category-fotbal category-sport\">\n<div class=\"photo\"><img decoding=\"async\" width=\"735\" height=\"440\" src=\"https:\/\/i0.wp.com\/www.curierul.ro\/wp-content\/uploads\/2026\/02\/IMG-20260214-WA0015.jpg?fit=300%2C233&amp;ssl=1\" class=\"attachment-giornalismo-single size-giornalismo-single wp-post-image\" alt loading=\"lazy\"><\/div>\n<p class=\"headline\"><a href=\"https:\/\/www.curierul.ro\/amical-scm-ramnicu-valcea-pierde-returul-cu-selimbar-2-3\/\">AMICAL. SCM R\u00c2MNICU V\u00c2LCEA PIERDE \u201eRETURUL\u201d CU \u0218ELIMB\u0102R, 2-3<\/a><\/p>\n<\/article>\n<article id=\"related-196247\" class=\"story post-196247 post type-post status-publish format-standard has-post-thumbnail hentry category-fotbal category-headlines category-sport\">\n<div class=\"photo\"><img decoding=\"async\" width=\"735\" height=\"440\" src=\"https:\/\/i0.wp.com\/www.curierul.ro\/wp-content\/uploads\/2026\/02\/SCM-fotbal.jpg?fit=300%2C190&amp;ssl=1\" class=\"attachment-giornalismo-single size-giornalismo-single wp-post-image\" alt loading=\"lazy\"><\/div>\n<p class=\"headline\"><a href=\"https:\/\/www.curierul.ro\/liga-3-retrospectiva-partialului-de-sezon-si-proiectii-2026-pentru-echipele-valcene-2\/\">LIGA 3. RETROSPECTIVA PAR\u021aIALULUI DE SEZON \u0218I PROIEC\u021aII 2026 PENTRU ECHIPELE V\u00c2LCENE<\/a><\/p>\n<\/article>\n<article id=\"related-196028\" class=\"story post-196028 post type-post status-publish format-standard has-post-thumbnail hentry category-actualitate category-fotbal category-headlines category-sport\">\n<div class=\"photo\"><img decoding=\"async\" width=\"735\" height=\"440\" src=\"https:\/\/i0.wp.com\/www.curierul.ro\/wp-content\/uploads\/2026\/01\/IMG_20260123_000250.jpg?fit=300%2C169&amp;ssl=1\" class=\"attachment-giornalismo-single size-giornalismo-single wp-post-image\" alt loading=\"lazy\"><\/div>\n<p class=\"headline\"><a href=\"https:\/\/www.curierul.ro\/liga-3-retrospectiva-partialului-de-sezon-si-proiectii-2026-pentru-echipele-valcene\/\">LIGA 3. RETROSPECTIVA PAR\u021aIALULUI DE SEZON \u0218I PROIEC\u021aII 2026 PENTRU ECHIPELE V\u00c2LCENE<\/a><\/p>\n<\/article>\n<\/div>\n<\/section>\n<section class=\"author-bio clearfix\">\n<div class=\"mug-shot\"><img decoding=\"async\" alt src=\"https:\/\/secure.gravatar.com\/avatar\/38348b3eaa7d589402948e297c539169e25c956b894b08c27e56c621c3536fa4?s=96&amp;d=mm&amp;r=g\" class=\"avatar avatar-96 photo\" height=\"96\" width=\"96\" loading=\"lazy\"><\/div>\n<div class=\"author-info\">\n<p class=\"title\">About Gabriel S\u0103ndulescu, <\/p>\n<div class=\"author-social-area\"><a href=\"mailto:gbrlsandulescu@yahoo.com\"><span class=\"fal fa-envelope\"><span class=\"screen-reader-text\">Email the Author<\/span><\/span><\/a><\/div>\n<\/div>\n<\/section>\n<\/footer>\n<\/article>\n<article id=\"196310\" class=\"post-196310 post type-post status-publish format-standard has-post-thumbnail hentry category-fotbal category-headlines category-sport\">\n<header class=\"post-header\">\n<ul class=\"breadcrumbs\">\n<li><a href=\"https:\/\/www.curierul.ro\">Home<\/a><\/li>\n<li class=\"breadcrumbs-active .category-fotbal\"><a href=\"https:\/\/www.curierul.ro\/index.php?cat=3\">Fotbal<\/a><\/li>\n<li class=\"breadcrumbs-active .category-fotbal\">AST\u0102ZI, \u00ceN Z\u0102VOI. SCM R\u00c2MNICU V\u00c2LCEA \u2013 \u0218ELIMB\u0102R (LIGA 2), AMICAL, ORA 12<\/li>\n<\/ul>\n<div class=\"featured-photo\"><img loading=\"lazy\" decoding=\"async\" width=\"1219\" height=\"1327\" src=\"https:\/\/i0.wp.com\/www.curierul.ro\/wp-content\/uploads\/2026\/02\/IMG-20260214-WA0000.jpg?fit=276%2C300&amp;ssl=1\" class=\"attachment-single size-single wp-post-image\" alt><\/div>\n<h1 class=\"headline\">AST\u0102ZI, \u00ceN Z\u0102VOI. SCM R\u00c2MNICU V\u00c2LCEA \u2013 \u0218ELIMB\u0102R (LIGA 2), AMICAL, ORA 12<\/h1>\n<p class=\"byline\">\n\t\tScris de<a href=\"https:\/\/www.curierul.ro\/author\/gabi\/\">Gabriel S\u0103ndulescu<\/a>, \t\t14 februarie 2026\t\t\t\t<\/p>\n<hr>\n<\/header>\n<p>\u27a1\ufe0fCu dou\u0103 s\u0103pt\u0103m\u00e2ni \u00eenainte de reluarea Ligii 3, SCM R\u00e2mnicu V\u00e2lcea \u00eencearc\u0103 s\u0103 ating\u0103 optimul perioadei de preg\u0103tire. Joi, la Sibiu, v\u00e2lcenii au c\u00e2\u0219tigat cu 3-1 partida amical\u0103 cu CSC 1599 \u0218elimb\u0103r, forma\u021bie de Liga 2, preg\u0103tit\u0103 de Eugen Beza. Goluri Vladu, Rusu \u0219i Salaoru. Mario Vladu este ultima achizi\u021bie a V\u00e2lcii, junior, 19 ani, pozi\u021bia mijloca\u0219, venit de la Academia Rapid. De asemenea antrenorul Constantin Schumacher i-a folosit de la \u00eenceput pe atacantul Lemac \u0219i funda\u0219ul Georgescu, celelate transferuri importante pentru SCM.<\/p>\n<p>\u27a1\ufe0fAst\u0103zi, \u00een Z\u0103voi, se joac\u0103 \u201ereturul\u201d cu \u0218elimb\u0103r, de la ora 12,00. Partida se va juca pe terenul central, dup\u0103 ce perioada de preg\u0103tire a \u00eenceput pe \u201esinteticul\u201d al\u0103turat. De urm\u0103rit cristalizarea primului \u201eunsprezece\u201d cu care SCM va ataca ultimele partide din sezonul regulat, iar apoi play-off-ul.<\/p>\n<p>\u27a1\ufe0fPe 20 februarie, SCM R\u00e2mnicu V\u00e2lcea va sus\u021bine ultimul amical, cu Inter Sibiu.<\/p>\n<p>\u27a1\ufe0fPe 27 februarie, reluarea campionatului Ligii 3, acas\u0103, cu F\u0103rc\u0103\u0219e\u0219ti. Reamintesc, v\u00e2lcenii conduc seria 6, cu o diferen\u021b\u0103 de 7 puncte fa\u021b\u0103 de secunda Minerul Lupeni.<\/p>\n<div class=\"sharedaddy sd-sharing-enabled\">\n<div class=\"robots-nocontent sd-block sd-social sd-social-official sd-sharing\">\n<h3 class=\"sd-title\">Distribuie pe:<\/h3>\n<div class=\"sd-content\">\n<ul>\n<li class=\"share-facebook\">\n<li class=\"share-twitter\"><a href=\"https:\/\/twitter.com\/share\" class=\"twitter-share-button\" data-url=\"https:\/\/www.curierul.ro\/astazi-in-zavoi-scm-ramnicu-valcea-selimbar-liga-2-amical-ora-12\/\" data-text=\"AST\u0102ZI, \u00ceN Z\u0102VOI. SCM R\u00c2MNICU V\u00c2LCEA - \u0218ELIMB\u0102R (LIGA 2), AMICAL, ORA 12\" data-via=\"curierulvl\">Tweet<\/a><\/li>\n<li class=\"share-jetpack-whatsapp\"><a rel=\"nofollow noopener noreferrer\" data-shared=\"sharing-whatsapp-196310\" class=\"share-jetpack-whatsapp sd-button\" href=\"https:\/\/www.curierul.ro\/astazi-in-zavoi-scm-ramnicu-valcea-selimbar-liga-2-amical-ora-12\/?share=jetpack-whatsapp\" target=\"_blank\" aria-labelledby=\"sharing-whatsapp-196310\"><span id=\"sharing-whatsapp-196310\" hidden>D\u0103 clic pentru partajare pe WhatsApp(Se deschide \u00eentr-o fereastr\u0103 nou\u0103)<\/span><span>WhatsApp<\/span><\/a><\/li>\n<li><a href=\"https:\/\/www.curierul.ro\/astazi-in-zavoi-scm-ramnicu-valcea-selimbar-liga-2-amical-ora-12\/\" class=\"sharing-anchor sd-button share-more\"><span>Mai mult<\/span><\/a><\/li>\n<li class=\"share-end\"><\/ul>\n<div class=\"sharing-hidden\">\n<div class=\"inner\">\n<ul>\n<li class=\"share-email\"><a rel=\"nofollow noopener noreferrer\" data-shared=\"sharing-email-196310\" class=\"share-email sd-button\" href=\"mailto:?subject=%5BArticol%20partajat%5D%20AST%C4%82ZI%2C%20%C3%8EN%20Z%C4%82VOI.%20SCM%20R%C3%82MNICU%20V%C3%82LCEA%20-%20%C8%98ELIMB%C4%82R%20%28LIGA%202%29%2C%20AMICAL%2C%20ORA%2012&amp;body=https%3A%2F%2Fwww.curierul.ro%2Fastazi-in-zavoi-scm-ramnicu-valcea-selimbar-liga-2-amical-ora-12%2F&amp;share=email\" target=\"_blank\" aria-labelledby=\"sharing-email-196310\" data-email-share-error-title=\"\u021ai-ai configurat emailul?\" data-email-share-error-text=\"Dac\u0103 ai probleme la partajarea prin email, probabil nu ai configurat emailul pentru navigator. Poate trebuie s\u0103 creezi singur un email nou.\" data-email-share-nonce=\"b2a1381e7c\" data-email-share-track-url=\"https:\/\/www.curierul.ro\/astazi-in-zavoi-scm-ramnicu-valcea-selimbar-liga-2-amical-ora-12\/?share=email\"><span id=\"sharing-email-196310\" hidden>D\u0103 clic pentru a trimite o leg\u0103tur\u0103 prin email unui prieten(Se deschide \u00eentr-o fereastr\u0103 nou\u0103)<\/span><span>Email<\/span><\/a><\/li>\n<li class=\"share-print\"><a rel=\"nofollow noopener noreferrer\" data-shared=\"sharing-print-196310\" class=\"share-print sd-button\" href=\"https:\/\/www.curierul.ro\/astazi-in-zavoi-scm-ramnicu-valcea-selimbar-liga-2-amical-ora-12\/#print?share=print\" target=\"_blank\" aria-labelledby=\"sharing-print-196310\"><span id=\"sharing-print-196310\" hidden>D\u0103 clic pentru a imprima(Se deschide \u00eentr-o fereastr\u0103 nou\u0103)<\/span><span>Imprimare<\/span><\/a><\/li>\n<li class=\"share-end\"><\/ul>\n<\/div>\n<\/div>\n<\/div>\n<\/div>\n<\/div>\n<div id=\"jp-relatedposts\" class=\"jp-relatedposts\">\n<h3 class=\"jp-relatedposts-headline\"><em>Similare<\/em><\/h3>\n<\/div>\n<footer class=\"post-footer\">\n<div class=\"post-navigation clearfix\">\n<div class=\"previous-post\">\n<div class=\"featured-photo\"><img loading=\"lazy\" decoding=\"async\" width=\"2048\" height=\"1365\" src=\"https:\/\/i0.wp.com\/www.curierul.ro\/wp-content\/uploads\/2026\/02\/FOND.jpg?fit=300%2C200&amp;ssl=1\" class=\"attachment-post-thumbnail size-post-thumbnail wp-post-image\" alt><\/div>\n<p class=\"paginate-title\">\u00ab\u00ab <a href=\"https:\/\/www.curierul.ro\/astazi-principele-nicolae-este-invitatul-special-al-centenarului-camerei-de-comert-si-industrie-valcea\/\" rel=\"prev\">Ast\u0103zi, Principele Nicolae este invitatul special al Centenarului Camerei de Comer\u021b \u0219i Industrie V\u00e2lcea<\/a><\/p>\n<\/div>\n<div class=\"next-post\">\n<div class=\"featured-photo\"><img decoding=\"async\" width=\"1219\" height=\"1123\" src=\"https:\/\/i0.wp.com\/www.curierul.ro\/wp-content\/uploads\/2026\/02\/IMG-20260214-WA0007.jpg?fit=300%2C276&amp;ssl=1\" class=\"attachment-post-thumbnail size-post-thumbnail wp-post-image\" alt loading=\"lazy\"><\/div>\n<p class=\"paginate-title\"><a href=\"https:\/\/www.curierul.ro\/liga-florilor-etapa-15-scm-ramnicu-valcea-joaca-la-zalau-ora-17\/\" rel=\"next\">LIGA FLORILOR, ETAPA 15. SCM R\u00c2MNICU V\u00c2LCEA JOAC\u0102 LA ZAL\u0102U, ORA 17.<\/a> \u00bb\u00bb<\/p>\n<\/div>\n<\/div>\n<div id=\"comments\" class=\"comments-area\">\n<div id=\"respond\" class=\"comment-respond\">\n<h3 id=\"reply-title\" class=\"comment-reply-title\">Po\u021bi comenta aici<small><a rel=\"nofollow\" id=\"cancel-comment-reply-link\" href=\"https:\/\/www.curierul.ro\/astazi-in-zavoi-scm-ramnicu-valcea-selimbar-liga-2-amical-ora-12\/#respond\">Anuleaz\u0103 r\u0103spunsul<\/a><\/small><\/h3>\n<\/div>\n<p class=\"akismet_comment_form_privacy_notice\">Acest site folose\u0219te Akismet pentru a reduce spamul. <a href=\"https:\/\/akismet.com\/privacy\/\" target=\"_blank\" rel=\"nofollow noopener\">Afl\u0103 cum sunt procesate datele comentariilor tale<\/a>.<\/p>\n<\/div>\n<section class=\"latest-category clearfix\">\n<h2 class=\"title\">More Stories From Fotbal<\/h2>\n<div class=\"stories-container\">\n<article id=\"related-196316\" class=\"story post-196316 post type-post status-publish format-standard has-post-thumbnail hentry category-fotbal category-sport\">\n<div class=\"photo\"><img decoding=\"async\" width=\"735\" height=\"440\" src=\"https:\/\/i0.wp.com\/www.curierul.ro\/wp-content\/uploads\/2026\/02\/IMG-20260214-WA0015.jpg?fit=300%2C233&amp;ssl=1\" class=\"attachment-giornalismo-single size-giornalismo-single wp-post-image\" alt loading=\"lazy\"><\/div>\n<p class=\"headline\"><a href=\"https:\/\/www.curierul.ro\/amical-scm-ramnicu-valcea-pierde-returul-cu-selimbar-2-3\/\">AMICAL. SCM R\u00c2MNICU V\u00c2LCEA PIERDE \u201eRETURUL\u201d CU \u0218ELIMB\u0102R, 2-3<\/a><\/p>\n<\/article>\n<article id=\"related-196247\" class=\"story post-196247 post type-post status-publish format-standard has-post-thumbnail hentry category-fotbal category-headlines category-sport\">\n<div class=\"photo\"><img decoding=\"async\" width=\"735\" height=\"440\" src=\"https:\/\/i0.wp.com\/www.curierul.ro\/wp-content\/uploads\/2026\/02\/SCM-fotbal.jpg?fit=300%2C190&amp;ssl=1\" class=\"attachment-giornalismo-single size-giornalismo-single wp-post-image\" alt loading=\"lazy\"><\/div>\n<p class=\"headline\"><a href=\"https:\/\/www.curierul.ro\/liga-3-retrospectiva-partialului-de-sezon-si-proiectii-2026-pentru-echipele-valcene-2\/\">LIGA 3. RETROSPECTIVA PAR\u021aIALULUI DE SEZON \u0218I PROIEC\u021aII 2026 PENTRU ECHIPELE V\u00c2LCENE<\/a><\/p>\n<\/article>\n<article id=\"related-196028\" class=\"story post-196028 post type-post status-publish format-standard has-post-thumbnail hentry category-actualitate category-fotbal category-headlines category-sport\">\n<div class=\"photo\"><img decoding=\"async\" width=\"735\" height=\"440\" src=\"https:\/\/i0.wp.com\/www.curierul.ro\/wp-content\/uploads\/2026\/01\/IMG_20260123_000250.jpg?fit=300%2C169&amp;ssl=1\" class=\"attachment-giornalismo-single size-giornalismo-single wp-post-image\" alt loading=\"lazy\"><\/div>\n<p class=\"headline\"><a href=\"https:\/\/www.curierul.ro\/liga-3-retrospectiva-partialului-de-sezon-si-proiectii-2026-pentru-echipele-valcene\/\">LIGA 3. RETROSPECTIVA PAR\u021aIALULUI DE SEZON \u0218I PROIEC\u021aII 2026 PENTRU ECHIPELE V\u00c2LCENE<\/a><\/p>\n<\/article>\n<\/div>\n<\/section>\n<section class=\"author-bio clearfix\">\n<div class=\"mug-shot\"><img decoding=\"async\" alt src=\"https:\/\/secure.gravatar.com\/avatar\/38348b3eaa7d589402948e297c539169e25c956b894b08c27e56c621c3536fa4?s=96&amp;d=mm&amp;r=g\" class=\"avatar avatar-96 photo\" height=\"96\" width=\"96\" loading=\"lazy\"><\/div>\n<div class=\"author-info\">\n<p class=\"title\">About Gabriel S\u0103ndulescu, <\/p>\n<div class=\"author-social-area\"><a href=\"mailto:gbrlsandulescu@yahoo.com\"><span class=\"fal fa-envelope\"><span class=\"screen-reader-text\">Email the Author<\/span><\/span><\/a><\/div>\n<\/div>\n<\/section>\n<\/footer>\n<\/article>\n<article id=\"related-196316\" class=\"story post-196316 post type-post status-publish format-standard has-post-thumbnail hentry category-fotbal category-sport\">\n<div class=\"photo\"><img decoding=\"async\" width=\"735\" height=\"440\" src=\"https:\/\/i0.wp.com\/www.curierul.ro\/wp-content\/uploads\/2026\/02\/IMG-20260214-WA0015.jpg?fit=300%2C233&amp;ssl=1\" class=\"attachment-giornalismo-single size-giornalismo-single wp-post-image\" alt loading=\"lazy\"><\/div>\n<p class=\"headline\"><a href=\"https:\/\/www.curierul.ro\/amical-scm-ramnicu-valcea-pierde-returul-cu-selimbar-2-3\/\">AMICAL. SCM R\u00c2MNICU V\u00c2LCEA PIERDE \u201eRETURUL\u201d CU \u0218ELIMB\u0102R, 2-3<\/a><\/p>\n<\/article>\n<article id=\"related-196247\" class=\"story post-196247 post type-post status-publish format-standard has-post-thumbnail hentry category-fotbal category-headlines category-sport\">\n<div class=\"photo\"><img decoding=\"async\" width=\"735\" height=\"440\" src=\"https:\/\/i0.wp.com\/www.curierul.ro\/wp-content\/uploads\/2026\/02\/SCM-fotbal.jpg?fit=300%2C190&amp;ssl=1\" class=\"attachment-giornalismo-single size-giornalismo-single wp-post-image\" alt loading=\"lazy\"><\/div>\n<p class=\"headline\"><a href=\"https:\/\/www.curierul.ro\/liga-3-retrospectiva-partialului-de-sezon-si-proiectii-2026-pentru-echipele-valcene-2\/\">LIGA 3. RETROSPECTIVA PAR\u021aIALULUI DE SEZON \u0218I PROIEC\u021aII 2026 PENTRU ECHIPELE V\u00c2LCENE<\/a><\/p>\n<\/article>\n<article id=\"related-196028\" class=\"story post-196028 post type-post status-publish format-standard has-post-thumbnail hentry category-actualitate category-fotbal category-headlines category-sport\">\n<div class=\"photo\"><img decoding=\"async\" width=\"735\" height=\"440\" src=\"https:\/\/i0.wp.com\/www.curierul.ro\/wp-content\/uploads\/2026\/01\/IMG_20260123_000250.jpg?fit=300%2C169&amp;ssl=1\" class=\"attachment-giornalismo-single size-giornalismo-single wp-post-image\" alt loading=\"lazy\"><\/div>\n<p class=\"headline\"><a href=\"https:\/\/www.curierul.ro\/liga-3-retrospectiva-partialului-de-sezon-si-proiectii-2026-pentru-echipele-valcene\/\">LIGA 3. RETROSPECTIVA PAR\u021aIALULUI DE SEZON \u0218I PROIEC\u021aII 2026 PENTRU ECHIPELE V\u00c2LCENE<\/a><\/p>\n<\/article>\n<p>[analyse_source url=&#8221;https:\/\/www.curierul.ro\/astazi-in-zavoi-scm-ramnicu-valcea-selimbar-liga-2-amical-ora-12\/&#8221;]<\/p>\n","protected":false},"excerpt":{"rendered":"<p>[analyse_image type=&#8221;featured&#8221; src=&#8221;https:\/\/www.curierul.ro\/wp-content\/uploads\/2026\/02\/IMG-20260214-WA0000.jpghttps:\/\/i0.wp.com\/www.curierul.ro\/wp-content\/uploads\/2026\/02\/IMG-20260214-WA0000.jpg?fit=1102%2C1200&amp;ssl=1&#8243;] Home Fotbal AST\u0102ZI, \u00ceN Z\u0102VOI. SCM R\u00c2MNICU V\u00c2LCEA \u2013 \u0218ELIMB\u0102R (LIGA 2), AMICAL, ORA 12 AST\u0102ZI, \u00ceN Z\u0102VOI. SCM R\u00c2MNICU V\u00c2LCEA \u2013 \u0218ELIMB\u0102R (LIGA 2), AMICAL, ORA 12 Scris deGabriel S\u0103ndulescu, 14 februarie 2026 \u27a1\ufe0fCu dou\u0103 s\u0103pt\u0103m\u00e2ni \u00eenainte de reluarea Ligii 3, SCM R\u00e2mnicu V\u00e2lcea \u00eencearc\u0103 s\u0103 ating\u0103 optimul perioadei de preg\u0103tire. [&hellip;]<\/p>\n","protected":false},"author":1,"featured_media":0,"comment_status":"open","ping_status":"","sticky":false,"template":"","format":"standard","meta":{"footnotes":""},"categories":[89],"tags":[226,213],"class_list":["post-1772525","post","type-post","status-publish","format-standard","hentry","category-romania","tag-crawlmanager","tag-curierul-ro"],"_links":{"self":[{"href":"https:\/\/analyse.optim.biz\/index.php?rest_route=\/wp\/v2\/posts\/1772525","targetHints":{"allow":["GET"]}}],"collection":[{"href":"https:\/\/analyse.optim.biz\/index.php?rest_route=\/wp\/v2\/posts"}],"about":[{"href":"https:\/\/analyse.optim.biz\/index.php?rest_route=\/wp\/v2\/types\/post"}],"author":[{"embeddable":true,"href":"https:\/\/analyse.optim.biz\/index.php?rest_route=\/wp\/v2\/users\/1"}],"replies":[{"embeddable":true,"href":"https:\/\/analyse.optim.biz\/index.php?rest_route=%2Fwp%2Fv2%2Fcomments&post=1772525"}],"version-history":[{"count":0,"href":"https:\/\/analyse.optim.biz\/index.php?rest_route=\/wp\/v2\/posts\/1772525\/revisions"}],"wp:attachment":[{"href":"https:\/\/analyse.optim.biz\/index.php?rest_route=%2Fwp%2Fv2%2Fmedia&parent=1772525"}],"wp:term":[{"taxonomy":"category","embeddable":true,"href":"https:\/\/analyse.optim.biz\/index.php?rest_route=%2Fwp%2Fv2%2Fcategories&post=1772525"},{"taxonomy":"post_tag","embeddable":true,"href":"https:\/\/analyse.optim.biz\/index.php?rest_route=%2Fwp%2Fv2%2Ftags&post=1772525"}],"curies":[{"name":"wp","href":"https:\/\/api.w.org\/{rel}","templated":true}]}}