{"id":1772400,"date":"2026-02-15T00:00:00","date_gmt":"2026-02-14T21:00:00","guid":{"rendered":"https:\/\/analyse.optim.biz\/?p=1772400"},"modified":"2026-02-15T00:00:00","modified_gmt":"2026-02-14T21:00:00","slug":"foto-o-masina-a-luat-foc-in-urma-unui-accident-autoturismul-a-lovit-un-cap-de-pod","status":"publish","type":"post","link":"https:\/\/analyse.optim.biz\/?p=1772400","title":{"rendered":"FOTO O ma\u0219in\u0103 a luat foc \u00een urma unui accident. Autoturismul a lovit un cap de pod"},"content":{"rendered":"<p>[analyse_image type=&#8221;featured&#8221; src=&#8221;&#8221;]<\/p>\n<div class=\"entry-content\">\n<p><a href=\"https:\/\/www.botosaninews.ro\/wp-content\/uploads\/2026\/02\/masina-arsa-incendiu-4.jpeg\"><img decoding=\"async\" loading=\"lazy\" class=\"alignright size-medium wp-image-721593\" src=\"https:\/\/www.botosaninews.ro\/wp-content\/uploads\/2026\/02\/masina-arsa-incendiu-4-300x218.jpeg\" alt=\"\" width=\"300\" height=\"218\"><\/a>O ma\u0219in\u0103 a luat foc \u00een urma unui accident care a avut loc \u00een noaptea de s\u00e2mb\u0103t\u0103 spre duminic\u0103 \u00een jude\u021bul Suceava. Evenimentul rutier s-a produs\u00a0pe raza comunei Zamostea. Pompierii au intervenit cu o autospecial\u0103 de stingere cu accesorii pentru descarcerare \u0219i o ambulan\u021b\u0103 SMURD.<\/p>\n<p>Un autoturism a p\u0103r\u0103sit partea carosabil\u0103 \u0219i a lovit un cap de pod. \u00cen urma impactului a izbucnit un incendiu la compartimentul motor, care s-a propagat \u0219i la habitaclul ma\u0219inii.<\/p>\n<p>Din fericire, conduc\u0103torul auto nu a fost r\u0103nit, iar militarii au localizat \u0219i lichidat incendiul \u00een limitele g\u0103site.<\/p>\n<div id=\"gallery-1\" class=\"gallery galleryid-318613 gallery-columns-3 gallery-size-thumbnail\">\n<dl class=\"gallery-item\">\n<dt class=\"gallery-icon landscape\"><a href=\"https:\/\/suceavanews.ro\/wp-content\/uploads\/2026\/02\/masina-arsa-incendiu-1.jpeg\"><img decoding=\"async\" width=\"150\" height=\"150\" src=\"https:\/\/suceavanews.ro\/wp-content\/uploads\/2026\/02\/masina-arsa-incendiu-1-150x150.jpeg\" class=\"attachment-thumbnail size-thumbnail\" alt=\"\" loading=\"lazy\"><\/a><\/dt>\n<\/dl>\n<dl class=\"gallery-item\">\n<dt class=\"gallery-icon landscape\"><a href=\"https:\/\/suceavanews.ro\/wp-content\/uploads\/2026\/02\/masina-arsa-incendiu-2.jpeg\"><img decoding=\"async\" width=\"150\" height=\"150\" src=\"https:\/\/suceavanews.ro\/wp-content\/uploads\/2026\/02\/masina-arsa-incendiu-2-150x150.jpeg\" class=\"attachment-thumbnail size-thumbnail\" alt=\"\" loading=\"lazy\"><\/a><\/dt>\n<\/dl>\n<dl class=\"gallery-item\">\n<dt class=\"gallery-icon landscape\"><a href=\"https:\/\/suceavanews.ro\/wp-content\/uploads\/2026\/02\/masina-arsa-incendiu-4.jpeg\"><img decoding=\"async\" width=\"150\" height=\"150\" src=\"https:\/\/suceavanews.ro\/wp-content\/uploads\/2026\/02\/masina-arsa-incendiu-4-150x150.jpeg\" class=\"attachment-thumbnail size-thumbnail\" alt=\"\" loading=\"lazy\"><\/a><\/dt>\n<\/dl>\n<p><\/p>\n<dl class=\"gallery-item\">\n<dt class=\"gallery-icon landscape\"><a href=\"https:\/\/suceavanews.ro\/wp-content\/uploads\/2026\/02\/masina-arsa-incendiu-3.jpeg\"><img decoding=\"async\" width=\"150\" height=\"150\" src=\"https:\/\/suceavanews.ro\/wp-content\/uploads\/2026\/02\/masina-arsa-incendiu-3-150x150.jpeg\" class=\"attachment-thumbnail size-thumbnail\" alt=\"\" loading=\"lazy\"><\/a><\/dt>\n<\/dl>\n<p><\/div>\n<\/div>\n<div class=\"entry-content\">\n<p><a href=\"https:\/\/www.botosaninews.ro\/wp-content\/uploads\/2026\/02\/masina-arsa-incendiu-4.jpeg\"><img decoding=\"async\" loading=\"lazy\" class=\"alignright size-medium wp-image-721593\" src=\"https:\/\/www.botosaninews.ro\/wp-content\/uploads\/2026\/02\/masina-arsa-incendiu-4-300x218.jpeg\" alt=\"\" width=\"300\" height=\"218\"><\/a>O ma\u0219in\u0103 a luat foc \u00een urma unui accident care a avut loc \u00een noaptea de s\u00e2mb\u0103t\u0103 spre duminic\u0103 \u00een jude\u021bul Suceava. Evenimentul rutier s-a produs\u00a0pe raza comunei Zamostea. Pompierii au intervenit cu o autospecial\u0103 de stingere cu accesorii pentru descarcerare \u0219i o ambulan\u021b\u0103 SMURD.<\/p>\n<p>Un autoturism a p\u0103r\u0103sit partea carosabil\u0103 \u0219i a lovit un cap de pod. \u00cen urma impactului a izbucnit un incendiu la compartimentul motor, care s-a propagat \u0219i la habitaclul ma\u0219inii.<\/p>\n<p>Din fericire, conduc\u0103torul auto nu a fost r\u0103nit, iar militarii au localizat \u0219i lichidat incendiul \u00een limitele g\u0103site.<\/p>\n<div id=\"gallery-1\" class=\"gallery galleryid-318613 gallery-columns-3 gallery-size-thumbnail\">\n<dl class=\"gallery-item\">\n<dt class=\"gallery-icon landscape\"><a href=\"https:\/\/suceavanews.ro\/wp-content\/uploads\/2026\/02\/masina-arsa-incendiu-1.jpeg\"><img decoding=\"async\" width=\"150\" height=\"150\" src=\"https:\/\/suceavanews.ro\/wp-content\/uploads\/2026\/02\/masina-arsa-incendiu-1-150x150.jpeg\" class=\"attachment-thumbnail size-thumbnail\" alt=\"\" loading=\"lazy\"><\/a><\/dt>\n<\/dl>\n<dl class=\"gallery-item\">\n<dt class=\"gallery-icon landscape\"><a href=\"https:\/\/suceavanews.ro\/wp-content\/uploads\/2026\/02\/masina-arsa-incendiu-2.jpeg\"><img decoding=\"async\" width=\"150\" height=\"150\" src=\"https:\/\/suceavanews.ro\/wp-content\/uploads\/2026\/02\/masina-arsa-incendiu-2-150x150.jpeg\" class=\"attachment-thumbnail size-thumbnail\" alt=\"\" loading=\"lazy\"><\/a><\/dt>\n<\/dl>\n<dl class=\"gallery-item\">\n<dt class=\"gallery-icon landscape\"><a href=\"https:\/\/suceavanews.ro\/wp-content\/uploads\/2026\/02\/masina-arsa-incendiu-4.jpeg\"><img decoding=\"async\" width=\"150\" height=\"150\" src=\"https:\/\/suceavanews.ro\/wp-content\/uploads\/2026\/02\/masina-arsa-incendiu-4-150x150.jpeg\" class=\"attachment-thumbnail size-thumbnail\" alt=\"\" loading=\"lazy\"><\/a><\/dt>\n<\/dl>\n<p><\/p>\n<dl class=\"gallery-item\">\n<dt class=\"gallery-icon landscape\"><a href=\"https:\/\/suceavanews.ro\/wp-content\/uploads\/2026\/02\/masina-arsa-incendiu-3.jpeg\"><img decoding=\"async\" width=\"150\" height=\"150\" src=\"https:\/\/suceavanews.ro\/wp-content\/uploads\/2026\/02\/masina-arsa-incendiu-3-150x150.jpeg\" class=\"attachment-thumbnail size-thumbnail\" alt=\"\" loading=\"lazy\"><\/a><\/dt>\n<\/dl>\n<p><\/div>\n<\/div>\n<p>[analyse_source url=&#8221;https:\/\/suceavanews.ro\/318613\/eveniment\/foto-o-masina-a-luat-foc-in-urma-unui-accident-autoturismul-a-lovit-un-cap-de-pod\/&#8221;]<\/p>\n","protected":false},"excerpt":{"rendered":"<p>[analyse_image type=&#8221;featured&#8221; src=&#8221;&#8221;] O ma\u0219in\u0103 a luat foc \u00een urma unui accident care a avut loc \u00een noaptea de s\u00e2mb\u0103t\u0103 spre duminic\u0103 \u00een jude\u021bul Suceava. Evenimentul rutier s-a produs\u00a0pe raza comunei Zamostea. Pompierii au intervenit cu o autospecial\u0103 de stingere cu accesorii pentru descarcerare \u0219i o ambulan\u021b\u0103 SMURD. Un autoturism a p\u0103r\u0103sit partea carosabil\u0103 \u0219i [&hellip;]<\/p>\n","protected":false},"author":1,"featured_media":0,"comment_status":"open","ping_status":"","sticky":false,"template":"","format":"standard","meta":{"footnotes":""},"categories":[89],"tags":[226,174],"class_list":["post-1772400","post","type-post","status-publish","format-standard","hentry","category-romania","tag-crawlmanager","tag-suceavanews-ro"],"_links":{"self":[{"href":"https:\/\/analyse.optim.biz\/index.php?rest_route=\/wp\/v2\/posts\/1772400","targetHints":{"allow":["GET"]}}],"collection":[{"href":"https:\/\/analyse.optim.biz\/index.php?rest_route=\/wp\/v2\/posts"}],"about":[{"href":"https:\/\/analyse.optim.biz\/index.php?rest_route=\/wp\/v2\/types\/post"}],"author":[{"embeddable":true,"href":"https:\/\/analyse.optim.biz\/index.php?rest_route=\/wp\/v2\/users\/1"}],"replies":[{"embeddable":true,"href":"https:\/\/analyse.optim.biz\/index.php?rest_route=%2Fwp%2Fv2%2Fcomments&post=1772400"}],"version-history":[{"count":0,"href":"https:\/\/analyse.optim.biz\/index.php?rest_route=\/wp\/v2\/posts\/1772400\/revisions"}],"wp:attachment":[{"href":"https:\/\/analyse.optim.biz\/index.php?rest_route=%2Fwp%2Fv2%2Fmedia&parent=1772400"}],"wp:term":[{"taxonomy":"category","embeddable":true,"href":"https:\/\/analyse.optim.biz\/index.php?rest_route=%2Fwp%2Fv2%2Fcategories&post=1772400"},{"taxonomy":"post_tag","embeddable":true,"href":"https:\/\/analyse.optim.biz\/index.php?rest_route=%2Fwp%2Fv2%2Ftags&post=1772400"}],"curies":[{"name":"wp","href":"https:\/\/api.w.org\/{rel}","templated":true}]}}