{"id":1772145,"date":"2026-02-10T09:18:18","date_gmt":"2026-02-10T06:18:18","guid":{"rendered":"https:\/\/analyse.optim.biz\/?p=1772145"},"modified":"2026-02-10T09:18:18","modified_gmt":"2026-02-10T06:18:18","slug":"drept-la-replica-cu-privire-la-articolul-partidul-stat-psd-alexandria-tine-sedintele-la-primarie-sediul","status":"publish","type":"post","link":"https:\/\/analyse.optim.biz\/?p=1772145","title":{"rendered":"DREPT LA REPLIC\u0102 cu privire la articolul \u201ePartidul-stat. PSD Alexandria \u021bine \u0219edin\u021bele la Prim\u0103rie. Sediul"},"content":{"rendered":"<p>[analyse_image type=&#8221;featured&#8221; src=&#8221;https:\/\/liberinteleorman.ro\/wp-content\/uploads\/2026\/02\/psd.jpg&#8221;]<\/p>\n<div class=\"entry-content single56__content single56__post_content single56__body_area\">\n<p>Referitor la articolul intitulat \u201ePartidul-stat. PSD Alexandria \u021bine \u0219edin\u021bele la Prim\u0103rie. Sediul vechi, scos la v\u00e2nzare\u201d, publicat pe site-ul liberinteleorman.ro, formul\u0103m urm\u0103toarele preciz\u0103ri, \u00een vederea inform\u0103rii corecte a opiniei publice:<\/p>\n<p>\u0218edin\u021ba Organiza\u021biei Municipale PSD Alexandria, desf\u0103\u0219urat\u0103 \u00een sala mare a Prim\u0103riei Municipiului Alexandria, a avut loc \u00een baza solicit\u0103rii nr. 7581\/29.01.2026, privind \u00eenchirierea acesteia \u00een data de 29.01.2026, \u00een intervalul orar 18.00\u201319.00, f\u0103r\u0103 a afecta programul de lucru al angaja\u021bilor institu\u021biei. Utilizarea s\u0103lii s-a realizat contra cost, fiind achitat\u0103 taxa de \u00eenchiriere conform chitan\u021bei nr. 195493\/29.01.2026, \u00een urma avizului emis \u00een aceea\u0219i dat\u0103.<\/p>\n<p>Astfel, folosirea spa\u021biului s-a f\u0103cut \u00een condi\u021biile stabilite de Prim\u0103ria Municipiului Alexandria, aplicabile tuturor solicit\u0103rilor de acest tip, f\u0103r\u0103 niciun tratament preferen\u021bial.<\/p>\n<p>\u00cen mod similar, \u0219edin\u021bele organiza\u021biilor politice sau ale altor entit\u0103\u021bi se desf\u0103\u0219oar\u0103 \u0219i \u00een cadrul Centrului Multifunc\u021bional pentru Tineri \u201eMarin Preda\u201d din Alexandria, spa\u021biu care poate fi \u00eenchiriat, conform regulamentelor \u0219i prevederilor legale \u00een vigoare, de c\u0103tre orice partid politic, institu\u021bie sau persoan\u0103 juridic\u0103 interesat\u0103.<\/p>\n<p>Men\u021bion\u0103m c\u0103, \u00een urma \u00eenchirierilor efectuate \u00een cursul anului precedent, exclusiv pentru utilizarea Centrului Multifunc\u021bional pentru Tineri \u201eMarin Preda\u201d de c\u0103tre partide politice, a fost \u00eencasat\u0103 suma total\u0103 de 7.500 lei.<\/p>\n<p>Prezentele preciz\u0103ri sunt formulate \u00een scopul inform\u0103rii corecte \u0219i complete a publicului.<\/p>\n<p>\u00cen temeiul prevederilor legale privind dreptul la replic\u0103, solicit\u0103m publicarea integral\u0103 a prezentului text.<\/p>\n<p><strong>PRIMAR, <\/strong><\/p>\n<p><strong>Victor Dr\u0103gu\u0219in \u00a0<\/strong><\/p>\n<\/div>\n<p>[analyse_source url=&#8221;https:\/\/liberinteleorman.ro\/drept-la-replica-cu-privire-la-articolul-partidul-stat-psd-alexandria-tine-sedintele-la-primarie-sediul-vechi-scos-la-vanzare\/&#8221;]<\/p>\n","protected":false},"excerpt":{"rendered":"<p>[analyse_image type=&#8221;featured&#8221; src=&#8221;https:\/\/liberinteleorman.ro\/wp-content\/uploads\/2026\/02\/psd.jpg&#8221;] Referitor la articolul intitulat \u201ePartidul-stat. PSD Alexandria \u021bine \u0219edin\u021bele la Prim\u0103rie. Sediul vechi, scos la v\u00e2nzare\u201d, publicat pe site-ul liberinteleorman.ro, formul\u0103m urm\u0103toarele preciz\u0103ri, \u00een vederea inform\u0103rii corecte a opiniei publice: \u0218edin\u021ba Organiza\u021biei Municipale PSD Alexandria, desf\u0103\u0219urat\u0103 \u00een sala mare a Prim\u0103riei Municipiului Alexandria, a avut loc \u00een baza solicit\u0103rii nr. 7581\/29.01.2026, privind [&hellip;]<\/p>\n","protected":false},"author":1,"featured_media":0,"comment_status":"open","ping_status":"","sticky":false,"template":"","format":"standard","meta":{"footnotes":""},"categories":[89],"tags":[226,181],"class_list":["post-1772145","post","type-post","status-publish","format-standard","hentry","category-romania","tag-crawlmanager","tag-liberinteleorman-ro"],"_links":{"self":[{"href":"https:\/\/analyse.optim.biz\/index.php?rest_route=\/wp\/v2\/posts\/1772145","targetHints":{"allow":["GET"]}}],"collection":[{"href":"https:\/\/analyse.optim.biz\/index.php?rest_route=\/wp\/v2\/posts"}],"about":[{"href":"https:\/\/analyse.optim.biz\/index.php?rest_route=\/wp\/v2\/types\/post"}],"author":[{"embeddable":true,"href":"https:\/\/analyse.optim.biz\/index.php?rest_route=\/wp\/v2\/users\/1"}],"replies":[{"embeddable":true,"href":"https:\/\/analyse.optim.biz\/index.php?rest_route=%2Fwp%2Fv2%2Fcomments&post=1772145"}],"version-history":[{"count":0,"href":"https:\/\/analyse.optim.biz\/index.php?rest_route=\/wp\/v2\/posts\/1772145\/revisions"}],"wp:attachment":[{"href":"https:\/\/analyse.optim.biz\/index.php?rest_route=%2Fwp%2Fv2%2Fmedia&parent=1772145"}],"wp:term":[{"taxonomy":"category","embeddable":true,"href":"https:\/\/analyse.optim.biz\/index.php?rest_route=%2Fwp%2Fv2%2Fcategories&post=1772145"},{"taxonomy":"post_tag","embeddable":true,"href":"https:\/\/analyse.optim.biz\/index.php?rest_route=%2Fwp%2Fv2%2Ftags&post=1772145"}],"curies":[{"name":"wp","href":"https:\/\/api.w.org\/{rel}","templated":true}]}}