{"id":1771835,"date":"2026-01-30T07:00:00","date_gmt":"2026-01-30T04:00:00","guid":{"rendered":"https:\/\/analyse.optim.biz\/?p=1771835"},"modified":"2026-01-30T07:00:00","modified_gmt":"2026-01-30T04:00:00","slug":"start-esc-green-and-inclusive-volunteering-employment-and-sustainable-development-final-de-proiect-co-finantat-de-uniunea-europeana","status":"publish","type":"post","link":"https:\/\/analyse.optim.biz\/?p=1771835","title":{"rendered":"\u201eStart ESC: Green and Inclusive Volunteering ~ Employment and Sustainable Development\u201d \u2013 Final de proiect \u2013 ,,Co-finan\u021bat de Uniunea European\u0103\u201d"},"content":{"rendered":"<p>[analyse_image type=&#8221;featured&#8221; src=&#8221;https:\/\/www.curierul.ro\/wp-content\/uploads\/2026\/02\/APDD_Comunicat-final-Start-ESC-2024-_30.01.2026-page-001.jpghttps:\/\/www.curierul.ro\/wp-content\/uploads\/2026\/02\/APDD_Comunicat-final-Start-ESC-2024-_30.01.2026-page-002.jpg&#8221;]<\/p>\n<article id=\"196276\" class=\"post-196276 post type-post status-publish format-standard hentry category-anunturi category-publicitate tag-apdd tag-final-de-proiect tag-green-and-inclusive-volunteering tag-start-esc tag-uniunea-europeana\">\n<header class=\"post-header\">\n<ul class=\"breadcrumbs\">\n<li><a href=\"https:\/\/www.curierul.ro\">Home<\/a><\/li>\n<li class=\"breadcrumbs-active .category-anunturi\"><a href=\"https:\/\/www.curierul.ro\/index.php?cat=6065\">Anunturi<\/a><\/li>\n<li class=\"breadcrumbs-active .category-anunturi\">\u201eStart ESC: Green and Inclusive Volunteering ~ Employment and Sustainable Development\u201d \u2013 Final de proiect \u2013 ,,Co-finan\u021bat de Uniunea European\u0103\u201d<\/li>\n<\/ul>\n<h1 class=\"headline\">\u201eStart ESC: Green and Inclusive Volunteering ~ Employment and Sustainable Development\u201d \u2013 Final de proiect \u2013 ,,Co-finan\u021bat de Uniunea European\u0103\u201d<\/h1>\n<p class=\"byline\">\n\t\tScris de<a href=\"https:\/\/www.curierul.ro\/author\/curierul\/\">Curierul de Valcea<\/a>, \t\t30 ianuarie 2026\t\t\t\t<\/p>\n<hr>\n<\/header>\n<p><img loading=\"lazy\" decoding=\"async\" class=\"aligncenter wp-image-196277 size-full\" src=\"https:\/\/i0.wp.com\/www.curierul.ro\/wp-content\/uploads\/2026\/02\/APDD_Comunicat-final-Start-ESC-2024-_30.01.2026-page-001.jpg?fit=212%2C300&amp;ssl=1\" alt width=\"1240\" height=\"1754\"><\/p>\n<p><img loading=\"lazy\" decoding=\"async\" class=\"aligncenter wp-image-196278 size-full\" src=\"https:\/\/i0.wp.com\/www.curierul.ro\/wp-content\/uploads\/2026\/02\/APDD_Comunicat-final-Start-ESC-2024-_30.01.2026-page-002.jpg?fit=212%2C300&amp;ssl=1\" alt width=\"1240\" height=\"1754\"><\/p>\n<p><strong>\u00a0\u00a0\u00a0\u00a0\u00a0\u00a0\u00a0\u00a0\u00a0\u00a0\u00a0\u00a0\u00a0\u00a0\u00a0\u00a0\u00a0\u00a0\u00a0\u00a0\u00a0\u00a0\u00a0\u00a0\u00a0\u00a0\u00a0\u00a0\u00a0\u00a0\u00a0\u00a0\u00a0\u00a0\u00a0\u00a0\u00a0\u00a0\u00a0\u00a0\u00a0\u00a0\u00a0\u00a0\u00a0\u00a0\u00a0\u00a0\u00a0\u00a0 <\/strong><\/p>\n<div class=\"sharedaddy sd-sharing-enabled\">\n<div class=\"robots-nocontent sd-block sd-social sd-social-official sd-sharing\">\n<h3 class=\"sd-title\">Distribuie pe:<\/h3>\n<div class=\"sd-content\">\n<ul>\n<li class=\"share-facebook\">\n<li class=\"share-twitter\"><a href=\"https:\/\/twitter.com\/share\" class=\"twitter-share-button\" data-url=\"https:\/\/www.curierul.ro\/start-esc-green-and-inclusive-volunteering-employment-and-sustainable-development-final-de-proiect-co-finantat-de-uniunea-europeana\/\" data-text=\"\u201eStart ESC: Green and Inclusive Volunteering ~ Employment and Sustainable Development\u201d - Final de proiect - ,,Co-finan\u021bat de Uniunea European\u0103\u201d\" data-via=\"curierulvl\">Tweet<\/a><\/li>\n<li class=\"share-jetpack-whatsapp\"><a rel=\"nofollow noopener noreferrer\" data-shared=\"sharing-whatsapp-196276\" class=\"share-jetpack-whatsapp sd-button\" href=\"https:\/\/www.curierul.ro\/start-esc-green-and-inclusive-volunteering-employment-and-sustainable-development-final-de-proiect-co-finantat-de-uniunea-europeana\/?share=jetpack-whatsapp\" target=\"_blank\" aria-labelledby=\"sharing-whatsapp-196276\"><span id=\"sharing-whatsapp-196276\" hidden>D\u0103 clic pentru partajare pe WhatsApp(Se deschide \u00eentr-o fereastr\u0103 nou\u0103)<\/span><span>WhatsApp<\/span><\/a><\/li>\n<li><a href=\"https:\/\/www.curierul.ro\/start-esc-green-and-inclusive-volunteering-employment-and-sustainable-development-final-de-proiect-co-finantat-de-uniunea-europeana\/\" class=\"sharing-anchor sd-button share-more\"><span>Mai mult<\/span><\/a><\/li>\n<li class=\"share-end\"><\/ul>\n<div class=\"sharing-hidden\">\n<div class=\"inner\">\n<ul>\n<li class=\"share-email\"><a rel=\"nofollow noopener noreferrer\" data-shared=\"sharing-email-196276\" class=\"share-email sd-button\" href=\"mailto:?subject=%5BArticol%20partajat%5D%20%E2%80%9EStart%20ESC%3A%20Green%20and%20Inclusive%20Volunteering%20~%20Employment%20and%20Sustainable%20Development%E2%80%9D%20-%20Final%20de%20proiect%20-%20%2C%2CCo-finan%C8%9Bat%20de%20Uniunea%20European%C4%83%E2%80%9D&amp;body=https%3A%2F%2Fwww.curierul.ro%2Fstart-esc-green-and-inclusive-volunteering-employment-and-sustainable-development-final-de-proiect-co-finantat-de-uniunea-europeana%2F&amp;share=email\" target=\"_blank\" aria-labelledby=\"sharing-email-196276\" data-email-share-error-title=\"\u021ai-ai configurat emailul?\" data-email-share-error-text=\"Dac\u0103 ai probleme la partajarea prin email, probabil nu ai configurat emailul pentru navigator. Poate trebuie s\u0103 creezi singur un email nou.\" data-email-share-nonce=\"53c136a91c\" data-email-share-track-url=\"https:\/\/www.curierul.ro\/start-esc-green-and-inclusive-volunteering-employment-and-sustainable-development-final-de-proiect-co-finantat-de-uniunea-europeana\/?share=email\"><span id=\"sharing-email-196276\" hidden>D\u0103 clic pentru a trimite o leg\u0103tur\u0103 prin email unui prieten(Se deschide \u00eentr-o fereastr\u0103 nou\u0103)<\/span><span>Email<\/span><\/a><\/li>\n<li class=\"share-print\"><a rel=\"nofollow noopener noreferrer\" data-shared=\"sharing-print-196276\" class=\"share-print sd-button\" href=\"https:\/\/www.curierul.ro\/start-esc-green-and-inclusive-volunteering-employment-and-sustainable-development-final-de-proiect-co-finantat-de-uniunea-europeana\/#print?share=print\" target=\"_blank\" aria-labelledby=\"sharing-print-196276\"><span id=\"sharing-print-196276\" hidden>D\u0103 clic pentru a imprima(Se deschide \u00eentr-o fereastr\u0103 nou\u0103)<\/span><span>Imprimare<\/span><\/a><\/li>\n<li class=\"share-end\"><\/ul>\n<\/div>\n<\/div>\n<\/div>\n<\/div>\n<\/div>\n<div id=\"jp-relatedposts\" class=\"jp-relatedposts\">\n<h3 class=\"jp-relatedposts-headline\"><em>Similare<\/em><\/h3>\n<\/div>\n<footer class=\"post-footer\">\n<p class=\"tags\"><strong>Tags: <\/strong><a href=\"https:\/\/www.curierul.ro\/tag\/apdd\/\" rel=\"tag\">APDD<\/a>, <a href=\"https:\/\/www.curierul.ro\/tag\/final-de-proiect\/\" rel=\"tag\">final de proiect<\/a>, <a href=\"https:\/\/www.curierul.ro\/tag\/green-and-inclusive-volunteering\/\" rel=\"tag\">Green and Inclusive Volunteering<\/a>, <a href=\"https:\/\/www.curierul.ro\/tag\/start-esc\/\" rel=\"tag\">START ESC<\/a>, <a href=\"https:\/\/www.curierul.ro\/tag\/uniunea-europeana\/\" rel=\"tag\">Uniunea European\u0103<\/a><\/p>\n<div class=\"post-navigation clearfix\">\n<div class=\"previous-post\">\n<div class=\"featured-photo\"><img decoding=\"async\" width=\"1512\" height=\"1374\" src=\"https:\/\/i0.wp.com\/www.curierul.ro\/wp-content\/uploads\/2026\/01\/politie-tren-e1769686281447.jpeg?fit=300%2C273&amp;ssl=1\" class=\"attachment-post-thumbnail size-post-thumbnail wp-post-image\" alt loading=\"lazy\"><\/div>\n<p class=\"paginate-title\">\u00ab\u00ab <a href=\"https:\/\/www.curierul.ro\/politia-ne-reaminteste-selfie-ul-pe-tren-nu-ia-like-uri-ia-vieti\/\" rel=\"prev\">Poli\u021bia ne reaminte\u0219te: \u201eSelfie-ul pe tren nu ia like-uri, ia vie\u021bi\u201d<\/a><\/p>\n<\/div>\n<div class=\"next-post\">\n<div class=\"featured-photo\"><img decoding=\"async\" width=\"2560\" height=\"1066\" src=\"https:\/\/i0.wp.com\/www.curierul.ro\/wp-content\/uploads\/2026\/01\/Eisberg_linie-scaled.jpeg?fit=300%2C125&amp;ssl=1\" class=\"attachment-post-thumbnail size-post-thumbnail wp-post-image\" alt loading=\"lazy\"><\/div>\n<p class=\"paginate-title\"><a href=\"https:\/\/www.curierul.ro\/eisberg-un-reper-privind-securitatea-alimentara-a-salatelor-gata-de-consum\/\" rel=\"next\">Eisberg, un reper privind securitatea alimentar\u0103 a salatelor gata de consum<\/a> \u00bb\u00bb<\/p>\n<\/div>\n<\/div>\n<div id=\"comments\" class=\"comments-area\">\n<div id=\"respond\" class=\"comment-respond\">\n<h3 id=\"reply-title\" class=\"comment-reply-title\">Po\u021bi comenta aici<small><a rel=\"nofollow\" id=\"cancel-comment-reply-link\" href=\"https:\/\/www.curierul.ro\/start-esc-green-and-inclusive-volunteering-employment-and-sustainable-development-final-de-proiect-co-finantat-de-uniunea-europeana\/#respond\">Anuleaz\u0103 r\u0103spunsul<\/a><\/small><\/h3>\n<\/div>\n<p class=\"akismet_comment_form_privacy_notice\">Acest site folose\u0219te Akismet pentru a reduce spamul. <a href=\"https:\/\/akismet.com\/privacy\/\" target=\"_blank\" rel=\"nofollow noopener\">Afl\u0103 cum sunt procesate datele comentariilor tale<\/a>.<\/p>\n<\/div>\n<section class=\"related-stories\">\n<h2>Related Stories<\/h2>\n<div class=\"stories-container\">\n<article id=\"latest-194889\" class=\"story post-194889 post type-post status-publish format-standard hentry category-anunturi category-publicitate tag-apdd tag-engagement-and-community-impact tag-green-and-inclusive-volunteering tag-start-esc tag-voluntariat\">\n<p class=\"headline\"><a href=\"https:\/\/www.curierul.ro\/apdd-continua-seria-proiectelor-europene-de-voluntariat-prin-lansarea-start-esc-green-and-inclusive-volunteering-engagement-and-community-impact\/\">APDD continu\u0103 seria proiectelor europene de voluntariat prin lansarea \u201eStart ESC: Green and Inclusive Volunteering ~ Engagement and Community Impact\u201d<\/a><\/p>\n<\/article>\n<article id=\"latest-194973\" class=\"story post-194973 post type-post status-publish format-standard has-post-thumbnail hentry category-anunturi category-publicitate tag-apdd tag-finlanda tag-grecia tag-italia\">\n<div class=\"photo\"><img decoding=\"async\" width=\"735\" height=\"440\" src=\"https:\/\/i0.wp.com\/www.curierul.ro\/wp-content\/uploads\/2025\/10\/2.1-gr_page-0001.jpg?fit=300%2C225&amp;ssl=1\" class=\"attachment-giornalismo-single size-giornalismo-single wp-post-image\" alt loading=\"lazy\"><\/div>\n<p class=\"headline\"><a href=\"https:\/\/www.curierul.ro\/experiente-europene-de-invatare-formare-internationala-pentru-echipa-apdd-in-italia-finlanda-si-grecia\/\">EXPERIEN\u021aE EUROPENE DE \u00ceNV\u0102\u021aARE \u2013 FORMARE INTERNA\u021aIONAL\u0102 PENTRU ECHIPA APDD \u00ceN ITALIA, FINLANDA \u0218I GRECIA<\/a><\/p>\n<\/article>\n<article id=\"latest-194376\" class=\"story post-194376 post type-post status-publish format-standard has-post-thumbnail hentry category-anunturi category-publicitate tag-apdd tag-european-training-4\">\n<div class=\"photo\"><img decoding=\"async\" width=\"735\" height=\"440\" src=\"https:\/\/i0.wp.com\/www.curierul.ro\/wp-content\/uploads\/2025\/08\/APDD-Comunicat-European-Training-4_page-0001.jpg?fit=300%2C225&amp;ssl=1\" class=\"attachment-giornalismo-single size-giornalismo-single wp-post-image\" alt loading=\"lazy\"><\/div>\n<p class=\"headline\"><a href=\"https:\/\/www.curierul.ro\/oportunitati-de-dezvoltare-profesionala-pentru-personalul-apdd-prin-participarea-la-traininguri-internationale-in-cadrul-proiectului-european-training-4\/\">Oportunit\u0103\u021bi de dezvoltare profesional\u0103 pentru personalul APDD prin participarea la traininguri interna\u021bionale, \u00een cadrul proiectului European Training 4<\/a><\/p>\n<\/article>\n<\/div>\n<\/section>\n<section class=\"latest-category clearfix\">\n<h2 class=\"title\">More Stories From Anunturi<\/h2>\n<div class=\"stories-container\">\n<article id=\"related-196229\" class=\"story post-196229 post type-post status-publish format-standard has-post-thumbnail hentry category-anunturi category-publicitate tag-apavil tag-concurs tag-electrician tag-statie-tratare-apa tag-valea-lui-stan\">\n<div class=\"photo\"><img decoding=\"async\" width=\"680\" height=\"365\" src=\"https:\/\/i0.wp.com\/www.curierul.ro\/wp-content\/uploads\/2022\/01\/angajam-personal.png?fit=300%2C161&amp;ssl=1\" class=\"attachment-giornalismo-single size-giornalismo-single wp-post-image\" alt loading=\"lazy\"><\/div>\n<p class=\"headline\"><a href=\"https:\/\/www.curierul.ro\/apavil-sa-anunt-privind-scoaterea-la-concurs-a-unui-post-de-electrician-in-cadrul-serviciului-mecano-energetic-punct-de-lucru-statia-de-tratare-a-apei-valea-lui-stan\/\">APAVIL SA \u2013 anun\u021b privind scoaterea la concurs a unui post de electrician \u00een cadrul Serviciului Mecano-Energetic, punct de lucru Sta\u021bia de Tratare a Apei, Valea lui Stan<\/a><\/p>\n<\/article>\n<article id=\"related-196227\" class=\"story post-196227 post type-post status-publish format-standard has-post-thumbnail hentry category-anunturi category-publicitate tag-apavil tag-concurs tag-consilier-juridic tag-juridic tag-resurse-umane tag-salarizare\">\n<div class=\"photo\"><img decoding=\"async\" width=\"560\" height=\"264\" src=\"https:\/\/i0.wp.com\/www.curierul.ro\/wp-content\/uploads\/2023\/09\/foto-angajare.jpg?fit=300%2C141&amp;ssl=1\" class=\"attachment-giornalismo-single size-giornalismo-single wp-post-image\" alt loading=\"lazy\"><\/div>\n<p class=\"headline\"><a href=\"https:\/\/www.curierul.ro\/apavil-sa-anunt-privind-scoaterea-la-concurs-a-unui-post-de-consilier-juridic-in-cadrul-serviciului-resurse-umane-salarizare-si-arhiva-compartimentul-juridic-4\/\">APAVIL SA \u2013 anun\u021b privind scoaterea la concurs a unui post de consilier juridic, \u00een cadrul Serviciului Resurse Umane Salarizare si Arhiv\u0103,\u00a0 Compartimentul Juridic<\/a><\/p>\n<\/article>\n<article id=\"related-196225\" class=\"story post-196225 post type-post status-publish format-standard has-post-thumbnail hentry category-anunturi category-publicitate tag-apavil tag-cititor tag-concurs tag-incasator tag-mihaesti-2\">\n<div class=\"photo\"><img decoding=\"async\" width=\"735\" height=\"440\" src=\"https:\/\/i0.wp.com\/www.curierul.ro\/wp-content\/uploads\/2019\/03\/APAVIL-SIGLA-2019.jpg?fit=300%2C250&amp;ssl=1\" class=\"attachment-giornalismo-single size-giornalismo-single wp-post-image\" alt loading=\"lazy\"><\/div>\n<p class=\"headline\"><a href=\"https:\/\/www.curierul.ro\/apavil-sa-anunt-privind-scoaterea-la-concurs-a-unui-post-de-incasator-cititor-in-cadrul-serviciului-citire-incasare-ramnicu-valcea-subzona-mihaesti\/\">APAVIL SA \u2013 anun\u021b privind scoaterea la concurs a unui\u00a0 post de \u00eencasator-cititor \u00een cadrul Serviciului Citire \u00cencasare, R\u00e2mnicu V\u00e2lcea, subzona Mih\u0103e\u0219ti<\/a><\/p>\n<\/article>\n<\/div>\n<\/section>\n<section class=\"author-bio clearfix\">\n<div class=\"mug-shot\"><img decoding=\"async\" alt src=\"https:\/\/secure.gravatar.com\/avatar\/2a58d181c1d85262357d59db6fc29158130ca794fc45057783762a4c0eb9167f?s=96&amp;d=mm&amp;r=g\" class=\"avatar avatar-96 photo\" height=\"96\" width=\"96\" loading=\"lazy\"><\/div>\n<div class=\"author-info\">\n<p class=\"title\">About Curierul de Valcea, <\/p>\n<div class=\"author-social-area\"><a href=\"mailto:curierul@curierul.ro\"><span class=\"fal fa-envelope\"><span class=\"screen-reader-text\">Email the Author<\/span><\/span><\/a><\/div>\n<\/div>\n<\/section>\n<\/footer>\n<\/article>\n<article id=\"196276\" class=\"post-196276 post type-post status-publish format-standard hentry category-anunturi category-publicitate tag-apdd tag-final-de-proiect tag-green-and-inclusive-volunteering tag-start-esc tag-uniunea-europeana\">\n<header class=\"post-header\">\n<ul class=\"breadcrumbs\">\n<li><a href=\"https:\/\/www.curierul.ro\">Home<\/a><\/li>\n<li class=\"breadcrumbs-active .category-anunturi\"><a href=\"https:\/\/www.curierul.ro\/index.php?cat=6065\">Anunturi<\/a><\/li>\n<li class=\"breadcrumbs-active .category-anunturi\">\u201eStart ESC: Green and Inclusive Volunteering ~ Employment and Sustainable Development\u201d \u2013 Final de proiect \u2013 ,,Co-finan\u021bat de Uniunea European\u0103\u201d<\/li>\n<\/ul>\n<h1 class=\"headline\">\u201eStart ESC: Green and Inclusive Volunteering ~ Employment and Sustainable Development\u201d \u2013 Final de proiect \u2013 ,,Co-finan\u021bat de Uniunea European\u0103\u201d<\/h1>\n<p class=\"byline\">\n\t\tScris de<a href=\"https:\/\/www.curierul.ro\/author\/curierul\/\">Curierul de Valcea<\/a>, \t\t30 ianuarie 2026\t\t\t\t<\/p>\n<hr>\n<\/header>\n<p><img loading=\"lazy\" decoding=\"async\" class=\"aligncenter wp-image-196277 size-full\" src=\"https:\/\/i0.wp.com\/www.curierul.ro\/wp-content\/uploads\/2026\/02\/APDD_Comunicat-final-Start-ESC-2024-_30.01.2026-page-001.jpg?fit=212%2C300&amp;ssl=1\" alt width=\"1240\" height=\"1754\"><\/p>\n<p><img loading=\"lazy\" decoding=\"async\" class=\"aligncenter wp-image-196278 size-full\" src=\"https:\/\/i0.wp.com\/www.curierul.ro\/wp-content\/uploads\/2026\/02\/APDD_Comunicat-final-Start-ESC-2024-_30.01.2026-page-002.jpg?fit=212%2C300&amp;ssl=1\" alt width=\"1240\" height=\"1754\"><\/p>\n<p><strong>\u00a0\u00a0\u00a0\u00a0\u00a0\u00a0\u00a0\u00a0\u00a0\u00a0\u00a0\u00a0\u00a0\u00a0\u00a0\u00a0\u00a0\u00a0\u00a0\u00a0\u00a0\u00a0\u00a0\u00a0\u00a0\u00a0\u00a0\u00a0\u00a0\u00a0\u00a0\u00a0\u00a0\u00a0\u00a0\u00a0\u00a0\u00a0\u00a0\u00a0\u00a0\u00a0\u00a0\u00a0\u00a0\u00a0\u00a0\u00a0\u00a0\u00a0 <\/strong><\/p>\n<div class=\"sharedaddy sd-sharing-enabled\">\n<div class=\"robots-nocontent sd-block sd-social sd-social-official sd-sharing\">\n<h3 class=\"sd-title\">Distribuie pe:<\/h3>\n<div class=\"sd-content\">\n<ul>\n<li class=\"share-facebook\">\n<li class=\"share-twitter\"><a href=\"https:\/\/twitter.com\/share\" class=\"twitter-share-button\" data-url=\"https:\/\/www.curierul.ro\/start-esc-green-and-inclusive-volunteering-employment-and-sustainable-development-final-de-proiect-co-finantat-de-uniunea-europeana\/\" data-text=\"\u201eStart ESC: Green and Inclusive Volunteering ~ Employment and Sustainable Development\u201d - Final de proiect - ,,Co-finan\u021bat de Uniunea European\u0103\u201d\" data-via=\"curierulvl\">Tweet<\/a><\/li>\n<li class=\"share-jetpack-whatsapp\"><a rel=\"nofollow noopener noreferrer\" data-shared=\"sharing-whatsapp-196276\" class=\"share-jetpack-whatsapp sd-button\" href=\"https:\/\/www.curierul.ro\/start-esc-green-and-inclusive-volunteering-employment-and-sustainable-development-final-de-proiect-co-finantat-de-uniunea-europeana\/?share=jetpack-whatsapp\" target=\"_blank\" aria-labelledby=\"sharing-whatsapp-196276\"><span id=\"sharing-whatsapp-196276\" hidden>D\u0103 clic pentru partajare pe WhatsApp(Se deschide \u00eentr-o fereastr\u0103 nou\u0103)<\/span><span>WhatsApp<\/span><\/a><\/li>\n<li><a href=\"https:\/\/www.curierul.ro\/start-esc-green-and-inclusive-volunteering-employment-and-sustainable-development-final-de-proiect-co-finantat-de-uniunea-europeana\/\" class=\"sharing-anchor sd-button share-more\"><span>Mai mult<\/span><\/a><\/li>\n<li class=\"share-end\"><\/ul>\n<div class=\"sharing-hidden\">\n<div class=\"inner\">\n<ul>\n<li class=\"share-email\"><a rel=\"nofollow noopener noreferrer\" data-shared=\"sharing-email-196276\" class=\"share-email sd-button\" href=\"mailto:?subject=%5BArticol%20partajat%5D%20%E2%80%9EStart%20ESC%3A%20Green%20and%20Inclusive%20Volunteering%20~%20Employment%20and%20Sustainable%20Development%E2%80%9D%20-%20Final%20de%20proiect%20-%20%2C%2CCo-finan%C8%9Bat%20de%20Uniunea%20European%C4%83%E2%80%9D&amp;body=https%3A%2F%2Fwww.curierul.ro%2Fstart-esc-green-and-inclusive-volunteering-employment-and-sustainable-development-final-de-proiect-co-finantat-de-uniunea-europeana%2F&amp;share=email\" target=\"_blank\" aria-labelledby=\"sharing-email-196276\" data-email-share-error-title=\"\u021ai-ai configurat emailul?\" data-email-share-error-text=\"Dac\u0103 ai probleme la partajarea prin email, probabil nu ai configurat emailul pentru navigator. Poate trebuie s\u0103 creezi singur un email nou.\" data-email-share-nonce=\"53c136a91c\" data-email-share-track-url=\"https:\/\/www.curierul.ro\/start-esc-green-and-inclusive-volunteering-employment-and-sustainable-development-final-de-proiect-co-finantat-de-uniunea-europeana\/?share=email\"><span id=\"sharing-email-196276\" hidden>D\u0103 clic pentru a trimite o leg\u0103tur\u0103 prin email unui prieten(Se deschide \u00eentr-o fereastr\u0103 nou\u0103)<\/span><span>Email<\/span><\/a><\/li>\n<li class=\"share-print\"><a rel=\"nofollow noopener noreferrer\" data-shared=\"sharing-print-196276\" class=\"share-print sd-button\" href=\"https:\/\/www.curierul.ro\/start-esc-green-and-inclusive-volunteering-employment-and-sustainable-development-final-de-proiect-co-finantat-de-uniunea-europeana\/#print?share=print\" target=\"_blank\" aria-labelledby=\"sharing-print-196276\"><span id=\"sharing-print-196276\" hidden>D\u0103 clic pentru a imprima(Se deschide \u00eentr-o fereastr\u0103 nou\u0103)<\/span><span>Imprimare<\/span><\/a><\/li>\n<li class=\"share-end\"><\/ul>\n<\/div>\n<\/div>\n<\/div>\n<\/div>\n<\/div>\n<div id=\"jp-relatedposts\" class=\"jp-relatedposts\">\n<h3 class=\"jp-relatedposts-headline\"><em>Similare<\/em><\/h3>\n<\/div>\n<footer class=\"post-footer\">\n<p class=\"tags\"><strong>Tags: <\/strong><a href=\"https:\/\/www.curierul.ro\/tag\/apdd\/\" rel=\"tag\">APDD<\/a>, <a href=\"https:\/\/www.curierul.ro\/tag\/final-de-proiect\/\" rel=\"tag\">final de proiect<\/a>, <a href=\"https:\/\/www.curierul.ro\/tag\/green-and-inclusive-volunteering\/\" rel=\"tag\">Green and Inclusive Volunteering<\/a>, <a href=\"https:\/\/www.curierul.ro\/tag\/start-esc\/\" rel=\"tag\">START ESC<\/a>, <a href=\"https:\/\/www.curierul.ro\/tag\/uniunea-europeana\/\" rel=\"tag\">Uniunea European\u0103<\/a><\/p>\n<div class=\"post-navigation clearfix\">\n<div class=\"previous-post\">\n<div class=\"featured-photo\"><img decoding=\"async\" width=\"1512\" height=\"1374\" src=\"https:\/\/i0.wp.com\/www.curierul.ro\/wp-content\/uploads\/2026\/01\/politie-tren-e1769686281447.jpeg?fit=300%2C273&amp;ssl=1\" class=\"attachment-post-thumbnail size-post-thumbnail wp-post-image\" alt loading=\"lazy\"><\/div>\n<p class=\"paginate-title\">\u00ab\u00ab <a href=\"https:\/\/www.curierul.ro\/politia-ne-reaminteste-selfie-ul-pe-tren-nu-ia-like-uri-ia-vieti\/\" rel=\"prev\">Poli\u021bia ne reaminte\u0219te: \u201eSelfie-ul pe tren nu ia like-uri, ia vie\u021bi\u201d<\/a><\/p>\n<\/div>\n<div class=\"next-post\">\n<div class=\"featured-photo\"><img decoding=\"async\" width=\"2560\" height=\"1066\" src=\"https:\/\/i0.wp.com\/www.curierul.ro\/wp-content\/uploads\/2026\/01\/Eisberg_linie-scaled.jpeg?fit=300%2C125&amp;ssl=1\" class=\"attachment-post-thumbnail size-post-thumbnail wp-post-image\" alt loading=\"lazy\"><\/div>\n<p class=\"paginate-title\"><a href=\"https:\/\/www.curierul.ro\/eisberg-un-reper-privind-securitatea-alimentara-a-salatelor-gata-de-consum\/\" rel=\"next\">Eisberg, un reper privind securitatea alimentar\u0103 a salatelor gata de consum<\/a> \u00bb\u00bb<\/p>\n<\/div>\n<\/div>\n<div id=\"comments\" class=\"comments-area\">\n<div id=\"respond\" class=\"comment-respond\">\n<h3 id=\"reply-title\" class=\"comment-reply-title\">Po\u021bi comenta aici<small><a rel=\"nofollow\" id=\"cancel-comment-reply-link\" href=\"https:\/\/www.curierul.ro\/start-esc-green-and-inclusive-volunteering-employment-and-sustainable-development-final-de-proiect-co-finantat-de-uniunea-europeana\/#respond\">Anuleaz\u0103 r\u0103spunsul<\/a><\/small><\/h3>\n<\/div>\n<p class=\"akismet_comment_form_privacy_notice\">Acest site folose\u0219te Akismet pentru a reduce spamul. <a href=\"https:\/\/akismet.com\/privacy\/\" target=\"_blank\" rel=\"nofollow noopener\">Afl\u0103 cum sunt procesate datele comentariilor tale<\/a>.<\/p>\n<\/div>\n<section class=\"related-stories\">\n<h2>Related Stories<\/h2>\n<div class=\"stories-container\">\n<article id=\"latest-194889\" class=\"story post-194889 post type-post status-publish format-standard hentry category-anunturi category-publicitate tag-apdd tag-engagement-and-community-impact tag-green-and-inclusive-volunteering tag-start-esc tag-voluntariat\">\n<p class=\"headline\"><a href=\"https:\/\/www.curierul.ro\/apdd-continua-seria-proiectelor-europene-de-voluntariat-prin-lansarea-start-esc-green-and-inclusive-volunteering-engagement-and-community-impact\/\">APDD continu\u0103 seria proiectelor europene de voluntariat prin lansarea \u201eStart ESC: Green and Inclusive Volunteering ~ Engagement and Community Impact\u201d<\/a><\/p>\n<\/article>\n<article id=\"latest-194973\" class=\"story post-194973 post type-post status-publish format-standard has-post-thumbnail hentry category-anunturi category-publicitate tag-apdd tag-finlanda tag-grecia tag-italia\">\n<div class=\"photo\"><img decoding=\"async\" width=\"735\" height=\"440\" src=\"https:\/\/i0.wp.com\/www.curierul.ro\/wp-content\/uploads\/2025\/10\/2.1-gr_page-0001.jpg?fit=300%2C225&amp;ssl=1\" class=\"attachment-giornalismo-single size-giornalismo-single wp-post-image\" alt loading=\"lazy\"><\/div>\n<p class=\"headline\"><a href=\"https:\/\/www.curierul.ro\/experiente-europene-de-invatare-formare-internationala-pentru-echipa-apdd-in-italia-finlanda-si-grecia\/\">EXPERIEN\u021aE EUROPENE DE \u00ceNV\u0102\u021aARE \u2013 FORMARE INTERNA\u021aIONAL\u0102 PENTRU ECHIPA APDD \u00ceN ITALIA, FINLANDA \u0218I GRECIA<\/a><\/p>\n<\/article>\n<article id=\"latest-194376\" class=\"story post-194376 post type-post status-publish format-standard has-post-thumbnail hentry category-anunturi category-publicitate tag-apdd tag-european-training-4\">\n<div class=\"photo\"><img decoding=\"async\" width=\"735\" height=\"440\" src=\"https:\/\/i0.wp.com\/www.curierul.ro\/wp-content\/uploads\/2025\/08\/APDD-Comunicat-European-Training-4_page-0001.jpg?fit=300%2C225&amp;ssl=1\" class=\"attachment-giornalismo-single size-giornalismo-single wp-post-image\" alt loading=\"lazy\"><\/div>\n<p class=\"headline\"><a href=\"https:\/\/www.curierul.ro\/oportunitati-de-dezvoltare-profesionala-pentru-personalul-apdd-prin-participarea-la-traininguri-internationale-in-cadrul-proiectului-european-training-4\/\">Oportunit\u0103\u021bi de dezvoltare profesional\u0103 pentru personalul APDD prin participarea la traininguri interna\u021bionale, \u00een cadrul proiectului European Training 4<\/a><\/p>\n<\/article>\n<\/div>\n<\/section>\n<section class=\"latest-category clearfix\">\n<h2 class=\"title\">More Stories From Anunturi<\/h2>\n<div class=\"stories-container\">\n<article id=\"related-196229\" class=\"story post-196229 post type-post status-publish format-standard has-post-thumbnail hentry category-anunturi category-publicitate tag-apavil tag-concurs tag-electrician tag-statie-tratare-apa tag-valea-lui-stan\">\n<div class=\"photo\"><img decoding=\"async\" width=\"680\" height=\"365\" src=\"https:\/\/i0.wp.com\/www.curierul.ro\/wp-content\/uploads\/2022\/01\/angajam-personal.png?fit=300%2C161&amp;ssl=1\" class=\"attachment-giornalismo-single size-giornalismo-single wp-post-image\" alt loading=\"lazy\"><\/div>\n<p class=\"headline\"><a href=\"https:\/\/www.curierul.ro\/apavil-sa-anunt-privind-scoaterea-la-concurs-a-unui-post-de-electrician-in-cadrul-serviciului-mecano-energetic-punct-de-lucru-statia-de-tratare-a-apei-valea-lui-stan\/\">APAVIL SA \u2013 anun\u021b privind scoaterea la concurs a unui post de electrician \u00een cadrul Serviciului Mecano-Energetic, punct de lucru Sta\u021bia de Tratare a Apei, Valea lui Stan<\/a><\/p>\n<\/article>\n<article id=\"related-196227\" class=\"story post-196227 post type-post status-publish format-standard has-post-thumbnail hentry category-anunturi category-publicitate tag-apavil tag-concurs tag-consilier-juridic tag-juridic tag-resurse-umane tag-salarizare\">\n<div class=\"photo\"><img decoding=\"async\" width=\"560\" height=\"264\" src=\"https:\/\/i0.wp.com\/www.curierul.ro\/wp-content\/uploads\/2023\/09\/foto-angajare.jpg?fit=300%2C141&amp;ssl=1\" class=\"attachment-giornalismo-single size-giornalismo-single wp-post-image\" alt loading=\"lazy\"><\/div>\n<p class=\"headline\"><a href=\"https:\/\/www.curierul.ro\/apavil-sa-anunt-privind-scoaterea-la-concurs-a-unui-post-de-consilier-juridic-in-cadrul-serviciului-resurse-umane-salarizare-si-arhiva-compartimentul-juridic-4\/\">APAVIL SA \u2013 anun\u021b privind scoaterea la concurs a unui post de consilier juridic, \u00een cadrul Serviciului Resurse Umane Salarizare si Arhiv\u0103,\u00a0 Compartimentul Juridic<\/a><\/p>\n<\/article>\n<article id=\"related-196225\" class=\"story post-196225 post type-post status-publish format-standard has-post-thumbnail hentry category-anunturi category-publicitate tag-apavil tag-cititor tag-concurs tag-incasator tag-mihaesti-2\">\n<div class=\"photo\"><img decoding=\"async\" width=\"735\" height=\"440\" src=\"https:\/\/i0.wp.com\/www.curierul.ro\/wp-content\/uploads\/2019\/03\/APAVIL-SIGLA-2019.jpg?fit=300%2C250&amp;ssl=1\" class=\"attachment-giornalismo-single size-giornalismo-single wp-post-image\" alt loading=\"lazy\"><\/div>\n<p class=\"headline\"><a href=\"https:\/\/www.curierul.ro\/apavil-sa-anunt-privind-scoaterea-la-concurs-a-unui-post-de-incasator-cititor-in-cadrul-serviciului-citire-incasare-ramnicu-valcea-subzona-mihaesti\/\">APAVIL SA \u2013 anun\u021b privind scoaterea la concurs a unui\u00a0 post de \u00eencasator-cititor \u00een cadrul Serviciului Citire \u00cencasare, R\u00e2mnicu V\u00e2lcea, subzona Mih\u0103e\u0219ti<\/a><\/p>\n<\/article>\n<\/div>\n<\/section>\n<section class=\"author-bio clearfix\">\n<div class=\"mug-shot\"><img decoding=\"async\" alt src=\"https:\/\/secure.gravatar.com\/avatar\/2a58d181c1d85262357d59db6fc29158130ca794fc45057783762a4c0eb9167f?s=96&amp;d=mm&amp;r=g\" class=\"avatar avatar-96 photo\" height=\"96\" width=\"96\" loading=\"lazy\"><\/div>\n<div class=\"author-info\">\n<p class=\"title\">About Curierul de Valcea, <\/p>\n<div class=\"author-social-area\"><a href=\"mailto:curierul@curierul.ro\"><span class=\"fal fa-envelope\"><span class=\"screen-reader-text\">Email the Author<\/span><\/span><\/a><\/div>\n<\/div>\n<\/section>\n<\/footer>\n<\/article>\n<article id=\"latest-194889\" class=\"story post-194889 post type-post status-publish format-standard hentry category-anunturi category-publicitate tag-apdd tag-engagement-and-community-impact tag-green-and-inclusive-volunteering tag-start-esc tag-voluntariat\">\n<p class=\"headline\"><a href=\"https:\/\/www.curierul.ro\/apdd-continua-seria-proiectelor-europene-de-voluntariat-prin-lansarea-start-esc-green-and-inclusive-volunteering-engagement-and-community-impact\/\">APDD continu\u0103 seria proiectelor europene de voluntariat prin lansarea \u201eStart ESC: Green and Inclusive Volunteering ~ Engagement and Community Impact\u201d<\/a><\/p>\n<\/article>\n<article id=\"latest-194973\" class=\"story post-194973 post type-post status-publish format-standard has-post-thumbnail hentry category-anunturi category-publicitate tag-apdd tag-finlanda tag-grecia tag-italia\">\n<div class=\"photo\"><img decoding=\"async\" width=\"735\" height=\"440\" src=\"https:\/\/i0.wp.com\/www.curierul.ro\/wp-content\/uploads\/2025\/10\/2.1-gr_page-0001.jpg?fit=300%2C225&amp;ssl=1\" class=\"attachment-giornalismo-single size-giornalismo-single wp-post-image\" alt loading=\"lazy\"><\/div>\n<p class=\"headline\"><a href=\"https:\/\/www.curierul.ro\/experiente-europene-de-invatare-formare-internationala-pentru-echipa-apdd-in-italia-finlanda-si-grecia\/\">EXPERIEN\u021aE EUROPENE DE \u00ceNV\u0102\u021aARE \u2013 FORMARE INTERNA\u021aIONAL\u0102 PENTRU ECHIPA APDD \u00ceN ITALIA, FINLANDA \u0218I GRECIA<\/a><\/p>\n<\/article>\n<article id=\"latest-194376\" class=\"story post-194376 post type-post status-publish format-standard has-post-thumbnail hentry category-anunturi category-publicitate tag-apdd tag-european-training-4\">\n<div class=\"photo\"><img decoding=\"async\" width=\"735\" height=\"440\" src=\"https:\/\/i0.wp.com\/www.curierul.ro\/wp-content\/uploads\/2025\/08\/APDD-Comunicat-European-Training-4_page-0001.jpg?fit=300%2C225&amp;ssl=1\" class=\"attachment-giornalismo-single size-giornalismo-single wp-post-image\" alt loading=\"lazy\"><\/div>\n<p class=\"headline\"><a href=\"https:\/\/www.curierul.ro\/oportunitati-de-dezvoltare-profesionala-pentru-personalul-apdd-prin-participarea-la-traininguri-internationale-in-cadrul-proiectului-european-training-4\/\">Oportunit\u0103\u021bi de dezvoltare profesional\u0103 pentru personalul APDD prin participarea la traininguri interna\u021bionale, \u00een cadrul proiectului European Training 4<\/a><\/p>\n<\/article>\n<article id=\"related-196229\" class=\"story post-196229 post type-post status-publish format-standard has-post-thumbnail hentry category-anunturi category-publicitate tag-apavil tag-concurs tag-electrician tag-statie-tratare-apa tag-valea-lui-stan\">\n<div class=\"photo\"><img decoding=\"async\" width=\"680\" height=\"365\" src=\"https:\/\/i0.wp.com\/www.curierul.ro\/wp-content\/uploads\/2022\/01\/angajam-personal.png?fit=300%2C161&amp;ssl=1\" class=\"attachment-giornalismo-single size-giornalismo-single wp-post-image\" alt loading=\"lazy\"><\/div>\n<p class=\"headline\"><a href=\"https:\/\/www.curierul.ro\/apavil-sa-anunt-privind-scoaterea-la-concurs-a-unui-post-de-electrician-in-cadrul-serviciului-mecano-energetic-punct-de-lucru-statia-de-tratare-a-apei-valea-lui-stan\/\">APAVIL SA \u2013 anun\u021b privind scoaterea la concurs a unui post de electrician \u00een cadrul Serviciului Mecano-Energetic, punct de lucru Sta\u021bia de Tratare a Apei, Valea lui Stan<\/a><\/p>\n<\/article>\n<article id=\"related-196227\" class=\"story post-196227 post type-post status-publish format-standard has-post-thumbnail hentry category-anunturi category-publicitate tag-apavil tag-concurs tag-consilier-juridic tag-juridic tag-resurse-umane tag-salarizare\">\n<div class=\"photo\"><img decoding=\"async\" width=\"560\" height=\"264\" src=\"https:\/\/i0.wp.com\/www.curierul.ro\/wp-content\/uploads\/2023\/09\/foto-angajare.jpg?fit=300%2C141&amp;ssl=1\" class=\"attachment-giornalismo-single size-giornalismo-single wp-post-image\" alt loading=\"lazy\"><\/div>\n<p class=\"headline\"><a href=\"https:\/\/www.curierul.ro\/apavil-sa-anunt-privind-scoaterea-la-concurs-a-unui-post-de-consilier-juridic-in-cadrul-serviciului-resurse-umane-salarizare-si-arhiva-compartimentul-juridic-4\/\">APAVIL SA \u2013 anun\u021b privind scoaterea la concurs a unui post de consilier juridic, \u00een cadrul Serviciului Resurse Umane Salarizare si Arhiv\u0103,\u00a0 Compartimentul Juridic<\/a><\/p>\n<\/article>\n<article id=\"related-196225\" class=\"story post-196225 post type-post status-publish format-standard has-post-thumbnail hentry category-anunturi category-publicitate tag-apavil tag-cititor tag-concurs tag-incasator tag-mihaesti-2\">\n<div class=\"photo\"><img decoding=\"async\" width=\"735\" height=\"440\" src=\"https:\/\/i0.wp.com\/www.curierul.ro\/wp-content\/uploads\/2019\/03\/APAVIL-SIGLA-2019.jpg?fit=300%2C250&amp;ssl=1\" class=\"attachment-giornalismo-single size-giornalismo-single wp-post-image\" alt loading=\"lazy\"><\/div>\n<p class=\"headline\"><a href=\"https:\/\/www.curierul.ro\/apavil-sa-anunt-privind-scoaterea-la-concurs-a-unui-post-de-incasator-cititor-in-cadrul-serviciului-citire-incasare-ramnicu-valcea-subzona-mihaesti\/\">APAVIL SA \u2013 anun\u021b privind scoaterea la concurs a unui\u00a0 post de \u00eencasator-cititor \u00een cadrul Serviciului Citire \u00cencasare, R\u00e2mnicu V\u00e2lcea, subzona Mih\u0103e\u0219ti<\/a><\/p>\n<\/article>\n<p>[analyse_source url=&#8221;https:\/\/www.curierul.ro\/start-esc-green-and-inclusive-volunteering-employment-and-sustainable-development-final-de-proiect-co-finantat-de-uniunea-europeana\/&#8221;]<\/p>\n","protected":false},"excerpt":{"rendered":"<p>[analyse_image type=&#8221;featured&#8221; src=&#8221;https:\/\/www.curierul.ro\/wp-content\/uploads\/2026\/02\/APDD_Comunicat-final-Start-ESC-2024-_30.01.2026-page-001.jpghttps:\/\/www.curierul.ro\/wp-content\/uploads\/2026\/02\/APDD_Comunicat-final-Start-ESC-2024-_30.01.2026-page-002.jpg&#8221;] Home Anunturi \u201eStart ESC: Green and Inclusive Volunteering ~ Employment and Sustainable Development\u201d \u2013 Final de proiect \u2013 ,,Co-finan\u021bat de Uniunea European\u0103\u201d \u201eStart ESC: Green and Inclusive Volunteering ~ Employment and Sustainable Development\u201d \u2013 Final de proiect \u2013 ,,Co-finan\u021bat de Uniunea European\u0103\u201d Scris deCurierul de Valcea, 30 ianuarie 2026 \u00a0\u00a0\u00a0\u00a0\u00a0\u00a0\u00a0\u00a0\u00a0\u00a0\u00a0\u00a0\u00a0\u00a0\u00a0\u00a0\u00a0\u00a0\u00a0\u00a0\u00a0\u00a0\u00a0\u00a0\u00a0\u00a0\u00a0\u00a0\u00a0\u00a0\u00a0\u00a0\u00a0\u00a0\u00a0\u00a0\u00a0\u00a0\u00a0\u00a0\u00a0\u00a0\u00a0\u00a0\u00a0\u00a0\u00a0\u00a0\u00a0\u00a0 Distribuie pe: [&hellip;]<\/p>\n","protected":false},"author":1,"featured_media":0,"comment_status":"open","ping_status":"","sticky":false,"template":"","format":"standard","meta":{"footnotes":""},"categories":[89],"tags":[226,213],"class_list":["post-1771835","post","type-post","status-publish","format-standard","hentry","category-romania","tag-crawlmanager","tag-curierul-ro"],"_links":{"self":[{"href":"https:\/\/analyse.optim.biz\/index.php?rest_route=\/wp\/v2\/posts\/1771835","targetHints":{"allow":["GET"]}}],"collection":[{"href":"https:\/\/analyse.optim.biz\/index.php?rest_route=\/wp\/v2\/posts"}],"about":[{"href":"https:\/\/analyse.optim.biz\/index.php?rest_route=\/wp\/v2\/types\/post"}],"author":[{"embeddable":true,"href":"https:\/\/analyse.optim.biz\/index.php?rest_route=\/wp\/v2\/users\/1"}],"replies":[{"embeddable":true,"href":"https:\/\/analyse.optim.biz\/index.php?rest_route=%2Fwp%2Fv2%2Fcomments&post=1771835"}],"version-history":[{"count":0,"href":"https:\/\/analyse.optim.biz\/index.php?rest_route=\/wp\/v2\/posts\/1771835\/revisions"}],"wp:attachment":[{"href":"https:\/\/analyse.optim.biz\/index.php?rest_route=%2Fwp%2Fv2%2Fmedia&parent=1771835"}],"wp:term":[{"taxonomy":"category","embeddable":true,"href":"https:\/\/analyse.optim.biz\/index.php?rest_route=%2Fwp%2Fv2%2Fcategories&post=1771835"},{"taxonomy":"post_tag","embeddable":true,"href":"https:\/\/analyse.optim.biz\/index.php?rest_route=%2Fwp%2Fv2%2Ftags&post=1771835"}],"curies":[{"name":"wp","href":"https:\/\/api.w.org\/{rel}","templated":true}]}}