{"id":1771601,"date":"2026-02-13T20:11:56","date_gmt":"2026-02-13T17:11:56","guid":{"rendered":"https:\/\/analyse.optim.biz\/?p=1771601"},"modified":"2026-02-13T20:11:56","modified_gmt":"2026-02-13T17:11:56","slug":"infractiuni-in-scadere-in-anul-2025","status":"publish","type":"post","link":"https:\/\/analyse.optim.biz\/?p=1771601","title":{"rendered":"Infrac\u0163iuni \u00een sc\u0103dere \u00een anul 2025"},"content":{"rendered":"<p>[analyse_image type=&#8221;featured&#8221; src=&#8221;https:\/\/www.tvbuzau.ro\/wp-content\/uploads\/2026\/02\/hqdefault-24.jpghttps:\/\/www.tvbuzau.ro\/wp-content\/uploads\/2026\/02\/hqdefault-24.jpg&#8221;]<\/p>\n<div class=\"td-ss-main-content\">\n<article id=\"post-118105\" class=\"post-118105 post type-post status-publish format-video has-post-thumbnail hentry category-actualitate post_format-post-format-video\">\n<div class=\"td-post-header\">\n<ul class=\"td-category\">\n<li class=\"entry-category\"><a href=\"https:\/\/www.tvbuzau.ro\/category\/actualitate\/\">Actualitate<\/a><\/li>\n<\/ul>\n<header class=\"td-post-title\">\n<h1 class=\"entry-title\">Infrac\u0163iuni \u00een sc\u0103dere \u00een anul 2025<\/h1>\n<div class=\"td-module-meta-info\">\n<div class=\"td-post-author-name\">De c\u0103tre <a href=\"https:\/\/www.tvbuzau.ro\/author\/mihai-vasilescu\/\">TV Buz\u0103u<\/a> &#8211; <\/div>\n<p><span class=\"td-post-date\"><time class=\"entry-date updated td-module-date\" datetime=\"2026-02-13T20:11:56+00:00\">februarie 13, 2026<\/time><\/span><\/p>\n<div class=\"td-post-comments\"><a href=\"https:\/\/www.tvbuzau.ro\/infractiuni-in-scadere-in-anul-2025\/#respond\">0<\/a><\/div>\n<div class=\"td-post-views\"><span class=\"td-nr-views-118105\">17<\/span><\/div>\n<\/div>\n<\/header>\n<\/div>\n<div class=\"td-post-sharing td-post-sharing-top td-with-like\">\n<div class=\"td-default-sharing\"><a class=\"td-social-sharing-buttons td-social-facebook\" href=\"http:\/\/www.facebook.com\/sharer.php?u=https%3A%2F%2Fwww.tvbuzau.ro%2Finfractiuni-in-scadere-in-anul-2025%2F\"><\/p>\n<div class=\"td-social-but-text\">Distribui\u021bi pe Facebook<\/div>\n<p><\/a><a class=\"td-social-sharing-buttons td-social-twitter\" href=\"https:\/\/twitter.com\/intent\/tweet?text=Infrac%C5%A3iuni+%C3%AEn+sc%C4%83dere+%C3%AEn+anul+2025&amp;url=https%3A%2F%2Fwww.tvbuzau.ro%2Finfractiuni-in-scadere-in-anul-2025%2F&amp;via=TV+Buz%C4%83u\"><\/p>\n<div class=\"td-social-but-text\">Distribui\u021bi pe Twitter<\/div>\n<p><\/a><\/div>\n<div class=\"td-classic-sharing\">\n<ul>\n<li class=\"td-classic-facebook\"><iframe frameborder src=\"https:\/\/www.facebook.com\/plugins\/like.php?href=https:\/\/www.tvbuzau.ro\/infractiuni-in-scadere-in-anul-2025\/&amp;layout=button_count&amp;show_faces=false&amp;width=105&amp;action=like&amp;colorscheme=light&amp;height=21\"><\/iframe><\/li>\n<li class=\"td-classic-twitter\"><a href=\"https:\/\/twitter.com\/share\" class=\"twitter-share-button\" data-url=\"https:\/\/www.tvbuzau.ro\/infractiuni-in-scadere-in-anul-2025\/\" data-text=\"Infrac\u0163iuni \u00een sc\u0103dere \u00een anul 2025\" data-via data-lang=\"en\">tweet<\/a><\/li>\n<\/ul>\n<\/div>\n<\/div>\n<div class=\"td-post-content\">\n<div class=\"td-featured-image-rec\">\n<div class=\"wpb_video_wrapper\">\n                    <iframe loading=\"lazy\" id=\"td_youtube_player\" width=\"600\" height=\"560\" src=\"https:\/\/www.youtube.com\/embed\/U61ciQimELU?enablejsapi=1&amp;feature=oembed&amp;wmode=opaque&amp;vq=hd720\" frameborder allowfullscreen><\/iframe><\/p><\/div>\n<\/div>\n<p>Peste 17.000 de  interven\u0163ii ale poli\u0163i\u015ftilor buzoieni<br \/>\n\u00cen anul 2025, activit\u0103\u021bile poli\u021bi\u0219tilor din Buz\u0103u au fost concentrate pe cre\u0219terea gradului de siguran\u021b\u0103 a cet\u0103\u021benilor, protejarea vie\u021bii, integrit\u0103\u021bii corporale \u0219i a patrimoniului acestora. Au fost \u00eenregistrate interven\u021bii la peste 17.000 de evenimente sesizate.<br \/>\nTotodat\u0103, poli\u021bi\u0219tii din Buz\u0103u au organizat aproximativ 4.000 de activit\u0103\u0163i preventive cu diferite grupuri \u021bint\u0103, \u00een cadrul c\u0103rora au fost distribuite  materiale cu recomand\u0103ri preventive \u015fi au fost informa\u0163i peste 100.000 de cet\u0103\u0163eni cu privire la m\u0103surile minime de protec\u0163ie pe care le pot adopta. O aten\u0163ie deosebit\u0103 a fost acordat\u0103 \u015fi domeniului ecoomico-finnciar.<br \/>\nPe parcursul anului precedent, poli\u021bi\u0219tii din Buz\u0103u au organizat \u0219i au desf\u0103\u0219urat peste 500 de ac\u021biuni punctuale pentru descurajarea faptelor antisociale.<\/p>\n<div class=\"post-views post-118105 entry-meta\"><span class=\"post-views-label\">Post Views: <\/span><span class=\"post-views-count\">224<\/span><\/div>\n<\/div>\n<footer>\n<div class=\"td-post-sharing td-post-sharing-bottom td-with-like\"><span class=\"td-post-share-title\">DISTRIBUI\u021aI<\/span><\/p>\n<div class=\"td-default-sharing\"><a class=\"td-social-sharing-buttons td-social-facebook\" href=\"http:\/\/www.facebook.com\/sharer.php?u=https%3A%2F%2Fwww.tvbuzau.ro%2Finfractiuni-in-scadere-in-anul-2025%2F\"><\/p>\n<div class=\"td-social-but-text\">Facebook<\/div>\n<p><\/a><a class=\"td-social-sharing-buttons td-social-twitter\" href=\"https:\/\/twitter.com\/intent\/tweet?text=Infrac%C5%A3iuni+%C3%AEn+sc%C4%83dere+%C3%AEn+anul+2025&amp;url=https%3A%2F%2Fwww.tvbuzau.ro%2Finfractiuni-in-scadere-in-anul-2025%2F&amp;via=TV+Buz%C4%83u\"><\/p>\n<div class=\"td-social-but-text\">Twitter<\/div>\n<p><\/a><\/div>\n<div class=\"td-classic-sharing\">\n<ul>\n<li class=\"td-classic-facebook\"><iframe frameborder src=\"https:\/\/www.facebook.com\/plugins\/like.php?href=https:\/\/www.tvbuzau.ro\/infractiuni-in-scadere-in-anul-2025\/&amp;layout=button_count&amp;show_faces=false&amp;width=105&amp;action=like&amp;colorscheme=light&amp;height=21\"><\/iframe><\/li>\n<li class=\"td-classic-twitter\"><a href=\"https:\/\/twitter.com\/share\" class=\"twitter-share-button\" data-url=\"https:\/\/www.tvbuzau.ro\/infractiuni-in-scadere-in-anul-2025\/\" data-text=\"Infrac\u0163iuni \u00een sc\u0103dere \u00een anul 2025\" data-via data-lang=\"en\">tweet<\/a><\/li>\n<\/ul>\n<\/div>\n<\/div>\n<div class=\"td-author-name vcard author\"><span class=\"fn\"><a href=\"https:\/\/www.tvbuzau.ro\/author\/mihai-vasilescu\/\">TV Buz\u0103u<\/a><\/span><\/div>\n<p><span><\/span><span><span><\/span><\/span><span><\/span><\/footer>\n<\/article>\n<div class=\"td_block_wrap td_block_related_posts td_uid_1_69916b77794e6_rand td_with_ajax_pagination td-pb-border-top\" data-td-block-uid=\"td_uid_1_69916b77794e6\">\n<h4 class=\"td-related-title\"><a id=\"td_uid_2_69916b777e9bf\" class=\"td-related-left td-cur-simple-item\" data-td_filter_value data-td_block_id=\"td_uid_1_69916b77794e6\" href=\"https:\/\/www.tvbuzau.ro\/infractiuni-in-scadere-in-anul-2025\/\">ARTICOLE SIMILARE<\/a><a id=\"td_uid_3_69916b777e9f9\" class=\"td-related-right\" data-td_filter_value=\"td_related_more_from_author\" data-td_block_id=\"td_uid_1_69916b77794e6\" href=\"https:\/\/www.tvbuzau.ro\/infractiuni-in-scadere-in-anul-2025\/\">DE LA ACELA\u0218I AUTOR<\/a><\/h4>\n<div id=\"td_uid_1_69916b77794e6\" class=\"td_block_inner\">\n<div class=\"td-related-row\">\n<div class=\"td-related-span4\">\n<div class=\"td_module_related_posts td-animation-stack td_mod_related_posts\">\n<div class=\"td-module-image\">\n<div class=\"td-module-thumb\"><a href=\"https:\/\/www.tvbuzau.ro\/4-milioae-de-euro-bani-necheltuti-de-primaria-buzau\/\" rel=\"bookmark\" title=\"4 milioae de euro, bani necheltu\u0163i de Prim\u0103ria Buz\u0103u\"><img loading=\"lazy\" decoding=\"async\" width=\"218\" height=\"150\" class=\"entry-thumb\" src=\"https:\/\/www.tvbuzau.ro\/wp-content\/uploads\/2026\/02\/hqdefault-22-218x150.jpg\" alt title=\"4 milioae de euro, bani necheltu\u0163i de Prim\u0103ria Buz\u0103u\"><span class=\"td-video-play-ico\"><img loading=\"lazy\" decoding=\"async\" width=\"40\" height=\"40\" class=\"td-retina\" src=\"https:\/\/www.tvbuzau.ro\/wp-content\/themes\/Newspaper\/images\/icons\/ico-video-large.png\" alt=\"video\"><\/span><\/a><\/div>\n<p><a href=\"https:\/\/www.tvbuzau.ro\/category\/actualitate\/\" class=\"td-post-category\">Actualitate<\/a><\/div>\n<div class=\"item-details\">\n<h3 class=\"entry-title td-module-title\"><a href=\"https:\/\/www.tvbuzau.ro\/4-milioae-de-euro-bani-necheltuti-de-primaria-buzau\/\" rel=\"bookmark\" title=\"4 milioae de euro, bani necheltu\u0163i de Prim\u0103ria Buz\u0103u\">4 milioae de euro, bani necheltu\u0163i de Prim\u0103ria Buz\u0103u<\/a><\/h3>\n<\/div>\n<\/div>\n<\/div>\n<div class=\"td-related-span4\">\n<div class=\"td_module_related_posts td-animation-stack td_mod_related_posts\">\n<div class=\"td-module-image\">\n<div class=\"td-module-thumb\"><a href=\"https:\/\/www.tvbuzau.ro\/atentionari-ale-itm-cu-privire-la-munca-in-strainatate\/\" rel=\"bookmark\" title=\"Aten\u0163ion\u0103ri ale ITM cu privire la munca \u00een str\u0103in\u0103tate\"><img loading=\"lazy\" decoding=\"async\" width=\"218\" height=\"150\" class=\"entry-thumb\" src=\"https:\/\/www.tvbuzau.ro\/wp-content\/uploads\/2026\/02\/hqdefault-21-218x150.jpg\" alt title=\"Aten\u0163ion\u0103ri ale ITM cu privire la munca \u00een str\u0103in\u0103tate\"><span class=\"td-video-play-ico\"><img loading=\"lazy\" decoding=\"async\" width=\"40\" height=\"40\" class=\"td-retina\" src=\"https:\/\/www.tvbuzau.ro\/wp-content\/themes\/Newspaper\/images\/icons\/ico-video-large.png\" alt=\"video\"><\/span><\/a><\/div>\n<p><a href=\"https:\/\/www.tvbuzau.ro\/category\/actualitate\/\" class=\"td-post-category\">Actualitate<\/a><\/div>\n<div class=\"item-details\">\n<h3 class=\"entry-title td-module-title\"><a href=\"https:\/\/www.tvbuzau.ro\/atentionari-ale-itm-cu-privire-la-munca-in-strainatate\/\" rel=\"bookmark\" title=\"Aten\u0163ion\u0103ri ale ITM cu privire la munca \u00een str\u0103in\u0103tate\">Aten\u0163ion\u0103ri ale ITM cu privire la munca \u00een str\u0103in\u0103tate<\/a><\/h3>\n<\/div>\n<\/div>\n<\/div>\n<div class=\"td-related-span4\">\n<div class=\"td_module_related_posts td-animation-stack td_mod_related_posts\">\n<div class=\"td-module-image\">\n<div class=\"td-module-thumb\"><a href=\"https:\/\/www.tvbuzau.ro\/vine-valentines-day-atentie-la-romance-scam\/\" rel=\"bookmark\" title=\"Vine Valentine\u2019s Day, aten\u0163ie la  \u201eROMANCE SCAM\u201d\"><img loading=\"lazy\" decoding=\"async\" width=\"218\" height=\"150\" class=\"entry-thumb\" src=\"https:\/\/www.tvbuzau.ro\/wp-content\/uploads\/2026\/02\/hqdefault-20-218x150.jpg\" alt title=\"Vine Valentine\u2019s Day, aten\u0163ie la  \u201eROMANCE SCAM\u201d\"><span class=\"td-video-play-ico\"><img loading=\"lazy\" decoding=\"async\" width=\"40\" height=\"40\" class=\"td-retina\" src=\"https:\/\/www.tvbuzau.ro\/wp-content\/themes\/Newspaper\/images\/icons\/ico-video-large.png\" alt=\"video\"><\/span><\/a><\/div>\n<p><a href=\"https:\/\/www.tvbuzau.ro\/category\/actualitate\/\" class=\"td-post-category\">Actualitate<\/a><\/div>\n<div class=\"item-details\">\n<h3 class=\"entry-title td-module-title\"><a href=\"https:\/\/www.tvbuzau.ro\/vine-valentines-day-atentie-la-romance-scam\/\" rel=\"bookmark\" title=\"Vine Valentine\u2019s Day, aten\u0163ie la  \u201eROMANCE SCAM\u201d\">Vine Valentine\u2019s Day, aten\u0163ie la  \u201eROMANCE SCAM\u201d<\/a><\/h3>\n<\/div>\n<\/div>\n<\/div>\n<\/div>\n<div class=\"td-related-row\">\n<div class=\"td-related-span4\">\n<div class=\"td_module_related_posts td-animation-stack td_mod_related_posts\">\n<div class=\"td-module-image\">\n<div class=\"td-module-thumb\"><a href=\"https:\/\/www.tvbuzau.ro\/consiliul-judetean-se-va-implica-in-sport\/\" rel=\"bookmark\" title=\"Consiliul Jude\u0163ean se va implica \u00een sport\"><img loading=\"lazy\" decoding=\"async\" width=\"218\" height=\"150\" class=\"entry-thumb\" src=\"https:\/\/www.tvbuzau.ro\/wp-content\/uploads\/2026\/02\/sddefault-31-218x150.jpg\" alt title=\"Consiliul Jude\u0163ean se va implica \u00een sport\"><span class=\"td-video-play-ico\"><img loading=\"lazy\" decoding=\"async\" width=\"40\" height=\"40\" class=\"td-retina\" src=\"https:\/\/www.tvbuzau.ro\/wp-content\/themes\/Newspaper\/images\/icons\/ico-video-large.png\" alt=\"video\"><\/span><\/a><\/div>\n<p><a href=\"https:\/\/www.tvbuzau.ro\/category\/actualitate\/\" class=\"td-post-category\">Actualitate<\/a><\/div>\n<div class=\"item-details\">\n<h3 class=\"entry-title td-module-title\"><a href=\"https:\/\/www.tvbuzau.ro\/consiliul-judetean-se-va-implica-in-sport\/\" rel=\"bookmark\" title=\"Consiliul Jude\u0163ean se va implica \u00een sport\">Consiliul Jude\u0163ean se va implica \u00een sport<\/a><\/h3>\n<\/div>\n<\/div>\n<\/div>\n<div class=\"td-related-span4\">\n<div class=\"td_module_related_posts td-animation-stack td_mod_related_posts\">\n<div class=\"td-module-image\">\n<div class=\"td-module-thumb\"><a href=\"https:\/\/www.tvbuzau.ro\/un-nou-punct-de-lucru-al-isu-la-berca\/\" rel=\"bookmark\" title=\"Un nou punct de lucru al ISU la Berca\"><img loading=\"lazy\" decoding=\"async\" width=\"218\" height=\"150\" class=\"entry-thumb\" src=\"https:\/\/www.tvbuzau.ro\/wp-content\/uploads\/2026\/02\/hqdefault-19-218x150.jpg\" alt title=\"Un nou punct de lucru al ISU la Berca\"><span class=\"td-video-play-ico\"><img loading=\"lazy\" decoding=\"async\" width=\"40\" height=\"40\" class=\"td-retina\" src=\"https:\/\/www.tvbuzau.ro\/wp-content\/themes\/Newspaper\/images\/icons\/ico-video-large.png\" alt=\"video\"><\/span><\/a><\/div>\n<p><a href=\"https:\/\/www.tvbuzau.ro\/category\/actualitate\/\" class=\"td-post-category\">Actualitate<\/a><\/div>\n<div class=\"item-details\">\n<h3 class=\"entry-title td-module-title\"><a href=\"https:\/\/www.tvbuzau.ro\/un-nou-punct-de-lucru-al-isu-la-berca\/\" rel=\"bookmark\" title=\"Un nou punct de lucru al ISU la Berca\">Un nou punct de lucru al ISU la Berca<\/a><\/h3>\n<\/div>\n<\/div>\n<\/div>\n<div class=\"td-related-span4\">\n<div class=\"td_module_related_posts td-animation-stack td_mod_related_posts\">\n<div class=\"td-module-image\">\n<div class=\"td-module-thumb\"><a href=\"https:\/\/www.tvbuzau.ro\/keeping-the-exhibition-alive-editia-a-viii-a\/\" rel=\"bookmark\" title=\"\u201eKeeping the Exhibition Alive\u201d, edi\u021bia a VIII-a\"><img loading=\"lazy\" decoding=\"async\" width=\"218\" height=\"150\" class=\"entry-thumb\" src=\"https:\/\/www.tvbuzau.ro\/wp-content\/uploads\/2026\/02\/hqdefault-18-218x150.jpg\" alt title=\"\u201eKeeping the Exhibition Alive\u201d, edi\u021bia a VIII-a\"><span class=\"td-video-play-ico\"><img loading=\"lazy\" decoding=\"async\" width=\"40\" height=\"40\" class=\"td-retina\" src=\"https:\/\/www.tvbuzau.ro\/wp-content\/themes\/Newspaper\/images\/icons\/ico-video-large.png\" alt=\"video\"><\/span><\/a><\/div>\n<p><a href=\"https:\/\/www.tvbuzau.ro\/category\/actualitate\/\" class=\"td-post-category\">Actualitate<\/a><\/div>\n<div class=\"item-details\">\n<h3 class=\"entry-title td-module-title\"><a href=\"https:\/\/www.tvbuzau.ro\/keeping-the-exhibition-alive-editia-a-viii-a\/\" rel=\"bookmark\" title=\"\u201eKeeping the Exhibition Alive\u201d, edi\u021bia a VIII-a\">\u201eKeeping the Exhibition Alive\u201d, edi\u021bia a VIII-a<\/a><\/h3>\n<\/div>\n<\/div>\n<\/div>\n<\/div>\n<\/div>\n<\/div>\n<div class=\"comments\" id=\"comments\">\n<div id=\"respond\" class=\"comment-respond\">\n<h3 id=\"reply-title\" class=\"comment-reply-title\">L\u0102SA\u021aI UN MESAJ <small><a rel=\"nofollow\" id=\"cancel-comment-reply-link\" href=\"https:\/\/www.tvbuzau.ro\/infractiuni-in-scadere-in-anul-2025\/#respond\">Renun\u021ba\u021bi la r\u0103spuns<\/a><\/small><\/h3>\n<\/div>\n<\/div>\n<\/div>\n<div class=\"td-post-content\">\n<div class=\"td-featured-image-rec\">\n<div class=\"wpb_video_wrapper\">\n                    <iframe loading=\"lazy\" id=\"td_youtube_player\" width=\"600\" height=\"560\" src=\"https:\/\/www.youtube.com\/embed\/U61ciQimELU?enablejsapi=1&amp;feature=oembed&amp;wmode=opaque&amp;vq=hd720\" frameborder allowfullscreen><\/iframe><\/p><\/div>\n<\/div>\n<p>Peste 17.000 de  interven\u0163ii ale poli\u0163i\u015ftilor buzoieni<br \/>\n\u00cen anul 2025, activit\u0103\u021bile poli\u021bi\u0219tilor din Buz\u0103u au fost concentrate pe cre\u0219terea gradului de siguran\u021b\u0103 a cet\u0103\u021benilor, protejarea vie\u021bii, integrit\u0103\u021bii corporale \u0219i a patrimoniului acestora. Au fost \u00eenregistrate interven\u021bii la peste 17.000 de evenimente sesizate.<br \/>\nTotodat\u0103, poli\u021bi\u0219tii din Buz\u0103u au organizat aproximativ 4.000 de activit\u0103\u0163i preventive cu diferite grupuri \u021bint\u0103, \u00een cadrul c\u0103rora au fost distribuite  materiale cu recomand\u0103ri preventive \u015fi au fost informa\u0163i peste 100.000 de cet\u0103\u0163eni cu privire la m\u0103surile minime de protec\u0163ie pe care le pot adopta. O aten\u0163ie deosebit\u0103 a fost acordat\u0103 \u015fi domeniului ecoomico-finnciar.<br \/>\nPe parcursul anului precedent, poli\u021bi\u0219tii din Buz\u0103u au organizat \u0219i au desf\u0103\u0219urat peste 500 de ac\u021biuni punctuale pentru descurajarea faptelor antisociale.<\/p>\n<div class=\"post-views post-118105 entry-meta\"><span class=\"post-views-label\">Post Views: <\/span><span class=\"post-views-count\">224<\/span><\/div>\n<\/div>\n<p>[analyse_source url=&#8221;https:\/\/www.tvbuzau.ro\/infractiuni-in-scadere-in-anul-2025\/&#8221;]<\/p>\n","protected":false},"excerpt":{"rendered":"<p>[analyse_image type=&#8221;featured&#8221; src=&#8221;https:\/\/www.tvbuzau.ro\/wp-content\/uploads\/2026\/02\/hqdefault-24.jpghttps:\/\/www.tvbuzau.ro\/wp-content\/uploads\/2026\/02\/hqdefault-24.jpg&#8221;] Actualitate Infrac\u0163iuni \u00een sc\u0103dere \u00een anul 2025 De c\u0103tre TV Buz\u0103u &#8211; februarie 13, 2026 0 17 Distribui\u021bi pe Facebook Distribui\u021bi pe Twitter tweet Peste 17.000 de interven\u0163ii ale poli\u0163i\u015ftilor buzoieni \u00cen anul 2025, activit\u0103\u021bile poli\u021bi\u0219tilor din Buz\u0103u au fost concentrate pe cre\u0219terea gradului de siguran\u021b\u0103 a cet\u0103\u021benilor, protejarea vie\u021bii, integrit\u0103\u021bii corporale [&hellip;]<\/p>\n","protected":false},"author":1,"featured_media":0,"comment_status":"open","ping_status":"","sticky":false,"template":"","format":"standard","meta":{"footnotes":""},"categories":[2],"tags":[226,116],"class_list":["post-1771601","post","type-post","status-publish","format-standard","hentry","category-politics","tag-crawlmanager","tag-tvbuzau-ro"],"_links":{"self":[{"href":"https:\/\/analyse.optim.biz\/index.php?rest_route=\/wp\/v2\/posts\/1771601","targetHints":{"allow":["GET"]}}],"collection":[{"href":"https:\/\/analyse.optim.biz\/index.php?rest_route=\/wp\/v2\/posts"}],"about":[{"href":"https:\/\/analyse.optim.biz\/index.php?rest_route=\/wp\/v2\/types\/post"}],"author":[{"embeddable":true,"href":"https:\/\/analyse.optim.biz\/index.php?rest_route=\/wp\/v2\/users\/1"}],"replies":[{"embeddable":true,"href":"https:\/\/analyse.optim.biz\/index.php?rest_route=%2Fwp%2Fv2%2Fcomments&post=1771601"}],"version-history":[{"count":0,"href":"https:\/\/analyse.optim.biz\/index.php?rest_route=\/wp\/v2\/posts\/1771601\/revisions"}],"wp:attachment":[{"href":"https:\/\/analyse.optim.biz\/index.php?rest_route=%2Fwp%2Fv2%2Fmedia&parent=1771601"}],"wp:term":[{"taxonomy":"category","embeddable":true,"href":"https:\/\/analyse.optim.biz\/index.php?rest_route=%2Fwp%2Fv2%2Fcategories&post=1771601"},{"taxonomy":"post_tag","embeddable":true,"href":"https:\/\/analyse.optim.biz\/index.php?rest_route=%2Fwp%2Fv2%2Ftags&post=1771601"}],"curies":[{"name":"wp","href":"https:\/\/api.w.org\/{rel}","templated":true}]}}