{"id":1771598,"date":"2026-02-13T19:17:18","date_gmt":"2026-02-13T16:17:18","guid":{"rendered":"https:\/\/analyse.optim.biz\/?p=1771598"},"modified":"2026-02-13T19:17:18","modified_gmt":"2026-02-13T16:17:18","slug":"atentionari-ale-itm-cu-privire-la-munca-in-strainatate","status":"publish","type":"post","link":"https:\/\/analyse.optim.biz\/?p=1771598","title":{"rendered":"Aten\u0163ion\u0103ri ale ITM cu privire la munca \u00een str\u0103in\u0103tate"},"content":{"rendered":"<p>[analyse_image type=&#8221;featured&#8221; src=&#8221;https:\/\/www.tvbuzau.ro\/wp-content\/uploads\/2026\/02\/hqdefault-21.jpghttps:\/\/www.tvbuzau.ro\/wp-content\/uploads\/2026\/02\/hqdefault-21.jpg&#8221;]<\/p>\n<div class=\"td-ss-main-content\">\n<article id=\"post-118093\" class=\"post-118093 post type-post status-publish format-video has-post-thumbnail hentry category-actualitate post_format-post-format-video\">\n<div class=\"td-post-header\">\n<ul class=\"td-category\">\n<li class=\"entry-category\"><a href=\"https:\/\/www.tvbuzau.ro\/category\/actualitate\/\">Actualitate<\/a><\/li>\n<\/ul>\n<header class=\"td-post-title\">\n<h1 class=\"entry-title\">Aten\u0163ion\u0103ri ale ITM cu privire la munca \u00een str\u0103in\u0103tate<\/h1>\n<div class=\"td-module-meta-info\">\n<div class=\"td-post-author-name\">De c\u0103tre <a href=\"https:\/\/www.tvbuzau.ro\/author\/mihai-vasilescu\/\">TV Buz\u0103u<\/a> &#8211; <\/div>\n<p><span class=\"td-post-date\"><time class=\"entry-date updated td-module-date\" datetime=\"2026-02-13T19:17:18+00:00\">februarie 13, 2026<\/time><\/span><\/p>\n<div class=\"td-post-comments\"><a href=\"https:\/\/www.tvbuzau.ro\/atentionari-ale-itm-cu-privire-la-munca-in-strainatate\/#respond\">0<\/a><\/div>\n<div class=\"td-post-views\"><span class=\"td-nr-views-118093\">9<\/span><\/div>\n<\/div>\n<\/header>\n<\/div>\n<div class=\"td-post-sharing td-post-sharing-top td-with-like\">\n<div class=\"td-default-sharing\"><a class=\"td-social-sharing-buttons td-social-facebook\" href=\"http:\/\/www.facebook.com\/sharer.php?u=https%3A%2F%2Fwww.tvbuzau.ro%2Fatentionari-ale-itm-cu-privire-la-munca-in-strainatate%2F\"><\/p>\n<div class=\"td-social-but-text\">Distribui\u021bi pe Facebook<\/div>\n<p><\/a><a class=\"td-social-sharing-buttons td-social-twitter\" href=\"https:\/\/twitter.com\/intent\/tweet?text=Aten%C5%A3ion%C4%83ri+ale+ITM+cu+privire+la+munca+%C3%AEn+str%C4%83in%C4%83tate&amp;url=https%3A%2F%2Fwww.tvbuzau.ro%2Fatentionari-ale-itm-cu-privire-la-munca-in-strainatate%2F&amp;via=TV+Buz%C4%83u\"><\/p>\n<div class=\"td-social-but-text\">Distribui\u021bi pe Twitter<\/div>\n<p><\/a><\/div>\n<div class=\"td-classic-sharing\">\n<ul>\n<li class=\"td-classic-facebook\"><iframe frameborder src=\"https:\/\/www.facebook.com\/plugins\/like.php?href=https:\/\/www.tvbuzau.ro\/atentionari-ale-itm-cu-privire-la-munca-in-strainatate\/&amp;layout=button_count&amp;show_faces=false&amp;width=105&amp;action=like&amp;colorscheme=light&amp;height=21\"><\/iframe><\/li>\n<li class=\"td-classic-twitter\"><a href=\"https:\/\/twitter.com\/share\" class=\"twitter-share-button\" data-url=\"https:\/\/www.tvbuzau.ro\/atentionari-ale-itm-cu-privire-la-munca-in-strainatate\/\" data-text=\"Aten\u0163ion\u0103ri ale ITM cu privire la munca \u00een str\u0103in\u0103tate\" data-via data-lang=\"en\">tweet<\/a><\/li>\n<\/ul>\n<\/div>\n<\/div>\n<div class=\"td-post-content\">\n<div class=\"td-featured-image-rec\">\n<div class=\"wpb_video_wrapper\">\n                    <iframe loading=\"lazy\" id=\"td_youtube_player\" width=\"600\" height=\"560\" src=\"https:\/\/www.youtube.com\/embed\/G6d8johLTa4?enablejsapi=1&amp;feature=oembed&amp;wmode=opaque&amp;vq=hd720\" frameborder allowfullscreen><\/iframe><\/p><\/div>\n<\/div>\n<p>88 de persoane angajate \u00een Fran\u0163a de plasatori<br \/>\n\u00cen eviden\u0163ele Inspectoratului Teritorial de Munc\u0103 Buz\u0103u, sunt \u00eenregistra\u0163i 4 agen\u0163i de plasare a for\u0163ei de munc\u0103 din care numai 1 desf\u0103\u015foara activitate specific\u0103, iar 1 are activitatea suspendat\u0103.<\/p>\n<p> ITM Buz\u0103u<br \/>\n\u201c\u00cen anul 2025, agentul de plasare a for\u0163ei de munc\u0103 din jude\u0163ul Buz\u0103u a efectuat  plasarea unui num\u0103r de 88 cet\u0103\u0163eni rom\u00e2ni \u00een Fran\u0163a, ca muncitori \u00een agricultur\u0103\u201d.<br \/>\n Inspectoratul Teritorial de Munc\u0103 Buz\u0103u a desf\u0103\u0219urat \u00een a doua parte a anului trecut ac\u021biuni de verificare care au avut ca obiectiv verificarea modului \u00een care agen\u0163ii de plasare a for\u0163ei de munc\u0103 respect\u0103 prevederile legale privind protec\u0163ia cet\u0103\u0163enilor rom\u00e2ni care lucreaz\u0103 \u00een str\u0103in\u0103tate. Obiectivele verific\u0103rilor au vizat identificarea  cazurilor de plasare for\u021b\u0103 de munc\u0103 efectuat\u0103 f\u0103r\u0103 respectarea condi\u021biei de a se constitui ca agent de plasare for\u021b\u0103 de munc\u0103 \u00een str\u0103in\u0103tate \u015fi diminuarea consecin\u021belor sociale \u0219i economice negative care deriv\u0103 din nerespectarea de c\u0103tre agen\u021bii de plasare a for\u021bei de munc\u0103 a prevederilor legale \u00een domeniu.<\/p>\n<p>ITM Buz\u0103u<br \/>\n\u201eAu fost controla\u021bi 3  agen\u0163i economici din jude\u0163ul Buz\u0103u, a fost aplicat 1 avertisment, au fost dispuse  7 m\u0103suri cu termene precise de realizare pentru remedierea neconformit\u0103\u0163ilor constatate de inspectorii de munc\u0103\u201d, a anun\u0163at ITM Buz\u0103u.<br \/>\nInspectorii de munc\u0103 din cadrul Inspectoratului Teritorial de Munc\u0103 Buz\u0103u vor monitoriza modul de \u00eendeplinire a m\u0103surilor dispuse \u00een timpul campaniei de c\u0103tre angajatorii controla\u021bi precum \u0219i modul de respectare a prevederilor legale \u00een vigoare \u00een domeniul rela\u021biilor de munc\u0103.<br \/>\n\u00cen acest context, institu\u0163ia recomand\u0103 solicitan\u0163ilor de locuri de munc\u0103 \u00een str\u0103inatate s\u0103 nu accepte cu u\u0219urin\u021b\u0103 ofertele de munc\u0103 prin intermediul anun\u021burilor on-line, convorbiri telefonice f\u0103r\u0103 o vizit\u0103 la sediul agen\u021biei de plasare, s\u0103 nu apeleze la persoane necunoscute \u00een mod direct, s\u0103 verifice cu aten\u021bie oferta locului de munc\u0103, s\u0103 citeasc\u0103 cu aten\u021bie clauzele contractului de mediere \u015fi s\u0103 nu semneze ceea ce nu \u00een\u021beleg.<\/p>\n<div class=\"post-views post-118093 entry-meta\"><span class=\"post-views-label\">Post Views: <\/span><span class=\"post-views-count\">214<\/span><\/div>\n<\/div>\n<footer>\n<div class=\"td-post-sharing td-post-sharing-bottom td-with-like\"><span class=\"td-post-share-title\">DISTRIBUI\u021aI<\/span><\/p>\n<div class=\"td-default-sharing\"><a class=\"td-social-sharing-buttons td-social-facebook\" href=\"http:\/\/www.facebook.com\/sharer.php?u=https%3A%2F%2Fwww.tvbuzau.ro%2Fatentionari-ale-itm-cu-privire-la-munca-in-strainatate%2F\"><\/p>\n<div class=\"td-social-but-text\">Facebook<\/div>\n<p><\/a><a class=\"td-social-sharing-buttons td-social-twitter\" href=\"https:\/\/twitter.com\/intent\/tweet?text=Aten%C5%A3ion%C4%83ri+ale+ITM+cu+privire+la+munca+%C3%AEn+str%C4%83in%C4%83tate&amp;url=https%3A%2F%2Fwww.tvbuzau.ro%2Fatentionari-ale-itm-cu-privire-la-munca-in-strainatate%2F&amp;via=TV+Buz%C4%83u\"><\/p>\n<div class=\"td-social-but-text\">Twitter<\/div>\n<p><\/a><\/div>\n<div class=\"td-classic-sharing\">\n<ul>\n<li class=\"td-classic-facebook\"><iframe frameborder src=\"https:\/\/www.facebook.com\/plugins\/like.php?href=https:\/\/www.tvbuzau.ro\/atentionari-ale-itm-cu-privire-la-munca-in-strainatate\/&amp;layout=button_count&amp;show_faces=false&amp;width=105&amp;action=like&amp;colorscheme=light&amp;height=21\"><\/iframe><\/li>\n<li class=\"td-classic-twitter\"><a href=\"https:\/\/twitter.com\/share\" class=\"twitter-share-button\" data-url=\"https:\/\/www.tvbuzau.ro\/atentionari-ale-itm-cu-privire-la-munca-in-strainatate\/\" data-text=\"Aten\u0163ion\u0103ri ale ITM cu privire la munca \u00een str\u0103in\u0103tate\" data-via data-lang=\"en\">tweet<\/a><\/li>\n<\/ul>\n<\/div>\n<\/div>\n<div class=\"td-author-name vcard author\"><span class=\"fn\"><a href=\"https:\/\/www.tvbuzau.ro\/author\/mihai-vasilescu\/\">TV Buz\u0103u<\/a><\/span><\/div>\n<p><span><\/span><span><span><\/span><\/span><span><\/span><\/footer>\n<\/article>\n<div class=\"td_block_wrap td_block_related_posts td_uid_1_69916b4feb8ef_rand td_with_ajax_pagination td-pb-border-top\" data-td-block-uid=\"td_uid_1_69916b4feb8ef\">\n<h4 class=\"td-related-title\"><a id=\"td_uid_2_69916b4ff1178\" class=\"td-related-left td-cur-simple-item\" data-td_filter_value data-td_block_id=\"td_uid_1_69916b4feb8ef\" href=\"https:\/\/www.tvbuzau.ro\/atentionari-ale-itm-cu-privire-la-munca-in-strainatate\/\">ARTICOLE SIMILARE<\/a><a id=\"td_uid_3_69916b4ff11b1\" class=\"td-related-right\" data-td_filter_value=\"td_related_more_from_author\" data-td_block_id=\"td_uid_1_69916b4feb8ef\" href=\"https:\/\/www.tvbuzau.ro\/atentionari-ale-itm-cu-privire-la-munca-in-strainatate\/\">DE LA ACELA\u0218I AUTOR<\/a><\/h4>\n<div id=\"td_uid_1_69916b4feb8ef\" class=\"td_block_inner\">\n<div class=\"td-related-row\">\n<div class=\"td-related-span4\">\n<div class=\"td_module_related_posts td-animation-stack td_mod_related_posts\">\n<div class=\"td-module-image\">\n<div class=\"td-module-thumb\"><a href=\"https:\/\/www.tvbuzau.ro\/infractiuni-in-scadere-in-anul-2025\/\" rel=\"bookmark\" title=\"Infrac\u0163iuni \u00een sc\u0103dere \u00een anul 2025\"><img loading=\"lazy\" decoding=\"async\" width=\"218\" height=\"150\" class=\"entry-thumb\" src=\"https:\/\/www.tvbuzau.ro\/wp-content\/uploads\/2026\/02\/hqdefault-24-218x150.jpg\" alt title=\"Infrac\u0163iuni \u00een sc\u0103dere \u00een anul 2025\"><span class=\"td-video-play-ico\"><img loading=\"lazy\" decoding=\"async\" width=\"40\" height=\"40\" class=\"td-retina\" src=\"https:\/\/www.tvbuzau.ro\/wp-content\/themes\/Newspaper\/images\/icons\/ico-video-large.png\" alt=\"video\"><\/span><\/a><\/div>\n<p><a href=\"https:\/\/www.tvbuzau.ro\/category\/actualitate\/\" class=\"td-post-category\">Actualitate<\/a><\/div>\n<div class=\"item-details\">\n<h3 class=\"entry-title td-module-title\"><a href=\"https:\/\/www.tvbuzau.ro\/infractiuni-in-scadere-in-anul-2025\/\" rel=\"bookmark\" title=\"Infrac\u0163iuni \u00een sc\u0103dere \u00een anul 2025\">Infrac\u0163iuni \u00een sc\u0103dere \u00een anul 2025<\/a><\/h3>\n<\/div>\n<\/div>\n<\/div>\n<div class=\"td-related-span4\">\n<div class=\"td_module_related_posts td-animation-stack td_mod_related_posts\">\n<div class=\"td-module-image\">\n<div class=\"td-module-thumb\"><a href=\"https:\/\/www.tvbuzau.ro\/4-milioae-de-euro-bani-necheltuti-de-primaria-buzau\/\" rel=\"bookmark\" title=\"4 milioae de euro, bani necheltu\u0163i de Prim\u0103ria Buz\u0103u\"><img loading=\"lazy\" decoding=\"async\" width=\"218\" height=\"150\" class=\"entry-thumb\" src=\"https:\/\/www.tvbuzau.ro\/wp-content\/uploads\/2026\/02\/hqdefault-22-218x150.jpg\" alt title=\"4 milioae de euro, bani necheltu\u0163i de Prim\u0103ria Buz\u0103u\"><span class=\"td-video-play-ico\"><img loading=\"lazy\" decoding=\"async\" width=\"40\" height=\"40\" class=\"td-retina\" src=\"https:\/\/www.tvbuzau.ro\/wp-content\/themes\/Newspaper\/images\/icons\/ico-video-large.png\" alt=\"video\"><\/span><\/a><\/div>\n<p><a href=\"https:\/\/www.tvbuzau.ro\/category\/actualitate\/\" class=\"td-post-category\">Actualitate<\/a><\/div>\n<div class=\"item-details\">\n<h3 class=\"entry-title td-module-title\"><a href=\"https:\/\/www.tvbuzau.ro\/4-milioae-de-euro-bani-necheltuti-de-primaria-buzau\/\" rel=\"bookmark\" title=\"4 milioae de euro, bani necheltu\u0163i de Prim\u0103ria Buz\u0103u\">4 milioae de euro, bani necheltu\u0163i de Prim\u0103ria Buz\u0103u<\/a><\/h3>\n<\/div>\n<\/div>\n<\/div>\n<div class=\"td-related-span4\">\n<div class=\"td_module_related_posts td-animation-stack td_mod_related_posts\">\n<div class=\"td-module-image\">\n<div class=\"td-module-thumb\"><a href=\"https:\/\/www.tvbuzau.ro\/vine-valentines-day-atentie-la-romance-scam\/\" rel=\"bookmark\" title=\"Vine Valentine\u2019s Day, aten\u0163ie la  \u201eROMANCE SCAM\u201d\"><img loading=\"lazy\" decoding=\"async\" width=\"218\" height=\"150\" class=\"entry-thumb\" src=\"https:\/\/www.tvbuzau.ro\/wp-content\/uploads\/2026\/02\/hqdefault-20-218x150.jpg\" alt title=\"Vine Valentine\u2019s Day, aten\u0163ie la  \u201eROMANCE SCAM\u201d\"><span class=\"td-video-play-ico\"><img loading=\"lazy\" decoding=\"async\" width=\"40\" height=\"40\" class=\"td-retina\" src=\"https:\/\/www.tvbuzau.ro\/wp-content\/themes\/Newspaper\/images\/icons\/ico-video-large.png\" alt=\"video\"><\/span><\/a><\/div>\n<p><a href=\"https:\/\/www.tvbuzau.ro\/category\/actualitate\/\" class=\"td-post-category\">Actualitate<\/a><\/div>\n<div class=\"item-details\">\n<h3 class=\"entry-title td-module-title\"><a href=\"https:\/\/www.tvbuzau.ro\/vine-valentines-day-atentie-la-romance-scam\/\" rel=\"bookmark\" title=\"Vine Valentine\u2019s Day, aten\u0163ie la  \u201eROMANCE SCAM\u201d\">Vine Valentine\u2019s Day, aten\u0163ie la  \u201eROMANCE SCAM\u201d<\/a><\/h3>\n<\/div>\n<\/div>\n<\/div>\n<\/div>\n<div class=\"td-related-row\">\n<div class=\"td-related-span4\">\n<div class=\"td_module_related_posts td-animation-stack td_mod_related_posts\">\n<div class=\"td-module-image\">\n<div class=\"td-module-thumb\"><a href=\"https:\/\/www.tvbuzau.ro\/consiliul-judetean-se-va-implica-in-sport\/\" rel=\"bookmark\" title=\"Consiliul Jude\u0163ean se va implica \u00een sport\"><img loading=\"lazy\" decoding=\"async\" width=\"218\" height=\"150\" class=\"entry-thumb\" src=\"https:\/\/www.tvbuzau.ro\/wp-content\/uploads\/2026\/02\/sddefault-31-218x150.jpg\" alt title=\"Consiliul Jude\u0163ean se va implica \u00een sport\"><span class=\"td-video-play-ico\"><img loading=\"lazy\" decoding=\"async\" width=\"40\" height=\"40\" class=\"td-retina\" src=\"https:\/\/www.tvbuzau.ro\/wp-content\/themes\/Newspaper\/images\/icons\/ico-video-large.png\" alt=\"video\"><\/span><\/a><\/div>\n<p><a href=\"https:\/\/www.tvbuzau.ro\/category\/actualitate\/\" class=\"td-post-category\">Actualitate<\/a><\/div>\n<div class=\"item-details\">\n<h3 class=\"entry-title td-module-title\"><a href=\"https:\/\/www.tvbuzau.ro\/consiliul-judetean-se-va-implica-in-sport\/\" rel=\"bookmark\" title=\"Consiliul Jude\u0163ean se va implica \u00een sport\">Consiliul Jude\u0163ean se va implica \u00een sport<\/a><\/h3>\n<\/div>\n<\/div>\n<\/div>\n<div class=\"td-related-span4\">\n<div class=\"td_module_related_posts td-animation-stack td_mod_related_posts\">\n<div class=\"td-module-image\">\n<div class=\"td-module-thumb\"><a href=\"https:\/\/www.tvbuzau.ro\/un-nou-punct-de-lucru-al-isu-la-berca\/\" rel=\"bookmark\" title=\"Un nou punct de lucru al ISU la Berca\"><img loading=\"lazy\" decoding=\"async\" width=\"218\" height=\"150\" class=\"entry-thumb\" src=\"https:\/\/www.tvbuzau.ro\/wp-content\/uploads\/2026\/02\/hqdefault-19-218x150.jpg\" alt title=\"Un nou punct de lucru al ISU la Berca\"><span class=\"td-video-play-ico\"><img loading=\"lazy\" decoding=\"async\" width=\"40\" height=\"40\" class=\"td-retina\" src=\"https:\/\/www.tvbuzau.ro\/wp-content\/themes\/Newspaper\/images\/icons\/ico-video-large.png\" alt=\"video\"><\/span><\/a><\/div>\n<p><a href=\"https:\/\/www.tvbuzau.ro\/category\/actualitate\/\" class=\"td-post-category\">Actualitate<\/a><\/div>\n<div class=\"item-details\">\n<h3 class=\"entry-title td-module-title\"><a href=\"https:\/\/www.tvbuzau.ro\/un-nou-punct-de-lucru-al-isu-la-berca\/\" rel=\"bookmark\" title=\"Un nou punct de lucru al ISU la Berca\">Un nou punct de lucru al ISU la Berca<\/a><\/h3>\n<\/div>\n<\/div>\n<\/div>\n<div class=\"td-related-span4\">\n<div class=\"td_module_related_posts td-animation-stack td_mod_related_posts\">\n<div class=\"td-module-image\">\n<div class=\"td-module-thumb\"><a href=\"https:\/\/www.tvbuzau.ro\/keeping-the-exhibition-alive-editia-a-viii-a\/\" rel=\"bookmark\" title=\"\u201eKeeping the Exhibition Alive\u201d, edi\u021bia a VIII-a\"><img loading=\"lazy\" decoding=\"async\" width=\"218\" height=\"150\" class=\"entry-thumb\" src=\"https:\/\/www.tvbuzau.ro\/wp-content\/uploads\/2026\/02\/hqdefault-18-218x150.jpg\" alt title=\"\u201eKeeping the Exhibition Alive\u201d, edi\u021bia a VIII-a\"><span class=\"td-video-play-ico\"><img loading=\"lazy\" decoding=\"async\" width=\"40\" height=\"40\" class=\"td-retina\" src=\"https:\/\/www.tvbuzau.ro\/wp-content\/themes\/Newspaper\/images\/icons\/ico-video-large.png\" alt=\"video\"><\/span><\/a><\/div>\n<p><a href=\"https:\/\/www.tvbuzau.ro\/category\/actualitate\/\" class=\"td-post-category\">Actualitate<\/a><\/div>\n<div class=\"item-details\">\n<h3 class=\"entry-title td-module-title\"><a href=\"https:\/\/www.tvbuzau.ro\/keeping-the-exhibition-alive-editia-a-viii-a\/\" rel=\"bookmark\" title=\"\u201eKeeping the Exhibition Alive\u201d, edi\u021bia a VIII-a\">\u201eKeeping the Exhibition Alive\u201d, edi\u021bia a VIII-a<\/a><\/h3>\n<\/div>\n<\/div>\n<\/div>\n<\/div>\n<\/div>\n<\/div>\n<div class=\"comments\" id=\"comments\">\n<div id=\"respond\" class=\"comment-respond\">\n<h3 id=\"reply-title\" class=\"comment-reply-title\">L\u0102SA\u021aI UN MESAJ <small><a rel=\"nofollow\" id=\"cancel-comment-reply-link\" href=\"https:\/\/www.tvbuzau.ro\/atentionari-ale-itm-cu-privire-la-munca-in-strainatate\/#respond\">Renun\u021ba\u021bi la r\u0103spuns<\/a><\/small><\/h3>\n<\/div>\n<\/div>\n<\/div>\n<div class=\"td-post-content\">\n<div class=\"td-featured-image-rec\">\n<div class=\"wpb_video_wrapper\">\n                    <iframe loading=\"lazy\" id=\"td_youtube_player\" width=\"600\" height=\"560\" src=\"https:\/\/www.youtube.com\/embed\/G6d8johLTa4?enablejsapi=1&amp;feature=oembed&amp;wmode=opaque&amp;vq=hd720\" frameborder allowfullscreen><\/iframe><\/p><\/div>\n<\/div>\n<p>88 de persoane angajate \u00een Fran\u0163a de plasatori<br \/>\n\u00cen eviden\u0163ele Inspectoratului Teritorial de Munc\u0103 Buz\u0103u, sunt \u00eenregistra\u0163i 4 agen\u0163i de plasare a for\u0163ei de munc\u0103 din care numai 1 desf\u0103\u015foara activitate specific\u0103, iar 1 are activitatea suspendat\u0103.<\/p>\n<p> ITM Buz\u0103u<br \/>\n\u201c\u00cen anul 2025, agentul de plasare a for\u0163ei de munc\u0103 din jude\u0163ul Buz\u0103u a efectuat  plasarea unui num\u0103r de 88 cet\u0103\u0163eni rom\u00e2ni \u00een Fran\u0163a, ca muncitori \u00een agricultur\u0103\u201d.<br \/>\n Inspectoratul Teritorial de Munc\u0103 Buz\u0103u a desf\u0103\u0219urat \u00een a doua parte a anului trecut ac\u021biuni de verificare care au avut ca obiectiv verificarea modului \u00een care agen\u0163ii de plasare a for\u0163ei de munc\u0103 respect\u0103 prevederile legale privind protec\u0163ia cet\u0103\u0163enilor rom\u00e2ni care lucreaz\u0103 \u00een str\u0103in\u0103tate. Obiectivele verific\u0103rilor au vizat identificarea  cazurilor de plasare for\u021b\u0103 de munc\u0103 efectuat\u0103 f\u0103r\u0103 respectarea condi\u021biei de a se constitui ca agent de plasare for\u021b\u0103 de munc\u0103 \u00een str\u0103in\u0103tate \u015fi diminuarea consecin\u021belor sociale \u0219i economice negative care deriv\u0103 din nerespectarea de c\u0103tre agen\u021bii de plasare a for\u021bei de munc\u0103 a prevederilor legale \u00een domeniu.<\/p>\n<p>ITM Buz\u0103u<br \/>\n\u201eAu fost controla\u021bi 3  agen\u0163i economici din jude\u0163ul Buz\u0103u, a fost aplicat 1 avertisment, au fost dispuse  7 m\u0103suri cu termene precise de realizare pentru remedierea neconformit\u0103\u0163ilor constatate de inspectorii de munc\u0103\u201d, a anun\u0163at ITM Buz\u0103u.<br \/>\nInspectorii de munc\u0103 din cadrul Inspectoratului Teritorial de Munc\u0103 Buz\u0103u vor monitoriza modul de \u00eendeplinire a m\u0103surilor dispuse \u00een timpul campaniei de c\u0103tre angajatorii controla\u021bi precum \u0219i modul de respectare a prevederilor legale \u00een vigoare \u00een domeniul rela\u021biilor de munc\u0103.<br \/>\n\u00cen acest context, institu\u0163ia recomand\u0103 solicitan\u0163ilor de locuri de munc\u0103 \u00een str\u0103inatate s\u0103 nu accepte cu u\u0219urin\u021b\u0103 ofertele de munc\u0103 prin intermediul anun\u021burilor on-line, convorbiri telefonice f\u0103r\u0103 o vizit\u0103 la sediul agen\u021biei de plasare, s\u0103 nu apeleze la persoane necunoscute \u00een mod direct, s\u0103 verifice cu aten\u021bie oferta locului de munc\u0103, s\u0103 citeasc\u0103 cu aten\u021bie clauzele contractului de mediere \u015fi s\u0103 nu semneze ceea ce nu \u00een\u021beleg.<\/p>\n<div class=\"post-views post-118093 entry-meta\"><span class=\"post-views-label\">Post Views: <\/span><span class=\"post-views-count\">214<\/span><\/div>\n<\/div>\n<p>[analyse_source url=&#8221;https:\/\/www.tvbuzau.ro\/atentionari-ale-itm-cu-privire-la-munca-in-strainatate\/&#8221;]<\/p>\n","protected":false},"excerpt":{"rendered":"<p>[analyse_image type=&#8221;featured&#8221; src=&#8221;https:\/\/www.tvbuzau.ro\/wp-content\/uploads\/2026\/02\/hqdefault-21.jpghttps:\/\/www.tvbuzau.ro\/wp-content\/uploads\/2026\/02\/hqdefault-21.jpg&#8221;] Actualitate Aten\u0163ion\u0103ri ale ITM cu privire la munca \u00een str\u0103in\u0103tate De c\u0103tre TV Buz\u0103u &#8211; februarie 13, 2026 0 9 Distribui\u021bi pe Facebook Distribui\u021bi pe Twitter tweet 88 de persoane angajate \u00een Fran\u0163a de plasatori \u00cen eviden\u0163ele Inspectoratului Teritorial de Munc\u0103 Buz\u0103u, sunt \u00eenregistra\u0163i 4 agen\u0163i de plasare a for\u0163ei de munc\u0103 [&hellip;]<\/p>\n","protected":false},"author":1,"featured_media":0,"comment_status":"open","ping_status":"","sticky":false,"template":"","format":"standard","meta":{"footnotes":""},"categories":[2],"tags":[226,116],"class_list":["post-1771598","post","type-post","status-publish","format-standard","hentry","category-politics","tag-crawlmanager","tag-tvbuzau-ro"],"_links":{"self":[{"href":"https:\/\/analyse.optim.biz\/index.php?rest_route=\/wp\/v2\/posts\/1771598","targetHints":{"allow":["GET"]}}],"collection":[{"href":"https:\/\/analyse.optim.biz\/index.php?rest_route=\/wp\/v2\/posts"}],"about":[{"href":"https:\/\/analyse.optim.biz\/index.php?rest_route=\/wp\/v2\/types\/post"}],"author":[{"embeddable":true,"href":"https:\/\/analyse.optim.biz\/index.php?rest_route=\/wp\/v2\/users\/1"}],"replies":[{"embeddable":true,"href":"https:\/\/analyse.optim.biz\/index.php?rest_route=%2Fwp%2Fv2%2Fcomments&post=1771598"}],"version-history":[{"count":0,"href":"https:\/\/analyse.optim.biz\/index.php?rest_route=\/wp\/v2\/posts\/1771598\/revisions"}],"wp:attachment":[{"href":"https:\/\/analyse.optim.biz\/index.php?rest_route=%2Fwp%2Fv2%2Fmedia&parent=1771598"}],"wp:term":[{"taxonomy":"category","embeddable":true,"href":"https:\/\/analyse.optim.biz\/index.php?rest_route=%2Fwp%2Fv2%2Fcategories&post=1771598"},{"taxonomy":"post_tag","embeddable":true,"href":"https:\/\/analyse.optim.biz\/index.php?rest_route=%2Fwp%2Fv2%2Ftags&post=1771598"}],"curies":[{"name":"wp","href":"https:\/\/api.w.org\/{rel}","templated":true}]}}