{"id":1770645,"date":"2026-02-12T11:05:20","date_gmt":"2026-02-12T08:05:20","guid":{"rendered":"https:\/\/analyse.optim.biz\/?p=1770645"},"modified":"2026-02-12T11:05:20","modified_gmt":"2026-02-12T08:05:20","slug":"cat-costa-sa-inchiriezi-o-sala-la-centrul-multifunctional-pentru-tineri-din-alexandria-tarife-si-conditii","status":"publish","type":"post","link":"https:\/\/analyse.optim.biz\/?p=1770645","title":{"rendered":"C\u00e2t cost\u0103 s\u0103 \u00eenchiriezi o sal\u0103 la Centrul Multifunc\u021bional pentru Tineri din Alexandria. Tarife \u0219i condi\u021bii &#8211;"},"content":{"rendered":"<p>[analyse_image type=&#8221;featured&#8221; src=&#8221;https:\/\/liberinteleorman.ro\/wp-content\/uploads\/2026\/02\/centrul-multifunctional-pentru-tineri-alexandria.jpg&#8221;]<\/p>\n<div class=\"entry-content single56__content single56__post_content single56__body_area\">\n<p><strong>Consiliul Local al municipiului Alexandria a aprobat, prin Hot\u0103r\u00e2rea nr. 334 din 17 decembrie 2021, tarifele de \u00eenchiriere \u0219i Contractul Cadru pentru utilizarea s\u0103lilor din <em>Centrul Multifunc\u021bional pentru Tineri<\/em>. <\/strong>Potrivit unei inform\u0103ri a Prim\u0103riei Alexandria, \u00een urma \u00eenchirierilor efectuate \u00een cursul anului precedent, exclusiv pentru utilizarea Centrului Multifunc\u021bional pentru Tineri \u201eMarin Preda\u201d de c\u0103tre partide politice, a fost \u00eencasat\u0103 suma total\u0103 de 7.500 lei.<\/p>\n<h2 class=\"wp-block-heading\"><strong>Tarifele de \u00eenchiriere: de la 100 la 1.000 de lei pe or\u0103<\/strong><\/h2>\n<p>Potrivit anexei hot\u0103r\u00e2rii, pre\u021burile (care includ TVA) sunt urm\u0103toarele:<\/p>\n<figure class=\"wp-block-table\">\n<table>\n<thead>\n<tr>\n<th>Spa\u021biu<\/th>\n<th>Capacitate<\/th>\n<th>Tarif (lei\/or\u0103)<\/th>\n<\/tr>\n<\/thead>\n<tbody>\n<tr>\n<td><strong>Sala de spectacole<\/strong><\/td>\n<td>298 locuri<\/td>\n<td><strong>1.000 lei\/h<\/strong><\/td>\n<\/tr>\n<tr>\n<td><strong>Sal\u0103 conferin\u021be<\/strong><\/td>\n<td>70 locuri<\/td>\n<td><strong>400 lei\/h<\/strong><\/td>\n<\/tr>\n<tr>\n<td><strong>Sal\u0103 conferin\u021be<\/strong><\/td>\n<td>40 locuri<\/td>\n<td><strong>250 lei\/h<\/strong><\/td>\n<\/tr>\n<tr>\n<td><strong>Sal\u0103 expozi\u021bie<\/strong><\/td>\n<td>\u2014<\/td>\n<td><strong>100 lei\/h<\/strong><\/td>\n<\/tr>\n<tr>\n<td><strong>Foaier<\/strong><\/td>\n<td>\u2014<\/td>\n<td><strong>100 lei\/h<\/strong><\/td>\n<\/tr>\n<\/tbody>\n<\/table>\n<\/figure>\n<p>Pre\u021burile se aplic\u0103 at\u00e2t \u00een cazul \u00eenchirierii pentru eveniment, c\u00e2t \u0219i pentru perioada de preg\u0103tire.<\/p>\n<h2 class=\"wp-block-heading\"><strong>Cine are prioritate la rezerv\u0103ri<\/strong><\/h2>\n<p>\u00cen situa\u021bia \u00een care dou\u0103 evenimente solicit\u0103 acela\u0219i spa\u021biu, ordinea de prioritate este stabilit\u0103 astfel:<\/p>\n<ol>\n<li>Evenimente organizate de Compartimentul Cultur\u0103, Sport, Tineret.<\/li>\n<li>Evenimente realizate \u00een parteneriat cu \u0219coli, institu\u021bii publice sau ONG-uri cu programe socio-culturale pentru tineri.<\/li>\n<li>Evenimente realizate \u00een parteneriat cu persoane juridice sau fizice pentru activit\u0103\u021bi destinate tinerilor.<\/li>\n<li>Evenimente ale institu\u021biilor publice, \u0219colilor, ONG-urilor sau funda\u021biilor.<\/li>\n<li>Evenimente f\u0103r\u0103 scop comercial ale persoanelor fizice\/juridice.<\/li>\n<li>Evenimente cu scop comercial (persoane fizice\/juridice).<\/li>\n<\/ol>\n<h2 class=\"wp-block-heading\"><strong>Drepturile utilizatorilor<\/strong><\/h2>\n<p>Organizatorii care \u00eenchiriaz\u0103 sala beneficiaz\u0103 de:<\/p>\n<ul>\n<li>acces \u00een spa\u021biu pe toat\u0103 perioada rezervat\u0103,<\/li>\n<li>personal tehnic pentru echipamente (lumini, sonorizare),<\/li>\n<li>sal\u0103 igienizat\u0103 \u00eenainte de eveniment,<\/li>\n<li>climatizare adecvat\u0103 sezonului.<\/li>\n<\/ul>\n<h2 class=\"wp-block-heading\"><strong>Obliga\u021biile organizatorilor<\/strong><\/h2>\n<p>Printre obliga\u021biile principale se num\u0103r\u0103:<\/p>\n<ul>\n<li>depunerea unei solicit\u0103ri scrise cu cel pu\u021bin 10 zile \u00eenainte,<\/li>\n<li>respectarea destina\u021biei s\u0103lii,<\/li>\n<li>p\u0103strarea cur\u0103\u021beniei, lini\u0219tii \u0219i ordinii,<\/li>\n<li>plata integral\u0103 a chiriei la semnarea contractului,<\/li>\n<li>interdic\u021bia de sub\u00eenchiriere,<\/li>\n<li>plata eventualelor daune provocate,<\/li>\n<li>respectarea normelor PSI,<\/li>\n<li>utilizarea echipamentelor proprii doar cu acordul Responsabilului Centrului.<\/li>\n<\/ul>\n<\/div>\n<p>[analyse_source url=&#8221;https:\/\/liberinteleorman.ro\/cat-costa-sa-inchiriezi-o-sala-la-centrul-multifunctional-pentru-tineri-din-alexandria-tarife-si-conditii\/&#8221;]<\/p>\n","protected":false},"excerpt":{"rendered":"<p>[analyse_image type=&#8221;featured&#8221; src=&#8221;https:\/\/liberinteleorman.ro\/wp-content\/uploads\/2026\/02\/centrul-multifunctional-pentru-tineri-alexandria.jpg&#8221;] Consiliul Local al municipiului Alexandria a aprobat, prin Hot\u0103r\u00e2rea nr. 334 din 17 decembrie 2021, tarifele de \u00eenchiriere \u0219i Contractul Cadru pentru utilizarea s\u0103lilor din Centrul Multifunc\u021bional pentru Tineri. Potrivit unei inform\u0103ri a Prim\u0103riei Alexandria, \u00een urma \u00eenchirierilor efectuate \u00een cursul anului precedent, exclusiv pentru utilizarea Centrului Multifunc\u021bional pentru Tineri \u201eMarin Preda\u201d [&hellip;]<\/p>\n","protected":false},"author":1,"featured_media":0,"comment_status":"open","ping_status":"","sticky":false,"template":"","format":"standard","meta":{"footnotes":""},"categories":[89],"tags":[226,181],"class_list":["post-1770645","post","type-post","status-publish","format-standard","hentry","category-romania","tag-crawlmanager","tag-liberinteleorman-ro"],"_links":{"self":[{"href":"https:\/\/analyse.optim.biz\/index.php?rest_route=\/wp\/v2\/posts\/1770645","targetHints":{"allow":["GET"]}}],"collection":[{"href":"https:\/\/analyse.optim.biz\/index.php?rest_route=\/wp\/v2\/posts"}],"about":[{"href":"https:\/\/analyse.optim.biz\/index.php?rest_route=\/wp\/v2\/types\/post"}],"author":[{"embeddable":true,"href":"https:\/\/analyse.optim.biz\/index.php?rest_route=\/wp\/v2\/users\/1"}],"replies":[{"embeddable":true,"href":"https:\/\/analyse.optim.biz\/index.php?rest_route=%2Fwp%2Fv2%2Fcomments&post=1770645"}],"version-history":[{"count":0,"href":"https:\/\/analyse.optim.biz\/index.php?rest_route=\/wp\/v2\/posts\/1770645\/revisions"}],"wp:attachment":[{"href":"https:\/\/analyse.optim.biz\/index.php?rest_route=%2Fwp%2Fv2%2Fmedia&parent=1770645"}],"wp:term":[{"taxonomy":"category","embeddable":true,"href":"https:\/\/analyse.optim.biz\/index.php?rest_route=%2Fwp%2Fv2%2Fcategories&post=1770645"},{"taxonomy":"post_tag","embeddable":true,"href":"https:\/\/analyse.optim.biz\/index.php?rest_route=%2Fwp%2Fv2%2Ftags&post=1770645"}],"curies":[{"name":"wp","href":"https:\/\/api.w.org\/{rel}","templated":true}]}}