{"id":1770642,"date":"2026-02-12T10:07:53","date_gmt":"2026-02-12T07:07:53","guid":{"rendered":"https:\/\/analyse.optim.biz\/?p=1770642"},"modified":"2026-02-12T10:07:53","modified_gmt":"2026-02-12T07:07:53","slug":"curcubeul-emotiilor-la-biblioteca-judeteana-marin-preda-ziarul-liber-in-teleorman","status":"publish","type":"post","link":"https:\/\/analyse.optim.biz\/?p=1770642","title":{"rendered":"\u201eCurcubeul emo\u021biilor\u201d, la Biblioteca Jude\u021bean\u0103 Marin Preda &#8211; Ziarul Liber in Teleorman"},"content":{"rendered":"<p>[analyse_image type=&#8221;featured&#8221; src=&#8221;https:\/\/liberinteleorman.ro\/wp-content\/uploads\/2026\/02\/afis-Curcubeul-emotiilor.jpg&#8221;]<\/p>\n<div class=\"entry-content single56__content single56__post_content single56__body_area\">\n<p>Biblioteca Jude\u021bean\u0103 \u201eMarin Preda\u201d, institu\u021bie aflat\u0103 \u00een subordinea Consiliului Jude\u021bean Teleorman, organizeaz\u0103 vineri, 13 februarie 2026, \u00eencep\u00e2nd cu ora 11:00, activitatea cultural-educativ\u0103 intitulat\u0103 \u201eCurcubeul emo\u021biilor\u201d, un eveniment dedicat dezvolt\u0103rii emo\u021bionale \u0219i consolid\u0103rii rela\u021biilor de prietenie \u00een r\u00e2ndul copiilor.<\/p>\n<p>Activitatea va fi coordonat\u0103 de psihoterapeutul Iulia Izin\u0103, al\u0103turi de elevii clasei a V-a C de la \u0218coala Gimnazial\u0103 \u201eMihai Viteazul\u201d din Alexandria, \u00eenso\u021bi\u021bi de doamna Anu\u021ba Voinea, bibliotecar.<\/p>\n<p>Programul va include ateliere interactive centrate pe emo\u021bie \u0219i prietenie, organizate sub forma unor jocuri \u0219i activit\u0103\u021bi creative, menite s\u0103 \u00eencurajeze exprimarea liber\u0103 a sentimentelor, dezvoltarea empatiei \u0219i construirea unor rela\u021bii armonioase \u00eentre copii. Participan\u021bii vor fi sprijini\u021bi s\u0103 \u00ee\u0219i recunoasc\u0103 \u0219i s\u0103 \u00ee\u0219i exprime emo\u021biile \u00eentr-un cadru sigur \u0219i prietenos.<\/p>\n<p>Prin aceast\u0103 ini\u021biativ\u0103, Biblioteca Jude\u021bean\u0103 \u201eMarin Preda\u201d \u00ee\u0219i reafirm\u0103 misiunea de a sus\u021bine educa\u021bia nonformal\u0103 \u0219i dezvoltarea personal\u0103 a tinerilor din comunitate, oferind spa\u021bii \u0219i contexte care stimuleaz\u0103 dialogul, creativitatea \u0219i colaborarea.<\/p>\n<\/div>\n<p>[analyse_source url=&#8221;https:\/\/liberinteleorman.ro\/curcubeul-emotiilor-la-biblioteca-judeteana-marin-preda\/&#8221;]<\/p>\n","protected":false},"excerpt":{"rendered":"<p>[analyse_image type=&#8221;featured&#8221; src=&#8221;https:\/\/liberinteleorman.ro\/wp-content\/uploads\/2026\/02\/afis-Curcubeul-emotiilor.jpg&#8221;] Biblioteca Jude\u021bean\u0103 \u201eMarin Preda\u201d, institu\u021bie aflat\u0103 \u00een subordinea Consiliului Jude\u021bean Teleorman, organizeaz\u0103 vineri, 13 februarie 2026, \u00eencep\u00e2nd cu ora 11:00, activitatea cultural-educativ\u0103 intitulat\u0103 \u201eCurcubeul emo\u021biilor\u201d, un eveniment dedicat dezvolt\u0103rii emo\u021bionale \u0219i consolid\u0103rii rela\u021biilor de prietenie \u00een r\u00e2ndul copiilor. Activitatea va fi coordonat\u0103 de psihoterapeutul Iulia Izin\u0103, al\u0103turi de elevii clasei a V-a [&hellip;]<\/p>\n","protected":false},"author":1,"featured_media":0,"comment_status":"open","ping_status":"","sticky":false,"template":"","format":"standard","meta":{"footnotes":""},"categories":[89],"tags":[226,181],"class_list":["post-1770642","post","type-post","status-publish","format-standard","hentry","category-romania","tag-crawlmanager","tag-liberinteleorman-ro"],"_links":{"self":[{"href":"https:\/\/analyse.optim.biz\/index.php?rest_route=\/wp\/v2\/posts\/1770642","targetHints":{"allow":["GET"]}}],"collection":[{"href":"https:\/\/analyse.optim.biz\/index.php?rest_route=\/wp\/v2\/posts"}],"about":[{"href":"https:\/\/analyse.optim.biz\/index.php?rest_route=\/wp\/v2\/types\/post"}],"author":[{"embeddable":true,"href":"https:\/\/analyse.optim.biz\/index.php?rest_route=\/wp\/v2\/users\/1"}],"replies":[{"embeddable":true,"href":"https:\/\/analyse.optim.biz\/index.php?rest_route=%2Fwp%2Fv2%2Fcomments&post=1770642"}],"version-history":[{"count":0,"href":"https:\/\/analyse.optim.biz\/index.php?rest_route=\/wp\/v2\/posts\/1770642\/revisions"}],"wp:attachment":[{"href":"https:\/\/analyse.optim.biz\/index.php?rest_route=%2Fwp%2Fv2%2Fmedia&parent=1770642"}],"wp:term":[{"taxonomy":"category","embeddable":true,"href":"https:\/\/analyse.optim.biz\/index.php?rest_route=%2Fwp%2Fv2%2Fcategories&post=1770642"},{"taxonomy":"post_tag","embeddable":true,"href":"https:\/\/analyse.optim.biz\/index.php?rest_route=%2Fwp%2Fv2%2Ftags&post=1770642"}],"curies":[{"name":"wp","href":"https:\/\/api.w.org\/{rel}","templated":true}]}}