{"id":1770636,"date":"2026-02-12T20:28:14","date_gmt":"2026-02-12T17:28:14","guid":{"rendered":"https:\/\/analyse.optim.biz\/?p=1770636"},"modified":"2026-02-12T20:28:14","modified_gmt":"2026-02-12T17:28:14","slug":"primarul-de-la-zimnicea-are-fotografie-cu-dictatorul-ceausescu-si-vrea-repartitii-ca-in-comunism-ziarul","status":"publish","type":"post","link":"https:\/\/analyse.optim.biz\/?p=1770636","title":{"rendered":"Primarul de la Zimnicea are fotografie cu dictatorul Ceau\u0219escu \u0219i vrea reparti\u021bii \u201eca \u00een comunism\u201d &#8211; Ziarul"},"content":{"rendered":"<p>[analyse_image type=&#8221;featured&#8221; src=&#8221;https:\/\/liberinteleorman.ro\/wp-content\/uploads\/2026\/02\/ceausescu-la-zimnicea.jpg&#8221;]<\/p>\n<div class=\"entry-content single56__content single56__post_content single56__body_area\">\n<p><strong>La Zimnicea, cel mai sudic ora\u0219 al Rom\u00e2niei, un spital modernizat doar par\u021bial func\u021bioneaz\u0103 cu un singur medic \u00een linia \u00eent\u00e2i. De\u0219i a beneficiat de investi\u021bii consistente, unitatea medical\u0103 r\u0103m\u00e2ne un loc \u00een care pacien\u021bii nu sunt trata\u021bi, ci doar \u201etranziteaz\u0103\u201d \u00een drum spre spitalele din ora\u0219ele mari<\/strong>, <strong>potrivit unui reportaj<a href=\"https:\/\/observatornews.ro\/exclusiv-observator\/judetul-fara-medici-in-care-pacientii-cu-avc-sau-infarct-au-sanse-minime-primarul-plange-dupa-comunism-645579.html\" target=\"_blank\" rel=\"noopener\"> Observator<\/a>.<\/strong><\/p>\n<p>Adrian Ionescu, medicul care \u021bine spitalul \u00een via\u021b\u0103, are 75 de ani \u0219i face \u00een jur de 15 g\u0103rzi pe lun\u0103. Practic, este de serviciu aproape permanent. \u201eNu am competen\u021b\u0103 \u00een neurologie, psihiatrie, oncologie, dermatologie, pediatrie. Dar v\u0103d tot. Ambulan\u021ba trimite aici orice: \u0219i come. De ce trimi\u021bi com\u0103 aici?\u201d, spune medicul, vizibil obosit, dar \u00eenc\u0103 \u00een linia frontului.<\/p>\n<p>Localnicii \u0219tiu foarte bine realitatea: Zimnicea nu trateaz\u0103, ci orienteaz\u0103. \u201ePrima dat\u0103 vin la Zimnicea, \u00eel \u00eentreb pe doctorul Ionescu, apoi m\u0103 trimite mai departe\u201d.<\/p>\n<p><strong>CT \u0219i RMN \u2013 moderne, dar nefunc\u021bionale<\/strong><\/p>\n<p>\u00cen curtea spitalului se afl\u0103 dou\u0103 aparate importante, un CT \u0219i un RMN, \u00eens\u0103 niciunul nu poate fi folosit. Motivele sunt administrative, spune primarul ora\u0219ului. \u201eOamenii m\u0103 \u00eentreab\u0103 de ce le-am adus. Proiectul nu e finalizat, nu le putem folosi\u201d, explic\u0103 edilul. Din cauza blocajelor birocratice, aparatura performant\u0103 r\u0103m\u00e2ne doar un decor scump.<\/p>\n<p><strong>De ce nu vin medicii?<\/strong><\/p>\n<p>Prim\u0103ria spune c\u0103 a \u00eencercat s\u0103 atrag\u0103 speciali\u0219ti, oferind apartamente de serviciu \u0219i bani pentru navet\u0103. Totu\u0219i, medicii nu vin, iar spitalul continu\u0103 s\u0103 func\u021bioneze cu personal insuficient.<\/p>\n<p><strong>Re\u021beta primarului: \u201ereparti\u021bii ca \u00een comunism\u201d<\/strong><\/p>\n<p>\u00cen biroul edilului se afl\u0103 o fotografie cu Nicolae Ceau\u0219escu, simbol al unei epoci pe care mul\u021bi o contest\u0103, dar pe care acesta pare s\u0103 o foloseasc\u0103 drept inspira\u021bie pentru solu\u021bii. \u201eCred c\u0103 trebuie s\u0103 revenim la reparti\u021bii ca \u00een comunism. Ai terminat facultatea? Cinci ani lucrezi unde te trimite statul\u201d, spune primarul Petre P\u00eervu de la PSD.<\/p>\n<p><strong><a href=\"https:\/\/liberinteleorman.ro\/in-spitalele-din-teleorman-cel-mai-bun-neurochirurg-ramane-trenul-spre-bucuresti-reportaj-observator\/\">\u00cen spitalele din Teleorman, cel mai bun \u201eneurochirurg\u201d r\u0103m\u00e2ne trenul spre Bucure\u0219ti \u2013 REPORTAJ OBSERVATOR<\/a><\/strong><\/p>\n<\/div>\n<p>[analyse_source url=&#8221;https:\/\/liberinteleorman.ro\/primarul-de-la-zimnicea-are-fotografie-cu-dictatorul-ceausescu-si-vrea-repartitii-ca-in-comunism\/&#8221;]<\/p>\n","protected":false},"excerpt":{"rendered":"<p>[analyse_image type=&#8221;featured&#8221; src=&#8221;https:\/\/liberinteleorman.ro\/wp-content\/uploads\/2026\/02\/ceausescu-la-zimnicea.jpg&#8221;] La Zimnicea, cel mai sudic ora\u0219 al Rom\u00e2niei, un spital modernizat doar par\u021bial func\u021bioneaz\u0103 cu un singur medic \u00een linia \u00eent\u00e2i. De\u0219i a beneficiat de investi\u021bii consistente, unitatea medical\u0103 r\u0103m\u00e2ne un loc \u00een care pacien\u021bii nu sunt trata\u021bi, ci doar \u201etranziteaz\u0103\u201d \u00een drum spre spitalele din ora\u0219ele mari, potrivit unui reportaj Observator. [&hellip;]<\/p>\n","protected":false},"author":1,"featured_media":0,"comment_status":"open","ping_status":"","sticky":false,"template":"","format":"standard","meta":{"footnotes":""},"categories":[89],"tags":[226,181],"class_list":["post-1770636","post","type-post","status-publish","format-standard","hentry","category-romania","tag-crawlmanager","tag-liberinteleorman-ro"],"_links":{"self":[{"href":"https:\/\/analyse.optim.biz\/index.php?rest_route=\/wp\/v2\/posts\/1770636","targetHints":{"allow":["GET"]}}],"collection":[{"href":"https:\/\/analyse.optim.biz\/index.php?rest_route=\/wp\/v2\/posts"}],"about":[{"href":"https:\/\/analyse.optim.biz\/index.php?rest_route=\/wp\/v2\/types\/post"}],"author":[{"embeddable":true,"href":"https:\/\/analyse.optim.biz\/index.php?rest_route=\/wp\/v2\/users\/1"}],"replies":[{"embeddable":true,"href":"https:\/\/analyse.optim.biz\/index.php?rest_route=%2Fwp%2Fv2%2Fcomments&post=1770636"}],"version-history":[{"count":0,"href":"https:\/\/analyse.optim.biz\/index.php?rest_route=\/wp\/v2\/posts\/1770636\/revisions"}],"wp:attachment":[{"href":"https:\/\/analyse.optim.biz\/index.php?rest_route=%2Fwp%2Fv2%2Fmedia&parent=1770636"}],"wp:term":[{"taxonomy":"category","embeddable":true,"href":"https:\/\/analyse.optim.biz\/index.php?rest_route=%2Fwp%2Fv2%2Fcategories&post=1770636"},{"taxonomy":"post_tag","embeddable":true,"href":"https:\/\/analyse.optim.biz\/index.php?rest_route=%2Fwp%2Fv2%2Ftags&post=1770636"}],"curies":[{"name":"wp","href":"https:\/\/api.w.org\/{rel}","templated":true}]}}