{"id":1770372,"date":"2026-02-08T09:21:36","date_gmt":"2026-02-08T06:21:36","guid":{"rendered":"https:\/\/analyse.optim.biz\/?p=1770372"},"modified":"2026-02-08T09:21:36","modified_gmt":"2026-02-08T06:21:36","slug":"lucrari-la-retelele-aquatim-si-spalari","status":"publish","type":"post","link":"https:\/\/analyse.optim.biz\/?p=1770372","title":{"rendered":"Lucr\u0103ri la re\u021belele Aquatim \u0219i sp\u0103l\u0103ri"},"content":{"rendered":"<p>[analyse_image type=&#8221;featured&#8221; src=&#8221;https:\/\/gazetadinvest.ro\/wp-content\/uploads\/2018\/10\/aquatim.jpg&#8221;]<\/p>\n<div class=\"td-post-content tagdiv-type\">\n<div class=\"td-post-featured-image\"><a href=\"https:\/\/gazetadinvest.ro\/wp-content\/uploads\/2018\/10\/aquatim.jpg\" data-caption><img loading=\"lazy\" decoding=\"async\" width=\"696\" height=\"391\" class=\"entry-thumb td-modal-image\" src=\"https:\/\/gazetadinvest.ro\/wp-content\/uploads\/2018\/10\/aquatim-696x391.jpg\" alt title=\"aquatim\"><\/a><\/div>\n<p><strong>Mar\u021bi, 10 februarie, \u00eentre orele 9-17, la intersec\u021bia C\u0103ii Torontalului cu strada Maria Dogaru se va executa o conectare de conducte. Pe durata lucr\u0103rilor se va \u00eentrerupe furnizarea apei pe str\u0103zile George Ardelean, Johann Wolf, Karoly K\u00f3s, Martin Gemeinhardt, Dora d`Istria, Martha Bibescu, Sarmiza Bilcescu, Smaranda Br\u0103escu, Sofia Ionescu Ogrezeanu, Hariclea Darcl\u00e9e, Leonida Zamfirescu, Ioan Anton, precum \u0219i \u00een zona Metro II \u0219i Parcul Industrial.<\/strong><\/p>\n<p>Pentru lucr\u0103ri de sp\u0103lare a re\u021belei de distribu\u021bie, pe 9 \u0219i 10 februarie, \u00eentre orele 8-14, presiunea va fi sc\u0103zut\u0103 \u00een Lugoj, pe str\u0103zile Teiului, Mure\u0219ului \u0219i 1 Mai, pe 11 \u0219i 12 februarie, \u00eentre orele 8-14, presiunea va fi sc\u0103zut\u0103 \u00een cartierul Cotu Mic, iar pe 12 \u0219i 13 februarie, \u00eentre orele 8-14, presiunea va fi sc\u0103zut\u0103 \u00een cartierul Micro III.<br \/>\nPe 9 februarie, \u00eentre orele 7-15, \u00een P\u0103dureni se va \u00eentrerupe furnizarea apei pentru sp\u0103larea bazinului de \u00eenmagazinare, iar \u00een perioada 10-12 februarie, zilnic \u00eentre orele 7-15, presiunea va fi sc\u0103zut\u0103 \u00een localitate pentru lucr\u0103ri de sp\u0103lare a re\u021belei de distribu\u021bie.<\/p>\n<p>De asemenea, pe 9 \u0219i 10 februarie, \u00eentre orele 9-14, presiunea va fi sc\u0103zut\u0103 \u00een Cenad, iar pe 10 \u0219i 11 februarie, \u00eentre orele 9-14, presiunea va fi sc\u0103zut\u0103 \u00een Saravale. \u200b<\/p>\n<p>Lucr\u0103rile de sp\u0103lare urm\u0103resc s\u0103 asigure o calitate corespunz\u0103toare a apei potabile \u0219i sunt o parte a activit\u0103\u021bii desf\u0103\u0219urate de Aquatim \u00een cadrul mentenan\u021bei preventive a re\u021belelor de distribu\u021bie.<\/p>\n<p><em>\u201eLa reluarea aliment\u0103rii cu ap\u0103 \u00een regim normal este posibil ca la robinete s\u0103 curg\u0103 ap\u0103 tulbure. Deoarece aceast\u0103 perturbare va fi de scurt\u0103 durat\u0103, recomand\u0103m clien\u021bilor s\u0103 nu foloseasc\u0103 apa \u00een scopuri menajere, p\u00e2n\u0103 la limpezirea complet\u0103. Rug\u0103m, de asemenea, consumatorii s\u0103 ia m\u0103suri de stocare a unor cantit\u0103\u021bi de ap\u0103 care s\u0103 le acopere necesarul pe perioada anun\u021bat\u0103\u201d<\/em>, transmite Aquatim.<\/p>\n<\/div>\n<div class=\"td-post-content tagdiv-type\">\n<div class=\"td-post-featured-image\"><a href=\"https:\/\/gazetadinvest.ro\/wp-content\/uploads\/2018\/10\/aquatim.jpg\" data-caption><img loading=\"lazy\" decoding=\"async\" width=\"696\" height=\"391\" class=\"entry-thumb td-modal-image\" src=\"https:\/\/gazetadinvest.ro\/wp-content\/uploads\/2018\/10\/aquatim-696x391.jpg\" alt title=\"aquatim\"><\/a><\/div>\n<p><strong>Mar\u021bi, 10 februarie, \u00eentre orele 9-17, la intersec\u021bia C\u0103ii Torontalului cu strada Maria Dogaru se va executa o conectare de conducte. Pe durata lucr\u0103rilor se va \u00eentrerupe furnizarea apei pe str\u0103zile George Ardelean, Johann Wolf, Karoly K\u00f3s, Martin Gemeinhardt, Dora d`Istria, Martha Bibescu, Sarmiza Bilcescu, Smaranda Br\u0103escu, Sofia Ionescu Ogrezeanu, Hariclea Darcl\u00e9e, Leonida Zamfirescu, Ioan Anton, precum \u0219i \u00een zona Metro II \u0219i Parcul Industrial.<\/strong><\/p>\n<p>Pentru lucr\u0103ri de sp\u0103lare a re\u021belei de distribu\u021bie, pe 9 \u0219i 10 februarie, \u00eentre orele 8-14, presiunea va fi sc\u0103zut\u0103 \u00een Lugoj, pe str\u0103zile Teiului, Mure\u0219ului \u0219i 1 Mai, pe 11 \u0219i 12 februarie, \u00eentre orele 8-14, presiunea va fi sc\u0103zut\u0103 \u00een cartierul Cotu Mic, iar pe 12 \u0219i 13 februarie, \u00eentre orele 8-14, presiunea va fi sc\u0103zut\u0103 \u00een cartierul Micro III.<br \/>\nPe 9 februarie, \u00eentre orele 7-15, \u00een P\u0103dureni se va \u00eentrerupe furnizarea apei pentru sp\u0103larea bazinului de \u00eenmagazinare, iar \u00een perioada 10-12 februarie, zilnic \u00eentre orele 7-15, presiunea va fi sc\u0103zut\u0103 \u00een localitate pentru lucr\u0103ri de sp\u0103lare a re\u021belei de distribu\u021bie.<\/p>\n<p>De asemenea, pe 9 \u0219i 10 februarie, \u00eentre orele 9-14, presiunea va fi sc\u0103zut\u0103 \u00een Cenad, iar pe 10 \u0219i 11 februarie, \u00eentre orele 9-14, presiunea va fi sc\u0103zut\u0103 \u00een Saravale. \u200b<\/p>\n<p>Lucr\u0103rile de sp\u0103lare urm\u0103resc s\u0103 asigure o calitate corespunz\u0103toare a apei potabile \u0219i sunt o parte a activit\u0103\u021bii desf\u0103\u0219urate de Aquatim \u00een cadrul mentenan\u021bei preventive a re\u021belelor de distribu\u021bie.<\/p>\n<p><em>\u201eLa reluarea aliment\u0103rii cu ap\u0103 \u00een regim normal este posibil ca la robinete s\u0103 curg\u0103 ap\u0103 tulbure. Deoarece aceast\u0103 perturbare va fi de scurt\u0103 durat\u0103, recomand\u0103m clien\u021bilor s\u0103 nu foloseasc\u0103 apa \u00een scopuri menajere, p\u00e2n\u0103 la limpezirea complet\u0103. Rug\u0103m, de asemenea, consumatorii s\u0103 ia m\u0103suri de stocare a unor cantit\u0103\u021bi de ap\u0103 care s\u0103 le acopere necesarul pe perioada anun\u021bat\u0103\u201d<\/em>, transmite Aquatim.<\/p>\n<\/div>\n<p>[analyse_source url=&#8221;https:\/\/gazetadinvest.ro\/lucrari-la-retelele-aquatim-si-spalari-2\/&#8221;]<\/p>\n","protected":false},"excerpt":{"rendered":"<p>[analyse_image type=&#8221;featured&#8221; src=&#8221;https:\/\/gazetadinvest.ro\/wp-content\/uploads\/2018\/10\/aquatim.jpg&#8221;] Mar\u021bi, 10 februarie, \u00eentre orele 9-17, la intersec\u021bia C\u0103ii Torontalului cu strada Maria Dogaru se va executa o conectare de conducte. Pe durata lucr\u0103rilor se va \u00eentrerupe furnizarea apei pe str\u0103zile George Ardelean, Johann Wolf, Karoly K\u00f3s, Martin Gemeinhardt, Dora d`Istria, Martha Bibescu, Sarmiza Bilcescu, Smaranda Br\u0103escu, Sofia Ionescu Ogrezeanu, Hariclea Darcl\u00e9e, [&hellip;]<\/p>\n","protected":false},"author":1,"featured_media":0,"comment_status":"open","ping_status":"","sticky":false,"template":"","format":"standard","meta":{"footnotes":""},"categories":[89],"tags":[226,203],"class_list":["post-1770372","post","type-post","status-publish","format-standard","hentry","category-romania","tag-crawlmanager","tag-gazetadinvest-ro"],"_links":{"self":[{"href":"https:\/\/analyse.optim.biz\/index.php?rest_route=\/wp\/v2\/posts\/1770372","targetHints":{"allow":["GET"]}}],"collection":[{"href":"https:\/\/analyse.optim.biz\/index.php?rest_route=\/wp\/v2\/posts"}],"about":[{"href":"https:\/\/analyse.optim.biz\/index.php?rest_route=\/wp\/v2\/types\/post"}],"author":[{"embeddable":true,"href":"https:\/\/analyse.optim.biz\/index.php?rest_route=\/wp\/v2\/users\/1"}],"replies":[{"embeddable":true,"href":"https:\/\/analyse.optim.biz\/index.php?rest_route=%2Fwp%2Fv2%2Fcomments&post=1770372"}],"version-history":[{"count":0,"href":"https:\/\/analyse.optim.biz\/index.php?rest_route=\/wp\/v2\/posts\/1770372\/revisions"}],"wp:attachment":[{"href":"https:\/\/analyse.optim.biz\/index.php?rest_route=%2Fwp%2Fv2%2Fmedia&parent=1770372"}],"wp:term":[{"taxonomy":"category","embeddable":true,"href":"https:\/\/analyse.optim.biz\/index.php?rest_route=%2Fwp%2Fv2%2Fcategories&post=1770372"},{"taxonomy":"post_tag","embeddable":true,"href":"https:\/\/analyse.optim.biz\/index.php?rest_route=%2Fwp%2Fv2%2Ftags&post=1770372"}],"curies":[{"name":"wp","href":"https:\/\/api.w.org\/{rel}","templated":true}]}}