{"id":1769843,"date":"2026-02-10T15:11:32","date_gmt":"2026-02-10T12:11:32","guid":{"rendered":"https:\/\/analyse.optim.biz\/?p=1769843"},"modified":"2026-02-10T15:11:32","modified_gmt":"2026-02-10T12:11:32","slug":"o-fetita-de-4-ani-din-teleorman-in-stare-critica-politia-cerceteaza-o-tentativa-de-omor-ziarul-liber-in","status":"publish","type":"post","link":"https:\/\/analyse.optim.biz\/?p=1769843","title":{"rendered":"O feti\u021b\u0103 de 4 ani, din Teleorman, \u00een stare critic\u0103. Poli\u021bia cerceteaz\u0103 o tentativ\u0103 de omor &#8211; Ziarul Liber in"},"content":{"rendered":"<p>[analyse_image type=&#8221;featured&#8221; src=&#8221;https:\/\/liberinteleorman.ro\/wp-content\/uploads\/2026\/02\/fetita.webp&#8221;]<\/p>\n<div class=\"entry-content single56__content single56__post_content single56__body_area\">\n<p>O feti\u021b\u0103 de patru ani din jude\u021bul Teleorman, aflat\u0103 \u00een vizit\u0103 \u00een Gorj, a fost transportat\u0103 \u00een stare extrem de grav\u0103 la Unitatea de Primiri Urgen\u021be a Spitalului Jude\u021bean T\u00e2rgu Jiu. Poli\u021bia a deschis o anchet\u0103 \u0219i verific\u0103 o posibil\u0103 tentativ\u0103 de omor, dup\u0103 ce medicii au constatat c\u0103 r\u0103nile copilei nu corespund explica\u021biilor oferite de mam\u0103.<\/p>\n<p>Potrivit unor surse medicale \u0219i din anchet\u0103, citate de <strong>AS \u00een Gorj<\/strong>, copila prezenta un traumatism cranian sever \u0219i multiple leziuni pe corp. Mama ei, o t\u00e2n\u0103r\u0103 de 20 de ani din Teleorman, a declarat medicilor c\u0103 feti\u021ba \u201ea c\u0103zut din pat\u201d. Echipa medical\u0103 a observat \u00eens\u0103 c\u0103 tipul r\u0103nilor nu poate fi atribuit unei c\u0103z\u0103turi de la mic\u0103 \u00een\u0103l\u021bime, motiv pentru care a alertat autorit\u0103\u021bile.<\/p>\n<p>Asistentul social din cadrul UPU a sesizat Poli\u021bia la scurt timp dup\u0103 sosirea pacientei. Cazul a fost preluat de Serviciul de Investiga\u021bii Criminale Gorj, care urmeaz\u0103 s\u0103 stabileasc\u0103 \u00eemprejur\u0103rile exacte \u00een care s-au produs leziunile.<\/p>\n<p>Spitalul Jude\u021bean T\u00e2rgu Jiu a confirmat incidentul, preciz\u00e2nd \u00eentr-un comunicat transmis pentru <strong>GorjOnline<\/strong> c\u0103 starea copilului a fost extrem de grav\u0103 \u00eenc\u0103 de la prezentare: \u201eUn copil \u00een v\u00e2rst\u0103 de 4 ani a fost adus, \u00een data de 8.02.2026, la UPU, de c\u0103tre mama sa, o t\u00e2n\u0103r\u0103 de 20 de ani, cu domiciliul \u00een jude\u021bul Teleorman. Copilul era \u00een stare foarte grav\u0103. Prezenta un traumatism cranian grav, a fost stabilizat \u00een UPU, i s-au f\u0103cut investiga\u021bii imagistice, iar medicii au decis transferul la Bucure\u0219ti, la Spitalul Marie Curie, unde se afl\u0103 \u00een prezent. Asistentul social din UPU a anun\u021bat la scurt timp de la sosirea pacientei Poli\u021bia, o echip\u0103 prezent\u00e2ndu-se la UPU\u201d.<\/p>\n<p>Feti\u021ba a fost transportat\u0103 la Spitalul Marie Curie din Bucure\u0219ti pentru tratament de specialitate.<\/p>\n<\/div>\n<p>[analyse_source url=&#8221;https:\/\/liberinteleorman.ro\/o-fetita-de-4-ani-din-teleorman-in-stare-critica-politia-cerceteaza-o-tentativa-de-omor\/&#8221;]<\/p>\n","protected":false},"excerpt":{"rendered":"<p>[analyse_image type=&#8221;featured&#8221; src=&#8221;https:\/\/liberinteleorman.ro\/wp-content\/uploads\/2026\/02\/fetita.webp&#8221;] O feti\u021b\u0103 de patru ani din jude\u021bul Teleorman, aflat\u0103 \u00een vizit\u0103 \u00een Gorj, a fost transportat\u0103 \u00een stare extrem de grav\u0103 la Unitatea de Primiri Urgen\u021be a Spitalului Jude\u021bean T\u00e2rgu Jiu. Poli\u021bia a deschis o anchet\u0103 \u0219i verific\u0103 o posibil\u0103 tentativ\u0103 de omor, dup\u0103 ce medicii au constatat c\u0103 r\u0103nile copilei nu [&hellip;]<\/p>\n","protected":false},"author":1,"featured_media":0,"comment_status":"open","ping_status":"","sticky":false,"template":"","format":"standard","meta":{"footnotes":""},"categories":[89],"tags":[226,181],"class_list":["post-1769843","post","type-post","status-publish","format-standard","hentry","category-romania","tag-crawlmanager","tag-liberinteleorman-ro"],"_links":{"self":[{"href":"https:\/\/analyse.optim.biz\/index.php?rest_route=\/wp\/v2\/posts\/1769843","targetHints":{"allow":["GET"]}}],"collection":[{"href":"https:\/\/analyse.optim.biz\/index.php?rest_route=\/wp\/v2\/posts"}],"about":[{"href":"https:\/\/analyse.optim.biz\/index.php?rest_route=\/wp\/v2\/types\/post"}],"author":[{"embeddable":true,"href":"https:\/\/analyse.optim.biz\/index.php?rest_route=\/wp\/v2\/users\/1"}],"replies":[{"embeddable":true,"href":"https:\/\/analyse.optim.biz\/index.php?rest_route=%2Fwp%2Fv2%2Fcomments&post=1769843"}],"version-history":[{"count":0,"href":"https:\/\/analyse.optim.biz\/index.php?rest_route=\/wp\/v2\/posts\/1769843\/revisions"}],"wp:attachment":[{"href":"https:\/\/analyse.optim.biz\/index.php?rest_route=%2Fwp%2Fv2%2Fmedia&parent=1769843"}],"wp:term":[{"taxonomy":"category","embeddable":true,"href":"https:\/\/analyse.optim.biz\/index.php?rest_route=%2Fwp%2Fv2%2Fcategories&post=1769843"},{"taxonomy":"post_tag","embeddable":true,"href":"https:\/\/analyse.optim.biz\/index.php?rest_route=%2Fwp%2Fv2%2Ftags&post=1769843"}],"curies":[{"name":"wp","href":"https:\/\/api.w.org\/{rel}","templated":true}]}}