{"id":176962,"date":"2015-07-23T12:57:48","date_gmt":"2015-07-23T09:57:48","guid":{"rendered":"https:\/\/analyse.optim.biz\/?p=176962"},"modified":"2015-07-23T12:57:48","modified_gmt":"2015-07-23T09:57:48","slug":"c-p-tariceanu-mesaj-pentru-liviu-dragnea-dupa-ce-acesta-a-fost-ales-presedinte-interimar-al-psd","status":"publish","type":"post","link":"https:\/\/analyse.optim.biz\/?p=176962","title":{"rendered":"C.P.T\u0103riceanu, mesaj pentru Liviu Dragnea dup\u0103 ce acesta a fost ales pre\u0219edinte interimar al PSD"},"content":{"rendered":"<div class=\"entry data-app-meta data-app-meta-article\" data-embed-base-url-canonical=\"https:\/\/www.digi24.ro\/embed\/stiri\/actualitate\/politica\/c-p-tariceanu-mesaj-pentru-liviu-dragnea-dupa-ce-acesta-a-fost-ales-presedinte-interimar-al-psd-419232\">\n<p data-index=\"1\"><img decoding=\"async\" src=\"https:\/\/analyse.optim.biz\/wp-content\/uploads\/2024\/09\/mdamagfzad1lmdvjmmexndg2mgmxyzuwmji4otk2zgqwywqxzdrina-thumb_.jpg\" data-skip-htmlfix=\"1\" title=\"mdamagfzad1lmdvjmmexndg2mgmxyzuwmji4otk2zgqwywqxzdrina-thumb_\"><\/p>\n<p data-index=\"2\">\u201e<span>Votul exprimat de o majoritate semnificativ\u0103 \u00een Consiliul Executiv Na\u0163ional a dus la \u00eencheierea unei perioade de incertitudini \u015fi fr\u0103m\u00e2nt\u0103ri \u00een PSD, fapt pe care ALDE \u00eel salut\u0103 \u015fi care creeaz\u0103 premizele unei bune stabilit\u0103\u0163i politice \u015fi a continu\u0103rii mandatului pe care coali\u0163ia de guvernare s-a angajat \u00een 2012 \u00een fa\u0163a electoratului s\u0103 \u00eel duc\u0103 la bun sf\u00e2r\u015fit.<\/span><\/p>\n<p data-index=\"3\">Felicit \u00een numele ALDE pe pre\u015fedintele interimar ales, domnul Liviu Dragnea, \u015fi \u0163in s\u0103 subliniez c\u0103 vom continua buna colaborare cu primul ministru, domnul Victor Ponta, \u015fi cu partenerii no\u015ftri politici din coali\u0163ia de guvernare\u201d, se arat\u0103 \u00een comunicatul de pres\u0103 ALDE.<\/p>\n<\/div>\n<p> Source URL: https:\/\/www.digi24.ro\/stiri\/actualitate\/politica\/c-p-tariceanu-mesaj-pentru-liviu-dragnea-dupa-ce-acesta-a-fost-ales-presedinte-interimar-al-psd-419232<\/p>\n","protected":false},"excerpt":{"rendered":"<p>\u201eVotul exprimat de o majoritate semnificativ\u0103 \u00een Consiliul Executiv Na\u0163ional a dus la \u00eencheierea unei perioade de incertitudini \u015fi fr\u0103m\u00e2nt\u0103ri \u00een PSD, fapt pe care ALDE \u00eel salut\u0103 \u015fi care creeaz\u0103 premizele unei bune stabilit\u0103\u0163i politice \u015fi a continu\u0103rii mandatului pe care coali\u0163ia de guvernare s-a angajat \u00een 2012 \u00een fa\u0163a electoratului s\u0103 \u00eel duc\u0103 [&hellip;]<\/p>\n","protected":false},"author":1,"featured_media":176963,"comment_status":"open","ping_status":"","sticky":false,"template":"","format":"standard","meta":{"footnotes":""},"categories":[2],"tags":[11],"class_list":["post-176962","post","type-post","status-publish","format-standard","has-post-thumbnail","hentry","category-politics","tag-digi24"],"_links":{"self":[{"href":"https:\/\/analyse.optim.biz\/index.php?rest_route=\/wp\/v2\/posts\/176962","targetHints":{"allow":["GET"]}}],"collection":[{"href":"https:\/\/analyse.optim.biz\/index.php?rest_route=\/wp\/v2\/posts"}],"about":[{"href":"https:\/\/analyse.optim.biz\/index.php?rest_route=\/wp\/v2\/types\/post"}],"author":[{"embeddable":true,"href":"https:\/\/analyse.optim.biz\/index.php?rest_route=\/wp\/v2\/users\/1"}],"replies":[{"embeddable":true,"href":"https:\/\/analyse.optim.biz\/index.php?rest_route=%2Fwp%2Fv2%2Fcomments&post=176962"}],"version-history":[{"count":0,"href":"https:\/\/analyse.optim.biz\/index.php?rest_route=\/wp\/v2\/posts\/176962\/revisions"}],"wp:featuredmedia":[{"embeddable":true,"href":"https:\/\/analyse.optim.biz\/index.php?rest_route=\/wp\/v2\/media\/176963"}],"wp:attachment":[{"href":"https:\/\/analyse.optim.biz\/index.php?rest_route=%2Fwp%2Fv2%2Fmedia&parent=176962"}],"wp:term":[{"taxonomy":"category","embeddable":true,"href":"https:\/\/analyse.optim.biz\/index.php?rest_route=%2Fwp%2Fv2%2Fcategories&post=176962"},{"taxonomy":"post_tag","embeddable":true,"href":"https:\/\/analyse.optim.biz\/index.php?rest_route=%2Fwp%2Fv2%2Ftags&post=176962"}],"curies":[{"name":"wp","href":"https:\/\/api.w.org\/{rel}","templated":true}]}}