{"id":176951,"date":"2015-07-23T14:45:02","date_gmt":"2015-07-23T11:45:02","guid":{"rendered":"https:\/\/analyse.optim.biz\/?p=176951"},"modified":"2015-07-23T14:45:02","modified_gmt":"2015-07-23T11:45:02","slug":"liviu-dragnea-cheama-ministrii-la-raport","status":"publish","type":"post","link":"https:\/\/analyse.optim.biz\/?p=176951","title":{"rendered":"Liviu Dragnea cheam\u0103 mini\u015ftrii la raport\u00a0"},"content":{"rendered":"<div class=\"entry data-app-meta data-app-meta-article\" data-embed-base-url-canonical=\"https:\/\/www.digi24.ro\/embed\/stiri\/actualitate\/politica\/liviu-dragnea-cheama-ministrii-la-raport-419324\">\n<p data-index=\"1\">Mai mult, Liviu Dragnea anun\u0163\u0103 c\u0103 vrea s\u0103 scoat\u0103 partidul din pasivitate \u015fi promite s\u0103 vin\u0103 cu un plan de reorganizare a forma\u0163iunii.<\/p>\n<p data-index=\"2\">Liviu Dragnea: \u201eSprijinul PSD este ferm \u00een ceea ce prive\u015fte sus\u0163inerea lui Victor Ponta ca prim- ministru. Luni, ministrul Finan\u0163elor s\u0103 prezinte BPN proiectul de rectificare pentru ca \u015fi membrii conducerii s\u0103 vad\u0103 proiectul de rectificare \u00eenainte ca el s\u0103 fie aprobat \u00een Guvern.<\/p>\n<p data-index=\"3\">Luni, voi prezenta un plan pentru reconstruc\u0163ia PSD. Este important ca PSD s\u0103 ias\u0103 din pasivitate\u201d.<\/p>\n<\/div>\n<p> Source URL: https:\/\/www.digi24.ro\/stiri\/actualitate\/politica\/liviu-dragnea-cheama-ministrii-la-raport-419324<\/p>\n","protected":false},"excerpt":{"rendered":"<p>Mai mult, Liviu Dragnea anun\u0163\u0103 c\u0103 vrea s\u0103 scoat\u0103 partidul din pasivitate \u015fi promite s\u0103 vin\u0103 cu un plan de reorganizare a forma\u0163iunii. Liviu Dragnea: \u201eSprijinul PSD este ferm \u00een ceea ce prive\u015fte sus\u0163inerea lui Victor Ponta ca prim- ministru. Luni, ministrul Finan\u0163elor s\u0103 prezinte BPN proiectul de rectificare pentru ca \u015fi membrii conducerii s\u0103 [&hellip;]<\/p>\n","protected":false},"author":1,"featured_media":176952,"comment_status":"open","ping_status":"","sticky":false,"template":"","format":"standard","meta":{"footnotes":""},"categories":[2],"tags":[11],"class_list":["post-176951","post","type-post","status-publish","format-standard","has-post-thumbnail","hentry","category-politics","tag-digi24"],"_links":{"self":[{"href":"https:\/\/analyse.optim.biz\/index.php?rest_route=\/wp\/v2\/posts\/176951","targetHints":{"allow":["GET"]}}],"collection":[{"href":"https:\/\/analyse.optim.biz\/index.php?rest_route=\/wp\/v2\/posts"}],"about":[{"href":"https:\/\/analyse.optim.biz\/index.php?rest_route=\/wp\/v2\/types\/post"}],"author":[{"embeddable":true,"href":"https:\/\/analyse.optim.biz\/index.php?rest_route=\/wp\/v2\/users\/1"}],"replies":[{"embeddable":true,"href":"https:\/\/analyse.optim.biz\/index.php?rest_route=%2Fwp%2Fv2%2Fcomments&post=176951"}],"version-history":[{"count":0,"href":"https:\/\/analyse.optim.biz\/index.php?rest_route=\/wp\/v2\/posts\/176951\/revisions"}],"wp:featuredmedia":[{"embeddable":true,"href":"https:\/\/analyse.optim.biz\/index.php?rest_route=\/wp\/v2\/media\/176952"}],"wp:attachment":[{"href":"https:\/\/analyse.optim.biz\/index.php?rest_route=%2Fwp%2Fv2%2Fmedia&parent=176951"}],"wp:term":[{"taxonomy":"category","embeddable":true,"href":"https:\/\/analyse.optim.biz\/index.php?rest_route=%2Fwp%2Fv2%2Fcategories&post=176951"},{"taxonomy":"post_tag","embeddable":true,"href":"https:\/\/analyse.optim.biz\/index.php?rest_route=%2Fwp%2Fv2%2Ftags&post=176951"}],"curies":[{"name":"wp","href":"https:\/\/api.w.org\/{rel}","templated":true}]}}