{"id":176937,"date":"2015-07-23T20:53:07","date_gmt":"2015-07-23T17:53:07","guid":{"rendered":"https:\/\/analyse.optim.biz\/?p=176937"},"modified":"2015-07-23T20:53:07","modified_gmt":"2015-07-23T17:53:07","slug":"sondaj-de-opinie-cum-mai-stau-politicienii-cu-increderea","status":"publish","type":"post","link":"https:\/\/analyse.optim.biz\/?p=176937","title":{"rendered":"SONDAJ DE OPINIE. Cum mai stau politicienii cu \u00eencrederea?"},"content":{"rendered":"<div class=\"entry data-app-meta data-app-meta-article\" data-embed-base-url-canonical=\"https:\/\/www.digi24.ro\/embed\/stiri\/actualitate\/politica\/sondaj-de-opinie-cum-mai-stau-politicienii-cu-increderea-419501\">\n<p data-index=\"1\">Nivelul de \u00eencredere \u00een politicieni sufer\u0103 evolu\u0163ii interesante \u00een ultimele luni.<\/p>\n<p data-index=\"2\">Pre\u015fedintele <strong>Klaus Iohannis<\/strong> e la prima sc\u0103dere de c\u00e2nd e la Cotroceni: o sc\u0103dere de trei procente \u00een trei luni. Dar r\u0103m\u00e2ne pe primul loc, cu o cot\u0103 \u00eenc\u0103 impresionant\u0103: peste 61%.<\/p>\n<p data-index=\"3\"><img decoding=\"async\" src=\"https:\/\/analyse.optim.biz\/wp-content\/uploads\/2024\/09\/odawjmhhc2g9nzhinja0ymuynme4ytm3mzgxnjbkztm0mmi2yzu5zgu-thumb_.jpg\" data-skip-htmlfix=\"1\" title=\"odawjmhhc2g9nzhinja0ymuynme4ytm3mzgxnjbkztm0mmi2yzu5zgu-thumb_\"><\/p>\n<p data-index=\"4\">\u00cencrederea \u00een premierul<strong> Victor Ponta<\/strong> scade, tot \u00een trei luni, sub 22 la sut\u0103. \u00cen mai, era de peste 24%.<\/p>\n<p data-index=\"5\"><img decoding=\"async\" src=\"https:\/\/analyse.optim.biz\/wp-content\/uploads\/2024\/09\/jmhhc2g9zmzhmdg3mwnkodnkodnkotdmodlintvimzu1zjdlmdq-thumb_.jpg\" data-skip-htmlfix=\"1\" title=\"jmhhc2g9zmzhmdg3mwnkodnkodnkotdmodlintvimzu1zjdlmdq-thumb_\"><\/p>\n<p data-index=\"6\">\u00cen primavar\u0103, \u00eencrederea oamenilor \u00een<strong> Liviu Dragnea<\/strong> era sub opt procente. Acum, dep\u0103\u0219este cu pu\u021bin 9%.<\/p>\n<p data-index=\"7\"><img decoding=\"async\" src=\"https:\/\/analyse.optim.biz\/wp-content\/uploads\/2024\/09\/mdamagfzad1modjjotu5mgezyza5zgu0zju3odawnde4zjnkzmrjyg-thumb_.jpg\" data-skip-htmlfix=\"1\" title=\"mdamagfzad1modjjotu5mgezyza5zgu0zju3odawnde4zjnkzmrjyg-thumb_\"><\/p>\n<p data-index=\"8\">Dac\u0103 duminica aceasta s-ar organiza alegeri parlamentare, iat\u0103 <a href=\"http:\/\/adevarul.ro\/news\/politica\/sondaj-inscop-pnl-distanteaza-psd-preferintele-romanilor-1_55ae65c6f5eaafab2cca92ea\/index.html\" target=\"_blank\" data-skip-linkfix=\"1\" rel=\"noopener\">cum ar ar\u0103ta Parlamentul<\/a>, potrivit INSCOP: PNL ar ob\u0163ine cel mai mare num\u0103r de voturi, adic\u0103 peste 44 la sut\u0103. Pe locul doi s-ar plasa Alian\u0163a PSD-UNPR cu peste 37 la sut\u0103. \u00cen Parlament ar mai intra \u015fi UDMR, cu peste 5 la sut\u0103 din voturi.<\/p>\n<p data-index=\"9\">ALDE, partidul nou \u00eenfiin\u0163at dup\u0103 fuziunea \u00eentre PC \u015fi PLR, ar ob\u0163ine 3 la sut\u0103 dintre voturile aleg\u0103torilor. Ar fi urmat de Partidul Mi\u015fcarea Popular\u0103, care ar \u00eenregistra 2,4 la sut\u0103 din voturile electoratului. Iar dac\u0103 duminica aceasta s-ar organiza alegeri parlamentare, partidul condus de Monica Macovei ar ob\u0163ine 2,3 la sut\u0103 din sufragii.<\/p>\n<p data-index=\"10\"><strong>Inten\u0163ie de vot<\/strong><\/p>\n<p data-index=\"11\">PNL &#8211; 44,5%<\/p>\n<p data-index=\"12\">PSD-UNPR &#8211; 37,1%<\/p>\n<p data-index=\"13\">UDMR &#8211; 5,1%<\/p>\n<p data-index=\"14\">ALDE &#8211; 3%<\/p>\n<p data-index=\"15\">PMP &#8211; 2,4%<\/p>\n<p data-index=\"16\">M10 &#8211; 2,3 %<\/p>\n<p data-index=\"17\"><strong>Metodologie<\/strong><\/p>\n<p data-index=\"18\">perioada 9 &#8211; 14 iulie 2015<\/p>\n<p data-index=\"19\">e\u015fantion: 1.075 persoane<\/p>\n<p data-index=\"20\">marja de eroare: plus\/minus 3%<\/p>\n<p data-index=\"21\">(SURS\u0102: Inscop).<\/p>\n<\/div>\n<p> Source URL: https:\/\/www.digi24.ro\/stiri\/actualitate\/politica\/sondaj-de-opinie-cum-mai-stau-politicienii-cu-increderea-419501<\/p>\n","protected":false},"excerpt":{"rendered":"<p>Nivelul de \u00eencredere \u00een politicieni sufer\u0103 evolu\u0163ii interesante \u00een ultimele luni. Pre\u015fedintele Klaus Iohannis e la prima sc\u0103dere de c\u00e2nd e la Cotroceni: o sc\u0103dere de trei procente \u00een trei luni. Dar r\u0103m\u00e2ne pe primul loc, cu o cot\u0103 \u00eenc\u0103 impresionant\u0103: peste 61%. \u00cencrederea \u00een premierul Victor Ponta scade, tot \u00een trei luni, sub 22 [&hellip;]<\/p>\n","protected":false},"author":1,"featured_media":176938,"comment_status":"open","ping_status":"","sticky":false,"template":"","format":"standard","meta":{"footnotes":""},"categories":[2],"tags":[11],"class_list":["post-176937","post","type-post","status-publish","format-standard","has-post-thumbnail","hentry","category-politics","tag-digi24"],"_links":{"self":[{"href":"https:\/\/analyse.optim.biz\/index.php?rest_route=\/wp\/v2\/posts\/176937","targetHints":{"allow":["GET"]}}],"collection":[{"href":"https:\/\/analyse.optim.biz\/index.php?rest_route=\/wp\/v2\/posts"}],"about":[{"href":"https:\/\/analyse.optim.biz\/index.php?rest_route=\/wp\/v2\/types\/post"}],"author":[{"embeddable":true,"href":"https:\/\/analyse.optim.biz\/index.php?rest_route=\/wp\/v2\/users\/1"}],"replies":[{"embeddable":true,"href":"https:\/\/analyse.optim.biz\/index.php?rest_route=%2Fwp%2Fv2%2Fcomments&post=176937"}],"version-history":[{"count":0,"href":"https:\/\/analyse.optim.biz\/index.php?rest_route=\/wp\/v2\/posts\/176937\/revisions"}],"wp:featuredmedia":[{"embeddable":true,"href":"https:\/\/analyse.optim.biz\/index.php?rest_route=\/wp\/v2\/media\/176938"}],"wp:attachment":[{"href":"https:\/\/analyse.optim.biz\/index.php?rest_route=%2Fwp%2Fv2%2Fmedia&parent=176937"}],"wp:term":[{"taxonomy":"category","embeddable":true,"href":"https:\/\/analyse.optim.biz\/index.php?rest_route=%2Fwp%2Fv2%2Fcategories&post=176937"},{"taxonomy":"post_tag","embeddable":true,"href":"https:\/\/analyse.optim.biz\/index.php?rest_route=%2Fwp%2Fv2%2Ftags&post=176937"}],"curies":[{"name":"wp","href":"https:\/\/api.w.org\/{rel}","templated":true}]}}