{"id":176925,"date":"2015-07-23T22:31:35","date_gmt":"2015-07-23T19:31:35","guid":{"rendered":"https:\/\/analyse.optim.biz\/?p=176925"},"modified":"2015-07-23T22:31:35","modified_gmt":"2015-07-23T19:31:35","slug":"victor-ponta-se-opereaza-din-nou-demisia-este-adusa-din-nou-in-discutie","status":"publish","type":"post","link":"https:\/\/analyse.optim.biz\/?p=176925","title":{"rendered":"Victor Ponta se opereaz\u0103 din nou. Demisia este adus\u0103 din nou \u00een discu\u021bie"},"content":{"rendered":"<div class=\"entry data-app-meta data-app-meta-article\" data-embed-base-url-canonical=\"https:\/\/www.digi24.ro\/embed\/stiri\/actualitate\/politica\/victor-ponta-se-opereaza-din-nou-demisia-este-adusa-din-nou-in-discutie-419519\">\n<p data-index=\"1\"><img decoding=\"async\" src=\"https:\/\/analyse.optim.biz\/wp-content\/uploads\/2024\/09\/mti2mmrizjy4mdayywyyodzkmmyxnguyyja2ytflng-thumb_.jpg\" data-skip-htmlfix=\"1\" title=\"mti2mmrizjy4mdayywyyodzkmmyxnguyyja2ytflng-thumb_\"><\/p>\n<p data-index=\"2\"><em>FOTO: MEDIAFAX FOTO<\/em>\u00a0<\/p>\n<p data-index=\"3\"><strong>ACTUALIZARE 23:20 \u201e<span>Este foarte posibil s\u0103 mai fac o opera\u021bie la genunchi &#8211; trebuie rezolvat la menisc ce nu s-a f\u0103cut la precedenta opera\u021bie. Nu e a\u0219a de grav ca data trecut\u0103, e mai simplu. Voi lipsi doar c\u00e2teva zile, iar domnul Gabriel Oprea \u00eemi va \u021bine locul \u00een aceast\u0103 perioad\u0103\u201d, \u00a0a scris Victor Ponta pe Facebook.<\/span><\/strong><\/p>\n<div class=\"fb-post\">\n<div class=\"fb-xfbml-parse-ignore\">\n<blockquote cite=\"https:\/\/www.facebook.com\/victor.ponta\/posts\/992193854153835\">\n<p data-index=\"5\">Este foarte posibil s\u0103 mai fac o opera\u021bie la genunchi &#8211; trebuie rezolvat la menisc ce nu s-a f\u0103cut la precedenta opera\u021b&#8230;<\/p>\n<p>Posted by <a href=\"https:\/\/www.facebook.com\/victor.ponta\" data-skip-linkfix=\"1\">Victor Ponta<\/a> on\u00a0<a href=\"https:\/\/www.facebook.com\/victor.ponta\/posts\/992193854153835\" data-skip-linkfix=\"1\">Thursday, July 23, 2015<\/a><\/p><\/blockquote>\n<\/div>\n<\/div>\n<p data-index=\"6\"><strong><span><br \/><\/span><\/strong><\/p>\n<p data-index=\"7\"><strong>ACTUALIZARE 22:50 \u00a0<\/strong>Premierul Victor Ponta sus\u021bine, \u00eentr-o postare pe Facebook, c\u0103 nu \u00eei este fric\u0103 de tr\u0103dare. El mai spune c\u0103 dac\u0103 s-ar g\u0103si o persoan\u0103 mai bun\u0103 dec\u00e2t el la conducerea guvernului, ar face pasul \u00eenapoi.<\/p>\n<div class=\"fb-post\">\n<div class=\"fb-xfbml-parse-ignore\">\n<blockquote cite=\"https:\/\/www.facebook.com\/victor.ponta\/posts\/992181754155045:0\">\n<p data-index=\"9\">Am explicat \u00eentr-o interven\u021bie telefonic\u0103 la #Rom\u00e2nia TV c\u0103 zvonurile c\u0103 ar urma s\u0103 mi se ridice sprijinul politic sunt&#8230;<\/p>\n<p>Posted by <a href=\"https:\/\/www.facebook.com\/victor.ponta\" data-skip-linkfix=\"1\">Victor Ponta<\/a> on\u00a0<a href=\"https:\/\/www.facebook.com\/victor.ponta\/posts\/992181754155045:0\" data-skip-linkfix=\"1\">Thursday, July 23, 2015<\/a><\/p><\/blockquote>\n<\/div>\n<\/div>\n<p data-index=\"10\"><strong><br \/><\/strong><\/p>\n<p data-index=\"11\"><strong>ACTUALIZARE 22:30<\/strong> Premierul Victor Ponta a confirmat, joi seara, la\u00a0<strong><a href=\"http:\/\/www.romaniatv.net\/live\" target=\"_blank\" data-skip-linkfix=\"1\" rel=\"noopener\">Rom\u00e2nia\u00a0TV<\/a>,<\/strong>\u00a0c\u0103 este posibil ca s\u0103 fie supus unei noi opera\u0163ii la genunchi, \u00eens\u0103 nu at\u00e2t de grav\u0103 precum prima.\u00a0<\/p>\n<p data-index=\"12\">El a mai declarat c\u0103 va demisiona din func\u021bia de prim-ministru doar dac\u0103 \u00eei cere coali\u021bia.<\/p>\n<hr>\n<p data-index=\"13\">Potrivit surselor Hotnews, Victor Ponta ar fi decis s\u0103 plece \u00een concediu trei s\u0103pt\u0103m\u00e2ni, urm\u00e2nd c\u0103 la \u00eentoarcere s\u0103 efectueze o nou\u0103 interven\u0163ie chirurgical\u0103 la genunchi. Sursele citate au mai declarat pentru Hotnews c\u0103 Gabriel Oprea ar putea fi desemnat din nou premier interimar, pe durata spitaliz\u0103rii lui Victor Ponta.<\/p>\n<p data-index=\"14\">Nu este clar dac\u0103 dup\u0103 aceast\u0103 nou\u0103 internare la clinica din Turcia, Victor Ponta va decide s\u0103 continue \u00een func\u0163ia de premier sau va demisona, invoc\u00e2nd complicarea situa\u0163iei sale medicale. <\/p>\n<p data-index=\"15\">\u00cenlocuirea sa devine \u00eens\u0103 posibil\u0103 la \u00eenceputul lunii septembrie, c\u00e2nd Parlamentul revine din vacan\u0163\u0103, scrie <a href=\"http:\/\/www.hotnews.ro\/stiri-politic-20317042-surse-noi-probleme-genunchiul-lui-ponta-nevoie-noua-interventie-menisc.htm\" target=\"_blank\" data-skip-linkfix=\"1\" rel=\"noopener\">Hotnews.ro.<\/a><\/p>\n<p data-index=\"16\">Victor Ponta \u0219i-a dat demisia de la conducerea PSD dup\u0103 ce a revenit din Turcia, unde a suferi o opera\u021bie la genunchi. A invocat problemele pe care le are cu justi\u021bia. \u00cen locul s\u0103u, PSD l-a ales, miercuri, pe Liviu Dragnea pre\u0219edinte interimar al partidului, ceea ce a constituit o \u00eenfr\u00e2ngere pentru Victor Ponta, pentru c\u0103 el o sus\u021binea pe Rovana Plumb.<\/p>\n<\/div>\n<p> Source URL: https:\/\/www.digi24.ro\/stiri\/actualitate\/politica\/victor-ponta-se-opereaza-din-nou-demisia-este-adusa-din-nou-in-discutie-419519<\/p>\n","protected":false},"excerpt":{"rendered":"<p>FOTO: MEDIAFAX FOTO\u00a0 ACTUALIZARE 23:20 \u201eEste foarte posibil s\u0103 mai fac o opera\u021bie la genunchi &#8211; trebuie rezolvat la menisc ce nu s-a f\u0103cut la precedenta opera\u021bie. Nu e a\u0219a de grav ca data trecut\u0103, e mai simplu. Voi lipsi doar c\u00e2teva zile, iar domnul Gabriel Oprea \u00eemi va \u021bine locul \u00een aceast\u0103 perioad\u0103\u201d, \u00a0a [&hellip;]<\/p>\n","protected":false},"author":1,"featured_media":176926,"comment_status":"open","ping_status":"","sticky":false,"template":"","format":"standard","meta":{"footnotes":""},"categories":[2],"tags":[11],"class_list":["post-176925","post","type-post","status-publish","format-standard","has-post-thumbnail","hentry","category-politics","tag-digi24"],"_links":{"self":[{"href":"https:\/\/analyse.optim.biz\/index.php?rest_route=\/wp\/v2\/posts\/176925","targetHints":{"allow":["GET"]}}],"collection":[{"href":"https:\/\/analyse.optim.biz\/index.php?rest_route=\/wp\/v2\/posts"}],"about":[{"href":"https:\/\/analyse.optim.biz\/index.php?rest_route=\/wp\/v2\/types\/post"}],"author":[{"embeddable":true,"href":"https:\/\/analyse.optim.biz\/index.php?rest_route=\/wp\/v2\/users\/1"}],"replies":[{"embeddable":true,"href":"https:\/\/analyse.optim.biz\/index.php?rest_route=%2Fwp%2Fv2%2Fcomments&post=176925"}],"version-history":[{"count":0,"href":"https:\/\/analyse.optim.biz\/index.php?rest_route=\/wp\/v2\/posts\/176925\/revisions"}],"wp:featuredmedia":[{"embeddable":true,"href":"https:\/\/analyse.optim.biz\/index.php?rest_route=\/wp\/v2\/media\/176926"}],"wp:attachment":[{"href":"https:\/\/analyse.optim.biz\/index.php?rest_route=%2Fwp%2Fv2%2Fmedia&parent=176925"}],"wp:term":[{"taxonomy":"category","embeddable":true,"href":"https:\/\/analyse.optim.biz\/index.php?rest_route=%2Fwp%2Fv2%2Fcategories&post=176925"},{"taxonomy":"post_tag","embeddable":true,"href":"https:\/\/analyse.optim.biz\/index.php?rest_route=%2Fwp%2Fv2%2Ftags&post=176925"}],"curies":[{"name":"wp","href":"https:\/\/api.w.org\/{rel}","templated":true}]}}