{"id":176894,"date":"2015-07-25T21:21:35","date_gmt":"2015-07-25T18:21:35","guid":{"rendered":"https:\/\/analyse.optim.biz\/?p=176894"},"modified":"2015-07-25T21:21:35","modified_gmt":"2015-07-25T18:21:35","slug":"premierul-ungariei-critica-politicienii-romani","status":"publish","type":"post","link":"https:\/\/analyse.optim.biz\/?p=176894","title":{"rendered":"Premierul Ungariei critic\u0103 politicienii rom\u00e2ni"},"content":{"rendered":"<div class=\"entry data-app-meta data-app-meta-article\" data-embed-base-url-canonical=\"https:\/\/www.digi24.ro\/embed\/stiri\/actualitate\/politica\/premierul-ungariei-critica-politicienii-romani-420096\">\n<p data-index=\"1\">\u201eEu nu \u00eemi amintesc ca politicienii rom\u00e2ni care sunt \u00een func\u0163ii de conducere, aici m\u0103 refer \u015fi la primul-ministru, s\u0103 fi atacat de at\u00e2tea ori Ungaria, cum s-a \u00eent\u00e2mplat din 2012 \u00eencoace\u201d, a declarat Viktor Orban.<\/p>\n<p data-index=\"2\">Premierul ungur sus\u0163ine c\u0103 maghiarii nu au r\u0103spuns la fel, pentru c\u0103 \u00ee\u015fi doresc o rela\u0163ie eficient\u0103 cu Rom\u00e2nia.<\/p>\n<p data-index=\"3\">Liderul de la Budapesta a participat la \u015ecoala de var\u0103 care este organizat\u0103 anual \u00een sta\u0163iunea B\u0103ile Tu\u015fnad de mai multe organiza\u0163ii non-guvernamentale, cele mai multe din Ungaria.\u00a0<\/p>\n<\/div>\n<p> Source URL: https:\/\/www.digi24.ro\/stiri\/actualitate\/politica\/premierul-ungariei-critica-politicienii-romani-420096<\/p>\n","protected":false},"excerpt":{"rendered":"<p>\u201eEu nu \u00eemi amintesc ca politicienii rom\u00e2ni care sunt \u00een func\u0163ii de conducere, aici m\u0103 refer \u015fi la primul-ministru, s\u0103 fi atacat de at\u00e2tea ori Ungaria, cum s-a \u00eent\u00e2mplat din 2012 \u00eencoace\u201d, a declarat Viktor Orban. Premierul ungur sus\u0163ine c\u0103 maghiarii nu au r\u0103spuns la fel, pentru c\u0103 \u00ee\u015fi doresc o rela\u0163ie eficient\u0103 cu Rom\u00e2nia. [&hellip;]<\/p>\n","protected":false},"author":1,"featured_media":176895,"comment_status":"open","ping_status":"","sticky":false,"template":"","format":"standard","meta":{"footnotes":""},"categories":[2],"tags":[11],"class_list":["post-176894","post","type-post","status-publish","format-standard","has-post-thumbnail","hentry","category-politics","tag-digi24"],"_links":{"self":[{"href":"https:\/\/analyse.optim.biz\/index.php?rest_route=\/wp\/v2\/posts\/176894","targetHints":{"allow":["GET"]}}],"collection":[{"href":"https:\/\/analyse.optim.biz\/index.php?rest_route=\/wp\/v2\/posts"}],"about":[{"href":"https:\/\/analyse.optim.biz\/index.php?rest_route=\/wp\/v2\/types\/post"}],"author":[{"embeddable":true,"href":"https:\/\/analyse.optim.biz\/index.php?rest_route=\/wp\/v2\/users\/1"}],"replies":[{"embeddable":true,"href":"https:\/\/analyse.optim.biz\/index.php?rest_route=%2Fwp%2Fv2%2Fcomments&post=176894"}],"version-history":[{"count":0,"href":"https:\/\/analyse.optim.biz\/index.php?rest_route=\/wp\/v2\/posts\/176894\/revisions"}],"wp:featuredmedia":[{"embeddable":true,"href":"https:\/\/analyse.optim.biz\/index.php?rest_route=\/wp\/v2\/media\/176895"}],"wp:attachment":[{"href":"https:\/\/analyse.optim.biz\/index.php?rest_route=%2Fwp%2Fv2%2Fmedia&parent=176894"}],"wp:term":[{"taxonomy":"category","embeddable":true,"href":"https:\/\/analyse.optim.biz\/index.php?rest_route=%2Fwp%2Fv2%2Fcategories&post=176894"},{"taxonomy":"post_tag","embeddable":true,"href":"https:\/\/analyse.optim.biz\/index.php?rest_route=%2Fwp%2Fv2%2Ftags&post=176894"}],"curies":[{"name":"wp","href":"https:\/\/api.w.org\/{rel}","templated":true}]}}