{"id":1767219,"date":"2026-02-10T20:37:19","date_gmt":"2026-02-10T17:37:19","guid":{"rendered":"https:\/\/analyse.optim.biz\/?p=1767219"},"modified":"2026-02-10T20:37:19","modified_gmt":"2026-02-10T17:37:19","slug":"lacul-siriu-sursa-principala-de-alimentare-cu-apa-o-solutie-strategica","status":"publish","type":"post","link":"https:\/\/analyse.optim.biz\/?p=1767219","title":{"rendered":"Lacul Siriu, surs\u0103 principal\u0103 de alimentare cu ap\u0103, o solu\u021bie strategic\u0103"},"content":{"rendered":"<p>[analyse_image type=&#8221;featured&#8221; src=&#8221;https:\/\/www.tvbuzau.ro\/wp-content\/uploads\/2026\/02\/sddefault-19.jpghttps:\/\/www.tvbuzau.ro\/wp-content\/uploads\/2026\/02\/sddefault-19.jpg&#8221;]<\/p>\n<div class=\"td-ss-main-content\">\n<article id=\"post-118035\" class=\"post-118035 post type-post status-publish format-video has-post-thumbnail hentry category-actualitate post_format-post-format-video\">\n<div class=\"td-post-header\">\n<ul class=\"td-category\">\n<li class=\"entry-category\"><a href=\"https:\/\/www.tvbuzau.ro\/category\/actualitate\/\">Actualitate<\/a><\/li>\n<\/ul>\n<header class=\"td-post-title\">\n<h1 class=\"entry-title\">Lacul Siriu, surs\u0103 principal\u0103 de alimentare cu ap\u0103, o solu\u021bie strategic\u0103<\/h1>\n<div class=\"td-module-meta-info\">\n<div class=\"td-post-author-name\">De c\u0103tre <a href=\"https:\/\/www.tvbuzau.ro\/author\/mihai-vasilescu\/\">TV Buz\u0103u<\/a> &#8211; <\/div>\n<p><span class=\"td-post-date\"><time class=\"entry-date updated td-module-date\" datetime=\"2026-02-10T20:37:19+00:00\">februarie 10, 2026<\/time><\/span><\/p>\n<div class=\"td-post-comments\"><a href=\"https:\/\/www.tvbuzau.ro\/lacul-siriu-sursa-principala-de-alimentare-cu-apa-o-solutie-strategica\/#respond\">0<\/a><\/div>\n<div class=\"td-post-views\"><span class=\"td-nr-views-118035\">19<\/span><\/div>\n<\/div>\n<\/header>\n<\/div>\n<div class=\"td-post-sharing td-post-sharing-top td-with-like\">\n<div class=\"td-default-sharing\"><a class=\"td-social-sharing-buttons td-social-facebook\" href=\"http:\/\/www.facebook.com\/sharer.php?u=https%3A%2F%2Fwww.tvbuzau.ro%2Flacul-siriu-sursa-principala-de-alimentare-cu-apa-o-solutie-strategica%2F\"><\/p>\n<div class=\"td-social-but-text\">Distribui\u021bi pe Facebook<\/div>\n<p><\/a><a class=\"td-social-sharing-buttons td-social-twitter\" href=\"https:\/\/twitter.com\/intent\/tweet?text=Lacul+Siriu%2C+surs%C4%83+principal%C4%83+de+alimentare+cu+ap%C4%83%2C+o+solu%C8%9Bie+strategic%C4%83&amp;url=https%3A%2F%2Fwww.tvbuzau.ro%2Flacul-siriu-sursa-principala-de-alimentare-cu-apa-o-solutie-strategica%2F&amp;via=TV+Buz%C4%83u\"><\/p>\n<div class=\"td-social-but-text\">Distribui\u021bi pe Twitter<\/div>\n<p><\/a><\/div>\n<div class=\"td-classic-sharing\">\n<ul>\n<li class=\"td-classic-facebook\"><iframe frameborder src=\"https:\/\/www.facebook.com\/plugins\/like.php?href=https:\/\/www.tvbuzau.ro\/lacul-siriu-sursa-principala-de-alimentare-cu-apa-o-solutie-strategica\/&amp;layout=button_count&amp;show_faces=false&amp;width=105&amp;action=like&amp;colorscheme=light&amp;height=21\"><\/iframe><\/li>\n<li class=\"td-classic-twitter\"><a href=\"https:\/\/twitter.com\/share\" class=\"twitter-share-button\" data-url=\"https:\/\/www.tvbuzau.ro\/lacul-siriu-sursa-principala-de-alimentare-cu-apa-o-solutie-strategica\/\" data-text=\"Lacul Siriu, surs\u0103 principal\u0103 de alimentare cu ap\u0103, o solu\u021bie strategic\u0103\" data-via data-lang=\"en\">tweet<\/a><\/li>\n<\/ul>\n<\/div>\n<\/div>\n<div class=\"td-post-content\">\n<div class=\"td-featured-image-rec\">\n<div class=\"wpb_video_wrapper\">\n                    <iframe loading=\"lazy\" id=\"td_youtube_player\" width=\"600\" height=\"560\" src=\"https:\/\/www.youtube.com\/embed\/F4R88XGt3Ik?enablejsapi=1&amp;feature=oembed&amp;wmode=opaque&amp;vq=hd720\" frameborder allowfullscreen><\/iframe><\/p><\/div>\n<\/div>\n<p>Aduc\u021biune regional\u0103 pentru alimentarea cu ap\u0103 a 19 UAT-uri<br \/>\nJude\u021bul Buz\u0103u se confrunt\u0103 tot mai frecvent cu efectele schimb\u0103rilor climatice: secete prelungite, sc\u0103derea nivelului p\u00e2nzei freatice \u0219i implicit diminuarea semnificativ\u0103 a surselor locale de ap\u0103 brut\u0103, at\u00e2t din punct de vedere cantitativ, dar \u0219i calitativ, arat\u0103 \u00een cadrul unei inform\u0103ri Compania de Ap\u0103 Buz\u0103u. \u00cen numeroase localit\u0103\u021bi, fie c\u0103 se afl\u0103 sau nu \u00een aria de operare a Companiei de Ap\u0103  Buz\u0103u, resursa disponibil\u0103 nu mai poate asigura, constant \u0219i la parametri de calitate, necesarul de ap\u0103 potabil\u0103 pentru popula\u021bie. \u00cen acest context, valorificarea poten\u021bialului lacului Siriu ca surs\u0103 principal\u0103 de alimentare devine o solu\u021bie strategic\u0103, de interes jude\u021bean, menit\u0103 s\u0103 garanteze pe termen lung siguran\u021ba \u0219i sustenabilitatea aliment\u0103rii cu ap\u0103 potabil\u0103, arat\u0103 operatorul.<\/p>\n<p>\u201cAv\u00e2nd \u00een vedere deficitul de resurs\u0103 de ap\u0103 bun\u0103 din zona de Sud-Est, s-a propus o investi\u021bie care s\u0103 aduc\u0103 ap\u0103 suficient\u0103 \u0219i conform\u0103, cu costuri reduse de tratare \u0219i furnizare. Aceste concluzii au condus la ini\u021bierea proiectului Apeduct Siriu prin elaborarea unui Studiu de fezabilitate. Studiul a avut la baz\u0103 debitele disponibile la priza de captare existent\u0103 \u00een corpul barajului de la Amenajarea hidrotehnic\u0103 Siriu, debitul maxim ce poate fi prelevat din lacul de acumulare Siriu fiind de 300 l\/s (cca. 10.000 mc\/zi) . Din analizele derulate, a rezultat faptul c\u0103 apeductul Siriu reprezint\u0103 un sistem centralizat \u2013 aduc\u021biune regional\u0103 pentru alimentarea cu ap\u0103 a 19 UAT-uri: P\u0103t\u00e2rlagele, P\u00e2rscov, Unguriu, Po\u0219ta C\u00e2ln\u0103u, Cochirleanca, B\u0103l\u0103ceanu, Ziduri, Ghergheasa, Boldu, R\u00e2mnicelu, Balta Alb\u0103, V\u00e2lcelele, Vadu Pa\u0219ii, S\u0103geata, Robeasca, G\u0103lbina\u0219i, Cilibia, C.A. Rosetti, Ru\u0219etu\u201d, informeaz\u0103 R\u0103zvan Isopencu, mangerul Departamentului Tehnic al Companiei de Ap\u0103.<br \/>\nPotrivit acestuia,  a fost actulizat Master Plan-ul jude\u021bean pentru ap\u0103 \u0219i ap\u0103 uzat\u0103, un proiect strategic de investi\u021bii de interes jude\u021bean, care va fi implementat de Consiliul Jude\u021bean Buz\u0103u.<\/p>\n<p>\u201cLa momentul de fa\u021b\u0103 nu avem un calendar privind etapele de implementare a acestei investi\u021bii. Apeductul Siriu va putea completa cu volume de ap\u0103 cerin\u021bele suplimentare ale altor UAT-uri de pe traseul conductei de transport. Acestea se vor putea defini \u0219i evalua doar dup\u0103 o perioad\u0103 de exploatare \u00een care se pot stabili tiparele de consum, programele de mentenan\u021b\u0103 \u0219i alte aspecte opera\u021bionale\u201d, a mai precizat reprezentantul operatorului de ap\u0103.<\/p>\n<div class=\"post-views post-118035 entry-meta\"><span class=\"post-views-label\">Post Views: <\/span><span class=\"post-views-count\">158<\/span><\/div>\n<\/div>\n<footer>\n<div class=\"td-post-sharing td-post-sharing-bottom td-with-like\"><span class=\"td-post-share-title\">DISTRIBUI\u021aI<\/span><\/p>\n<div class=\"td-default-sharing\"><a class=\"td-social-sharing-buttons td-social-facebook\" href=\"http:\/\/www.facebook.com\/sharer.php?u=https%3A%2F%2Fwww.tvbuzau.ro%2Flacul-siriu-sursa-principala-de-alimentare-cu-apa-o-solutie-strategica%2F\"><\/p>\n<div class=\"td-social-but-text\">Facebook<\/div>\n<p><\/a><a class=\"td-social-sharing-buttons td-social-twitter\" href=\"https:\/\/twitter.com\/intent\/tweet?text=Lacul+Siriu%2C+surs%C4%83+principal%C4%83+de+alimentare+cu+ap%C4%83%2C+o+solu%C8%9Bie+strategic%C4%83&amp;url=https%3A%2F%2Fwww.tvbuzau.ro%2Flacul-siriu-sursa-principala-de-alimentare-cu-apa-o-solutie-strategica%2F&amp;via=TV+Buz%C4%83u\"><\/p>\n<div class=\"td-social-but-text\">Twitter<\/div>\n<p><\/a><\/div>\n<div class=\"td-classic-sharing\">\n<ul>\n<li class=\"td-classic-facebook\"><iframe frameborder src=\"https:\/\/www.facebook.com\/plugins\/like.php?href=https:\/\/www.tvbuzau.ro\/lacul-siriu-sursa-principala-de-alimentare-cu-apa-o-solutie-strategica\/&amp;layout=button_count&amp;show_faces=false&amp;width=105&amp;action=like&amp;colorscheme=light&amp;height=21\"><\/iframe><\/li>\n<li class=\"td-classic-twitter\"><a href=\"https:\/\/twitter.com\/share\" class=\"twitter-share-button\" data-url=\"https:\/\/www.tvbuzau.ro\/lacul-siriu-sursa-principala-de-alimentare-cu-apa-o-solutie-strategica\/\" data-text=\"Lacul Siriu, surs\u0103 principal\u0103 de alimentare cu ap\u0103, o solu\u021bie strategic\u0103\" data-via data-lang=\"en\">tweet<\/a><\/li>\n<\/ul>\n<\/div>\n<\/div>\n<div class=\"td-author-name vcard author\"><span class=\"fn\"><a href=\"https:\/\/www.tvbuzau.ro\/author\/mihai-vasilescu\/\">TV Buz\u0103u<\/a><\/span><\/div>\n<p><span><\/span><span><span><\/span><\/span><span><\/span><\/footer>\n<\/article>\n<div class=\"td_block_wrap td_block_related_posts td_uid_1_698f56b499c8a_rand td_with_ajax_pagination td-pb-border-top\" data-td-block-uid=\"td_uid_1_698f56b499c8a\">\n<h4 class=\"td-related-title\"><a id=\"td_uid_2_698f56b49ee59\" class=\"td-related-left td-cur-simple-item\" data-td_filter_value data-td_block_id=\"td_uid_1_698f56b499c8a\" href=\"https:\/\/www.tvbuzau.ro\/lacul-siriu-sursa-principala-de-alimentare-cu-apa-o-solutie-strategica\/\">ARTICOLE SIMILARE<\/a><a id=\"td_uid_3_698f56b49ee93\" class=\"td-related-right\" data-td_filter_value=\"td_related_more_from_author\" data-td_block_id=\"td_uid_1_698f56b499c8a\" href=\"https:\/\/www.tvbuzau.ro\/lacul-siriu-sursa-principala-de-alimentare-cu-apa-o-solutie-strategica\/\">DE LA ACELA\u0218I AUTOR<\/a><\/h4>\n<div id=\"td_uid_1_698f56b499c8a\" class=\"td_block_inner\">\n<div class=\"td-related-row\">\n<div class=\"td-related-span4\">\n<div class=\"td_module_related_posts td-animation-stack td_mod_related_posts\">\n<div class=\"td-module-image\">\n<div class=\"td-module-thumb\"><a href=\"https:\/\/www.tvbuzau.ro\/4-milioae-de-euro-bani-necheltuti-de-primaria-buzau\/\" rel=\"bookmark\" title=\"4 milioae de euro, bani necheltu\u0163i de Prim\u0103ria Buz\u0103u\"><img loading=\"lazy\" decoding=\"async\" width=\"218\" height=\"150\" class=\"entry-thumb\" src=\"https:\/\/www.tvbuzau.ro\/wp-content\/uploads\/2026\/02\/hqdefault-22-218x150.jpg\" alt title=\"4 milioae de euro, bani necheltu\u0163i de Prim\u0103ria Buz\u0103u\"><span class=\"td-video-play-ico\"><img loading=\"lazy\" decoding=\"async\" width=\"40\" height=\"40\" class=\"td-retina\" src=\"https:\/\/www.tvbuzau.ro\/wp-content\/themes\/Newspaper\/images\/icons\/ico-video-large.png\" alt=\"video\"><\/span><\/a><\/div>\n<p><a href=\"https:\/\/www.tvbuzau.ro\/category\/actualitate\/\" class=\"td-post-category\">Actualitate<\/a><\/div>\n<div class=\"item-details\">\n<h3 class=\"entry-title td-module-title\"><a href=\"https:\/\/www.tvbuzau.ro\/4-milioae-de-euro-bani-necheltuti-de-primaria-buzau\/\" rel=\"bookmark\" title=\"4 milioae de euro, bani necheltu\u0163i de Prim\u0103ria Buz\u0103u\">4 milioae de euro, bani necheltu\u0163i de Prim\u0103ria Buz\u0103u<\/a><\/h3>\n<\/div>\n<\/div>\n<\/div>\n<div class=\"td-related-span4\">\n<div class=\"td_module_related_posts td-animation-stack td_mod_related_posts\">\n<div class=\"td-module-image\">\n<div class=\"td-module-thumb\"><a href=\"https:\/\/www.tvbuzau.ro\/atentionari-ale-itm-cu-privire-la-munca-in-strainatate\/\" rel=\"bookmark\" title=\"Aten\u0163ion\u0103ri ale ITM cu privire la munca \u00een str\u0103in\u0103tate\"><img loading=\"lazy\" decoding=\"async\" width=\"218\" height=\"150\" class=\"entry-thumb\" src=\"https:\/\/www.tvbuzau.ro\/wp-content\/uploads\/2026\/02\/hqdefault-21-218x150.jpg\" alt title=\"Aten\u0163ion\u0103ri ale ITM cu privire la munca \u00een str\u0103in\u0103tate\"><span class=\"td-video-play-ico\"><img loading=\"lazy\" decoding=\"async\" width=\"40\" height=\"40\" class=\"td-retina\" src=\"https:\/\/www.tvbuzau.ro\/wp-content\/themes\/Newspaper\/images\/icons\/ico-video-large.png\" alt=\"video\"><\/span><\/a><\/div>\n<p><a href=\"https:\/\/www.tvbuzau.ro\/category\/actualitate\/\" class=\"td-post-category\">Actualitate<\/a><\/div>\n<div class=\"item-details\">\n<h3 class=\"entry-title td-module-title\"><a href=\"https:\/\/www.tvbuzau.ro\/atentionari-ale-itm-cu-privire-la-munca-in-strainatate\/\" rel=\"bookmark\" title=\"Aten\u0163ion\u0103ri ale ITM cu privire la munca \u00een str\u0103in\u0103tate\">Aten\u0163ion\u0103ri ale ITM cu privire la munca \u00een str\u0103in\u0103tate<\/a><\/h3>\n<\/div>\n<\/div>\n<\/div>\n<div class=\"td-related-span4\">\n<div class=\"td_module_related_posts td-animation-stack td_mod_related_posts\">\n<div class=\"td-module-image\">\n<div class=\"td-module-thumb\"><a href=\"https:\/\/www.tvbuzau.ro\/vine-valentines-day-atentie-la-romance-scam\/\" rel=\"bookmark\" title=\"Vine Valentine\u2019s Day, aten\u0163ie la  \u201eROMANCE SCAM\u201d\"><img loading=\"lazy\" decoding=\"async\" width=\"218\" height=\"150\" class=\"entry-thumb\" src=\"https:\/\/www.tvbuzau.ro\/wp-content\/uploads\/2026\/02\/hqdefault-20-218x150.jpg\" alt title=\"Vine Valentine\u2019s Day, aten\u0163ie la  \u201eROMANCE SCAM\u201d\"><span class=\"td-video-play-ico\"><img loading=\"lazy\" decoding=\"async\" width=\"40\" height=\"40\" class=\"td-retina\" src=\"https:\/\/www.tvbuzau.ro\/wp-content\/themes\/Newspaper\/images\/icons\/ico-video-large.png\" alt=\"video\"><\/span><\/a><\/div>\n<p><a href=\"https:\/\/www.tvbuzau.ro\/category\/actualitate\/\" class=\"td-post-category\">Actualitate<\/a><\/div>\n<div class=\"item-details\">\n<h3 class=\"entry-title td-module-title\"><a href=\"https:\/\/www.tvbuzau.ro\/vine-valentines-day-atentie-la-romance-scam\/\" rel=\"bookmark\" title=\"Vine Valentine\u2019s Day, aten\u0163ie la  \u201eROMANCE SCAM\u201d\">Vine Valentine\u2019s Day, aten\u0163ie la  \u201eROMANCE SCAM\u201d<\/a><\/h3>\n<\/div>\n<\/div>\n<\/div>\n<\/div>\n<div class=\"td-related-row\">\n<div class=\"td-related-span4\">\n<div class=\"td_module_related_posts td-animation-stack td_mod_related_posts\">\n<div class=\"td-module-image\">\n<div class=\"td-module-thumb\"><a href=\"https:\/\/www.tvbuzau.ro\/consiliul-judetean-se-va-implica-in-sport\/\" rel=\"bookmark\" title=\"Consiliul Jude\u0163ean se va implica \u00een sport\"><img loading=\"lazy\" decoding=\"async\" width=\"218\" height=\"150\" class=\"entry-thumb\" src=\"https:\/\/www.tvbuzau.ro\/wp-content\/uploads\/2026\/02\/sddefault-31-218x150.jpg\" alt title=\"Consiliul Jude\u0163ean se va implica \u00een sport\"><span class=\"td-video-play-ico\"><img loading=\"lazy\" decoding=\"async\" width=\"40\" height=\"40\" class=\"td-retina\" src=\"https:\/\/www.tvbuzau.ro\/wp-content\/themes\/Newspaper\/images\/icons\/ico-video-large.png\" alt=\"video\"><\/span><\/a><\/div>\n<p><a href=\"https:\/\/www.tvbuzau.ro\/category\/actualitate\/\" class=\"td-post-category\">Actualitate<\/a><\/div>\n<div class=\"item-details\">\n<h3 class=\"entry-title td-module-title\"><a href=\"https:\/\/www.tvbuzau.ro\/consiliul-judetean-se-va-implica-in-sport\/\" rel=\"bookmark\" title=\"Consiliul Jude\u0163ean se va implica \u00een sport\">Consiliul Jude\u0163ean se va implica \u00een sport<\/a><\/h3>\n<\/div>\n<\/div>\n<\/div>\n<div class=\"td-related-span4\">\n<div class=\"td_module_related_posts td-animation-stack td_mod_related_posts\">\n<div class=\"td-module-image\">\n<div class=\"td-module-thumb\"><a href=\"https:\/\/www.tvbuzau.ro\/un-nou-punct-de-lucru-al-isu-la-berca\/\" rel=\"bookmark\" title=\"Un nou punct de lucru al ISU la Berca\"><img loading=\"lazy\" decoding=\"async\" width=\"218\" height=\"150\" class=\"entry-thumb\" src=\"https:\/\/www.tvbuzau.ro\/wp-content\/uploads\/2026\/02\/hqdefault-19-218x150.jpg\" alt title=\"Un nou punct de lucru al ISU la Berca\"><span class=\"td-video-play-ico\"><img loading=\"lazy\" decoding=\"async\" width=\"40\" height=\"40\" class=\"td-retina\" src=\"https:\/\/www.tvbuzau.ro\/wp-content\/themes\/Newspaper\/images\/icons\/ico-video-large.png\" alt=\"video\"><\/span><\/a><\/div>\n<p><a href=\"https:\/\/www.tvbuzau.ro\/category\/actualitate\/\" class=\"td-post-category\">Actualitate<\/a><\/div>\n<div class=\"item-details\">\n<h3 class=\"entry-title td-module-title\"><a href=\"https:\/\/www.tvbuzau.ro\/un-nou-punct-de-lucru-al-isu-la-berca\/\" rel=\"bookmark\" title=\"Un nou punct de lucru al ISU la Berca\">Un nou punct de lucru al ISU la Berca<\/a><\/h3>\n<\/div>\n<\/div>\n<\/div>\n<div class=\"td-related-span4\">\n<div class=\"td_module_related_posts td-animation-stack td_mod_related_posts\">\n<div class=\"td-module-image\">\n<div class=\"td-module-thumb\"><a href=\"https:\/\/www.tvbuzau.ro\/keeping-the-exhibition-alive-editia-a-viii-a\/\" rel=\"bookmark\" title=\"\u201eKeeping the Exhibition Alive\u201d, edi\u021bia a VIII-a\"><img loading=\"lazy\" decoding=\"async\" width=\"218\" height=\"150\" class=\"entry-thumb\" src=\"https:\/\/www.tvbuzau.ro\/wp-content\/uploads\/2026\/02\/hqdefault-18-218x150.jpg\" alt title=\"\u201eKeeping the Exhibition Alive\u201d, edi\u021bia a VIII-a\"><span class=\"td-video-play-ico\"><img loading=\"lazy\" decoding=\"async\" width=\"40\" height=\"40\" class=\"td-retina\" src=\"https:\/\/www.tvbuzau.ro\/wp-content\/themes\/Newspaper\/images\/icons\/ico-video-large.png\" alt=\"video\"><\/span><\/a><\/div>\n<p><a href=\"https:\/\/www.tvbuzau.ro\/category\/actualitate\/\" class=\"td-post-category\">Actualitate<\/a><\/div>\n<div class=\"item-details\">\n<h3 class=\"entry-title td-module-title\"><a href=\"https:\/\/www.tvbuzau.ro\/keeping-the-exhibition-alive-editia-a-viii-a\/\" rel=\"bookmark\" title=\"\u201eKeeping the Exhibition Alive\u201d, edi\u021bia a VIII-a\">\u201eKeeping the Exhibition Alive\u201d, edi\u021bia a VIII-a<\/a><\/h3>\n<\/div>\n<\/div>\n<\/div>\n<\/div>\n<\/div>\n<\/div>\n<div class=\"comments\" id=\"comments\">\n<div id=\"respond\" class=\"comment-respond\">\n<h3 id=\"reply-title\" class=\"comment-reply-title\">L\u0102SA\u021aI UN MESAJ <small><a rel=\"nofollow\" id=\"cancel-comment-reply-link\" href=\"https:\/\/www.tvbuzau.ro\/lacul-siriu-sursa-principala-de-alimentare-cu-apa-o-solutie-strategica\/#respond\">Renun\u021ba\u021bi la r\u0103spuns<\/a><\/small><\/h3>\n<\/div>\n<\/div>\n<\/div>\n<div class=\"td-post-content\">\n<div class=\"td-featured-image-rec\">\n<div class=\"wpb_video_wrapper\">\n                    <iframe loading=\"lazy\" id=\"td_youtube_player\" width=\"600\" height=\"560\" src=\"https:\/\/www.youtube.com\/embed\/F4R88XGt3Ik?enablejsapi=1&amp;feature=oembed&amp;wmode=opaque&amp;vq=hd720\" frameborder allowfullscreen><\/iframe><\/p><\/div>\n<\/div>\n<p>Aduc\u021biune regional\u0103 pentru alimentarea cu ap\u0103 a 19 UAT-uri<br \/>\nJude\u021bul Buz\u0103u se confrunt\u0103 tot mai frecvent cu efectele schimb\u0103rilor climatice: secete prelungite, sc\u0103derea nivelului p\u00e2nzei freatice \u0219i implicit diminuarea semnificativ\u0103 a surselor locale de ap\u0103 brut\u0103, at\u00e2t din punct de vedere cantitativ, dar \u0219i calitativ, arat\u0103 \u00een cadrul unei inform\u0103ri Compania de Ap\u0103 Buz\u0103u. \u00cen numeroase localit\u0103\u021bi, fie c\u0103 se afl\u0103 sau nu \u00een aria de operare a Companiei de Ap\u0103  Buz\u0103u, resursa disponibil\u0103 nu mai poate asigura, constant \u0219i la parametri de calitate, necesarul de ap\u0103 potabil\u0103 pentru popula\u021bie. \u00cen acest context, valorificarea poten\u021bialului lacului Siriu ca surs\u0103 principal\u0103 de alimentare devine o solu\u021bie strategic\u0103, de interes jude\u021bean, menit\u0103 s\u0103 garanteze pe termen lung siguran\u021ba \u0219i sustenabilitatea aliment\u0103rii cu ap\u0103 potabil\u0103, arat\u0103 operatorul.<\/p>\n<p>\u201cAv\u00e2nd \u00een vedere deficitul de resurs\u0103 de ap\u0103 bun\u0103 din zona de Sud-Est, s-a propus o investi\u021bie care s\u0103 aduc\u0103 ap\u0103 suficient\u0103 \u0219i conform\u0103, cu costuri reduse de tratare \u0219i furnizare. Aceste concluzii au condus la ini\u021bierea proiectului Apeduct Siriu prin elaborarea unui Studiu de fezabilitate. Studiul a avut la baz\u0103 debitele disponibile la priza de captare existent\u0103 \u00een corpul barajului de la Amenajarea hidrotehnic\u0103 Siriu, debitul maxim ce poate fi prelevat din lacul de acumulare Siriu fiind de 300 l\/s (cca. 10.000 mc\/zi) . Din analizele derulate, a rezultat faptul c\u0103 apeductul Siriu reprezint\u0103 un sistem centralizat \u2013 aduc\u021biune regional\u0103 pentru alimentarea cu ap\u0103 a 19 UAT-uri: P\u0103t\u00e2rlagele, P\u00e2rscov, Unguriu, Po\u0219ta C\u00e2ln\u0103u, Cochirleanca, B\u0103l\u0103ceanu, Ziduri, Ghergheasa, Boldu, R\u00e2mnicelu, Balta Alb\u0103, V\u00e2lcelele, Vadu Pa\u0219ii, S\u0103geata, Robeasca, G\u0103lbina\u0219i, Cilibia, C.A. Rosetti, Ru\u0219etu\u201d, informeaz\u0103 R\u0103zvan Isopencu, mangerul Departamentului Tehnic al Companiei de Ap\u0103.<br \/>\nPotrivit acestuia,  a fost actulizat Master Plan-ul jude\u021bean pentru ap\u0103 \u0219i ap\u0103 uzat\u0103, un proiect strategic de investi\u021bii de interes jude\u021bean, care va fi implementat de Consiliul Jude\u021bean Buz\u0103u.<\/p>\n<p>\u201cLa momentul de fa\u021b\u0103 nu avem un calendar privind etapele de implementare a acestei investi\u021bii. Apeductul Siriu va putea completa cu volume de ap\u0103 cerin\u021bele suplimentare ale altor UAT-uri de pe traseul conductei de transport. Acestea se vor putea defini \u0219i evalua doar dup\u0103 o perioad\u0103 de exploatare \u00een care se pot stabili tiparele de consum, programele de mentenan\u021b\u0103 \u0219i alte aspecte opera\u021bionale\u201d, a mai precizat reprezentantul operatorului de ap\u0103.<\/p>\n<div class=\"post-views post-118035 entry-meta\"><span class=\"post-views-label\">Post Views: <\/span><span class=\"post-views-count\">158<\/span><\/div>\n<\/div>\n<p>[analyse_source url=&#8221;https:\/\/www.tvbuzau.ro\/lacul-siriu-sursa-principala-de-alimentare-cu-apa-o-solutie-strategica\/&#8221;]<\/p>\n","protected":false},"excerpt":{"rendered":"<p>[analyse_image type=&#8221;featured&#8221; src=&#8221;https:\/\/www.tvbuzau.ro\/wp-content\/uploads\/2026\/02\/sddefault-19.jpghttps:\/\/www.tvbuzau.ro\/wp-content\/uploads\/2026\/02\/sddefault-19.jpg&#8221;] Actualitate Lacul Siriu, surs\u0103 principal\u0103 de alimentare cu ap\u0103, o solu\u021bie strategic\u0103 De c\u0103tre TV Buz\u0103u &#8211; februarie 10, 2026 0 19 Distribui\u021bi pe Facebook Distribui\u021bi pe Twitter tweet Aduc\u021biune regional\u0103 pentru alimentarea cu ap\u0103 a 19 UAT-uri Jude\u021bul Buz\u0103u se confrunt\u0103 tot mai frecvent cu efectele schimb\u0103rilor climatice: secete prelungite, sc\u0103derea [&hellip;]<\/p>\n","protected":false},"author":1,"featured_media":0,"comment_status":"open","ping_status":"","sticky":false,"template":"","format":"standard","meta":{"footnotes":""},"categories":[2],"tags":[226,116],"class_list":["post-1767219","post","type-post","status-publish","format-standard","hentry","category-politics","tag-crawlmanager","tag-tvbuzau-ro"],"_links":{"self":[{"href":"https:\/\/analyse.optim.biz\/index.php?rest_route=\/wp\/v2\/posts\/1767219","targetHints":{"allow":["GET"]}}],"collection":[{"href":"https:\/\/analyse.optim.biz\/index.php?rest_route=\/wp\/v2\/posts"}],"about":[{"href":"https:\/\/analyse.optim.biz\/index.php?rest_route=\/wp\/v2\/types\/post"}],"author":[{"embeddable":true,"href":"https:\/\/analyse.optim.biz\/index.php?rest_route=\/wp\/v2\/users\/1"}],"replies":[{"embeddable":true,"href":"https:\/\/analyse.optim.biz\/index.php?rest_route=%2Fwp%2Fv2%2Fcomments&post=1767219"}],"version-history":[{"count":0,"href":"https:\/\/analyse.optim.biz\/index.php?rest_route=\/wp\/v2\/posts\/1767219\/revisions"}],"wp:attachment":[{"href":"https:\/\/analyse.optim.biz\/index.php?rest_route=%2Fwp%2Fv2%2Fmedia&parent=1767219"}],"wp:term":[{"taxonomy":"category","embeddable":true,"href":"https:\/\/analyse.optim.biz\/index.php?rest_route=%2Fwp%2Fv2%2Fcategories&post=1767219"},{"taxonomy":"post_tag","embeddable":true,"href":"https:\/\/analyse.optim.biz\/index.php?rest_route=%2Fwp%2Fv2%2Ftags&post=1767219"}],"curies":[{"name":"wp","href":"https:\/\/api.w.org\/{rel}","templated":true}]}}