{"id":1767203,"date":"2026-02-10T20:38:11","date_gmt":"2026-02-10T17:38:11","guid":{"rendered":"https:\/\/analyse.optim.biz\/?p=1767203"},"modified":"2026-02-10T20:38:11","modified_gmt":"2026-02-10T17:38:11","slug":"florile-si-comerciatii-in-bataia-gerului","status":"publish","type":"post","link":"https:\/\/analyse.optim.biz\/?p=1767203","title":{"rendered":"Florile \u015fi comercia\u0163ii \u00een b\u0103taia gerului"},"content":{"rendered":"<p>[analyse_image type=&#8221;featured&#8221; src=&#8221;https:\/\/www.tvbuzau.ro\/wp-content\/uploads\/2026\/02\/sddefault-20.jpghttps:\/\/www.tvbuzau.ro\/wp-content\/uploads\/2026\/02\/sddefault-20.jpg&#8221;]<\/p>\n<div class=\"td-ss-main-content\">\n<article id=\"post-118038\" class=\"post-118038 post type-post status-publish format-video has-post-thumbnail hentry category-actualitate post_format-post-format-video\">\n<div class=\"td-post-header\">\n<ul class=\"td-category\">\n<li class=\"entry-category\"><a href=\"https:\/\/www.tvbuzau.ro\/category\/actualitate\/\">Actualitate<\/a><\/li>\n<\/ul>\n<header class=\"td-post-title\">\n<h1 class=\"entry-title\">Florile \u015fi comercia\u0163ii \u00een b\u0103taia gerului<\/h1>\n<div class=\"td-module-meta-info\">\n<div class=\"td-post-author-name\">De c\u0103tre <a href=\"https:\/\/www.tvbuzau.ro\/author\/mihai-vasilescu\/\">TV Buz\u0103u<\/a> &#8211; <\/div>\n<p><span class=\"td-post-date\"><time class=\"entry-date updated td-module-date\" datetime=\"2026-02-10T20:38:11+00:00\">februarie 10, 2026<\/time><\/span><\/p>\n<div class=\"td-post-comments\"><a href=\"https:\/\/www.tvbuzau.ro\/florile-si-comerciatii-in-bataia-gerului\/#respond\">0<\/a><\/div>\n<div class=\"td-post-views\"><span class=\"td-nr-views-118038\">17<\/span><\/div>\n<\/div>\n<\/header>\n<\/div>\n<div class=\"td-post-sharing td-post-sharing-top td-with-like\">\n<div class=\"td-default-sharing\"><a class=\"td-social-sharing-buttons td-social-facebook\" href=\"http:\/\/www.facebook.com\/sharer.php?u=https%3A%2F%2Fwww.tvbuzau.ro%2Fflorile-si-comerciatii-in-bataia-gerului%2F\"><\/p>\n<div class=\"td-social-but-text\">Distribui\u021bi pe Facebook<\/div>\n<p><\/a><a class=\"td-social-sharing-buttons td-social-twitter\" href=\"https:\/\/twitter.com\/intent\/tweet?text=Florile+%C5%9Fi+comercia%C5%A3ii+%C3%AEn+b%C4%83taia+gerului&amp;url=https%3A%2F%2Fwww.tvbuzau.ro%2Fflorile-si-comerciatii-in-bataia-gerului%2F&amp;via=TV+Buz%C4%83u\"><\/p>\n<div class=\"td-social-but-text\">Distribui\u021bi pe Twitter<\/div>\n<p><\/a><\/div>\n<div class=\"td-classic-sharing\">\n<ul>\n<li class=\"td-classic-facebook\"><iframe frameborder src=\"https:\/\/www.facebook.com\/plugins\/like.php?href=https:\/\/www.tvbuzau.ro\/florile-si-comerciatii-in-bataia-gerului\/&amp;layout=button_count&amp;show_faces=false&amp;width=105&amp;action=like&amp;colorscheme=light&amp;height=21\"><\/iframe><\/li>\n<li class=\"td-classic-twitter\"><a href=\"https:\/\/twitter.com\/share\" class=\"twitter-share-button\" data-url=\"https:\/\/www.tvbuzau.ro\/florile-si-comerciatii-in-bataia-gerului\/\" data-text=\"Florile \u015fi comercia\u0163ii \u00een b\u0103taia gerului\" data-via data-lang=\"en\">tweet<\/a><\/li>\n<\/ul>\n<\/div>\n<\/div>\n<div class=\"td-post-content\">\n<div class=\"td-featured-image-rec\">\n<div class=\"wpb_video_wrapper\">\n                    <iframe loading=\"lazy\" id=\"td_youtube_player\" width=\"600\" height=\"560\" src=\"https:\/\/www.youtube.com\/embed\/VqUaG4WNbr0?enablejsapi=1&amp;feature=oembed&amp;wmode=opaque&amp;vq=hd720\" frameborder allowfullscreen><\/iframe><\/p><\/div>\n<\/div>\n<p>Florile \u00eenc\u0103lzite cu caloriferele<br \/>\nDebutul lunii februrie a dat de furc\u0103 comercin\u0163ilor din Pia\u0163a central\u0103 de flori din municipiul Buz\u0103u. \u00cembr\u0103ca\u0163i gros, oamenii \u00eencearc\u0103 s\u0103 reziste frigului \u00eens\u0103 cea mai mare team\u0103 este cea de a nu li strica m\u0103rfurile. Cantit\u0103\u0163i semnifictive de flori sunt aruncte din pricina gerului. Al\u0163ii au g\u0103sit o metod\u0103 s\u0103-\u015fi protejeze florile folosind calorifere electrice.<br \/>\nPe de alt\u0103 parte \u015fi clien\u0163ii sunt de partea comercian\u0163ilor. Petru a avea parte de produse calitative, v\u00e2nz\u0103torii din pia\u0163\u0103 ar trebui s\u0103 aib\u0103 parte de condi\u0163ii mai bune at\u00e2t pe timp de iarn\u0103, c\u00e2t \u015fi vara atunci c\u00e2nd temperaturile extreme pot afecta florile.<br \/>\nAdministra\u0163ia pie\u0163elor a anun\u0163at \u00eenc\u0103 de anul trecut investi\u0163ii \u00een reabilitarea pie\u0163ei \u00eens\u0103 deocamdat\u0103 lucr\u0103rile se las\u0103 a\u015fteptate.<\/p>\n<div class=\"post-views post-118038 entry-meta\"><span class=\"post-views-label\">Post Views: <\/span><span class=\"post-views-count\">158<\/span><\/div>\n<\/div>\n<footer>\n<div class=\"td-post-sharing td-post-sharing-bottom td-with-like\"><span class=\"td-post-share-title\">DISTRIBUI\u021aI<\/span><\/p>\n<div class=\"td-default-sharing\"><a class=\"td-social-sharing-buttons td-social-facebook\" href=\"http:\/\/www.facebook.com\/sharer.php?u=https%3A%2F%2Fwww.tvbuzau.ro%2Fflorile-si-comerciatii-in-bataia-gerului%2F\"><\/p>\n<div class=\"td-social-but-text\">Facebook<\/div>\n<p><\/a><a class=\"td-social-sharing-buttons td-social-twitter\" href=\"https:\/\/twitter.com\/intent\/tweet?text=Florile+%C5%9Fi+comercia%C5%A3ii+%C3%AEn+b%C4%83taia+gerului&amp;url=https%3A%2F%2Fwww.tvbuzau.ro%2Fflorile-si-comerciatii-in-bataia-gerului%2F&amp;via=TV+Buz%C4%83u\"><\/p>\n<div class=\"td-social-but-text\">Twitter<\/div>\n<p><\/a><\/div>\n<div class=\"td-classic-sharing\">\n<ul>\n<li class=\"td-classic-facebook\"><iframe frameborder src=\"https:\/\/www.facebook.com\/plugins\/like.php?href=https:\/\/www.tvbuzau.ro\/florile-si-comerciatii-in-bataia-gerului\/&amp;layout=button_count&amp;show_faces=false&amp;width=105&amp;action=like&amp;colorscheme=light&amp;height=21\"><\/iframe><\/li>\n<li class=\"td-classic-twitter\"><a href=\"https:\/\/twitter.com\/share\" class=\"twitter-share-button\" data-url=\"https:\/\/www.tvbuzau.ro\/florile-si-comerciatii-in-bataia-gerului\/\" data-text=\"Florile \u015fi comercia\u0163ii \u00een b\u0103taia gerului\" data-via data-lang=\"en\">tweet<\/a><\/li>\n<\/ul>\n<\/div>\n<\/div>\n<div class=\"td-author-name vcard author\"><span class=\"fn\"><a href=\"https:\/\/www.tvbuzau.ro\/author\/mihai-vasilescu\/\">TV Buz\u0103u<\/a><\/span><\/div>\n<p><span><\/span><span><span><\/span><\/span><span><\/span><\/footer>\n<\/article>\n<div class=\"td_block_wrap td_block_related_posts td_uid_1_698f565b8afbc_rand td_with_ajax_pagination td-pb-border-top\" data-td-block-uid=\"td_uid_1_698f565b8afbc\">\n<h4 class=\"td-related-title\"><a id=\"td_uid_2_698f565b902f9\" class=\"td-related-left td-cur-simple-item\" data-td_filter_value data-td_block_id=\"td_uid_1_698f565b8afbc\" href=\"https:\/\/www.tvbuzau.ro\/florile-si-comerciatii-in-bataia-gerului\/\">ARTICOLE SIMILARE<\/a><a id=\"td_uid_3_698f565b90335\" class=\"td-related-right\" data-td_filter_value=\"td_related_more_from_author\" data-td_block_id=\"td_uid_1_698f565b8afbc\" href=\"https:\/\/www.tvbuzau.ro\/florile-si-comerciatii-in-bataia-gerului\/\">DE LA ACELA\u0218I AUTOR<\/a><\/h4>\n<div id=\"td_uid_1_698f565b8afbc\" class=\"td_block_inner\">\n<div class=\"td-related-row\">\n<div class=\"td-related-span4\">\n<div class=\"td_module_related_posts td-animation-stack td_mod_related_posts\">\n<div class=\"td-module-image\">\n<div class=\"td-module-thumb\"><a href=\"https:\/\/www.tvbuzau.ro\/4-milioae-de-euro-bani-necheltuti-de-primaria-buzau\/\" rel=\"bookmark\" title=\"4 milioae de euro, bani necheltu\u0163i de Prim\u0103ria Buz\u0103u\"><img loading=\"lazy\" decoding=\"async\" width=\"218\" height=\"150\" class=\"entry-thumb\" src=\"https:\/\/www.tvbuzau.ro\/wp-content\/uploads\/2026\/02\/hqdefault-22-218x150.jpg\" alt title=\"4 milioae de euro, bani necheltu\u0163i de Prim\u0103ria Buz\u0103u\"><span class=\"td-video-play-ico\"><img loading=\"lazy\" decoding=\"async\" width=\"40\" height=\"40\" class=\"td-retina\" src=\"https:\/\/www.tvbuzau.ro\/wp-content\/themes\/Newspaper\/images\/icons\/ico-video-large.png\" alt=\"video\"><\/span><\/a><\/div>\n<p><a href=\"https:\/\/www.tvbuzau.ro\/category\/actualitate\/\" class=\"td-post-category\">Actualitate<\/a><\/div>\n<div class=\"item-details\">\n<h3 class=\"entry-title td-module-title\"><a href=\"https:\/\/www.tvbuzau.ro\/4-milioae-de-euro-bani-necheltuti-de-primaria-buzau\/\" rel=\"bookmark\" title=\"4 milioae de euro, bani necheltu\u0163i de Prim\u0103ria Buz\u0103u\">4 milioae de euro, bani necheltu\u0163i de Prim\u0103ria Buz\u0103u<\/a><\/h3>\n<\/div>\n<\/div>\n<\/div>\n<div class=\"td-related-span4\">\n<div class=\"td_module_related_posts td-animation-stack td_mod_related_posts\">\n<div class=\"td-module-image\">\n<div class=\"td-module-thumb\"><a href=\"https:\/\/www.tvbuzau.ro\/atentionari-ale-itm-cu-privire-la-munca-in-strainatate\/\" rel=\"bookmark\" title=\"Aten\u0163ion\u0103ri ale ITM cu privire la munca \u00een str\u0103in\u0103tate\"><img loading=\"lazy\" decoding=\"async\" width=\"218\" height=\"150\" class=\"entry-thumb\" src=\"https:\/\/www.tvbuzau.ro\/wp-content\/uploads\/2026\/02\/hqdefault-21-218x150.jpg\" alt title=\"Aten\u0163ion\u0103ri ale ITM cu privire la munca \u00een str\u0103in\u0103tate\"><span class=\"td-video-play-ico\"><img loading=\"lazy\" decoding=\"async\" width=\"40\" height=\"40\" class=\"td-retina\" src=\"https:\/\/www.tvbuzau.ro\/wp-content\/themes\/Newspaper\/images\/icons\/ico-video-large.png\" alt=\"video\"><\/span><\/a><\/div>\n<p><a href=\"https:\/\/www.tvbuzau.ro\/category\/actualitate\/\" class=\"td-post-category\">Actualitate<\/a><\/div>\n<div class=\"item-details\">\n<h3 class=\"entry-title td-module-title\"><a href=\"https:\/\/www.tvbuzau.ro\/atentionari-ale-itm-cu-privire-la-munca-in-strainatate\/\" rel=\"bookmark\" title=\"Aten\u0163ion\u0103ri ale ITM cu privire la munca \u00een str\u0103in\u0103tate\">Aten\u0163ion\u0103ri ale ITM cu privire la munca \u00een str\u0103in\u0103tate<\/a><\/h3>\n<\/div>\n<\/div>\n<\/div>\n<div class=\"td-related-span4\">\n<div class=\"td_module_related_posts td-animation-stack td_mod_related_posts\">\n<div class=\"td-module-image\">\n<div class=\"td-module-thumb\"><a href=\"https:\/\/www.tvbuzau.ro\/vine-valentines-day-atentie-la-romance-scam\/\" rel=\"bookmark\" title=\"Vine Valentine\u2019s Day, aten\u0163ie la  \u201eROMANCE SCAM\u201d\"><img loading=\"lazy\" decoding=\"async\" width=\"218\" height=\"150\" class=\"entry-thumb\" src=\"https:\/\/www.tvbuzau.ro\/wp-content\/uploads\/2026\/02\/hqdefault-20-218x150.jpg\" alt title=\"Vine Valentine\u2019s Day, aten\u0163ie la  \u201eROMANCE SCAM\u201d\"><span class=\"td-video-play-ico\"><img loading=\"lazy\" decoding=\"async\" width=\"40\" height=\"40\" class=\"td-retina\" src=\"https:\/\/www.tvbuzau.ro\/wp-content\/themes\/Newspaper\/images\/icons\/ico-video-large.png\" alt=\"video\"><\/span><\/a><\/div>\n<p><a href=\"https:\/\/www.tvbuzau.ro\/category\/actualitate\/\" class=\"td-post-category\">Actualitate<\/a><\/div>\n<div class=\"item-details\">\n<h3 class=\"entry-title td-module-title\"><a href=\"https:\/\/www.tvbuzau.ro\/vine-valentines-day-atentie-la-romance-scam\/\" rel=\"bookmark\" title=\"Vine Valentine\u2019s Day, aten\u0163ie la  \u201eROMANCE SCAM\u201d\">Vine Valentine\u2019s Day, aten\u0163ie la  \u201eROMANCE SCAM\u201d<\/a><\/h3>\n<\/div>\n<\/div>\n<\/div>\n<\/div>\n<div class=\"td-related-row\">\n<div class=\"td-related-span4\">\n<div class=\"td_module_related_posts td-animation-stack td_mod_related_posts\">\n<div class=\"td-module-image\">\n<div class=\"td-module-thumb\"><a href=\"https:\/\/www.tvbuzau.ro\/consiliul-judetean-se-va-implica-in-sport\/\" rel=\"bookmark\" title=\"Consiliul Jude\u0163ean se va implica \u00een sport\"><img loading=\"lazy\" decoding=\"async\" width=\"218\" height=\"150\" class=\"entry-thumb\" src=\"https:\/\/www.tvbuzau.ro\/wp-content\/uploads\/2026\/02\/sddefault-31-218x150.jpg\" alt title=\"Consiliul Jude\u0163ean se va implica \u00een sport\"><span class=\"td-video-play-ico\"><img loading=\"lazy\" decoding=\"async\" width=\"40\" height=\"40\" class=\"td-retina\" src=\"https:\/\/www.tvbuzau.ro\/wp-content\/themes\/Newspaper\/images\/icons\/ico-video-large.png\" alt=\"video\"><\/span><\/a><\/div>\n<p><a href=\"https:\/\/www.tvbuzau.ro\/category\/actualitate\/\" class=\"td-post-category\">Actualitate<\/a><\/div>\n<div class=\"item-details\">\n<h3 class=\"entry-title td-module-title\"><a href=\"https:\/\/www.tvbuzau.ro\/consiliul-judetean-se-va-implica-in-sport\/\" rel=\"bookmark\" title=\"Consiliul Jude\u0163ean se va implica \u00een sport\">Consiliul Jude\u0163ean se va implica \u00een sport<\/a><\/h3>\n<\/div>\n<\/div>\n<\/div>\n<div class=\"td-related-span4\">\n<div class=\"td_module_related_posts td-animation-stack td_mod_related_posts\">\n<div class=\"td-module-image\">\n<div class=\"td-module-thumb\"><a href=\"https:\/\/www.tvbuzau.ro\/un-nou-punct-de-lucru-al-isu-la-berca\/\" rel=\"bookmark\" title=\"Un nou punct de lucru al ISU la Berca\"><img loading=\"lazy\" decoding=\"async\" width=\"218\" height=\"150\" class=\"entry-thumb\" src=\"https:\/\/www.tvbuzau.ro\/wp-content\/uploads\/2026\/02\/hqdefault-19-218x150.jpg\" alt title=\"Un nou punct de lucru al ISU la Berca\"><span class=\"td-video-play-ico\"><img loading=\"lazy\" decoding=\"async\" width=\"40\" height=\"40\" class=\"td-retina\" src=\"https:\/\/www.tvbuzau.ro\/wp-content\/themes\/Newspaper\/images\/icons\/ico-video-large.png\" alt=\"video\"><\/span><\/a><\/div>\n<p><a href=\"https:\/\/www.tvbuzau.ro\/category\/actualitate\/\" class=\"td-post-category\">Actualitate<\/a><\/div>\n<div class=\"item-details\">\n<h3 class=\"entry-title td-module-title\"><a href=\"https:\/\/www.tvbuzau.ro\/un-nou-punct-de-lucru-al-isu-la-berca\/\" rel=\"bookmark\" title=\"Un nou punct de lucru al ISU la Berca\">Un nou punct de lucru al ISU la Berca<\/a><\/h3>\n<\/div>\n<\/div>\n<\/div>\n<div class=\"td-related-span4\">\n<div class=\"td_module_related_posts td-animation-stack td_mod_related_posts\">\n<div class=\"td-module-image\">\n<div class=\"td-module-thumb\"><a href=\"https:\/\/www.tvbuzau.ro\/keeping-the-exhibition-alive-editia-a-viii-a\/\" rel=\"bookmark\" title=\"\u201eKeeping the Exhibition Alive\u201d, edi\u021bia a VIII-a\"><img loading=\"lazy\" decoding=\"async\" width=\"218\" height=\"150\" class=\"entry-thumb\" src=\"https:\/\/www.tvbuzau.ro\/wp-content\/uploads\/2026\/02\/hqdefault-18-218x150.jpg\" alt title=\"\u201eKeeping the Exhibition Alive\u201d, edi\u021bia a VIII-a\"><span class=\"td-video-play-ico\"><img loading=\"lazy\" decoding=\"async\" width=\"40\" height=\"40\" class=\"td-retina\" src=\"https:\/\/www.tvbuzau.ro\/wp-content\/themes\/Newspaper\/images\/icons\/ico-video-large.png\" alt=\"video\"><\/span><\/a><\/div>\n<p><a href=\"https:\/\/www.tvbuzau.ro\/category\/actualitate\/\" class=\"td-post-category\">Actualitate<\/a><\/div>\n<div class=\"item-details\">\n<h3 class=\"entry-title td-module-title\"><a href=\"https:\/\/www.tvbuzau.ro\/keeping-the-exhibition-alive-editia-a-viii-a\/\" rel=\"bookmark\" title=\"\u201eKeeping the Exhibition Alive\u201d, edi\u021bia a VIII-a\">\u201eKeeping the Exhibition Alive\u201d, edi\u021bia a VIII-a<\/a><\/h3>\n<\/div>\n<\/div>\n<\/div>\n<\/div>\n<\/div>\n<\/div>\n<div class=\"comments\" id=\"comments\">\n<div id=\"respond\" class=\"comment-respond\">\n<h3 id=\"reply-title\" class=\"comment-reply-title\">L\u0102SA\u021aI UN MESAJ <small><a rel=\"nofollow\" id=\"cancel-comment-reply-link\" href=\"https:\/\/www.tvbuzau.ro\/florile-si-comerciatii-in-bataia-gerului\/#respond\">Renun\u021ba\u021bi la r\u0103spuns<\/a><\/small><\/h3>\n<\/div>\n<\/div>\n<\/div>\n<div class=\"td-post-content\">\n<div class=\"td-featured-image-rec\">\n<div class=\"wpb_video_wrapper\">\n                    <iframe loading=\"lazy\" id=\"td_youtube_player\" width=\"600\" height=\"560\" src=\"https:\/\/www.youtube.com\/embed\/VqUaG4WNbr0?enablejsapi=1&amp;feature=oembed&amp;wmode=opaque&amp;vq=hd720\" frameborder allowfullscreen><\/iframe><\/p><\/div>\n<\/div>\n<p>Florile \u00eenc\u0103lzite cu caloriferele<br \/>\nDebutul lunii februrie a dat de furc\u0103 comercin\u0163ilor din Pia\u0163a central\u0103 de flori din municipiul Buz\u0103u. \u00cembr\u0103ca\u0163i gros, oamenii \u00eencearc\u0103 s\u0103 reziste frigului \u00eens\u0103 cea mai mare team\u0103 este cea de a nu li strica m\u0103rfurile. Cantit\u0103\u0163i semnifictive de flori sunt aruncte din pricina gerului. Al\u0163ii au g\u0103sit o metod\u0103 s\u0103-\u015fi protejeze florile folosind calorifere electrice.<br \/>\nPe de alt\u0103 parte \u015fi clien\u0163ii sunt de partea comercian\u0163ilor. Petru a avea parte de produse calitative, v\u00e2nz\u0103torii din pia\u0163\u0103 ar trebui s\u0103 aib\u0103 parte de condi\u0163ii mai bune at\u00e2t pe timp de iarn\u0103, c\u00e2t \u015fi vara atunci c\u00e2nd temperaturile extreme pot afecta florile.<br \/>\nAdministra\u0163ia pie\u0163elor a anun\u0163at \u00eenc\u0103 de anul trecut investi\u0163ii \u00een reabilitarea pie\u0163ei \u00eens\u0103 deocamdat\u0103 lucr\u0103rile se las\u0103 a\u015fteptate.<\/p>\n<div class=\"post-views post-118038 entry-meta\"><span class=\"post-views-label\">Post Views: <\/span><span class=\"post-views-count\">158<\/span><\/div>\n<\/div>\n<p>[analyse_source url=&#8221;https:\/\/www.tvbuzau.ro\/florile-si-comerciatii-in-bataia-gerului\/&#8221;]<\/p>\n","protected":false},"excerpt":{"rendered":"<p>[analyse_image type=&#8221;featured&#8221; src=&#8221;https:\/\/www.tvbuzau.ro\/wp-content\/uploads\/2026\/02\/sddefault-20.jpghttps:\/\/www.tvbuzau.ro\/wp-content\/uploads\/2026\/02\/sddefault-20.jpg&#8221;] Actualitate Florile \u015fi comercia\u0163ii \u00een b\u0103taia gerului De c\u0103tre TV Buz\u0103u &#8211; februarie 10, 2026 0 17 Distribui\u021bi pe Facebook Distribui\u021bi pe Twitter tweet Florile \u00eenc\u0103lzite cu caloriferele Debutul lunii februrie a dat de furc\u0103 comercin\u0163ilor din Pia\u0163a central\u0103 de flori din municipiul Buz\u0103u. \u00cembr\u0103ca\u0163i gros, oamenii \u00eencearc\u0103 s\u0103 reziste frigului \u00eens\u0103 [&hellip;]<\/p>\n","protected":false},"author":1,"featured_media":0,"comment_status":"open","ping_status":"","sticky":false,"template":"","format":"standard","meta":{"footnotes":""},"categories":[2],"tags":[226,116],"class_list":["post-1767203","post","type-post","status-publish","format-standard","hentry","category-politics","tag-crawlmanager","tag-tvbuzau-ro"],"_links":{"self":[{"href":"https:\/\/analyse.optim.biz\/index.php?rest_route=\/wp\/v2\/posts\/1767203","targetHints":{"allow":["GET"]}}],"collection":[{"href":"https:\/\/analyse.optim.biz\/index.php?rest_route=\/wp\/v2\/posts"}],"about":[{"href":"https:\/\/analyse.optim.biz\/index.php?rest_route=\/wp\/v2\/types\/post"}],"author":[{"embeddable":true,"href":"https:\/\/analyse.optim.biz\/index.php?rest_route=\/wp\/v2\/users\/1"}],"replies":[{"embeddable":true,"href":"https:\/\/analyse.optim.biz\/index.php?rest_route=%2Fwp%2Fv2%2Fcomments&post=1767203"}],"version-history":[{"count":0,"href":"https:\/\/analyse.optim.biz\/index.php?rest_route=\/wp\/v2\/posts\/1767203\/revisions"}],"wp:attachment":[{"href":"https:\/\/analyse.optim.biz\/index.php?rest_route=%2Fwp%2Fv2%2Fmedia&parent=1767203"}],"wp:term":[{"taxonomy":"category","embeddable":true,"href":"https:\/\/analyse.optim.biz\/index.php?rest_route=%2Fwp%2Fv2%2Fcategories&post=1767203"},{"taxonomy":"post_tag","embeddable":true,"href":"https:\/\/analyse.optim.biz\/index.php?rest_route=%2Fwp%2Fv2%2Ftags&post=1767203"}],"curies":[{"name":"wp","href":"https:\/\/api.w.org\/{rel}","templated":true}]}}