{"id":1766751,"date":"2026-02-11T20:29:56","date_gmt":"2026-02-11T17:29:56","guid":{"rendered":"https:\/\/analyse.optim.biz\/?p=1766751"},"modified":"2026-02-11T20:29:56","modified_gmt":"2026-02-11T17:29:56","slug":"consiliul-judetean-buzau-participa-la-targul-national-de-turism-al-romaniei","status":"publish","type":"post","link":"https:\/\/analyse.optim.biz\/?p=1766751","title":{"rendered":"Consiliul Jude\u021bean Buz\u0103u particip\u0103 la T\u00e2rgul Na\u021bional de Turism al Rom\u00e2niei"},"content":{"rendered":"<p>[analyse_image type=&#8221;featured&#8221; src=&#8221;https:\/\/www.tvbuzau.ro\/wp-content\/uploads\/2026\/02\/hqdefault-16.jpghttps:\/\/www.tvbuzau.ro\/wp-content\/uploads\/2026\/02\/hqdefault-16.jpg&#8221;]<\/p>\n<div class=\"td-ss-main-content\">\n<article id=\"post-118050\" class=\"post-118050 post type-post status-publish format-video has-post-thumbnail hentry category-actualitate post_format-post-format-video\">\n<div class=\"td-post-header\">\n<ul class=\"td-category\">\n<li class=\"entry-category\"><a href=\"https:\/\/www.tvbuzau.ro\/category\/actualitate\/\">Actualitate<\/a><\/li>\n<\/ul>\n<header class=\"td-post-title\">\n<h1 class=\"entry-title\">Consiliul Jude\u021bean Buz\u0103u particip\u0103 la T\u00e2rgul Na\u021bional de Turism al Rom\u00e2niei<\/h1>\n<div class=\"td-module-meta-info\">\n<div class=\"td-post-author-name\">De c\u0103tre <a href=\"https:\/\/www.tvbuzau.ro\/author\/mihai-vasilescu\/\">TV Buz\u0103u<\/a> &#8211; <\/div>\n<p><span class=\"td-post-date\"><time class=\"entry-date updated td-module-date\" datetime=\"2026-02-11T20:29:56+00:00\">februarie 11, 2026<\/time><\/span><\/p>\n<div class=\"td-post-comments\"><a href=\"https:\/\/www.tvbuzau.ro\/consiliul-judetean-buzau-participa-la-targul-national-de-turism-al-romaniei\/#respond\">0<\/a><\/div>\n<div class=\"td-post-views\"><span class=\"td-nr-views-118050\">3<\/span><\/div>\n<\/div>\n<\/header>\n<\/div>\n<div class=\"td-post-sharing td-post-sharing-top td-with-like\">\n<div class=\"td-default-sharing\"><a class=\"td-social-sharing-buttons td-social-facebook\" href=\"http:\/\/www.facebook.com\/sharer.php?u=https%3A%2F%2Fwww.tvbuzau.ro%2Fconsiliul-judetean-buzau-participa-la-targul-national-de-turism-al-romaniei%2F\"><\/p>\n<div class=\"td-social-but-text\">Distribui\u021bi pe Facebook<\/div>\n<p><\/a><a class=\"td-social-sharing-buttons td-social-twitter\" href=\"https:\/\/twitter.com\/intent\/tweet?text=Consiliul+Jude%C8%9Bean+Buz%C4%83u+particip%C4%83+la+T%C3%A2rgul+Na%C8%9Bional+de+Turism+al+Rom%C3%A2niei&amp;url=https%3A%2F%2Fwww.tvbuzau.ro%2Fconsiliul-judetean-buzau-participa-la-targul-national-de-turism-al-romaniei%2F&amp;via=TV+Buz%C4%83u\"><\/p>\n<div class=\"td-social-but-text\">Distribui\u021bi pe Twitter<\/div>\n<p><\/a><\/div>\n<div class=\"td-classic-sharing\">\n<ul>\n<li class=\"td-classic-facebook\"><iframe frameborder src=\"https:\/\/www.facebook.com\/plugins\/like.php?href=https:\/\/www.tvbuzau.ro\/consiliul-judetean-buzau-participa-la-targul-national-de-turism-al-romaniei\/&amp;layout=button_count&amp;show_faces=false&amp;width=105&amp;action=like&amp;colorscheme=light&amp;height=21\"><\/iframe><\/li>\n<li class=\"td-classic-twitter\"><a href=\"https:\/\/twitter.com\/share\" class=\"twitter-share-button\" data-url=\"https:\/\/www.tvbuzau.ro\/consiliul-judetean-buzau-participa-la-targul-national-de-turism-al-romaniei\/\" data-text=\"Consiliul Jude\u021bean Buz\u0103u particip\u0103 la T\u00e2rgul Na\u021bional de Turism al Rom\u00e2niei\" data-via data-lang=\"en\">tweet<\/a><\/li>\n<\/ul>\n<\/div>\n<\/div>\n<div class=\"td-post-content\">\n<div class=\"td-featured-image-rec\">\n<div class=\"wpb_video_wrapper\">\n                    <iframe loading=\"lazy\" id=\"td_youtube_player\" width=\"600\" height=\"560\" src=\"https:\/\/www.youtube.com\/embed\/ZGEhlD58Bcc?enablejsapi=1&amp;feature=oembed&amp;wmode=opaque&amp;vq=hd720\" frameborder allowfullscreen><\/iframe><\/p><\/div>\n<\/div>\n<p>Sub sloganul \u201eVisit Buz\u0103u\u201d<br \/>\n\u00cen perioada 12-15 februarie 2026, Consiliul Jude\u021bean Buz\u0103u va fi prezent cu stand propriu la T\u00e2rgul de Turism al Rom\u00e2niei \u2013 edi\u021bia de prim\u0103var\u0103 2026, ce se va desf\u0103\u0219ura la Centrul Expozi\u021bional ROMEXPO \u2013 Bucure\u0219ti.<\/p>\n<p>\u201dBuz\u0103ul trebuie privit \u0219i tratat ca o destina\u021bie turistic\u0103, nu ca un jude\u021b de tranzit. Avem zone naturale spectaculoase, sta\u021biuni balneare cu tradi\u021bie, produse locale recunoscute \u0219i un poten\u021bial viticol important, care pot sus\u021bine un turism constant, pe tot parcursul anului. \u00cen perioada urm\u0103toare, Consiliul Jude\u021bean Buz\u0103u va pune un accent tot mai mare pe dezvoltarea turismului, at\u00e2t prin promovare, c\u00e2t \u0219i prin investi\u021bii \u0219i parteneriate cu mediul local. Participarea la T\u00e2rgul de Turism al Rom\u00e2niei se \u00eenscrie \u00een aceast\u0103 direc\u021bie clar\u0103 de a face din Buz\u0103u un jude\u021b \u00een care oamenii vin cu un scop \u0219i r\u0103m\u00e2n pentru experien\u021be.\u201d, a declarat Marcel Ciolacu, pre\u0219edintele Consiliului Jude\u021bean Buz\u0103u.<br \/>\nSub sloganul \u201eVisit Buz\u0103u\u201d, echipa Consiliului Jude\u021bean Buz\u0103u va promova diversitatea ofertei turistice a jude\u021bului, invit\u00e2nd vizitatorii s\u0103 descopere \u0219i s\u0103 experimenteze frumuse\u021bea Buz\u0103ului. <\/p>\n<p>\u201cLa standul jude\u021bului Buz\u0103u vor avea loc degust\u0103ri de produse tradi\u021bionale buzoiene, organizate \u00een colaborare cu produc\u0103torii locali. Apreciate pentru gustul lor autentic \u0219i intens, vor putea fi savurate: c\u00e2rna\u021bi de Ple\u0219coi, covrigi de Buz\u0103u, ghiudem, babic \u0219i alte specialit\u0103\u021bi locale. De asemenea, publicul va fi invitat \u00eentr-o c\u0103l\u0103torie a gustului \u00een lumea vinurilor buzoiene. \u00cempreun\u0103 cu produc\u0103torii locali, vor fi organizate degust\u0103ri de vinuri care vor impresiona chiar \u0219i cele mai rafinate papile gustative \u0219i vor dezv\u0103lui povestea vinului buzoian din Dealul Mare\u201d, anun\u0163\u0103 Consiliul Jude\u0163ean.<\/p>\n<p>Nu vor lipsi nici momentele artistice \u0219i dansurile tradi\u021bionale din zona noastr\u0103. Centrul Jude\u021bean de Cultur\u0103 \u0219i Art\u0103 este al\u0103turi de Consiliul Jude\u021bean Buz\u0103u prin participarea Ansamblului folcloric Plaiurile Miori\u021bei, care va sus\u021bine un moment artistic s\u00e2mb\u0103t\u0103 pe scena principal\u0103 a T\u00e2rgului de turism, spectacol ce st\u00e2rne\u0219te de fiecare dat\u0103 interesul \u0219i curiozitatea publicului.<br \/>\nTotodat\u0103, vizitatorii vor avea ocazia s\u0103 afle mai multe despre jude\u021bul Buz\u0103u ca destina\u021bie turistic\u0103 de la invita\u021bi \u0219i reprezentan\u021bi ai Centrului Na\u021bional de Promovare Turistic\u0103 Nehoiu, InfoTurism Buz\u0103u, Green Adventure, Mares Outdoor Events, Paddle X.<br \/>\nStandul Consiliului Jude\u021bean Buz\u0103u va putea fi vizitat \u00een Pavilionul B2 din incinta Romexpo.<\/p>\n<div class=\"post-views post-118050 entry-meta\"><span class=\"post-views-label\">Post Views: <\/span><span class=\"post-views-count\">130<\/span><\/div>\n<\/div>\n<footer>\n<div class=\"td-post-sharing td-post-sharing-bottom td-with-like\"><span class=\"td-post-share-title\">DISTRIBUI\u021aI<\/span><\/p>\n<div class=\"td-default-sharing\"><a class=\"td-social-sharing-buttons td-social-facebook\" href=\"http:\/\/www.facebook.com\/sharer.php?u=https%3A%2F%2Fwww.tvbuzau.ro%2Fconsiliul-judetean-buzau-participa-la-targul-national-de-turism-al-romaniei%2F\"><\/p>\n<div class=\"td-social-but-text\">Facebook<\/div>\n<p><\/a><a class=\"td-social-sharing-buttons td-social-twitter\" href=\"https:\/\/twitter.com\/intent\/tweet?text=Consiliul+Jude%C8%9Bean+Buz%C4%83u+particip%C4%83+la+T%C3%A2rgul+Na%C8%9Bional+de+Turism+al+Rom%C3%A2niei&amp;url=https%3A%2F%2Fwww.tvbuzau.ro%2Fconsiliul-judetean-buzau-participa-la-targul-national-de-turism-al-romaniei%2F&amp;via=TV+Buz%C4%83u\"><\/p>\n<div class=\"td-social-but-text\">Twitter<\/div>\n<p><\/a><\/div>\n<div class=\"td-classic-sharing\">\n<ul>\n<li class=\"td-classic-facebook\"><iframe frameborder src=\"https:\/\/www.facebook.com\/plugins\/like.php?href=https:\/\/www.tvbuzau.ro\/consiliul-judetean-buzau-participa-la-targul-national-de-turism-al-romaniei\/&amp;layout=button_count&amp;show_faces=false&amp;width=105&amp;action=like&amp;colorscheme=light&amp;height=21\"><\/iframe><\/li>\n<li class=\"td-classic-twitter\"><a href=\"https:\/\/twitter.com\/share\" class=\"twitter-share-button\" data-url=\"https:\/\/www.tvbuzau.ro\/consiliul-judetean-buzau-participa-la-targul-national-de-turism-al-romaniei\/\" data-text=\"Consiliul Jude\u021bean Buz\u0103u particip\u0103 la T\u00e2rgul Na\u021bional de Turism al Rom\u00e2niei\" data-via data-lang=\"en\">tweet<\/a><\/li>\n<\/ul>\n<\/div>\n<\/div>\n<div class=\"td-author-name vcard author\"><span class=\"fn\"><a href=\"https:\/\/www.tvbuzau.ro\/author\/mihai-vasilescu\/\">TV Buz\u0103u<\/a><\/span><\/div>\n<p><span><\/span><span><span><\/span><\/span><span><\/span><\/footer>\n<\/article>\n<div class=\"td_block_wrap td_block_related_posts td_uid_1_698f3a29799d7_rand td_with_ajax_pagination td-pb-border-top\" data-td-block-uid=\"td_uid_1_698f3a29799d7\">\n<h4 class=\"td-related-title\"><a id=\"td_uid_2_698f3a297f715\" class=\"td-related-left td-cur-simple-item\" data-td_filter_value data-td_block_id=\"td_uid_1_698f3a29799d7\" href=\"https:\/\/www.tvbuzau.ro\/consiliul-judetean-buzau-participa-la-targul-national-de-turism-al-romaniei\/\">ARTICOLE SIMILARE<\/a><a id=\"td_uid_3_698f3a297f750\" class=\"td-related-right\" data-td_filter_value=\"td_related_more_from_author\" data-td_block_id=\"td_uid_1_698f3a29799d7\" href=\"https:\/\/www.tvbuzau.ro\/consiliul-judetean-buzau-participa-la-targul-national-de-turism-al-romaniei\/\">DE LA ACELA\u0218I AUTOR<\/a><\/h4>\n<div id=\"td_uid_1_698f3a29799d7\" class=\"td_block_inner\">\n<div class=\"td-related-row\">\n<div class=\"td-related-span4\">\n<div class=\"td_module_related_posts td-animation-stack td_mod_related_posts\">\n<div class=\"td-module-image\">\n<div class=\"td-module-thumb\"><a href=\"https:\/\/www.tvbuzau.ro\/un-nou-punct-de-lucru-al-isu-la-berca\/\" rel=\"bookmark\" title=\"Un nou punct de lucru al ISU la Berca\"><img loading=\"lazy\" decoding=\"async\" width=\"218\" height=\"150\" class=\"entry-thumb\" src=\"https:\/\/www.tvbuzau.ro\/wp-content\/uploads\/2026\/02\/hqdefault-19-218x150.jpg\" alt title=\"Un nou punct de lucru al ISU la Berca\"><span class=\"td-video-play-ico\"><img loading=\"lazy\" decoding=\"async\" width=\"40\" height=\"40\" class=\"td-retina\" src=\"https:\/\/www.tvbuzau.ro\/wp-content\/themes\/Newspaper\/images\/icons\/ico-video-large.png\" alt=\"video\"><\/span><\/a><\/div>\n<p><a href=\"https:\/\/www.tvbuzau.ro\/category\/actualitate\/\" class=\"td-post-category\">Actualitate<\/a><\/div>\n<div class=\"item-details\">\n<h3 class=\"entry-title td-module-title\"><a href=\"https:\/\/www.tvbuzau.ro\/un-nou-punct-de-lucru-al-isu-la-berca\/\" rel=\"bookmark\" title=\"Un nou punct de lucru al ISU la Berca\">Un nou punct de lucru al ISU la Berca<\/a><\/h3>\n<\/div>\n<\/div>\n<\/div>\n<div class=\"td-related-span4\">\n<div class=\"td_module_related_posts td-animation-stack td_mod_related_posts\">\n<div class=\"td-module-image\">\n<div class=\"td-module-thumb\"><a href=\"https:\/\/www.tvbuzau.ro\/keeping-the-exhibition-alive-editia-a-viii-a\/\" rel=\"bookmark\" title=\"\u201eKeeping the Exhibition Alive\u201d, edi\u021bia a VIII-a\"><img loading=\"lazy\" decoding=\"async\" width=\"218\" height=\"150\" class=\"entry-thumb\" src=\"https:\/\/www.tvbuzau.ro\/wp-content\/uploads\/2026\/02\/hqdefault-18-218x150.jpg\" alt title=\"\u201eKeeping the Exhibition Alive\u201d, edi\u021bia a VIII-a\"><span class=\"td-video-play-ico\"><img loading=\"lazy\" decoding=\"async\" width=\"40\" height=\"40\" class=\"td-retina\" src=\"https:\/\/www.tvbuzau.ro\/wp-content\/themes\/Newspaper\/images\/icons\/ico-video-large.png\" alt=\"video\"><\/span><\/a><\/div>\n<p><a href=\"https:\/\/www.tvbuzau.ro\/category\/actualitate\/\" class=\"td-post-category\">Actualitate<\/a><\/div>\n<div class=\"item-details\">\n<h3 class=\"entry-title td-module-title\"><a href=\"https:\/\/www.tvbuzau.ro\/keeping-the-exhibition-alive-editia-a-viii-a\/\" rel=\"bookmark\" title=\"\u201eKeeping the Exhibition Alive\u201d, edi\u021bia a VIII-a\">\u201eKeeping the Exhibition Alive\u201d, edi\u021bia a VIII-a<\/a><\/h3>\n<\/div>\n<\/div>\n<\/div>\n<div class=\"td-related-span4\">\n<div class=\"td_module_related_posts td-animation-stack td_mod_related_posts\">\n<div class=\"td-module-image\">\n<div class=\"td-module-thumb\"><a href=\"https:\/\/www.tvbuzau.ro\/a-crescut-rata-de-imbolnavire-in-cazul-pacientilor-cu-cancer\/\" rel=\"bookmark\" title=\"A crescut rata de \u00eemboln\u0103vire \u00een cazul pacien\u0163ilor cu cancer\"><img loading=\"lazy\" decoding=\"async\" width=\"218\" height=\"150\" class=\"entry-thumb\" src=\"https:\/\/www.tvbuzau.ro\/wp-content\/uploads\/2026\/02\/sddefault-30-218x150.jpg\" alt title=\"A crescut rata de \u00eemboln\u0103vire \u00een cazul pacien\u0163ilor cu cancer\"><span class=\"td-video-play-ico\"><img loading=\"lazy\" decoding=\"async\" width=\"40\" height=\"40\" class=\"td-retina\" src=\"https:\/\/www.tvbuzau.ro\/wp-content\/themes\/Newspaper\/images\/icons\/ico-video-large.png\" alt=\"video\"><\/span><\/a><\/div>\n<p><a href=\"https:\/\/www.tvbuzau.ro\/category\/actualitate\/\" class=\"td-post-category\">Actualitate<\/a><\/div>\n<div class=\"item-details\">\n<h3 class=\"entry-title td-module-title\"><a href=\"https:\/\/www.tvbuzau.ro\/a-crescut-rata-de-imbolnavire-in-cazul-pacientilor-cu-cancer\/\" rel=\"bookmark\" title=\"A crescut rata de \u00eemboln\u0103vire \u00een cazul pacien\u0163ilor cu cancer\">A crescut rata de \u00eemboln\u0103vire \u00een cazul pacien\u0163ilor cu cancer<\/a><\/h3>\n<\/div>\n<\/div>\n<\/div>\n<\/div>\n<div class=\"td-related-row\">\n<div class=\"td-related-span4\">\n<div class=\"td_module_related_posts td-animation-stack td_mod_related_posts\">\n<div class=\"td-module-image\">\n<div class=\"td-module-thumb\"><a href=\"https:\/\/www.tvbuzau.ro\/se-reiau-lucrarile-la-canalul-siret-baragan\/\" rel=\"bookmark\" title=\"Se reiau lucr\u0103rile la Canalul Siret-B\u0103r\u0103gan\"><img loading=\"lazy\" decoding=\"async\" width=\"218\" height=\"150\" class=\"entry-thumb\" src=\"https:\/\/www.tvbuzau.ro\/wp-content\/uploads\/2026\/02\/sddefault-29-218x150.jpg\" alt title=\"Se reiau lucr\u0103rile la Canalul Siret-B\u0103r\u0103gan\"><span class=\"td-video-play-ico\"><img loading=\"lazy\" decoding=\"async\" width=\"40\" height=\"40\" class=\"td-retina\" src=\"https:\/\/www.tvbuzau.ro\/wp-content\/themes\/Newspaper\/images\/icons\/ico-video-large.png\" alt=\"video\"><\/span><\/a><\/div>\n<p><a href=\"https:\/\/www.tvbuzau.ro\/category\/actualitate\/\" class=\"td-post-category\">Actualitate<\/a><\/div>\n<div class=\"item-details\">\n<h3 class=\"entry-title td-module-title\"><a href=\"https:\/\/www.tvbuzau.ro\/se-reiau-lucrarile-la-canalul-siret-baragan\/\" rel=\"bookmark\" title=\"Se reiau lucr\u0103rile la Canalul Siret-B\u0103r\u0103gan\">Se reiau lucr\u0103rile la Canalul Siret-B\u0103r\u0103gan<\/a><\/h3>\n<\/div>\n<\/div>\n<\/div>\n<div class=\"td-related-span4\">\n<div class=\"td_module_related_posts td-animation-stack td_mod_related_posts\">\n<div class=\"td-module-image\">\n<div class=\"td-module-thumb\"><a href=\"https:\/\/www.tvbuzau.ro\/sistemul-anti-grindina-pe-masa-csat\/\" rel=\"bookmark\" title=\"Sistemul anti-grindin\u0103 pe masa CSAT\"><img loading=\"lazy\" decoding=\"async\" width=\"218\" height=\"150\" class=\"entry-thumb\" src=\"https:\/\/www.tvbuzau.ro\/wp-content\/uploads\/2026\/02\/sddefault-28-218x150.jpg\" alt title=\"Sistemul anti-grindin\u0103 pe masa CSAT\"><span class=\"td-video-play-ico\"><img loading=\"lazy\" decoding=\"async\" width=\"40\" height=\"40\" class=\"td-retina\" src=\"https:\/\/www.tvbuzau.ro\/wp-content\/themes\/Newspaper\/images\/icons\/ico-video-large.png\" alt=\"video\"><\/span><\/a><\/div>\n<p><a href=\"https:\/\/www.tvbuzau.ro\/category\/actualitate\/\" class=\"td-post-category\">Actualitate<\/a><\/div>\n<div class=\"item-details\">\n<h3 class=\"entry-title td-module-title\"><a href=\"https:\/\/www.tvbuzau.ro\/sistemul-anti-grindina-pe-masa-csat\/\" rel=\"bookmark\" title=\"Sistemul anti-grindin\u0103 pe masa CSAT\">Sistemul anti-grindin\u0103 pe masa CSAT<\/a><\/h3>\n<\/div>\n<\/div>\n<\/div>\n<div class=\"td-related-span4\">\n<div class=\"td_module_related_posts td-animation-stack td_mod_related_posts\">\n<div class=\"td-module-image\">\n<div class=\"td-module-thumb\"><a href=\"https:\/\/www.tvbuzau.ro\/cum-arata-drumurile-nationale-dupa-ploaie-si-zapada\/\" rel=\"bookmark\" title=\"Cum arat\u0103 drumurile na\u0163ionale dup\u0103 ploaie \u015fi z\u0103pad\u0103\"><img loading=\"lazy\" decoding=\"async\" width=\"218\" height=\"150\" class=\"entry-thumb\" src=\"https:\/\/www.tvbuzau.ro\/wp-content\/uploads\/2026\/02\/hqdefault-17-218x150.jpg\" alt title=\"Cum arat\u0103 drumurile na\u0163ionale dup\u0103 ploaie \u015fi z\u0103pad\u0103\"><span class=\"td-video-play-ico\"><img loading=\"lazy\" decoding=\"async\" width=\"40\" height=\"40\" class=\"td-retina\" src=\"https:\/\/www.tvbuzau.ro\/wp-content\/themes\/Newspaper\/images\/icons\/ico-video-large.png\" alt=\"video\"><\/span><\/a><\/div>\n<p><a href=\"https:\/\/www.tvbuzau.ro\/category\/actualitate\/\" class=\"td-post-category\">Actualitate<\/a><\/div>\n<div class=\"item-details\">\n<h3 class=\"entry-title td-module-title\"><a href=\"https:\/\/www.tvbuzau.ro\/cum-arata-drumurile-nationale-dupa-ploaie-si-zapada\/\" rel=\"bookmark\" title=\"Cum arat\u0103 drumurile na\u0163ionale dup\u0103 ploaie \u015fi z\u0103pad\u0103\">Cum arat\u0103 drumurile na\u0163ionale dup\u0103 ploaie \u015fi z\u0103pad\u0103<\/a><\/h3>\n<\/div>\n<\/div>\n<\/div>\n<\/div>\n<\/div>\n<\/div>\n<div class=\"comments\" id=\"comments\">\n<div id=\"respond\" class=\"comment-respond\">\n<h3 id=\"reply-title\" class=\"comment-reply-title\">L\u0102SA\u021aI UN MESAJ <small><a rel=\"nofollow\" id=\"cancel-comment-reply-link\" href=\"https:\/\/www.tvbuzau.ro\/consiliul-judetean-buzau-participa-la-targul-national-de-turism-al-romaniei\/#respond\">Renun\u021ba\u021bi la r\u0103spuns<\/a><\/small><\/h3>\n<\/div>\n<\/div>\n<\/div>\n<div class=\"td-post-content\">\n<div class=\"td-featured-image-rec\">\n<div class=\"wpb_video_wrapper\">\n                    <iframe loading=\"lazy\" id=\"td_youtube_player\" width=\"600\" height=\"560\" src=\"https:\/\/www.youtube.com\/embed\/ZGEhlD58Bcc?enablejsapi=1&amp;feature=oembed&amp;wmode=opaque&amp;vq=hd720\" frameborder allowfullscreen><\/iframe><\/p><\/div>\n<\/div>\n<p>Sub sloganul \u201eVisit Buz\u0103u\u201d<br \/>\n\u00cen perioada 12-15 februarie 2026, Consiliul Jude\u021bean Buz\u0103u va fi prezent cu stand propriu la T\u00e2rgul de Turism al Rom\u00e2niei \u2013 edi\u021bia de prim\u0103var\u0103 2026, ce se va desf\u0103\u0219ura la Centrul Expozi\u021bional ROMEXPO \u2013 Bucure\u0219ti.<\/p>\n<p>\u201dBuz\u0103ul trebuie privit \u0219i tratat ca o destina\u021bie turistic\u0103, nu ca un jude\u021b de tranzit. Avem zone naturale spectaculoase, sta\u021biuni balneare cu tradi\u021bie, produse locale recunoscute \u0219i un poten\u021bial viticol important, care pot sus\u021bine un turism constant, pe tot parcursul anului. \u00cen perioada urm\u0103toare, Consiliul Jude\u021bean Buz\u0103u va pune un accent tot mai mare pe dezvoltarea turismului, at\u00e2t prin promovare, c\u00e2t \u0219i prin investi\u021bii \u0219i parteneriate cu mediul local. Participarea la T\u00e2rgul de Turism al Rom\u00e2niei se \u00eenscrie \u00een aceast\u0103 direc\u021bie clar\u0103 de a face din Buz\u0103u un jude\u021b \u00een care oamenii vin cu un scop \u0219i r\u0103m\u00e2n pentru experien\u021be.\u201d, a declarat Marcel Ciolacu, pre\u0219edintele Consiliului Jude\u021bean Buz\u0103u.<br \/>\nSub sloganul \u201eVisit Buz\u0103u\u201d, echipa Consiliului Jude\u021bean Buz\u0103u va promova diversitatea ofertei turistice a jude\u021bului, invit\u00e2nd vizitatorii s\u0103 descopere \u0219i s\u0103 experimenteze frumuse\u021bea Buz\u0103ului. <\/p>\n<p>\u201cLa standul jude\u021bului Buz\u0103u vor avea loc degust\u0103ri de produse tradi\u021bionale buzoiene, organizate \u00een colaborare cu produc\u0103torii locali. Apreciate pentru gustul lor autentic \u0219i intens, vor putea fi savurate: c\u00e2rna\u021bi de Ple\u0219coi, covrigi de Buz\u0103u, ghiudem, babic \u0219i alte specialit\u0103\u021bi locale. De asemenea, publicul va fi invitat \u00eentr-o c\u0103l\u0103torie a gustului \u00een lumea vinurilor buzoiene. \u00cempreun\u0103 cu produc\u0103torii locali, vor fi organizate degust\u0103ri de vinuri care vor impresiona chiar \u0219i cele mai rafinate papile gustative \u0219i vor dezv\u0103lui povestea vinului buzoian din Dealul Mare\u201d, anun\u0163\u0103 Consiliul Jude\u0163ean.<\/p>\n<p>Nu vor lipsi nici momentele artistice \u0219i dansurile tradi\u021bionale din zona noastr\u0103. Centrul Jude\u021bean de Cultur\u0103 \u0219i Art\u0103 este al\u0103turi de Consiliul Jude\u021bean Buz\u0103u prin participarea Ansamblului folcloric Plaiurile Miori\u021bei, care va sus\u021bine un moment artistic s\u00e2mb\u0103t\u0103 pe scena principal\u0103 a T\u00e2rgului de turism, spectacol ce st\u00e2rne\u0219te de fiecare dat\u0103 interesul \u0219i curiozitatea publicului.<br \/>\nTotodat\u0103, vizitatorii vor avea ocazia s\u0103 afle mai multe despre jude\u021bul Buz\u0103u ca destina\u021bie turistic\u0103 de la invita\u021bi \u0219i reprezentan\u021bi ai Centrului Na\u021bional de Promovare Turistic\u0103 Nehoiu, InfoTurism Buz\u0103u, Green Adventure, Mares Outdoor Events, Paddle X.<br \/>\nStandul Consiliului Jude\u021bean Buz\u0103u va putea fi vizitat \u00een Pavilionul B2 din incinta Romexpo.<\/p>\n<div class=\"post-views post-118050 entry-meta\"><span class=\"post-views-label\">Post Views: <\/span><span class=\"post-views-count\">130<\/span><\/div>\n<\/div>\n<p>[analyse_source url=&#8221;https:\/\/www.tvbuzau.ro\/consiliul-judetean-buzau-participa-la-targul-national-de-turism-al-romaniei\/&#8221;]<\/p>\n","protected":false},"excerpt":{"rendered":"<p>[analyse_image type=&#8221;featured&#8221; src=&#8221;https:\/\/www.tvbuzau.ro\/wp-content\/uploads\/2026\/02\/hqdefault-16.jpghttps:\/\/www.tvbuzau.ro\/wp-content\/uploads\/2026\/02\/hqdefault-16.jpg&#8221;] Actualitate Consiliul Jude\u021bean Buz\u0103u particip\u0103 la T\u00e2rgul Na\u021bional de Turism al Rom\u00e2niei De c\u0103tre TV Buz\u0103u &#8211; februarie 11, 2026 0 3 Distribui\u021bi pe Facebook Distribui\u021bi pe Twitter tweet Sub sloganul \u201eVisit Buz\u0103u\u201d \u00cen perioada 12-15 februarie 2026, Consiliul Jude\u021bean Buz\u0103u va fi prezent cu stand propriu la T\u00e2rgul de Turism al [&hellip;]<\/p>\n","protected":false},"author":1,"featured_media":0,"comment_status":"open","ping_status":"","sticky":false,"template":"","format":"standard","meta":{"footnotes":""},"categories":[2],"tags":[226,116],"class_list":["post-1766751","post","type-post","status-publish","format-standard","hentry","category-politics","tag-crawlmanager","tag-tvbuzau-ro"],"_links":{"self":[{"href":"https:\/\/analyse.optim.biz\/index.php?rest_route=\/wp\/v2\/posts\/1766751","targetHints":{"allow":["GET"]}}],"collection":[{"href":"https:\/\/analyse.optim.biz\/index.php?rest_route=\/wp\/v2\/posts"}],"about":[{"href":"https:\/\/analyse.optim.biz\/index.php?rest_route=\/wp\/v2\/types\/post"}],"author":[{"embeddable":true,"href":"https:\/\/analyse.optim.biz\/index.php?rest_route=\/wp\/v2\/users\/1"}],"replies":[{"embeddable":true,"href":"https:\/\/analyse.optim.biz\/index.php?rest_route=%2Fwp%2Fv2%2Fcomments&post=1766751"}],"version-history":[{"count":0,"href":"https:\/\/analyse.optim.biz\/index.php?rest_route=\/wp\/v2\/posts\/1766751\/revisions"}],"wp:attachment":[{"href":"https:\/\/analyse.optim.biz\/index.php?rest_route=%2Fwp%2Fv2%2Fmedia&parent=1766751"}],"wp:term":[{"taxonomy":"category","embeddable":true,"href":"https:\/\/analyse.optim.biz\/index.php?rest_route=%2Fwp%2Fv2%2Fcategories&post=1766751"},{"taxonomy":"post_tag","embeddable":true,"href":"https:\/\/analyse.optim.biz\/index.php?rest_route=%2Fwp%2Fv2%2Ftags&post=1766751"}],"curies":[{"name":"wp","href":"https:\/\/api.w.org\/{rel}","templated":true}]}}