{"id":1766739,"date":"2026-02-12T20:07:54","date_gmt":"2026-02-12T17:07:54","guid":{"rendered":"https:\/\/analyse.optim.biz\/?p=1766739"},"modified":"2026-02-12T20:07:54","modified_gmt":"2026-02-12T17:07:54","slug":"se-reiau-lucrarile-la-canalul-siret-baragan","status":"publish","type":"post","link":"https:\/\/analyse.optim.biz\/?p=1766739","title":{"rendered":"Se reiau lucr\u0103rile la Canalul Siret-B\u0103r\u0103gan"},"content":{"rendered":"<p>[analyse_image type=&#8221;featured&#8221; src=&#8221;https:\/\/www.tvbuzau.ro\/wp-content\/uploads\/2026\/02\/sddefault-29.jpghttps:\/\/www.tvbuzau.ro\/wp-content\/uploads\/2026\/02\/sddefault-29.jpg&#8221;]<\/p>\n<div class=\"td-ss-main-content\">\n<article id=\"post-118074\" class=\"post-118074 post type-post status-publish format-video has-post-thumbnail hentry category-actualitate post_format-post-format-video\">\n<div class=\"td-post-header\">\n<ul class=\"td-category\">\n<li class=\"entry-category\"><a href=\"https:\/\/www.tvbuzau.ro\/category\/actualitate\/\">Actualitate<\/a><\/li>\n<\/ul>\n<header class=\"td-post-title\">\n<h1 class=\"entry-title\">Se reiau lucr\u0103rile la Canalul Siret-B\u0103r\u0103gan<\/h1>\n<div class=\"td-module-meta-info\">\n<div class=\"td-post-author-name\">De c\u0103tre <a href=\"https:\/\/www.tvbuzau.ro\/author\/mihai-vasilescu\/\">TV Buz\u0103u<\/a> &#8211; <\/div>\n<p><span class=\"td-post-date\"><time class=\"entry-date updated td-module-date\" datetime=\"2026-02-12T20:07:54+00:00\">februarie 12, 2026<\/time><\/span><\/p>\n<div class=\"td-post-comments\"><a href=\"https:\/\/www.tvbuzau.ro\/se-reiau-lucrarile-la-canalul-siret-baragan\/#respond\">0<\/a><\/div>\n<div class=\"td-post-views\"><span class=\"td-nr-views-118074\">3<\/span><\/div>\n<\/div>\n<\/header>\n<\/div>\n<div class=\"td-post-sharing td-post-sharing-top td-with-like\">\n<div class=\"td-default-sharing\"><a class=\"td-social-sharing-buttons td-social-facebook\" href=\"http:\/\/www.facebook.com\/sharer.php?u=https%3A%2F%2Fwww.tvbuzau.ro%2Fse-reiau-lucrarile-la-canalul-siret-baragan%2F\"><\/p>\n<div class=\"td-social-but-text\">Distribui\u021bi pe Facebook<\/div>\n<p><\/a><a class=\"td-social-sharing-buttons td-social-twitter\" href=\"https:\/\/twitter.com\/intent\/tweet?text=Se+reiau+lucr%C4%83rile+la+Canalul+Siret-B%C4%83r%C4%83gan&amp;url=https%3A%2F%2Fwww.tvbuzau.ro%2Fse-reiau-lucrarile-la-canalul-siret-baragan%2F&amp;via=TV+Buz%C4%83u\"><\/p>\n<div class=\"td-social-but-text\">Distribui\u021bi pe Twitter<\/div>\n<p><\/a><\/div>\n<div class=\"td-classic-sharing\">\n<ul>\n<li class=\"td-classic-facebook\"><iframe frameborder src=\"https:\/\/www.facebook.com\/plugins\/like.php?href=https:\/\/www.tvbuzau.ro\/se-reiau-lucrarile-la-canalul-siret-baragan\/&amp;layout=button_count&amp;show_faces=false&amp;width=105&amp;action=like&amp;colorscheme=light&amp;height=21\"><\/iframe><\/li>\n<li class=\"td-classic-twitter\"><a href=\"https:\/\/twitter.com\/share\" class=\"twitter-share-button\" data-url=\"https:\/\/www.tvbuzau.ro\/se-reiau-lucrarile-la-canalul-siret-baragan\/\" data-text=\"Se reiau lucr\u0103rile la Canalul Siret-B\u0103r\u0103gan\" data-via data-lang=\"en\">tweet<\/a><\/li>\n<\/ul>\n<\/div>\n<\/div>\n<div class=\"td-post-content\">\n<div class=\"td-featured-image-rec\">\n<div class=\"wpb_video_wrapper\">\n                    <iframe loading=\"lazy\" id=\"td_youtube_player\" width=\"600\" height=\"560\" src=\"https:\/\/www.youtube.com\/embed\/c60_QeFeHMM?enablejsapi=1&amp;feature=oembed&amp;wmode=opaque&amp;vq=hd720\" frameborder allowfullscreen><\/iframe><\/p><\/div>\n<\/div>\n<p>\u00cen maxim dou\u0103 luni \u00eencep lucr\u0103rile, a anun\u0163at ministrul Agriculturii<br \/>\nLa finalul unei \u00eent\u00e2lniri pe care a avut-o cu Marcel Ciolacu, pre\u015fedintele Consiliului Jude\u0163ean Buz\u0103u,  ministrul Agriculturii a anun\u0163at c\u0103 vor fi reluate lucr\u0103rile la Canalul de iriga\u0163ii Siret-B\u0103r\u0103gan.<br \/>\nPotrivit ministrului Florin Barbu, exist\u0103 resursele necesare realiz\u0103rii proiectului de iriga\u0163ii.<br \/>\nCanalul Siret B\u0103r\u0103gan ar urma s\u0103 asigure necesarul de ap\u0103 pentru iriga\u0163ii pe timp de secet\u0103.<\/p>\n<div class=\"post-views post-118074 entry-meta\"><span class=\"post-views-label\">Post Views: <\/span><span class=\"post-views-count\">81<\/span><\/div>\n<\/div>\n<footer>\n<div class=\"td-post-sharing td-post-sharing-bottom td-with-like\"><span class=\"td-post-share-title\">DISTRIBUI\u021aI<\/span><\/p>\n<div class=\"td-default-sharing\"><a class=\"td-social-sharing-buttons td-social-facebook\" href=\"http:\/\/www.facebook.com\/sharer.php?u=https%3A%2F%2Fwww.tvbuzau.ro%2Fse-reiau-lucrarile-la-canalul-siret-baragan%2F\"><\/p>\n<div class=\"td-social-but-text\">Facebook<\/div>\n<p><\/a><a class=\"td-social-sharing-buttons td-social-twitter\" href=\"https:\/\/twitter.com\/intent\/tweet?text=Se+reiau+lucr%C4%83rile+la+Canalul+Siret-B%C4%83r%C4%83gan&amp;url=https%3A%2F%2Fwww.tvbuzau.ro%2Fse-reiau-lucrarile-la-canalul-siret-baragan%2F&amp;via=TV+Buz%C4%83u\"><\/p>\n<div class=\"td-social-but-text\">Twitter<\/div>\n<p><\/a><\/div>\n<div class=\"td-classic-sharing\">\n<ul>\n<li class=\"td-classic-facebook\"><iframe frameborder src=\"https:\/\/www.facebook.com\/plugins\/like.php?href=https:\/\/www.tvbuzau.ro\/se-reiau-lucrarile-la-canalul-siret-baragan\/&amp;layout=button_count&amp;show_faces=false&amp;width=105&amp;action=like&amp;colorscheme=light&amp;height=21\"><\/iframe><\/li>\n<li class=\"td-classic-twitter\"><a href=\"https:\/\/twitter.com\/share\" class=\"twitter-share-button\" data-url=\"https:\/\/www.tvbuzau.ro\/se-reiau-lucrarile-la-canalul-siret-baragan\/\" data-text=\"Se reiau lucr\u0103rile la Canalul Siret-B\u0103r\u0103gan\" data-via data-lang=\"en\">tweet<\/a><\/li>\n<\/ul>\n<\/div>\n<\/div>\n<div class=\"td-author-name vcard author\"><span class=\"fn\"><a href=\"https:\/\/www.tvbuzau.ro\/author\/mihai-vasilescu\/\">TV Buz\u0103u<\/a><\/span><\/div>\n<p><span><\/span><span><span><\/span><\/span><span><\/span><\/footer>\n<\/article>\n<div class=\"td_block_wrap td_block_related_posts td_uid_1_698f39addaa0c_rand td_with_ajax_pagination td-pb-border-top\" data-td-block-uid=\"td_uid_1_698f39addaa0c\">\n<h4 class=\"td-related-title\"><a id=\"td_uid_2_698f39ade04b3\" class=\"td-related-left td-cur-simple-item\" data-td_filter_value data-td_block_id=\"td_uid_1_698f39addaa0c\" href=\"https:\/\/www.tvbuzau.ro\/se-reiau-lucrarile-la-canalul-siret-baragan\/\">ARTICOLE SIMILARE<\/a><a id=\"td_uid_3_698f39ade04eb\" class=\"td-related-right\" data-td_filter_value=\"td_related_more_from_author\" data-td_block_id=\"td_uid_1_698f39addaa0c\" href=\"https:\/\/www.tvbuzau.ro\/se-reiau-lucrarile-la-canalul-siret-baragan\/\">DE LA ACELA\u0218I AUTOR<\/a><\/h4>\n<div id=\"td_uid_1_698f39addaa0c\" class=\"td_block_inner\">\n<div class=\"td-related-row\">\n<div class=\"td-related-span4\">\n<div class=\"td_module_related_posts td-animation-stack td_mod_related_posts\">\n<div class=\"td-module-image\">\n<div class=\"td-module-thumb\"><a href=\"https:\/\/www.tvbuzau.ro\/un-nou-punct-de-lucru-al-isu-la-berca\/\" rel=\"bookmark\" title=\"Un nou punct de lucru al ISU la Berca\"><img loading=\"lazy\" decoding=\"async\" width=\"218\" height=\"150\" class=\"entry-thumb\" src=\"https:\/\/www.tvbuzau.ro\/wp-content\/uploads\/2026\/02\/hqdefault-19-218x150.jpg\" alt title=\"Un nou punct de lucru al ISU la Berca\"><span class=\"td-video-play-ico\"><img loading=\"lazy\" decoding=\"async\" width=\"40\" height=\"40\" class=\"td-retina\" src=\"https:\/\/www.tvbuzau.ro\/wp-content\/themes\/Newspaper\/images\/icons\/ico-video-large.png\" alt=\"video\"><\/span><\/a><\/div>\n<p><a href=\"https:\/\/www.tvbuzau.ro\/category\/actualitate\/\" class=\"td-post-category\">Actualitate<\/a><\/div>\n<div class=\"item-details\">\n<h3 class=\"entry-title td-module-title\"><a href=\"https:\/\/www.tvbuzau.ro\/un-nou-punct-de-lucru-al-isu-la-berca\/\" rel=\"bookmark\" title=\"Un nou punct de lucru al ISU la Berca\">Un nou punct de lucru al ISU la Berca<\/a><\/h3>\n<\/div>\n<\/div>\n<\/div>\n<div class=\"td-related-span4\">\n<div class=\"td_module_related_posts td-animation-stack td_mod_related_posts\">\n<div class=\"td-module-image\">\n<div class=\"td-module-thumb\"><a href=\"https:\/\/www.tvbuzau.ro\/keeping-the-exhibition-alive-editia-a-viii-a\/\" rel=\"bookmark\" title=\"\u201eKeeping the Exhibition Alive\u201d, edi\u021bia a VIII-a\"><img loading=\"lazy\" decoding=\"async\" width=\"218\" height=\"150\" class=\"entry-thumb\" src=\"https:\/\/www.tvbuzau.ro\/wp-content\/uploads\/2026\/02\/hqdefault-18-218x150.jpg\" alt title=\"\u201eKeeping the Exhibition Alive\u201d, edi\u021bia a VIII-a\"><span class=\"td-video-play-ico\"><img loading=\"lazy\" decoding=\"async\" width=\"40\" height=\"40\" class=\"td-retina\" src=\"https:\/\/www.tvbuzau.ro\/wp-content\/themes\/Newspaper\/images\/icons\/ico-video-large.png\" alt=\"video\"><\/span><\/a><\/div>\n<p><a href=\"https:\/\/www.tvbuzau.ro\/category\/actualitate\/\" class=\"td-post-category\">Actualitate<\/a><\/div>\n<div class=\"item-details\">\n<h3 class=\"entry-title td-module-title\"><a href=\"https:\/\/www.tvbuzau.ro\/keeping-the-exhibition-alive-editia-a-viii-a\/\" rel=\"bookmark\" title=\"\u201eKeeping the Exhibition Alive\u201d, edi\u021bia a VIII-a\">\u201eKeeping the Exhibition Alive\u201d, edi\u021bia a VIII-a<\/a><\/h3>\n<\/div>\n<\/div>\n<\/div>\n<div class=\"td-related-span4\">\n<div class=\"td_module_related_posts td-animation-stack td_mod_related_posts\">\n<div class=\"td-module-image\">\n<div class=\"td-module-thumb\"><a href=\"https:\/\/www.tvbuzau.ro\/a-crescut-rata-de-imbolnavire-in-cazul-pacientilor-cu-cancer\/\" rel=\"bookmark\" title=\"A crescut rata de \u00eemboln\u0103vire \u00een cazul pacien\u0163ilor cu cancer\"><img loading=\"lazy\" decoding=\"async\" width=\"218\" height=\"150\" class=\"entry-thumb\" src=\"https:\/\/www.tvbuzau.ro\/wp-content\/uploads\/2026\/02\/sddefault-30-218x150.jpg\" alt title=\"A crescut rata de \u00eemboln\u0103vire \u00een cazul pacien\u0163ilor cu cancer\"><span class=\"td-video-play-ico\"><img loading=\"lazy\" decoding=\"async\" width=\"40\" height=\"40\" class=\"td-retina\" src=\"https:\/\/www.tvbuzau.ro\/wp-content\/themes\/Newspaper\/images\/icons\/ico-video-large.png\" alt=\"video\"><\/span><\/a><\/div>\n<p><a href=\"https:\/\/www.tvbuzau.ro\/category\/actualitate\/\" class=\"td-post-category\">Actualitate<\/a><\/div>\n<div class=\"item-details\">\n<h3 class=\"entry-title td-module-title\"><a href=\"https:\/\/www.tvbuzau.ro\/a-crescut-rata-de-imbolnavire-in-cazul-pacientilor-cu-cancer\/\" rel=\"bookmark\" title=\"A crescut rata de \u00eemboln\u0103vire \u00een cazul pacien\u0163ilor cu cancer\">A crescut rata de \u00eemboln\u0103vire \u00een cazul pacien\u0163ilor cu cancer<\/a><\/h3>\n<\/div>\n<\/div>\n<\/div>\n<\/div>\n<div class=\"td-related-row\">\n<div class=\"td-related-span4\">\n<div class=\"td_module_related_posts td-animation-stack td_mod_related_posts\">\n<div class=\"td-module-image\">\n<div class=\"td-module-thumb\"><a href=\"https:\/\/www.tvbuzau.ro\/sistemul-anti-grindina-pe-masa-csat\/\" rel=\"bookmark\" title=\"Sistemul anti-grindin\u0103 pe masa CSAT\"><img loading=\"lazy\" decoding=\"async\" width=\"218\" height=\"150\" class=\"entry-thumb\" src=\"https:\/\/www.tvbuzau.ro\/wp-content\/uploads\/2026\/02\/sddefault-28-218x150.jpg\" alt title=\"Sistemul anti-grindin\u0103 pe masa CSAT\"><span class=\"td-video-play-ico\"><img loading=\"lazy\" decoding=\"async\" width=\"40\" height=\"40\" class=\"td-retina\" src=\"https:\/\/www.tvbuzau.ro\/wp-content\/themes\/Newspaper\/images\/icons\/ico-video-large.png\" alt=\"video\"><\/span><\/a><\/div>\n<p><a href=\"https:\/\/www.tvbuzau.ro\/category\/actualitate\/\" class=\"td-post-category\">Actualitate<\/a><\/div>\n<div class=\"item-details\">\n<h3 class=\"entry-title td-module-title\"><a href=\"https:\/\/www.tvbuzau.ro\/sistemul-anti-grindina-pe-masa-csat\/\" rel=\"bookmark\" title=\"Sistemul anti-grindin\u0103 pe masa CSAT\">Sistemul anti-grindin\u0103 pe masa CSAT<\/a><\/h3>\n<\/div>\n<\/div>\n<\/div>\n<div class=\"td-related-span4\">\n<div class=\"td_module_related_posts td-animation-stack td_mod_related_posts\">\n<div class=\"td-module-image\">\n<div class=\"td-module-thumb\"><a href=\"https:\/\/www.tvbuzau.ro\/cum-arata-drumurile-nationale-dupa-ploaie-si-zapada\/\" rel=\"bookmark\" title=\"Cum arat\u0103 drumurile na\u0163ionale dup\u0103 ploaie \u015fi z\u0103pad\u0103\"><img loading=\"lazy\" decoding=\"async\" width=\"218\" height=\"150\" class=\"entry-thumb\" src=\"https:\/\/www.tvbuzau.ro\/wp-content\/uploads\/2026\/02\/hqdefault-17-218x150.jpg\" alt title=\"Cum arat\u0103 drumurile na\u0163ionale dup\u0103 ploaie \u015fi z\u0103pad\u0103\"><span class=\"td-video-play-ico\"><img loading=\"lazy\" decoding=\"async\" width=\"40\" height=\"40\" class=\"td-retina\" src=\"https:\/\/www.tvbuzau.ro\/wp-content\/themes\/Newspaper\/images\/icons\/ico-video-large.png\" alt=\"video\"><\/span><\/a><\/div>\n<p><a href=\"https:\/\/www.tvbuzau.ro\/category\/actualitate\/\" class=\"td-post-category\">Actualitate<\/a><\/div>\n<div class=\"item-details\">\n<h3 class=\"entry-title td-module-title\"><a href=\"https:\/\/www.tvbuzau.ro\/cum-arata-drumurile-nationale-dupa-ploaie-si-zapada\/\" rel=\"bookmark\" title=\"Cum arat\u0103 drumurile na\u0163ionale dup\u0103 ploaie \u015fi z\u0103pad\u0103\">Cum arat\u0103 drumurile na\u0163ionale dup\u0103 ploaie \u015fi z\u0103pad\u0103<\/a><\/h3>\n<\/div>\n<\/div>\n<\/div>\n<div class=\"td-related-span4\">\n<div class=\"td_module_related_posts td-animation-stack td_mod_related_posts\">\n<div class=\"td-module-image\">\n<div class=\"td-module-thumb\"><a href=\"https:\/\/www.tvbuzau.ro\/in-memoriam-alexandru-marghiloman-1854-1925\/\" rel=\"bookmark\" title=\"\u201cIn memoriam Alexandru Marghiloman (1854 \u2013 1925)\u201d\"><img loading=\"lazy\" decoding=\"async\" width=\"218\" height=\"150\" class=\"entry-thumb\" src=\"https:\/\/www.tvbuzau.ro\/wp-content\/uploads\/2026\/02\/sddefault-24-218x150.jpg\" alt title=\"\u201cIn memoriam Alexandru Marghiloman (1854 \u2013 1925)\u201d\"><span class=\"td-video-play-ico\"><img loading=\"lazy\" decoding=\"async\" width=\"40\" height=\"40\" class=\"td-retina\" src=\"https:\/\/www.tvbuzau.ro\/wp-content\/themes\/Newspaper\/images\/icons\/ico-video-large.png\" alt=\"video\"><\/span><\/a><\/div>\n<p><a href=\"https:\/\/www.tvbuzau.ro\/category\/actualitate\/\" class=\"td-post-category\">Actualitate<\/a><\/div>\n<div class=\"item-details\">\n<h3 class=\"entry-title td-module-title\"><a href=\"https:\/\/www.tvbuzau.ro\/in-memoriam-alexandru-marghiloman-1854-1925\/\" rel=\"bookmark\" title=\"\u201cIn memoriam Alexandru Marghiloman (1854 \u2013 1925)\u201d\">\u201cIn memoriam Alexandru Marghiloman (1854 \u2013 1925)\u201d<\/a><\/h3>\n<\/div>\n<\/div>\n<\/div>\n<\/div>\n<\/div>\n<\/div>\n<div class=\"comments\" id=\"comments\">\n<div id=\"respond\" class=\"comment-respond\">\n<h3 id=\"reply-title\" class=\"comment-reply-title\">L\u0102SA\u021aI UN MESAJ <small><a rel=\"nofollow\" id=\"cancel-comment-reply-link\" href=\"https:\/\/www.tvbuzau.ro\/se-reiau-lucrarile-la-canalul-siret-baragan\/#respond\">Renun\u021ba\u021bi la r\u0103spuns<\/a><\/small><\/h3>\n<\/div>\n<\/div>\n<\/div>\n<div class=\"td-post-content\">\n<div class=\"td-featured-image-rec\">\n<div class=\"wpb_video_wrapper\">\n                    <iframe loading=\"lazy\" id=\"td_youtube_player\" width=\"600\" height=\"560\" src=\"https:\/\/www.youtube.com\/embed\/c60_QeFeHMM?enablejsapi=1&amp;feature=oembed&amp;wmode=opaque&amp;vq=hd720\" frameborder allowfullscreen><\/iframe><\/p><\/div>\n<\/div>\n<p>\u00cen maxim dou\u0103 luni \u00eencep lucr\u0103rile, a anun\u0163at ministrul Agriculturii<br \/>\nLa finalul unei \u00eent\u00e2lniri pe care a avut-o cu Marcel Ciolacu, pre\u015fedintele Consiliului Jude\u0163ean Buz\u0103u,  ministrul Agriculturii a anun\u0163at c\u0103 vor fi reluate lucr\u0103rile la Canalul de iriga\u0163ii Siret-B\u0103r\u0103gan.<br \/>\nPotrivit ministrului Florin Barbu, exist\u0103 resursele necesare realiz\u0103rii proiectului de iriga\u0163ii.<br \/>\nCanalul Siret B\u0103r\u0103gan ar urma s\u0103 asigure necesarul de ap\u0103 pentru iriga\u0163ii pe timp de secet\u0103.<\/p>\n<div class=\"post-views post-118074 entry-meta\"><span class=\"post-views-label\">Post Views: <\/span><span class=\"post-views-count\">81<\/span><\/div>\n<\/div>\n<p>[analyse_source url=&#8221;https:\/\/www.tvbuzau.ro\/se-reiau-lucrarile-la-canalul-siret-baragan\/&#8221;]<\/p>\n","protected":false},"excerpt":{"rendered":"<p>[analyse_image type=&#8221;featured&#8221; src=&#8221;https:\/\/www.tvbuzau.ro\/wp-content\/uploads\/2026\/02\/sddefault-29.jpghttps:\/\/www.tvbuzau.ro\/wp-content\/uploads\/2026\/02\/sddefault-29.jpg&#8221;] Actualitate Se reiau lucr\u0103rile la Canalul Siret-B\u0103r\u0103gan De c\u0103tre TV Buz\u0103u &#8211; februarie 12, 2026 0 3 Distribui\u021bi pe Facebook Distribui\u021bi pe Twitter tweet \u00cen maxim dou\u0103 luni \u00eencep lucr\u0103rile, a anun\u0163at ministrul Agriculturii La finalul unei \u00eent\u00e2lniri pe care a avut-o cu Marcel Ciolacu, pre\u015fedintele Consiliului Jude\u0163ean Buz\u0103u, ministrul Agriculturii a [&hellip;]<\/p>\n","protected":false},"author":1,"featured_media":0,"comment_status":"open","ping_status":"","sticky":false,"template":"","format":"standard","meta":{"footnotes":""},"categories":[2],"tags":[226,116],"class_list":["post-1766739","post","type-post","status-publish","format-standard","hentry","category-politics","tag-crawlmanager","tag-tvbuzau-ro"],"_links":{"self":[{"href":"https:\/\/analyse.optim.biz\/index.php?rest_route=\/wp\/v2\/posts\/1766739","targetHints":{"allow":["GET"]}}],"collection":[{"href":"https:\/\/analyse.optim.biz\/index.php?rest_route=\/wp\/v2\/posts"}],"about":[{"href":"https:\/\/analyse.optim.biz\/index.php?rest_route=\/wp\/v2\/types\/post"}],"author":[{"embeddable":true,"href":"https:\/\/analyse.optim.biz\/index.php?rest_route=\/wp\/v2\/users\/1"}],"replies":[{"embeddable":true,"href":"https:\/\/analyse.optim.biz\/index.php?rest_route=%2Fwp%2Fv2%2Fcomments&post=1766739"}],"version-history":[{"count":0,"href":"https:\/\/analyse.optim.biz\/index.php?rest_route=\/wp\/v2\/posts\/1766739\/revisions"}],"wp:attachment":[{"href":"https:\/\/analyse.optim.biz\/index.php?rest_route=%2Fwp%2Fv2%2Fmedia&parent=1766739"}],"wp:term":[{"taxonomy":"category","embeddable":true,"href":"https:\/\/analyse.optim.biz\/index.php?rest_route=%2Fwp%2Fv2%2Fcategories&post=1766739"},{"taxonomy":"post_tag","embeddable":true,"href":"https:\/\/analyse.optim.biz\/index.php?rest_route=%2Fwp%2Fv2%2Ftags&post=1766739"}],"curies":[{"name":"wp","href":"https:\/\/api.w.org\/{rel}","templated":true}]}}