{"id":1766738,"date":"2026-02-12T20:09:02","date_gmt":"2026-02-12T17:09:02","guid":{"rendered":"https:\/\/analyse.optim.biz\/?p=1766738"},"modified":"2026-02-12T20:09:02","modified_gmt":"2026-02-12T17:09:02","slug":"a-crescut-rata-de-imbolnavire-in-cazul-pacientilor-cu-cancer","status":"publish","type":"post","link":"https:\/\/analyse.optim.biz\/?p=1766738","title":{"rendered":"A crescut rata de \u00eemboln\u0103vire \u00een cazul pacien\u0163ilor cu cancer"},"content":{"rendered":"<p>[analyse_image type=&#8221;featured&#8221; src=&#8221;https:\/\/www.tvbuzau.ro\/wp-content\/uploads\/2026\/02\/sddefault-30.jpghttps:\/\/www.tvbuzau.ro\/wp-content\/uploads\/2026\/02\/sddefault-30.jpg&#8221;]<\/p>\n<div class=\"td-ss-main-content\">\n<article id=\"post-118077\" class=\"post-118077 post type-post status-publish format-video has-post-thumbnail hentry category-actualitate post_format-post-format-video\">\n<div class=\"td-post-header\">\n<ul class=\"td-category\">\n<li class=\"entry-category\"><a href=\"https:\/\/www.tvbuzau.ro\/category\/actualitate\/\">Actualitate<\/a><\/li>\n<\/ul>\n<header class=\"td-post-title\">\n<h1 class=\"entry-title\">A crescut rata de \u00eemboln\u0103vire \u00een cazul pacien\u0163ilor cu cancer<\/h1>\n<div class=\"td-module-meta-info\">\n<div class=\"td-post-author-name\">De c\u0103tre <a href=\"https:\/\/www.tvbuzau.ro\/author\/mihai-vasilescu\/\">TV Buz\u0103u<\/a> &#8211; <\/div>\n<p><span class=\"td-post-date\"><time class=\"entry-date updated td-module-date\" datetime=\"2026-02-12T20:09:02+00:00\">februarie 12, 2026<\/time><\/span><\/p>\n<div class=\"td-post-comments\"><a href=\"https:\/\/www.tvbuzau.ro\/a-crescut-rata-de-imbolnavire-in-cazul-pacientilor-cu-cancer\/#respond\">0<\/a><\/div>\n<div class=\"td-post-views\"><span class=\"td-nr-views-118077\">6<\/span><\/div>\n<\/div>\n<\/header>\n<\/div>\n<div class=\"td-post-sharing td-post-sharing-top td-with-like\">\n<div class=\"td-default-sharing\"><a class=\"td-social-sharing-buttons td-social-facebook\" href=\"http:\/\/www.facebook.com\/sharer.php?u=https%3A%2F%2Fwww.tvbuzau.ro%2Fa-crescut-rata-de-imbolnavire-in-cazul-pacientilor-cu-cancer%2F\"><\/p>\n<div class=\"td-social-but-text\">Distribui\u021bi pe Facebook<\/div>\n<p><\/a><a class=\"td-social-sharing-buttons td-social-twitter\" href=\"https:\/\/twitter.com\/intent\/tweet?text=A+crescut+rata+de+%C3%AEmboln%C4%83vire+%C3%AEn+cazul+pacien%C5%A3ilor+cu+cancer&amp;url=https%3A%2F%2Fwww.tvbuzau.ro%2Fa-crescut-rata-de-imbolnavire-in-cazul-pacientilor-cu-cancer%2F&amp;via=TV+Buz%C4%83u\"><\/p>\n<div class=\"td-social-but-text\">Distribui\u021bi pe Twitter<\/div>\n<p><\/a><\/div>\n<div class=\"td-classic-sharing\">\n<ul>\n<li class=\"td-classic-facebook\"><iframe frameborder src=\"https:\/\/www.facebook.com\/plugins\/like.php?href=https:\/\/www.tvbuzau.ro\/a-crescut-rata-de-imbolnavire-in-cazul-pacientilor-cu-cancer\/&amp;layout=button_count&amp;show_faces=false&amp;width=105&amp;action=like&amp;colorscheme=light&amp;height=21\"><\/iframe><\/li>\n<li class=\"td-classic-twitter\"><a href=\"https:\/\/twitter.com\/share\" class=\"twitter-share-button\" data-url=\"https:\/\/www.tvbuzau.ro\/a-crescut-rata-de-imbolnavire-in-cazul-pacientilor-cu-cancer\/\" data-text=\"A crescut rata de \u00eemboln\u0103vire \u00een cazul pacien\u0163ilor cu cancer\" data-via data-lang=\"en\">tweet<\/a><\/li>\n<\/ul>\n<\/div>\n<\/div>\n<div class=\"td-post-content\">\n<div class=\"td-featured-image-rec\">\n<div class=\"wpb_video_wrapper\">\n                    <iframe loading=\"lazy\" id=\"td_youtube_player\" width=\"600\" height=\"560\" src=\"https:\/\/www.youtube.com\/embed\/XJVQvsE7ADU?enablejsapi=1&amp;feature=oembed&amp;wmode=opaque&amp;vq=hd720\" frameborder allowfullscreen><\/iframe><\/p><\/div>\n<\/div>\n<p>5 medici asigur\u0103 tratamentul \u00een Spitalul Jude\u0163ean Buz\u0103u<br \/>\nCancerul continu\u0103 s\u0103 reprezinte una dintre principalele cauze de deces la nivel global, fiind responsabil pentru aproape 10 milioane de decese anual, adic\u0103 unul din \u0219ase decese, potrivit datelor Organiza\u021biei Mondiale a S\u0103n\u0103t\u0103\u021bii (OMS).<br \/>\nPrincipalii factori de risc asocia\u021bi apari\u021biei cancerului sunt lega\u021bi de stilul de via\u021b\u0103, preciaz\u0103 speciali\u015ftii Spitaului Jude\u0163ean Buz\u0103u referindu-se la consumul de tutun \u0219i alcool, excesul ponderal \u0219i obezitatea, lipsa activit\u0103\u021bii fizice, precum \u0219i stresul cronic. La ace\u0219tia se adaug\u0103 factorii genetici, biologici \u0219i de mediu, care influen\u021beaz\u0103 riscul individual de \u00eemboln\u0103vire.<br \/>\nCele mai frecvente afec\u021biuni oncologice r\u0103m\u00e2n cancerul colorectal, cancerul mamar \u0219i cancerul bronhopulmonar.<br \/>\nLa nivelul sec\u021biei de Oncologie, activitatea medical\u0103 este asigurat\u0103 de 3 medici speciali\u0219ti care \u00ee\u0219i desf\u0103\u0219oar\u0103 activitatea \u00een cadrul sec\u021biei, precum \u0219i de 2 medici reziden\u021bi pe post, afla\u021bi \u00een centre universitare.<br \/>\n\u00cen ceea ce prive\u0219te preven\u021bia, diagnosticarea precoce \u2013 prin programe de screening \u0219i controale medicale periodice \u2013 r\u0103m\u00e2ne una dintre cele mai eficiente strategii de combatere a cancerului.<\/p>\n<div class=\"post-views post-118077 entry-meta\"><span class=\"post-views-label\">Post Views: <\/span><span class=\"post-views-count\">83<\/span><\/div>\n<\/div>\n<footer>\n<div class=\"td-post-sharing td-post-sharing-bottom td-with-like\"><span class=\"td-post-share-title\">DISTRIBUI\u021aI<\/span><\/p>\n<div class=\"td-default-sharing\"><a class=\"td-social-sharing-buttons td-social-facebook\" href=\"http:\/\/www.facebook.com\/sharer.php?u=https%3A%2F%2Fwww.tvbuzau.ro%2Fa-crescut-rata-de-imbolnavire-in-cazul-pacientilor-cu-cancer%2F\"><\/p>\n<div class=\"td-social-but-text\">Facebook<\/div>\n<p><\/a><a class=\"td-social-sharing-buttons td-social-twitter\" href=\"https:\/\/twitter.com\/intent\/tweet?text=A+crescut+rata+de+%C3%AEmboln%C4%83vire+%C3%AEn+cazul+pacien%C5%A3ilor+cu+cancer&amp;url=https%3A%2F%2Fwww.tvbuzau.ro%2Fa-crescut-rata-de-imbolnavire-in-cazul-pacientilor-cu-cancer%2F&amp;via=TV+Buz%C4%83u\"><\/p>\n<div class=\"td-social-but-text\">Twitter<\/div>\n<p><\/a><\/div>\n<div class=\"td-classic-sharing\">\n<ul>\n<li class=\"td-classic-facebook\"><iframe frameborder src=\"https:\/\/www.facebook.com\/plugins\/like.php?href=https:\/\/www.tvbuzau.ro\/a-crescut-rata-de-imbolnavire-in-cazul-pacientilor-cu-cancer\/&amp;layout=button_count&amp;show_faces=false&amp;width=105&amp;action=like&amp;colorscheme=light&amp;height=21\"><\/iframe><\/li>\n<li class=\"td-classic-twitter\"><a href=\"https:\/\/twitter.com\/share\" class=\"twitter-share-button\" data-url=\"https:\/\/www.tvbuzau.ro\/a-crescut-rata-de-imbolnavire-in-cazul-pacientilor-cu-cancer\/\" data-text=\"A crescut rata de \u00eemboln\u0103vire \u00een cazul pacien\u0163ilor cu cancer\" data-via data-lang=\"en\">tweet<\/a><\/li>\n<\/ul>\n<\/div>\n<\/div>\n<div class=\"td-author-name vcard author\"><span class=\"fn\"><a href=\"https:\/\/www.tvbuzau.ro\/author\/mihai-vasilescu\/\">TV Buz\u0103u<\/a><\/span><\/div>\n<p><span><\/span><span><span><\/span><\/span><span><\/span><\/footer>\n<\/article>\n<div class=\"td_block_wrap td_block_related_posts td_uid_1_698f39add81da_rand td_with_ajax_pagination td-pb-border-top\" data-td-block-uid=\"td_uid_1_698f39add81da\">\n<h4 class=\"td-related-title\"><a id=\"td_uid_2_698f39adddaee\" class=\"td-related-left td-cur-simple-item\" data-td_filter_value data-td_block_id=\"td_uid_1_698f39add81da\" href=\"https:\/\/www.tvbuzau.ro\/a-crescut-rata-de-imbolnavire-in-cazul-pacientilor-cu-cancer\/\">ARTICOLE SIMILARE<\/a><a id=\"td_uid_3_698f39adddb2a\" class=\"td-related-right\" data-td_filter_value=\"td_related_more_from_author\" data-td_block_id=\"td_uid_1_698f39add81da\" href=\"https:\/\/www.tvbuzau.ro\/a-crescut-rata-de-imbolnavire-in-cazul-pacientilor-cu-cancer\/\">DE LA ACELA\u0218I AUTOR<\/a><\/h4>\n<div id=\"td_uid_1_698f39add81da\" class=\"td_block_inner\">\n<div class=\"td-related-row\">\n<div class=\"td-related-span4\">\n<div class=\"td_module_related_posts td-animation-stack td_mod_related_posts\">\n<div class=\"td-module-image\">\n<div class=\"td-module-thumb\"><a href=\"https:\/\/www.tvbuzau.ro\/un-nou-punct-de-lucru-al-isu-la-berca\/\" rel=\"bookmark\" title=\"Un nou punct de lucru al ISU la Berca\"><img loading=\"lazy\" decoding=\"async\" width=\"218\" height=\"150\" class=\"entry-thumb\" src=\"https:\/\/www.tvbuzau.ro\/wp-content\/uploads\/2026\/02\/hqdefault-19-218x150.jpg\" alt title=\"Un nou punct de lucru al ISU la Berca\"><span class=\"td-video-play-ico\"><img loading=\"lazy\" decoding=\"async\" width=\"40\" height=\"40\" class=\"td-retina\" src=\"https:\/\/www.tvbuzau.ro\/wp-content\/themes\/Newspaper\/images\/icons\/ico-video-large.png\" alt=\"video\"><\/span><\/a><\/div>\n<p><a href=\"https:\/\/www.tvbuzau.ro\/category\/actualitate\/\" class=\"td-post-category\">Actualitate<\/a><\/div>\n<div class=\"item-details\">\n<h3 class=\"entry-title td-module-title\"><a href=\"https:\/\/www.tvbuzau.ro\/un-nou-punct-de-lucru-al-isu-la-berca\/\" rel=\"bookmark\" title=\"Un nou punct de lucru al ISU la Berca\">Un nou punct de lucru al ISU la Berca<\/a><\/h3>\n<\/div>\n<\/div>\n<\/div>\n<div class=\"td-related-span4\">\n<div class=\"td_module_related_posts td-animation-stack td_mod_related_posts\">\n<div class=\"td-module-image\">\n<div class=\"td-module-thumb\"><a href=\"https:\/\/www.tvbuzau.ro\/keeping-the-exhibition-alive-editia-a-viii-a\/\" rel=\"bookmark\" title=\"\u201eKeeping the Exhibition Alive\u201d, edi\u021bia a VIII-a\"><img loading=\"lazy\" decoding=\"async\" width=\"218\" height=\"150\" class=\"entry-thumb\" src=\"https:\/\/www.tvbuzau.ro\/wp-content\/uploads\/2026\/02\/hqdefault-18-218x150.jpg\" alt title=\"\u201eKeeping the Exhibition Alive\u201d, edi\u021bia a VIII-a\"><span class=\"td-video-play-ico\"><img loading=\"lazy\" decoding=\"async\" width=\"40\" height=\"40\" class=\"td-retina\" src=\"https:\/\/www.tvbuzau.ro\/wp-content\/themes\/Newspaper\/images\/icons\/ico-video-large.png\" alt=\"video\"><\/span><\/a><\/div>\n<p><a href=\"https:\/\/www.tvbuzau.ro\/category\/actualitate\/\" class=\"td-post-category\">Actualitate<\/a><\/div>\n<div class=\"item-details\">\n<h3 class=\"entry-title td-module-title\"><a href=\"https:\/\/www.tvbuzau.ro\/keeping-the-exhibition-alive-editia-a-viii-a\/\" rel=\"bookmark\" title=\"\u201eKeeping the Exhibition Alive\u201d, edi\u021bia a VIII-a\">\u201eKeeping the Exhibition Alive\u201d, edi\u021bia a VIII-a<\/a><\/h3>\n<\/div>\n<\/div>\n<\/div>\n<div class=\"td-related-span4\">\n<div class=\"td_module_related_posts td-animation-stack td_mod_related_posts\">\n<div class=\"td-module-image\">\n<div class=\"td-module-thumb\"><a href=\"https:\/\/www.tvbuzau.ro\/se-reiau-lucrarile-la-canalul-siret-baragan\/\" rel=\"bookmark\" title=\"Se reiau lucr\u0103rile la Canalul Siret-B\u0103r\u0103gan\"><img loading=\"lazy\" decoding=\"async\" width=\"218\" height=\"150\" class=\"entry-thumb\" src=\"https:\/\/www.tvbuzau.ro\/wp-content\/uploads\/2026\/02\/sddefault-29-218x150.jpg\" alt title=\"Se reiau lucr\u0103rile la Canalul Siret-B\u0103r\u0103gan\"><span class=\"td-video-play-ico\"><img loading=\"lazy\" decoding=\"async\" width=\"40\" height=\"40\" class=\"td-retina\" src=\"https:\/\/www.tvbuzau.ro\/wp-content\/themes\/Newspaper\/images\/icons\/ico-video-large.png\" alt=\"video\"><\/span><\/a><\/div>\n<p><a href=\"https:\/\/www.tvbuzau.ro\/category\/actualitate\/\" class=\"td-post-category\">Actualitate<\/a><\/div>\n<div class=\"item-details\">\n<h3 class=\"entry-title td-module-title\"><a href=\"https:\/\/www.tvbuzau.ro\/se-reiau-lucrarile-la-canalul-siret-baragan\/\" rel=\"bookmark\" title=\"Se reiau lucr\u0103rile la Canalul Siret-B\u0103r\u0103gan\">Se reiau lucr\u0103rile la Canalul Siret-B\u0103r\u0103gan<\/a><\/h3>\n<\/div>\n<\/div>\n<\/div>\n<\/div>\n<div class=\"td-related-row\">\n<div class=\"td-related-span4\">\n<div class=\"td_module_related_posts td-animation-stack td_mod_related_posts\">\n<div class=\"td-module-image\">\n<div class=\"td-module-thumb\"><a href=\"https:\/\/www.tvbuzau.ro\/sistemul-anti-grindina-pe-masa-csat\/\" rel=\"bookmark\" title=\"Sistemul anti-grindin\u0103 pe masa CSAT\"><img loading=\"lazy\" decoding=\"async\" width=\"218\" height=\"150\" class=\"entry-thumb\" src=\"https:\/\/www.tvbuzau.ro\/wp-content\/uploads\/2026\/02\/sddefault-28-218x150.jpg\" alt title=\"Sistemul anti-grindin\u0103 pe masa CSAT\"><span class=\"td-video-play-ico\"><img loading=\"lazy\" decoding=\"async\" width=\"40\" height=\"40\" class=\"td-retina\" src=\"https:\/\/www.tvbuzau.ro\/wp-content\/themes\/Newspaper\/images\/icons\/ico-video-large.png\" alt=\"video\"><\/span><\/a><\/div>\n<p><a href=\"https:\/\/www.tvbuzau.ro\/category\/actualitate\/\" class=\"td-post-category\">Actualitate<\/a><\/div>\n<div class=\"item-details\">\n<h3 class=\"entry-title td-module-title\"><a href=\"https:\/\/www.tvbuzau.ro\/sistemul-anti-grindina-pe-masa-csat\/\" rel=\"bookmark\" title=\"Sistemul anti-grindin\u0103 pe masa CSAT\">Sistemul anti-grindin\u0103 pe masa CSAT<\/a><\/h3>\n<\/div>\n<\/div>\n<\/div>\n<div class=\"td-related-span4\">\n<div class=\"td_module_related_posts td-animation-stack td_mod_related_posts\">\n<div class=\"td-module-image\">\n<div class=\"td-module-thumb\"><a href=\"https:\/\/www.tvbuzau.ro\/cum-arata-drumurile-nationale-dupa-ploaie-si-zapada\/\" rel=\"bookmark\" title=\"Cum arat\u0103 drumurile na\u0163ionale dup\u0103 ploaie \u015fi z\u0103pad\u0103\"><img loading=\"lazy\" decoding=\"async\" width=\"218\" height=\"150\" class=\"entry-thumb\" src=\"https:\/\/www.tvbuzau.ro\/wp-content\/uploads\/2026\/02\/hqdefault-17-218x150.jpg\" alt title=\"Cum arat\u0103 drumurile na\u0163ionale dup\u0103 ploaie \u015fi z\u0103pad\u0103\"><span class=\"td-video-play-ico\"><img loading=\"lazy\" decoding=\"async\" width=\"40\" height=\"40\" class=\"td-retina\" src=\"https:\/\/www.tvbuzau.ro\/wp-content\/themes\/Newspaper\/images\/icons\/ico-video-large.png\" alt=\"video\"><\/span><\/a><\/div>\n<p><a href=\"https:\/\/www.tvbuzau.ro\/category\/actualitate\/\" class=\"td-post-category\">Actualitate<\/a><\/div>\n<div class=\"item-details\">\n<h3 class=\"entry-title td-module-title\"><a href=\"https:\/\/www.tvbuzau.ro\/cum-arata-drumurile-nationale-dupa-ploaie-si-zapada\/\" rel=\"bookmark\" title=\"Cum arat\u0103 drumurile na\u0163ionale dup\u0103 ploaie \u015fi z\u0103pad\u0103\">Cum arat\u0103 drumurile na\u0163ionale dup\u0103 ploaie \u015fi z\u0103pad\u0103<\/a><\/h3>\n<\/div>\n<\/div>\n<\/div>\n<div class=\"td-related-span4\">\n<div class=\"td_module_related_posts td-animation-stack td_mod_related_posts\">\n<div class=\"td-module-image\">\n<div class=\"td-module-thumb\"><a href=\"https:\/\/www.tvbuzau.ro\/in-memoriam-alexandru-marghiloman-1854-1925\/\" rel=\"bookmark\" title=\"\u201cIn memoriam Alexandru Marghiloman (1854 \u2013 1925)\u201d\"><img loading=\"lazy\" decoding=\"async\" width=\"218\" height=\"150\" class=\"entry-thumb\" src=\"https:\/\/www.tvbuzau.ro\/wp-content\/uploads\/2026\/02\/sddefault-24-218x150.jpg\" alt title=\"\u201cIn memoriam Alexandru Marghiloman (1854 \u2013 1925)\u201d\"><span class=\"td-video-play-ico\"><img loading=\"lazy\" decoding=\"async\" width=\"40\" height=\"40\" class=\"td-retina\" src=\"https:\/\/www.tvbuzau.ro\/wp-content\/themes\/Newspaper\/images\/icons\/ico-video-large.png\" alt=\"video\"><\/span><\/a><\/div>\n<p><a href=\"https:\/\/www.tvbuzau.ro\/category\/actualitate\/\" class=\"td-post-category\">Actualitate<\/a><\/div>\n<div class=\"item-details\">\n<h3 class=\"entry-title td-module-title\"><a href=\"https:\/\/www.tvbuzau.ro\/in-memoriam-alexandru-marghiloman-1854-1925\/\" rel=\"bookmark\" title=\"\u201cIn memoriam Alexandru Marghiloman (1854 \u2013 1925)\u201d\">\u201cIn memoriam Alexandru Marghiloman (1854 \u2013 1925)\u201d<\/a><\/h3>\n<\/div>\n<\/div>\n<\/div>\n<\/div>\n<\/div>\n<\/div>\n<div class=\"comments\" id=\"comments\">\n<div id=\"respond\" class=\"comment-respond\">\n<h3 id=\"reply-title\" class=\"comment-reply-title\">L\u0102SA\u021aI UN MESAJ <small><a rel=\"nofollow\" id=\"cancel-comment-reply-link\" href=\"https:\/\/www.tvbuzau.ro\/a-crescut-rata-de-imbolnavire-in-cazul-pacientilor-cu-cancer\/#respond\">Renun\u021ba\u021bi la r\u0103spuns<\/a><\/small><\/h3>\n<\/div>\n<\/div>\n<\/div>\n<div class=\"td-post-content\">\n<div class=\"td-featured-image-rec\">\n<div class=\"wpb_video_wrapper\">\n                    <iframe loading=\"lazy\" id=\"td_youtube_player\" width=\"600\" height=\"560\" src=\"https:\/\/www.youtube.com\/embed\/XJVQvsE7ADU?enablejsapi=1&amp;feature=oembed&amp;wmode=opaque&amp;vq=hd720\" frameborder allowfullscreen><\/iframe><\/p><\/div>\n<\/div>\n<p>5 medici asigur\u0103 tratamentul \u00een Spitalul Jude\u0163ean Buz\u0103u<br \/>\nCancerul continu\u0103 s\u0103 reprezinte una dintre principalele cauze de deces la nivel global, fiind responsabil pentru aproape 10 milioane de decese anual, adic\u0103 unul din \u0219ase decese, potrivit datelor Organiza\u021biei Mondiale a S\u0103n\u0103t\u0103\u021bii (OMS).<br \/>\nPrincipalii factori de risc asocia\u021bi apari\u021biei cancerului sunt lega\u021bi de stilul de via\u021b\u0103, preciaz\u0103 speciali\u015ftii Spitaului Jude\u0163ean Buz\u0103u referindu-se la consumul de tutun \u0219i alcool, excesul ponderal \u0219i obezitatea, lipsa activit\u0103\u021bii fizice, precum \u0219i stresul cronic. La ace\u0219tia se adaug\u0103 factorii genetici, biologici \u0219i de mediu, care influen\u021beaz\u0103 riscul individual de \u00eemboln\u0103vire.<br \/>\nCele mai frecvente afec\u021biuni oncologice r\u0103m\u00e2n cancerul colorectal, cancerul mamar \u0219i cancerul bronhopulmonar.<br \/>\nLa nivelul sec\u021biei de Oncologie, activitatea medical\u0103 este asigurat\u0103 de 3 medici speciali\u0219ti care \u00ee\u0219i desf\u0103\u0219oar\u0103 activitatea \u00een cadrul sec\u021biei, precum \u0219i de 2 medici reziden\u021bi pe post, afla\u021bi \u00een centre universitare.<br \/>\n\u00cen ceea ce prive\u0219te preven\u021bia, diagnosticarea precoce \u2013 prin programe de screening \u0219i controale medicale periodice \u2013 r\u0103m\u00e2ne una dintre cele mai eficiente strategii de combatere a cancerului.<\/p>\n<div class=\"post-views post-118077 entry-meta\"><span class=\"post-views-label\">Post Views: <\/span><span class=\"post-views-count\">83<\/span><\/div>\n<\/div>\n<p>[analyse_source url=&#8221;https:\/\/www.tvbuzau.ro\/a-crescut-rata-de-imbolnavire-in-cazul-pacientilor-cu-cancer\/&#8221;]<\/p>\n","protected":false},"excerpt":{"rendered":"<p>[analyse_image type=&#8221;featured&#8221; src=&#8221;https:\/\/www.tvbuzau.ro\/wp-content\/uploads\/2026\/02\/sddefault-30.jpghttps:\/\/www.tvbuzau.ro\/wp-content\/uploads\/2026\/02\/sddefault-30.jpg&#8221;] Actualitate A crescut rata de \u00eemboln\u0103vire \u00een cazul pacien\u0163ilor cu cancer De c\u0103tre TV Buz\u0103u &#8211; februarie 12, 2026 0 6 Distribui\u021bi pe Facebook Distribui\u021bi pe Twitter tweet 5 medici asigur\u0103 tratamentul \u00een Spitalul Jude\u0163ean Buz\u0103u Cancerul continu\u0103 s\u0103 reprezinte una dintre principalele cauze de deces la nivel global, fiind responsabil pentru [&hellip;]<\/p>\n","protected":false},"author":1,"featured_media":0,"comment_status":"open","ping_status":"","sticky":false,"template":"","format":"standard","meta":{"footnotes":""},"categories":[2],"tags":[226,116],"class_list":["post-1766738","post","type-post","status-publish","format-standard","hentry","category-politics","tag-crawlmanager","tag-tvbuzau-ro"],"_links":{"self":[{"href":"https:\/\/analyse.optim.biz\/index.php?rest_route=\/wp\/v2\/posts\/1766738","targetHints":{"allow":["GET"]}}],"collection":[{"href":"https:\/\/analyse.optim.biz\/index.php?rest_route=\/wp\/v2\/posts"}],"about":[{"href":"https:\/\/analyse.optim.biz\/index.php?rest_route=\/wp\/v2\/types\/post"}],"author":[{"embeddable":true,"href":"https:\/\/analyse.optim.biz\/index.php?rest_route=\/wp\/v2\/users\/1"}],"replies":[{"embeddable":true,"href":"https:\/\/analyse.optim.biz\/index.php?rest_route=%2Fwp%2Fv2%2Fcomments&post=1766738"}],"version-history":[{"count":0,"href":"https:\/\/analyse.optim.biz\/index.php?rest_route=\/wp\/v2\/posts\/1766738\/revisions"}],"wp:attachment":[{"href":"https:\/\/analyse.optim.biz\/index.php?rest_route=%2Fwp%2Fv2%2Fmedia&parent=1766738"}],"wp:term":[{"taxonomy":"category","embeddable":true,"href":"https:\/\/analyse.optim.biz\/index.php?rest_route=%2Fwp%2Fv2%2Fcategories&post=1766738"},{"taxonomy":"post_tag","embeddable":true,"href":"https:\/\/analyse.optim.biz\/index.php?rest_route=%2Fwp%2Fv2%2Ftags&post=1766738"}],"curies":[{"name":"wp","href":"https:\/\/api.w.org\/{rel}","templated":true}]}}