{"id":1766501,"date":"2026-02-13T09:28:58","date_gmt":"2026-02-13T06:28:58","guid":{"rendered":"https:\/\/analyse.optim.biz\/?p=1766501"},"modified":"2026-02-13T09:28:58","modified_gmt":"2026-02-13T06:28:58","slug":"astazi-principele-nicolae-este-invitatul-special-al-centenarului-camerei-de-comert-si-industrie-valcea","status":"publish","type":"post","link":"https:\/\/analyse.optim.biz\/?p=1766501","title":{"rendered":"Ast\u0103zi, Principele Nicolae este invitatul special al Centenarului Camerei de Comer\u021b \u0219i Industrie V\u00e2lcea"},"content":{"rendered":"<p>[analyse_image type=&#8221;featured&#8221; src=&#8221;https:\/\/www.curierul.ro\/wp-content\/uploads\/2026\/02\/FOND.jpghttps:\/\/i0.wp.com\/www.curierul.ro\/wp-content\/uploads\/2026\/02\/FOND.jpg?fit=1200%2C800&amp;ssl=1&#8243;]<\/p>\n<article id=\"196296\" class=\"post-196296 post type-post status-publish format-standard has-post-thumbnail hentry category-actualitate category-economie category-eveniment-social category-headlines tag-camera-de-comert-si-industrie-valcea-2 tag-centenar tag-invitat tag-principele-nicolae\">\n<header class=\"post-header\">\n<ul class=\"breadcrumbs\">\n<li><a href=\"https:\/\/www.curierul.ro\">Home<\/a><\/li>\n<li class=\"breadcrumbs-active .category-actualitate\"><a href=\"https:\/\/www.curierul.ro\/index.php?cat=1615\">Actualitate<\/a><\/li>\n<li class=\"breadcrumbs-active .category-actualitate\">Ast\u0103zi, Principele Nicolae este invitatul special al Centenarului Camerei de Comer\u021b \u0219i Industrie V\u00e2lcea<\/li>\n<\/ul>\n<div class=\"featured-photo\"><img loading=\"lazy\" decoding=\"async\" width=\"2048\" height=\"1365\" src=\"https:\/\/i0.wp.com\/www.curierul.ro\/wp-content\/uploads\/2026\/02\/FOND.jpg?fit=300%2C200&amp;ssl=1\" class=\"attachment-single size-single wp-post-image\" alt><\/div>\n<h1 class=\"headline\">Ast\u0103zi, Principele Nicolae este invitatul special al Centenarului Camerei de Comer\u021b \u0219i Industrie V\u00e2lcea<\/h1>\n<p class=\"byline\">\n\t\tScris de<a href=\"https:\/\/www.curierul.ro\/author\/curierul\/\">Curierul de Valcea<\/a>, \t\t13 februarie 2026\t\t\t\t<\/p>\n<hr>\n<\/header>\n<ul>\n<li>str\u0103-str\u0103nepotul regelui Ferdinand \u00ee\u0219i va dedica \u00eentreaga zi ceremoniilor organizate de CCI V\u00e2lcea<\/li>\n<\/ul>\n<p><em>La 13 februarie 1926, era \u00eenfiin\u021bat\u0103 Camera de Comer\u021b \u0219i Industrie V\u00e2lcea, prin Decretul Regal 586\/1926, publicat \u00een Monitorul Oficial din 14 februarie 1926: \u201eFerdinand I, prin gra\u0163ia lui Dumnezeu \u015fi voin\u0163a na\u0163ional\u0103, Rege al Rom\u00e2niei, La to\u0163i cei de fa\u0163\u0103 \u015fi viitori, s\u0103n\u0103tate: Asupra raportului ministrului Nostru secretar de Stat la departamentul industriei \u015fi comer\u0163ului sub No. 10139 din 13 Fevruarie 1926,<\/em><\/p>\n<p><em>Av\u00e2nd \u00een vedere art. 2 din legea pentru reorganizarea Camerelor de comer\u0163 \u015fi de industrie,<\/em><\/p>\n<p><em>Av\u00e2nd \u00een vedere jurnalul consiliului de mini\u015ftri No. 250 \u00eencheiat \u00een \u015fedin\u0163a dela 12 Fevruarie 1926,<\/em><\/p>\n<p><em>Am decretat \u015fi decret\u0103m:<\/em><\/p>\n<p><em>Art. I. Se \u00eenfiin\u0163eaz\u0103 Camera de comer\u0163 \u015fi industrie a circumscrip\u0163iei R\u00e2mnic, cu sediul \u00een ora\u015ful R\u00e2mnicu-V\u00e2lcea.<\/em><\/p>\n<p><em>Art. II. Ministrul Nostru secretar de Stat la departamentul industriei \u015fi comer\u0163ului este \u00eens\u0103rcinat cu aducerea la \u00eendeplinire a dispozi\u0163iunilor prezentului decret.<\/em><\/p>\n<p><em>Dat \u00een Bucure\u015fti, la 13 Fevruarie 1926.<\/em><\/p>\n<p><em>FERDINAND<\/em><\/p>\n<p><em>Ministrul industriei \u015fi comer\u0163ului,<\/em><\/p>\n<p><em>Tancred Constantinescu.\u201d<\/em><\/p>\n<p><strong>Ast\u0103zi, 13 februarie 2026, Camera de Comer\u021b \u0219i Industrie V\u00e2lcea s\u0103rb\u0103tore\u0219te Centenarul s\u0103u, av\u00e2ndu-l invitat special pe str\u0103-str\u0103nepotul regelui Ferdinand, principele Nicolae. \u00cen cadrul festivit\u0103\u021bilor, Georges Fischer, fostul pre\u0219edinte al Camerei Interna\u021bionale Paris \u0219i fost pre\u0219edinte al Consor\u021biului World Chambers 1998-2015, va deveni cel de-al patrulea membru de onoare din istoria Camerei de Comer\u021b \u0219i Industrie V\u00e2lcea, dup\u0103 Mircea Geoan\u0103. Maria Schoomnas \u0219i Petrin Drumea.<\/strong><\/p>\n<p>\u00cen edi\u021bia tip\u0103rit\u0103 a ziarului Curierul de V\u00e2lcea, g\u0103si\u021bi date \u0219i fapte despre Centenarul CCI V\u00e2lcea.<\/p>\n<div class=\"sharedaddy sd-sharing-enabled\">\n<div class=\"robots-nocontent sd-block sd-social sd-social-official sd-sharing\">\n<h3 class=\"sd-title\">Distribuie pe:<\/h3>\n<div class=\"sd-content\">\n<ul>\n<li class=\"share-facebook\">\n<li class=\"share-twitter\"><a href=\"https:\/\/twitter.com\/share\" class=\"twitter-share-button\" data-url=\"https:\/\/www.curierul.ro\/astazi-principele-nicolae-este-invitatul-special-al-centenarului-camerei-de-comert-si-industrie-valcea\/\" data-text=\"Ast\u0103zi, Principele Nicolae este invitatul special al Centenarului Camerei de Comer\u021b \u0219i Industrie V\u00e2lcea\" data-via=\"curierulvl\">Tweet<\/a><\/li>\n<li class=\"share-jetpack-whatsapp\"><a rel=\"nofollow noopener noreferrer\" data-shared=\"sharing-whatsapp-196296\" class=\"share-jetpack-whatsapp sd-button\" href=\"https:\/\/www.curierul.ro\/astazi-principele-nicolae-este-invitatul-special-al-centenarului-camerei-de-comert-si-industrie-valcea\/?share=jetpack-whatsapp\" target=\"_blank\" aria-labelledby=\"sharing-whatsapp-196296\"><span id=\"sharing-whatsapp-196296\" hidden>D\u0103 clic pentru partajare pe WhatsApp(Se deschide \u00eentr-o fereastr\u0103 nou\u0103)<\/span><span>WhatsApp<\/span><\/a><\/li>\n<li><a href=\"https:\/\/www.curierul.ro\/astazi-principele-nicolae-este-invitatul-special-al-centenarului-camerei-de-comert-si-industrie-valcea\/\" class=\"sharing-anchor sd-button share-more\"><span>Mai mult<\/span><\/a><\/li>\n<li class=\"share-end\"><\/ul>\n<div class=\"sharing-hidden\">\n<div class=\"inner\">\n<ul>\n<li class=\"share-email\"><a rel=\"nofollow noopener noreferrer\" data-shared=\"sharing-email-196296\" class=\"share-email sd-button\" href=\"mailto:?subject=%5BArticol%20partajat%5D%20Ast%C4%83zi%2C%20Principele%20Nicolae%20este%20invitatul%20special%20al%20Centenarului%20Camerei%20de%20Comer%C8%9B%20%C8%99i%20Industrie%20V%C3%A2lcea&amp;body=https%3A%2F%2Fwww.curierul.ro%2Fastazi-principele-nicolae-este-invitatul-special-al-centenarului-camerei-de-comert-si-industrie-valcea%2F&amp;share=email\" target=\"_blank\" aria-labelledby=\"sharing-email-196296\" data-email-share-error-title=\"\u021ai-ai configurat emailul?\" data-email-share-error-text=\"Dac\u0103 ai probleme la partajarea prin email, probabil nu ai configurat emailul pentru navigator. Poate trebuie s\u0103 creezi singur un email nou.\" data-email-share-nonce=\"ec044ca6d9\" data-email-share-track-url=\"https:\/\/www.curierul.ro\/astazi-principele-nicolae-este-invitatul-special-al-centenarului-camerei-de-comert-si-industrie-valcea\/?share=email\"><span id=\"sharing-email-196296\" hidden>D\u0103 clic pentru a trimite o leg\u0103tur\u0103 prin email unui prieten(Se deschide \u00eentr-o fereastr\u0103 nou\u0103)<\/span><span>Email<\/span><\/a><\/li>\n<li class=\"share-print\"><a rel=\"nofollow noopener noreferrer\" data-shared=\"sharing-print-196296\" class=\"share-print sd-button\" href=\"https:\/\/www.curierul.ro\/astazi-principele-nicolae-este-invitatul-special-al-centenarului-camerei-de-comert-si-industrie-valcea\/#print?share=print\" target=\"_blank\" aria-labelledby=\"sharing-print-196296\"><span id=\"sharing-print-196296\" hidden>D\u0103 clic pentru a imprima(Se deschide \u00eentr-o fereastr\u0103 nou\u0103)<\/span><span>Imprimare<\/span><\/a><\/li>\n<li class=\"share-end\"><\/ul>\n<\/div>\n<\/div>\n<\/div>\n<\/div>\n<\/div>\n<div id=\"jp-relatedposts\" class=\"jp-relatedposts\">\n<h3 class=\"jp-relatedposts-headline\"><em>Similare<\/em><\/h3>\n<\/div>\n<footer class=\"post-footer\">\n<p class=\"tags\"><strong>Tags: <\/strong><a href=\"https:\/\/www.curierul.ro\/tag\/camera-de-comert-si-industrie-valcea-2\/\" rel=\"tag\">Camera de Comer\u021b \u0219i Industrie V\u00e2lcea<\/a>, <a href=\"https:\/\/www.curierul.ro\/tag\/centenar\/\" rel=\"tag\">centenar<\/a>, <a href=\"https:\/\/www.curierul.ro\/tag\/invitat\/\" rel=\"tag\">invitat<\/a>, <a href=\"https:\/\/www.curierul.ro\/tag\/principele-nicolae\/\" rel=\"tag\">principele Nicolae<\/a><\/p>\n<div class=\"post-navigation clearfix\">\n<div class=\"previous-post\">\n<div class=\"featured-photo\"><img loading=\"lazy\" decoding=\"async\" width=\"2048\" height=\"1536\" src=\"https:\/\/i0.wp.com\/www.curierul.ro\/wp-content\/uploads\/2026\/02\/gutau-discutii-asociatii.jpg?fit=300%2C225&amp;ssl=1\" class=\"attachment-post-thumbnail size-post-thumbnail wp-post-image\" alt><\/div>\n<p class=\"paginate-title\">\u00ab\u00ab <a href=\"https:\/\/www.curierul.ro\/primarul-gutau-in-dialog-direct-cu-asociatiile-de-proprietari\/\" rel=\"prev\">Primarul Gut\u0103u, \u00een dialog direct cu asocia\u021biile de proprietari<\/a><\/p>\n<\/div>\n<\/div>\n<div id=\"comments\" class=\"comments-area\">\n<div id=\"respond\" class=\"comment-respond\">\n<h3 id=\"reply-title\" class=\"comment-reply-title\">Po\u021bi comenta aici<small><a rel=\"nofollow\" id=\"cancel-comment-reply-link\" href=\"https:\/\/www.curierul.ro\/astazi-principele-nicolae-este-invitatul-special-al-centenarului-camerei-de-comert-si-industrie-valcea\/#respond\">Anuleaz\u0103 r\u0103spunsul<\/a><\/small><\/h3>\n<\/div>\n<p class=\"akismet_comment_form_privacy_notice\">Acest site folose\u0219te Akismet pentru a reduce spamul. <a href=\"https:\/\/akismet.com\/privacy\/\" target=\"_blank\" rel=\"nofollow noopener\">Afl\u0103 cum sunt procesate datele comentariilor tale<\/a>.<\/p>\n<\/div>\n<section class=\"related-stories\">\n<h2>Related Stories<\/h2>\n<div class=\"stories-container\">\n<article id=\"latest-141393\" class=\"story post-141393 post type-post status-publish format-standard hentry category-anunturi category-comunicate category-publicitate tag-camera-de-comert-si-industrie-valcea-2 tag-grant-plus\">\n<p class=\"headline\"><a href=\"https:\/\/www.curierul.ro\/comunicat-de-presa-finalizare-proiect-grant-plus-finantare-pentru-startup-uri-inovative\/\">Comunicat de pres\u0103 \u2013 Finalizare proiect:        \u201cGRANT PLUS \u2013 Finan\u021bare pentru startup-uri inovative\u201d<\/a><\/p>\n<\/article>\n<\/div>\n<\/section>\n<section class=\"latest-category clearfix\">\n<h2 class=\"title\">More Stories From Actualitate<\/h2>\n<div class=\"stories-container\">\n<article id=\"related-196293\" class=\"story post-196293 post type-post status-publish format-standard has-post-thumbnail hentry category-actualitate category-politica\">\n<div class=\"photo\"><img decoding=\"async\" width=\"735\" height=\"440\" src=\"https:\/\/i0.wp.com\/www.curierul.ro\/wp-content\/uploads\/2026\/02\/gutau-discutii-asociatii.jpg?fit=300%2C225&amp;ssl=1\" class=\"attachment-giornalismo-single size-giornalismo-single wp-post-image\" alt loading=\"lazy\"><\/div>\n<p class=\"headline\"><a href=\"https:\/\/www.curierul.ro\/primarul-gutau-in-dialog-direct-cu-asociatiile-de-proprietari\/\">Primarul Gut\u0103u, \u00een dialog direct cu asocia\u021biile de proprietari<\/a><\/p>\n<\/article>\n<article id=\"related-196290\" class=\"story post-196290 post type-post status-publish format-standard has-post-thumbnail hentry category-actualitate category-zidezi tag-articol-de-la-partener\">\n<div class=\"photo\"><img decoding=\"async\" width=\"735\" height=\"440\" src=\"https:\/\/i0.wp.com\/www.curierul.ro\/wp-content\/uploads\/2026\/02\/ii9zqlzrz1pbwdp_wp.jpg?fit=300%2C200&amp;ssl=1\" class=\"attachment-giornalismo-single size-giornalismo-single wp-post-image\" alt loading=\"lazy\"><\/div>\n<p class=\"headline\"><a href=\"https:\/\/www.curierul.ro\/lumina-care-schimba-totul-cum-iti-transformi-bucataria-cu-un-iluminat-bine-ales\/\">Lumina care schimb\u0103 totul \u2013 cum \u00ee\u021bi transformi buc\u0103t\u0103ria cu un iluminat bine ales<\/a><\/p>\n<\/article>\n<article id=\"related-196282\" class=\"story post-196282 post type-post status-publish format-standard has-post-thumbnail hentry category-actualitate category-headlines category-politica category-psd tag-buget tag-comunitatea-valceana tag-deputat tag-eugen-neata tag-probleme tag-romania-2\">\n<div class=\"photo\"><img decoding=\"async\" width=\"720\" height=\"440\" src=\"https:\/\/i0.wp.com\/www.curierul.ro\/wp-content\/uploads\/2026\/02\/Neata_buget.jpg?fit=300%2C225&amp;ssl=1\" class=\"attachment-giornalismo-single size-giornalismo-single wp-post-image\" alt loading=\"lazy\"><\/div>\n<p class=\"headline\"><a href=\"https:\/\/www.curierul.ro\/deputatul-eugen-neata-astept-de-la-bugetul-romaniei-sa-dea-un-semn-ca-este-interesat-de-una-dintre-cele-mai-serioase-probleme-cu-care-se-confrunta-comunitatea-valceana\/\">Deputatul Eugen Nea\u021b\u0103: \u201eA\u0219tept de la bugetul Rom\u00e2niei s\u0103 dea un semn c\u0103 este interesat de una dintre cele mai serioase probleme cu care se confrunt\u0103 comunitatea v\u00e2lcean\u0103\u201d<\/a><\/p>\n<\/article>\n<\/div>\n<\/section>\n<section class=\"author-bio clearfix\">\n<div class=\"mug-shot\"><img decoding=\"async\" alt src=\"https:\/\/secure.gravatar.com\/avatar\/2a58d181c1d85262357d59db6fc29158130ca794fc45057783762a4c0eb9167f?s=96&amp;d=mm&amp;r=g\" class=\"avatar avatar-96 photo\" height=\"96\" width=\"96\" loading=\"lazy\"><\/div>\n<div class=\"author-info\">\n<p class=\"title\">About Curierul de Valcea, <\/p>\n<div class=\"author-social-area\"><a href=\"mailto:curierul@curierul.ro\"><span class=\"fal fa-envelope\"><span class=\"screen-reader-text\">Email the Author<\/span><\/span><\/a><\/div>\n<\/div>\n<\/section>\n<\/footer>\n<\/article>\n<article id=\"196296\" class=\"post-196296 post type-post status-publish format-standard has-post-thumbnail hentry category-actualitate category-economie category-eveniment-social category-headlines tag-camera-de-comert-si-industrie-valcea-2 tag-centenar tag-invitat tag-principele-nicolae\">\n<header class=\"post-header\">\n<ul class=\"breadcrumbs\">\n<li><a href=\"https:\/\/www.curierul.ro\">Home<\/a><\/li>\n<li class=\"breadcrumbs-active .category-actualitate\"><a href=\"https:\/\/www.curierul.ro\/index.php?cat=1615\">Actualitate<\/a><\/li>\n<li class=\"breadcrumbs-active .category-actualitate\">Ast\u0103zi, Principele Nicolae este invitatul special al Centenarului Camerei de Comer\u021b \u0219i Industrie V\u00e2lcea<\/li>\n<\/ul>\n<div class=\"featured-photo\"><img loading=\"lazy\" decoding=\"async\" width=\"2048\" height=\"1365\" src=\"https:\/\/i0.wp.com\/www.curierul.ro\/wp-content\/uploads\/2026\/02\/FOND.jpg?fit=300%2C200&amp;ssl=1\" class=\"attachment-single size-single wp-post-image\" alt><\/div>\n<h1 class=\"headline\">Ast\u0103zi, Principele Nicolae este invitatul special al Centenarului Camerei de Comer\u021b \u0219i Industrie V\u00e2lcea<\/h1>\n<p class=\"byline\">\n\t\tScris de<a href=\"https:\/\/www.curierul.ro\/author\/curierul\/\">Curierul de Valcea<\/a>, \t\t13 februarie 2026\t\t\t\t<\/p>\n<hr>\n<\/header>\n<ul>\n<li>str\u0103-str\u0103nepotul regelui Ferdinand \u00ee\u0219i va dedica \u00eentreaga zi ceremoniilor organizate de CCI V\u00e2lcea<\/li>\n<\/ul>\n<p><em>La 13 februarie 1926, era \u00eenfiin\u021bat\u0103 Camera de Comer\u021b \u0219i Industrie V\u00e2lcea, prin Decretul Regal 586\/1926, publicat \u00een Monitorul Oficial din 14 februarie 1926: \u201eFerdinand I, prin gra\u0163ia lui Dumnezeu \u015fi voin\u0163a na\u0163ional\u0103, Rege al Rom\u00e2niei, La to\u0163i cei de fa\u0163\u0103 \u015fi viitori, s\u0103n\u0103tate: Asupra raportului ministrului Nostru secretar de Stat la departamentul industriei \u015fi comer\u0163ului sub No. 10139 din 13 Fevruarie 1926,<\/em><\/p>\n<p><em>Av\u00e2nd \u00een vedere art. 2 din legea pentru reorganizarea Camerelor de comer\u0163 \u015fi de industrie,<\/em><\/p>\n<p><em>Av\u00e2nd \u00een vedere jurnalul consiliului de mini\u015ftri No. 250 \u00eencheiat \u00een \u015fedin\u0163a dela 12 Fevruarie 1926,<\/em><\/p>\n<p><em>Am decretat \u015fi decret\u0103m:<\/em><\/p>\n<p><em>Art. I. Se \u00eenfiin\u0163eaz\u0103 Camera de comer\u0163 \u015fi industrie a circumscrip\u0163iei R\u00e2mnic, cu sediul \u00een ora\u015ful R\u00e2mnicu-V\u00e2lcea.<\/em><\/p>\n<p><em>Art. II. Ministrul Nostru secretar de Stat la departamentul industriei \u015fi comer\u0163ului este \u00eens\u0103rcinat cu aducerea la \u00eendeplinire a dispozi\u0163iunilor prezentului decret.<\/em><\/p>\n<p><em>Dat \u00een Bucure\u015fti, la 13 Fevruarie 1926.<\/em><\/p>\n<p><em>FERDINAND<\/em><\/p>\n<p><em>Ministrul industriei \u015fi comer\u0163ului,<\/em><\/p>\n<p><em>Tancred Constantinescu.\u201d<\/em><\/p>\n<p><strong>Ast\u0103zi, 13 februarie 2026, Camera de Comer\u021b \u0219i Industrie V\u00e2lcea s\u0103rb\u0103tore\u0219te Centenarul s\u0103u, av\u00e2ndu-l invitat special pe str\u0103-str\u0103nepotul regelui Ferdinand, principele Nicolae. \u00cen cadrul festivit\u0103\u021bilor, Georges Fischer, fostul pre\u0219edinte al Camerei Interna\u021bionale Paris \u0219i fost pre\u0219edinte al Consor\u021biului World Chambers 1998-2015, va deveni cel de-al patrulea membru de onoare din istoria Camerei de Comer\u021b \u0219i Industrie V\u00e2lcea, dup\u0103 Mircea Geoan\u0103. Maria Schoomnas \u0219i Petrin Drumea.<\/strong><\/p>\n<p>\u00cen edi\u021bia tip\u0103rit\u0103 a ziarului Curierul de V\u00e2lcea, g\u0103si\u021bi date \u0219i fapte despre Centenarul CCI V\u00e2lcea.<\/p>\n<div class=\"sharedaddy sd-sharing-enabled\">\n<div class=\"robots-nocontent sd-block sd-social sd-social-official sd-sharing\">\n<h3 class=\"sd-title\">Distribuie pe:<\/h3>\n<div class=\"sd-content\">\n<ul>\n<li class=\"share-facebook\">\n<li class=\"share-twitter\"><a href=\"https:\/\/twitter.com\/share\" class=\"twitter-share-button\" data-url=\"https:\/\/www.curierul.ro\/astazi-principele-nicolae-este-invitatul-special-al-centenarului-camerei-de-comert-si-industrie-valcea\/\" data-text=\"Ast\u0103zi, Principele Nicolae este invitatul special al Centenarului Camerei de Comer\u021b \u0219i Industrie V\u00e2lcea\" data-via=\"curierulvl\">Tweet<\/a><\/li>\n<li class=\"share-jetpack-whatsapp\"><a rel=\"nofollow noopener noreferrer\" data-shared=\"sharing-whatsapp-196296\" class=\"share-jetpack-whatsapp sd-button\" href=\"https:\/\/www.curierul.ro\/astazi-principele-nicolae-este-invitatul-special-al-centenarului-camerei-de-comert-si-industrie-valcea\/?share=jetpack-whatsapp\" target=\"_blank\" aria-labelledby=\"sharing-whatsapp-196296\"><span id=\"sharing-whatsapp-196296\" hidden>D\u0103 clic pentru partajare pe WhatsApp(Se deschide \u00eentr-o fereastr\u0103 nou\u0103)<\/span><span>WhatsApp<\/span><\/a><\/li>\n<li><a href=\"https:\/\/www.curierul.ro\/astazi-principele-nicolae-este-invitatul-special-al-centenarului-camerei-de-comert-si-industrie-valcea\/\" class=\"sharing-anchor sd-button share-more\"><span>Mai mult<\/span><\/a><\/li>\n<li class=\"share-end\"><\/ul>\n<div class=\"sharing-hidden\">\n<div class=\"inner\">\n<ul>\n<li class=\"share-email\"><a rel=\"nofollow noopener noreferrer\" data-shared=\"sharing-email-196296\" class=\"share-email sd-button\" href=\"mailto:?subject=%5BArticol%20partajat%5D%20Ast%C4%83zi%2C%20Principele%20Nicolae%20este%20invitatul%20special%20al%20Centenarului%20Camerei%20de%20Comer%C8%9B%20%C8%99i%20Industrie%20V%C3%A2lcea&amp;body=https%3A%2F%2Fwww.curierul.ro%2Fastazi-principele-nicolae-este-invitatul-special-al-centenarului-camerei-de-comert-si-industrie-valcea%2F&amp;share=email\" target=\"_blank\" aria-labelledby=\"sharing-email-196296\" data-email-share-error-title=\"\u021ai-ai configurat emailul?\" data-email-share-error-text=\"Dac\u0103 ai probleme la partajarea prin email, probabil nu ai configurat emailul pentru navigator. Poate trebuie s\u0103 creezi singur un email nou.\" data-email-share-nonce=\"ec044ca6d9\" data-email-share-track-url=\"https:\/\/www.curierul.ro\/astazi-principele-nicolae-este-invitatul-special-al-centenarului-camerei-de-comert-si-industrie-valcea\/?share=email\"><span id=\"sharing-email-196296\" hidden>D\u0103 clic pentru a trimite o leg\u0103tur\u0103 prin email unui prieten(Se deschide \u00eentr-o fereastr\u0103 nou\u0103)<\/span><span>Email<\/span><\/a><\/li>\n<li class=\"share-print\"><a rel=\"nofollow noopener noreferrer\" data-shared=\"sharing-print-196296\" class=\"share-print sd-button\" href=\"https:\/\/www.curierul.ro\/astazi-principele-nicolae-este-invitatul-special-al-centenarului-camerei-de-comert-si-industrie-valcea\/#print?share=print\" target=\"_blank\" aria-labelledby=\"sharing-print-196296\"><span id=\"sharing-print-196296\" hidden>D\u0103 clic pentru a imprima(Se deschide \u00eentr-o fereastr\u0103 nou\u0103)<\/span><span>Imprimare<\/span><\/a><\/li>\n<li class=\"share-end\"><\/ul>\n<\/div>\n<\/div>\n<\/div>\n<\/div>\n<\/div>\n<div id=\"jp-relatedposts\" class=\"jp-relatedposts\">\n<h3 class=\"jp-relatedposts-headline\"><em>Similare<\/em><\/h3>\n<\/div>\n<footer class=\"post-footer\">\n<p class=\"tags\"><strong>Tags: <\/strong><a href=\"https:\/\/www.curierul.ro\/tag\/camera-de-comert-si-industrie-valcea-2\/\" rel=\"tag\">Camera de Comer\u021b \u0219i Industrie V\u00e2lcea<\/a>, <a href=\"https:\/\/www.curierul.ro\/tag\/centenar\/\" rel=\"tag\">centenar<\/a>, <a href=\"https:\/\/www.curierul.ro\/tag\/invitat\/\" rel=\"tag\">invitat<\/a>, <a href=\"https:\/\/www.curierul.ro\/tag\/principele-nicolae\/\" rel=\"tag\">principele Nicolae<\/a><\/p>\n<div class=\"post-navigation clearfix\">\n<div class=\"previous-post\">\n<div class=\"featured-photo\"><img loading=\"lazy\" decoding=\"async\" width=\"2048\" height=\"1536\" src=\"https:\/\/i0.wp.com\/www.curierul.ro\/wp-content\/uploads\/2026\/02\/gutau-discutii-asociatii.jpg?fit=300%2C225&amp;ssl=1\" class=\"attachment-post-thumbnail size-post-thumbnail wp-post-image\" alt><\/div>\n<p class=\"paginate-title\">\u00ab\u00ab <a href=\"https:\/\/www.curierul.ro\/primarul-gutau-in-dialog-direct-cu-asociatiile-de-proprietari\/\" rel=\"prev\">Primarul Gut\u0103u, \u00een dialog direct cu asocia\u021biile de proprietari<\/a><\/p>\n<\/div>\n<\/div>\n<div id=\"comments\" class=\"comments-area\">\n<div id=\"respond\" class=\"comment-respond\">\n<h3 id=\"reply-title\" class=\"comment-reply-title\">Po\u021bi comenta aici<small><a rel=\"nofollow\" id=\"cancel-comment-reply-link\" href=\"https:\/\/www.curierul.ro\/astazi-principele-nicolae-este-invitatul-special-al-centenarului-camerei-de-comert-si-industrie-valcea\/#respond\">Anuleaz\u0103 r\u0103spunsul<\/a><\/small><\/h3>\n<\/div>\n<p class=\"akismet_comment_form_privacy_notice\">Acest site folose\u0219te Akismet pentru a reduce spamul. <a href=\"https:\/\/akismet.com\/privacy\/\" target=\"_blank\" rel=\"nofollow noopener\">Afl\u0103 cum sunt procesate datele comentariilor tale<\/a>.<\/p>\n<\/div>\n<section class=\"related-stories\">\n<h2>Related Stories<\/h2>\n<div class=\"stories-container\">\n<article id=\"latest-141393\" class=\"story post-141393 post type-post status-publish format-standard hentry category-anunturi category-comunicate category-publicitate tag-camera-de-comert-si-industrie-valcea-2 tag-grant-plus\">\n<p class=\"headline\"><a href=\"https:\/\/www.curierul.ro\/comunicat-de-presa-finalizare-proiect-grant-plus-finantare-pentru-startup-uri-inovative\/\">Comunicat de pres\u0103 \u2013 Finalizare proiect:        \u201cGRANT PLUS \u2013 Finan\u021bare pentru startup-uri inovative\u201d<\/a><\/p>\n<\/article>\n<\/div>\n<\/section>\n<section class=\"latest-category clearfix\">\n<h2 class=\"title\">More Stories From Actualitate<\/h2>\n<div class=\"stories-container\">\n<article id=\"related-196293\" class=\"story post-196293 post type-post status-publish format-standard has-post-thumbnail hentry category-actualitate category-politica\">\n<div class=\"photo\"><img decoding=\"async\" width=\"735\" height=\"440\" src=\"https:\/\/i0.wp.com\/www.curierul.ro\/wp-content\/uploads\/2026\/02\/gutau-discutii-asociatii.jpg?fit=300%2C225&amp;ssl=1\" class=\"attachment-giornalismo-single size-giornalismo-single wp-post-image\" alt loading=\"lazy\"><\/div>\n<p class=\"headline\"><a href=\"https:\/\/www.curierul.ro\/primarul-gutau-in-dialog-direct-cu-asociatiile-de-proprietari\/\">Primarul Gut\u0103u, \u00een dialog direct cu asocia\u021biile de proprietari<\/a><\/p>\n<\/article>\n<article id=\"related-196290\" class=\"story post-196290 post type-post status-publish format-standard has-post-thumbnail hentry category-actualitate category-zidezi tag-articol-de-la-partener\">\n<div class=\"photo\"><img decoding=\"async\" width=\"735\" height=\"440\" src=\"https:\/\/i0.wp.com\/www.curierul.ro\/wp-content\/uploads\/2026\/02\/ii9zqlzrz1pbwdp_wp.jpg?fit=300%2C200&amp;ssl=1\" class=\"attachment-giornalismo-single size-giornalismo-single wp-post-image\" alt loading=\"lazy\"><\/div>\n<p class=\"headline\"><a href=\"https:\/\/www.curierul.ro\/lumina-care-schimba-totul-cum-iti-transformi-bucataria-cu-un-iluminat-bine-ales\/\">Lumina care schimb\u0103 totul \u2013 cum \u00ee\u021bi transformi buc\u0103t\u0103ria cu un iluminat bine ales<\/a><\/p>\n<\/article>\n<article id=\"related-196282\" class=\"story post-196282 post type-post status-publish format-standard has-post-thumbnail hentry category-actualitate category-headlines category-politica category-psd tag-buget tag-comunitatea-valceana tag-deputat tag-eugen-neata tag-probleme tag-romania-2\">\n<div class=\"photo\"><img decoding=\"async\" width=\"720\" height=\"440\" src=\"https:\/\/i0.wp.com\/www.curierul.ro\/wp-content\/uploads\/2026\/02\/Neata_buget.jpg?fit=300%2C225&amp;ssl=1\" class=\"attachment-giornalismo-single size-giornalismo-single wp-post-image\" alt loading=\"lazy\"><\/div>\n<p class=\"headline\"><a href=\"https:\/\/www.curierul.ro\/deputatul-eugen-neata-astept-de-la-bugetul-romaniei-sa-dea-un-semn-ca-este-interesat-de-una-dintre-cele-mai-serioase-probleme-cu-care-se-confrunta-comunitatea-valceana\/\">Deputatul Eugen Nea\u021b\u0103: \u201eA\u0219tept de la bugetul Rom\u00e2niei s\u0103 dea un semn c\u0103 este interesat de una dintre cele mai serioase probleme cu care se confrunt\u0103 comunitatea v\u00e2lcean\u0103\u201d<\/a><\/p>\n<\/article>\n<\/div>\n<\/section>\n<section class=\"author-bio clearfix\">\n<div class=\"mug-shot\"><img decoding=\"async\" alt src=\"https:\/\/secure.gravatar.com\/avatar\/2a58d181c1d85262357d59db6fc29158130ca794fc45057783762a4c0eb9167f?s=96&amp;d=mm&amp;r=g\" class=\"avatar avatar-96 photo\" height=\"96\" width=\"96\" loading=\"lazy\"><\/div>\n<div class=\"author-info\">\n<p class=\"title\">About Curierul de Valcea, <\/p>\n<div class=\"author-social-area\"><a href=\"mailto:curierul@curierul.ro\"><span class=\"fal fa-envelope\"><span class=\"screen-reader-text\">Email the Author<\/span><\/span><\/a><\/div>\n<\/div>\n<\/section>\n<\/footer>\n<\/article>\n<article id=\"latest-141393\" class=\"story post-141393 post type-post status-publish format-standard hentry category-anunturi category-comunicate category-publicitate tag-camera-de-comert-si-industrie-valcea-2 tag-grant-plus\">\n<p class=\"headline\"><a href=\"https:\/\/www.curierul.ro\/comunicat-de-presa-finalizare-proiect-grant-plus-finantare-pentru-startup-uri-inovative\/\">Comunicat de pres\u0103 \u2013 Finalizare proiect:        \u201cGRANT PLUS \u2013 Finan\u021bare pentru startup-uri inovative\u201d<\/a><\/p>\n<\/article>\n<article id=\"related-196293\" class=\"story post-196293 post type-post status-publish format-standard has-post-thumbnail hentry category-actualitate category-politica\">\n<div class=\"photo\"><img decoding=\"async\" width=\"735\" height=\"440\" src=\"https:\/\/i0.wp.com\/www.curierul.ro\/wp-content\/uploads\/2026\/02\/gutau-discutii-asociatii.jpg?fit=300%2C225&amp;ssl=1\" class=\"attachment-giornalismo-single size-giornalismo-single wp-post-image\" alt loading=\"lazy\"><\/div>\n<p class=\"headline\"><a href=\"https:\/\/www.curierul.ro\/primarul-gutau-in-dialog-direct-cu-asociatiile-de-proprietari\/\">Primarul Gut\u0103u, \u00een dialog direct cu asocia\u021biile de proprietari<\/a><\/p>\n<\/article>\n<article id=\"related-196290\" class=\"story post-196290 post type-post status-publish format-standard has-post-thumbnail hentry category-actualitate category-zidezi tag-articol-de-la-partener\">\n<div class=\"photo\"><img decoding=\"async\" width=\"735\" height=\"440\" src=\"https:\/\/i0.wp.com\/www.curierul.ro\/wp-content\/uploads\/2026\/02\/ii9zqlzrz1pbwdp_wp.jpg?fit=300%2C200&amp;ssl=1\" class=\"attachment-giornalismo-single size-giornalismo-single wp-post-image\" alt loading=\"lazy\"><\/div>\n<p class=\"headline\"><a href=\"https:\/\/www.curierul.ro\/lumina-care-schimba-totul-cum-iti-transformi-bucataria-cu-un-iluminat-bine-ales\/\">Lumina care schimb\u0103 totul \u2013 cum \u00ee\u021bi transformi buc\u0103t\u0103ria cu un iluminat bine ales<\/a><\/p>\n<\/article>\n<article id=\"related-196282\" class=\"story post-196282 post type-post status-publish format-standard has-post-thumbnail hentry category-actualitate category-headlines category-politica category-psd tag-buget tag-comunitatea-valceana tag-deputat tag-eugen-neata tag-probleme tag-romania-2\">\n<div class=\"photo\"><img decoding=\"async\" width=\"720\" height=\"440\" src=\"https:\/\/i0.wp.com\/www.curierul.ro\/wp-content\/uploads\/2026\/02\/Neata_buget.jpg?fit=300%2C225&amp;ssl=1\" class=\"attachment-giornalismo-single size-giornalismo-single wp-post-image\" alt loading=\"lazy\"><\/div>\n<p class=\"headline\"><a href=\"https:\/\/www.curierul.ro\/deputatul-eugen-neata-astept-de-la-bugetul-romaniei-sa-dea-un-semn-ca-este-interesat-de-una-dintre-cele-mai-serioase-probleme-cu-care-se-confrunta-comunitatea-valceana\/\">Deputatul Eugen Nea\u021b\u0103: \u201eA\u0219tept de la bugetul Rom\u00e2niei s\u0103 dea un semn c\u0103 este interesat de una dintre cele mai serioase probleme cu care se confrunt\u0103 comunitatea v\u00e2lcean\u0103\u201d<\/a><\/p>\n<\/article>\n<p>[analyse_source url=&#8221;https:\/\/www.curierul.ro\/astazi-principele-nicolae-este-invitatul-special-al-centenarului-camerei-de-comert-si-industrie-valcea\/&#8221;]<\/p>\n","protected":false},"excerpt":{"rendered":"<p>[analyse_image type=&#8221;featured&#8221; src=&#8221;https:\/\/www.curierul.ro\/wp-content\/uploads\/2026\/02\/FOND.jpghttps:\/\/i0.wp.com\/www.curierul.ro\/wp-content\/uploads\/2026\/02\/FOND.jpg?fit=1200%2C800&amp;ssl=1&#8243;] Home Actualitate Ast\u0103zi, Principele Nicolae este invitatul special al Centenarului Camerei de Comer\u021b \u0219i Industrie V\u00e2lcea Ast\u0103zi, Principele Nicolae este invitatul special al Centenarului Camerei de Comer\u021b \u0219i Industrie V\u00e2lcea Scris deCurierul de Valcea, 13 februarie 2026 str\u0103-str\u0103nepotul regelui Ferdinand \u00ee\u0219i va dedica \u00eentreaga zi ceremoniilor organizate de CCI V\u00e2lcea La 13 [&hellip;]<\/p>\n","protected":false},"author":1,"featured_media":0,"comment_status":"open","ping_status":"","sticky":false,"template":"","format":"standard","meta":{"footnotes":""},"categories":[89],"tags":[226,213],"class_list":["post-1766501","post","type-post","status-publish","format-standard","hentry","category-romania","tag-crawlmanager","tag-curierul-ro"],"_links":{"self":[{"href":"https:\/\/analyse.optim.biz\/index.php?rest_route=\/wp\/v2\/posts\/1766501","targetHints":{"allow":["GET"]}}],"collection":[{"href":"https:\/\/analyse.optim.biz\/index.php?rest_route=\/wp\/v2\/posts"}],"about":[{"href":"https:\/\/analyse.optim.biz\/index.php?rest_route=\/wp\/v2\/types\/post"}],"author":[{"embeddable":true,"href":"https:\/\/analyse.optim.biz\/index.php?rest_route=\/wp\/v2\/users\/1"}],"replies":[{"embeddable":true,"href":"https:\/\/analyse.optim.biz\/index.php?rest_route=%2Fwp%2Fv2%2Fcomments&post=1766501"}],"version-history":[{"count":0,"href":"https:\/\/analyse.optim.biz\/index.php?rest_route=\/wp\/v2\/posts\/1766501\/revisions"}],"wp:attachment":[{"href":"https:\/\/analyse.optim.biz\/index.php?rest_route=%2Fwp%2Fv2%2Fmedia&parent=1766501"}],"wp:term":[{"taxonomy":"category","embeddable":true,"href":"https:\/\/analyse.optim.biz\/index.php?rest_route=%2Fwp%2Fv2%2Fcategories&post=1766501"},{"taxonomy":"post_tag","embeddable":true,"href":"https:\/\/analyse.optim.biz\/index.php?rest_route=%2Fwp%2Fv2%2Ftags&post=1766501"}],"curies":[{"name":"wp","href":"https:\/\/api.w.org\/{rel}","templated":true}]}}