{"id":1766499,"date":"2026-02-11T10:20:07","date_gmt":"2026-02-11T07:20:07","guid":{"rendered":"https:\/\/analyse.optim.biz\/?p=1766499"},"modified":"2026-02-11T10:20:07","modified_gmt":"2026-02-11T07:20:07","slug":"deputatul-eugen-neata-astept-de-la-bugetul-romaniei-sa-dea-un-semn-ca-este-interesat-de-una-dintre-cele-mai-serioase-probleme-cu-care-se-confrunta-comunitatea-valceana","status":"publish","type":"post","link":"https:\/\/analyse.optim.biz\/?p=1766499","title":{"rendered":"Deputatul Eugen Nea\u021b\u0103: \u201eA\u0219tept de la bugetul Rom\u00e2niei s\u0103 dea un semn c\u0103 este interesat de una dintre cele mai serioase probleme cu care se confrunt\u0103 comunitatea v\u00e2lcean\u0103\u201d"},"content":{"rendered":"<p>[analyse_image type=&#8221;featured&#8221; src=&#8221;https:\/\/www.curierul.ro\/wp-content\/uploads\/2026\/02\/Neata_buget.jpghttps:\/\/i0.wp.com\/www.curierul.ro\/wp-content\/uploads\/2026\/02\/Neata_buget.jpg?fit=720%2C540&amp;ssl=1&#8243;]<\/p>\n<article id=\"196282\" class=\"post-196282 post type-post status-publish format-standard has-post-thumbnail hentry category-actualitate category-headlines category-politica category-psd tag-buget tag-comunitatea-valceana tag-deputat tag-eugen-neata tag-probleme tag-romania-2\">\n<header class=\"post-header\">\n<ul class=\"breadcrumbs\">\n<li><a href=\"https:\/\/www.curierul.ro\">Home<\/a><\/li>\n<li class=\"breadcrumbs-active .category-actualitate\"><a href=\"https:\/\/www.curierul.ro\/index.php?cat=1615\">Actualitate<\/a><\/li>\n<li class=\"breadcrumbs-active .category-actualitate\">Deputatul Eugen Nea\u021b\u0103: \u201eA\u0219tept de la bugetul Rom\u00e2niei s\u0103 dea un semn c\u0103 este interesat de una dintre cele mai serioase probleme cu care se confrunt\u0103 comunitatea v\u00e2lcean\u0103\u201d<\/li>\n<\/ul>\n<div class=\"featured-photo\"><img loading=\"lazy\" decoding=\"async\" width=\"720\" height=\"540\" src=\"https:\/\/i0.wp.com\/www.curierul.ro\/wp-content\/uploads\/2026\/02\/Neata_buget.jpg?fit=300%2C225&amp;ssl=1\" class=\"attachment-single size-single wp-post-image\" alt><\/div>\n<h1 class=\"headline\">Deputatul Eugen Nea\u021b\u0103: \u201eA\u0219tept de la bugetul Rom\u00e2niei s\u0103 dea un semn c\u0103 este interesat de una dintre cele mai serioase probleme cu care se confrunt\u0103 comunitatea v\u00e2lcean\u0103\u201d<\/h1>\n<p class=\"byline\">\n\t\tScris de<a href=\"https:\/\/www.curierul.ro\/author\/curierul\/\">Curierul de Valcea<\/a>, \t\t11 februarie 2026\t\t\t\t<\/p>\n<hr>\n<\/header>\n<div dir=\"auto\">Parlamentarul v\u00e2lcean, Eugen Nea\u021b\u0103, a f\u0103cut o radiografie pertinent\u0103 a tuturor zonelor care urmeaz\u0103 s\u0103 fie luate \u00een discu\u021bie \u00een cadrul noului buget al Rom\u00e2niei. Deputatul este de p\u0103rere c\u0103 a investi nu are ca rezultat sigur profitul. Uneori mai \u0219i pierzi. <em>\u201eO b\u0103t\u0103lie este \u00eentotdeauna \u0219i de pierdut. R\u0103zboiul \u00eens\u0103, al investi\u021biilor personale, trebuie c\u00e2\u0219tigat de fiecare dat\u0103 dac\u0103 vrei s\u0103 supravie\u021buie\u0219ti. Altfel zis, ori tr\u0103ie\u0219ti cu frica de a-\u021bi lipsi un leu din ceea ce ai de la casierie, ori te \u00eencarci cu speran\u021ba de a face doi lei din unul investind cu \u00een\u021belepciune \u00een ceva.<\/em><\/div>\n<div dir=\"auto\"><em>A\u0219a este \u0219i cu \u021bara noastr\u0103 rom\u00e2neasc\u0103, de c\u00e2nd exist\u0103 ea \u0219i c\u00e2t \u00eei este dat s\u0103 fie p\u00e2n\u0103 \u00een viitorul cel mai \u00eendep\u0103rtat. \u0218i \u021b\u0103rile tr\u0103iesc cu ochii pe banii proprii, av\u00e2nd mai mult sau mai pu\u021bin curaj pentru a investi. Sunt \u021b\u0103ri \u00een lume care tr\u0103iesc de pe o zi pe alta \u0219i sunt \u021b\u0103ri \u00een lume care realizeaz\u0103 profit din mari investi\u021bii na\u021bionale. V\u0103 las pl\u0103cerea de a le c\u0103uta, de a le analiza politicile publice \u0219i financiare, de a le cunoa\u0219te \u0219i de a le compara cu ceea ce facem noi aici, \u00een Rom\u00e2nia zilelor noastre. Dup\u0103 aproape patruzeci de ani de capitalism, \u0219tim c\u0103 banii nu se tip\u0103resc la guvern \u0219i nu trebuie arunca\u021bi pe fereastr\u0103 atunci c\u00e2nd ajung \u00een buget. Am \u00eenv\u0103\u021bat multe ie\u0219ind din bezn\u0103 \u0219i \u00eenaint\u00e2nd pas cu pas \u00een logica pie\u021bei libere \u0219i a libert\u0103\u021bii, \u00een general. Dar n-am \u00eenv\u0103\u021bat totul, bine\u00een\u021beles. Pentru c\u0103 omul c\u00e2t tr\u0103ie\u0219te tot \u00eenva\u021b\u0103\u2026<\/em>\u201d, declara Eugen Nea\u021b\u0103.<\/div>\n<div dir=\"auto\">Rom\u00e2nii se preg\u0103tesc cu to\u021bii pentru ziua \u00een care va fi f\u0103cut public bugetul Rom\u00e2niei pentru acest an. \u00cent\u00e2rzie din motive nu tocmai clare, dar va sosi \u00een cur\u00e2nd. Va putea fi citit, dezb\u0103tut, amendat \u0219i admis \u00eentr-o form\u0103 pe care n-o putem b\u0103nui acum. <em>\u201eCeea ce \u0219tiu eu, ca deputat \u00een Parlamentul Rom\u00e2niei, este c\u0103 a\u0219tept de la acest buget s\u0103 dea un semn c\u0103 este interesat de una dintre cele mai serioase probleme cu care se confrunt\u0103 comunitatea v\u00e2lcean\u0103 din care provin. Nu este o problem\u0103 oarecare \u0219i alungarea ei din aten\u021bia public\u0103 nu produce economii. Dimpotriv\u0103. Este una dintre investi\u021biile majore pentru via\u021ba social\u0103 din jude\u021bul V\u00e2lcea \u0219i pentru via\u021ba sa economic\u0103, cu un poten\u021bial de profit imens, vital pentru toate domeniile de activitate. Vom vorbi \u00een cur\u00e2nd despre acest subiect. Mai exact, de \u00eendat\u0103 ce bugetul va ajunge \u00een parlament pentru a fi dezb\u0103tut \u0219i pentru a fi amendat. Nu sunt dintre cei care cred c\u0103 micile economii pot salva o situa\u021bie financiar\u0103 ajuns\u0103 \u00een impas. Marile investi\u021bii sunt solu\u021bia \u0219i am de promovat un exemplu regional \u00een acest sens!\u201d<\/em>, a \u00eencheiat deputatul Eugen Nea\u021b\u0103.<\/div>\n<div class=\"sharedaddy sd-sharing-enabled\">\n<div class=\"robots-nocontent sd-block sd-social sd-social-official sd-sharing\">\n<h3 class=\"sd-title\">Distribuie pe:<\/h3>\n<div class=\"sd-content\">\n<ul>\n<li class=\"share-facebook\">\n<li class=\"share-twitter\"><a href=\"https:\/\/twitter.com\/share\" class=\"twitter-share-button\" data-url=\"https:\/\/www.curierul.ro\/deputatul-eugen-neata-astept-de-la-bugetul-romaniei-sa-dea-un-semn-ca-este-interesat-de-una-dintre-cele-mai-serioase-probleme-cu-care-se-confrunta-comunitatea-valceana\/\" data-text=\"Deputatul Eugen Nea\u021b\u0103: \u201eA\u0219tept de la bugetul Rom\u00e2niei s\u0103 dea un semn c\u0103 este interesat de una dintre cele mai serioase probleme cu care se confrunt\u0103 comunitatea v\u00e2lcean\u0103\u201d\" data-via=\"curierulvl\">Tweet<\/a><\/li>\n<li class=\"share-jetpack-whatsapp\"><a rel=\"nofollow noopener noreferrer\" data-shared=\"sharing-whatsapp-196282\" class=\"share-jetpack-whatsapp sd-button\" href=\"https:\/\/www.curierul.ro\/deputatul-eugen-neata-astept-de-la-bugetul-romaniei-sa-dea-un-semn-ca-este-interesat-de-una-dintre-cele-mai-serioase-probleme-cu-care-se-confrunta-comunitatea-valceana\/?share=jetpack-whatsapp\" target=\"_blank\" aria-labelledby=\"sharing-whatsapp-196282\"><span id=\"sharing-whatsapp-196282\" hidden>D\u0103 clic pentru partajare pe WhatsApp(Se deschide \u00eentr-o fereastr\u0103 nou\u0103)<\/span><span>WhatsApp<\/span><\/a><\/li>\n<li><a href=\"https:\/\/www.curierul.ro\/deputatul-eugen-neata-astept-de-la-bugetul-romaniei-sa-dea-un-semn-ca-este-interesat-de-una-dintre-cele-mai-serioase-probleme-cu-care-se-confrunta-comunitatea-valceana\/\" class=\"sharing-anchor sd-button share-more\"><span>Mai mult<\/span><\/a><\/li>\n<li class=\"share-end\"><\/ul>\n<div class=\"sharing-hidden\">\n<div class=\"inner\">\n<ul>\n<li class=\"share-email\"><a rel=\"nofollow noopener noreferrer\" data-shared=\"sharing-email-196282\" class=\"share-email sd-button\" href=\"mailto:?subject=%5BArticol%20partajat%5D%20Deputatul%20Eugen%20Nea%C8%9B%C4%83%3A%20%E2%80%9EA%C8%99tept%20de%20la%20bugetul%20Rom%C3%A2niei%20s%C4%83%20dea%20un%20semn%20c%C4%83%20este%20interesat%20de%20una%20dintre%20cele%20mai%20serioase%20probleme%20cu%20care%20se%20confrunt%C4%83%20comunitatea%20v%C3%A2lcean%C4%83%E2%80%9D&amp;body=https%3A%2F%2Fwww.curierul.ro%2Fdeputatul-eugen-neata-astept-de-la-bugetul-romaniei-sa-dea-un-semn-ca-este-interesat-de-una-dintre-cele-mai-serioase-probleme-cu-care-se-confrunta-comunitatea-valceana%2F&amp;share=email\" target=\"_blank\" aria-labelledby=\"sharing-email-196282\" data-email-share-error-title=\"\u021ai-ai configurat emailul?\" data-email-share-error-text=\"Dac\u0103 ai probleme la partajarea prin email, probabil nu ai configurat emailul pentru navigator. Poate trebuie s\u0103 creezi singur un email nou.\" data-email-share-nonce=\"4070200f97\" data-email-share-track-url=\"https:\/\/www.curierul.ro\/deputatul-eugen-neata-astept-de-la-bugetul-romaniei-sa-dea-un-semn-ca-este-interesat-de-una-dintre-cele-mai-serioase-probleme-cu-care-se-confrunta-comunitatea-valceana\/?share=email\"><span id=\"sharing-email-196282\" hidden>D\u0103 clic pentru a trimite o leg\u0103tur\u0103 prin email unui prieten(Se deschide \u00eentr-o fereastr\u0103 nou\u0103)<\/span><span>Email<\/span><\/a><\/li>\n<li class=\"share-print\"><a rel=\"nofollow noopener noreferrer\" data-shared=\"sharing-print-196282\" class=\"share-print sd-button\" href=\"https:\/\/www.curierul.ro\/deputatul-eugen-neata-astept-de-la-bugetul-romaniei-sa-dea-un-semn-ca-este-interesat-de-una-dintre-cele-mai-serioase-probleme-cu-care-se-confrunta-comunitatea-valceana\/#print?share=print\" target=\"_blank\" aria-labelledby=\"sharing-print-196282\"><span id=\"sharing-print-196282\" hidden>D\u0103 clic pentru a imprima(Se deschide \u00eentr-o fereastr\u0103 nou\u0103)<\/span><span>Imprimare<\/span><\/a><\/li>\n<li class=\"share-end\"><\/ul>\n<\/div>\n<\/div>\n<\/div>\n<\/div>\n<\/div>\n<div id=\"jp-relatedposts\" class=\"jp-relatedposts\">\n<h3 class=\"jp-relatedposts-headline\"><em>Similare<\/em><\/h3>\n<\/div>\n<footer class=\"post-footer\">\n<p class=\"tags\"><strong>Tags: <\/strong><a href=\"https:\/\/www.curierul.ro\/tag\/buget\/\" rel=\"tag\">buget<\/a>, <a href=\"https:\/\/www.curierul.ro\/tag\/comunitatea-valceana\/\" rel=\"tag\">comunitatea v\u00e2lcean\u0103<\/a>, <a href=\"https:\/\/www.curierul.ro\/tag\/deputat\/\" rel=\"tag\">deputat<\/a>, <a href=\"https:\/\/www.curierul.ro\/tag\/eugen-neata\/\" rel=\"tag\">Eugen Nea\u021b\u0103<\/a>, <a href=\"https:\/\/www.curierul.ro\/tag\/probleme\/\" rel=\"tag\">probleme<\/a>, <a href=\"https:\/\/www.curierul.ro\/tag\/romania-2\/\" rel=\"tag\">Rom\u00e2nia<\/a><\/p>\n<div class=\"post-navigation clearfix\">\n<div class=\"previous-post\">\n<div class=\"featured-photo\"><img loading=\"lazy\" decoding=\"async\" width=\"1814\" height=\"1361\" src=\"https:\/\/i0.wp.com\/www.curierul.ro\/wp-content\/uploads\/2026\/02\/Magheru-1.jpg?fit=300%2C225&amp;ssl=1\" class=\"attachment-post-thumbnail size-post-thumbnail wp-post-image\" alt><\/div>\n<p class=\"paginate-title\">\u00ab\u00ab <a href=\"https:\/\/www.curierul.ro\/primarul-mircia-gutau-pariaza-pe-invatamantul-profesional-liceul-tehnologic-general-magheru-beneficiaza-de-un-internat-modern\/\" rel=\"prev\">Primarul Mircia Gut\u0103u pariaz\u0103 pe \u00eenv\u0103\u021b\u0103m\u00e2ntul profesional: Liceul Tehnologic \u201eGeneral Magheru\u201d beneficiaz\u0103 de un internat modern<\/a><\/p>\n<\/div>\n<div class=\"next-post\">\n<div class=\"featured-photo\"><img decoding=\"async\" width=\"2560\" height=\"1707\" src=\"https:\/\/i0.wp.com\/www.curierul.ro\/wp-content\/uploads\/2026\/02\/Horeca-interieur-design-4-scaled-1.jpg?fit=300%2C200&amp;ssl=1\" class=\"attachment-post-thumbnail size-post-thumbnail wp-post-image\" alt loading=\"lazy\"><\/div>\n<p class=\"paginate-title\"><a href=\"https:\/\/www.curierul.ro\/bataia-de-joc-din-turism-continua-valea-lotrului-se-zbate-intre-supravietuire-si-faliment\/\" rel=\"next\">B\u0103taia de joc din turism continu\u0103. Valea Lotrului se zbate \u00eentre supravie\u021buire \u0219i faliment<\/a> \u00bb\u00bb<\/p>\n<\/div>\n<\/div>\n<div id=\"comments\" class=\"comments-area\">\n<div id=\"respond\" class=\"comment-respond\">\n<h3 id=\"reply-title\" class=\"comment-reply-title\">Po\u021bi comenta aici<small><a rel=\"nofollow\" id=\"cancel-comment-reply-link\" href=\"https:\/\/www.curierul.ro\/deputatul-eugen-neata-astept-de-la-bugetul-romaniei-sa-dea-un-semn-ca-este-interesat-de-una-dintre-cele-mai-serioase-probleme-cu-care-se-confrunta-comunitatea-valceana\/#respond\">Anuleaz\u0103 r\u0103spunsul<\/a><\/small><\/h3>\n<\/div>\n<p class=\"akismet_comment_form_privacy_notice\">Acest site folose\u0219te Akismet pentru a reduce spamul. <a href=\"https:\/\/akismet.com\/privacy\/\" target=\"_blank\" rel=\"nofollow noopener\">Afl\u0103 cum sunt procesate datele comentariilor tale<\/a>.<\/p>\n<\/div>\n<section class=\"related-stories\">\n<h2>Related Stories<\/h2>\n<div class=\"stories-container\">\n<article id=\"latest-194607\" class=\"story post-194607 post type-post status-publish format-standard has-post-thumbnail hentry category-actualitate category-headlines category-politica tag-buget tag-caldura-2 tag-extraordinara tag-investitii-2 tag-primaria-ramnicului tag-scoli-3\">\n<div class=\"photo\"><img decoding=\"async\" width=\"735\" height=\"341\" src=\"https:\/\/i0.wp.com\/www.curierul.ro\/wp-content\/uploads\/2025\/09\/Primaria-Ramnicu-Valcea-e1757572501952.webp?fit=300%2C131&amp;ssl=1\" class=\"attachment-giornalismo-single size-giornalismo-single wp-post-image\" alt loading=\"lazy\"><\/div>\n<p class=\"headline\"><a href=\"https:\/\/www.curierul.ro\/extraordinara-la-primaria-ramnicului-buget-scoli-investitii-si-pretul-la-caldura\/\">Extraordinar\u0103 la Prim\u0103ria R\u00e2mnicului \u2013 buget, \u0219coli, investi\u021bii \u0219i pre\u021bul la c\u0103ldur\u0103<\/a><\/p>\n<\/article>\n<article id=\"latest-194321\" class=\"story post-194321 post type-post status-publish format-standard has-post-thumbnail hentry category-anunturi category-publicitate tag-apavil tag-buget tag-concurs tag-control-financiar-preventiv tag-economst tag-preturi\">\n<div class=\"photo\"><img decoding=\"async\" width=\"560\" height=\"264\" src=\"https:\/\/i0.wp.com\/www.curierul.ro\/wp-content\/uploads\/2023\/09\/foto-angajare.jpg?fit=300%2C141&amp;ssl=1\" class=\"attachment-giornalismo-single size-giornalismo-single wp-post-image\" alt loading=\"lazy\"><\/div>\n<p class=\"headline\"><a href=\"https:\/\/www.curierul.ro\/apavil-sa-anunt-privind-scoaterea-la-concurs-a-unui-post-de-economist-in-cadrul-serviciului-analiza-buget-preturi-tarife-si-control-financiar-preventiv-cu-atributii-de-exercitare-a-contr\/\">APAVIL SA \u2013 anun\u021b privind scoaterea la concurs a unui post de economist \u00een cadrul Serviciului Analiz\u0103, Buget, Pre\u021buri, Tarife \u0219i Control Financiar Preventiv, cu atribu\u021bii de exercitare a controlului financiar de gestiune<\/a><\/p>\n<\/article>\n<article id=\"latest-193286\" class=\"story post-193286 post type-post status-publish format-standard has-post-thumbnail hentry category-anunturi category-publicitate tag-apavil tag-buget tag-concurs tag-economist tag-preturi-2 tag-tarife\">\n<div class=\"photo\"><img decoding=\"async\" width=\"560\" height=\"264\" src=\"https:\/\/i0.wp.com\/www.curierul.ro\/wp-content\/uploads\/2023\/09\/foto-angajare.jpg?fit=300%2C141&amp;ssl=1\" class=\"attachment-giornalismo-single size-giornalismo-single wp-post-image\" alt loading=\"lazy\"><\/div>\n<p class=\"headline\"><a href=\"https:\/\/www.curierul.ro\/apavil-sa-anunt-privind-scoaterea-la-concurs-a-unui-post-de-economist-in-cadrul-serviciului-analiza-buget-preturi-tarife-si-cfp-cu-atributii-de-exercitare-a-controlului-financiar-de-gest\/\">APAVIL SA \u2013 anun\u021b privind scoaterea la concurs a unui post de economist \u00een cadrul Serviciului Analiz\u0103, Buget, Pre\u021buri, Tarife \u0219i CFP, cu atribu\u021bii de exercitare a controlului financiar de gestiune<\/a><\/p>\n<\/article>\n<\/div>\n<\/section>\n<section class=\"latest-category clearfix\">\n<h2 class=\"title\">More Stories From Actualitate<\/h2>\n<div class=\"stories-container\">\n<article id=\"related-196296\" class=\"story post-196296 post type-post status-publish format-standard has-post-thumbnail hentry category-actualitate category-economie category-eveniment-social category-headlines tag-camera-de-comert-si-industrie-valcea-2 tag-centenar tag-invitat tag-principele-nicolae\">\n<div class=\"photo\"><img decoding=\"async\" width=\"735\" height=\"440\" src=\"https:\/\/i0.wp.com\/www.curierul.ro\/wp-content\/uploads\/2026\/02\/FOND.jpg?fit=300%2C200&amp;ssl=1\" class=\"attachment-giornalismo-single size-giornalismo-single wp-post-image\" alt loading=\"lazy\"><\/div>\n<p class=\"headline\"><a href=\"https:\/\/www.curierul.ro\/astazi-principele-nicolae-este-invitatul-special-al-centenarului-camerei-de-comert-si-industrie-valcea\/\">Ast\u0103zi, Principele Nicolae este invitatul special al Centenarului Camerei de Comer\u021b \u0219i Industrie V\u00e2lcea<\/a><\/p>\n<\/article>\n<article id=\"related-196293\" class=\"story post-196293 post type-post status-publish format-standard has-post-thumbnail hentry category-actualitate category-politica\">\n<div class=\"photo\"><img decoding=\"async\" width=\"735\" height=\"440\" src=\"https:\/\/i0.wp.com\/www.curierul.ro\/wp-content\/uploads\/2026\/02\/gutau-discutii-asociatii.jpg?fit=300%2C225&amp;ssl=1\" class=\"attachment-giornalismo-single size-giornalismo-single wp-post-image\" alt loading=\"lazy\"><\/div>\n<p class=\"headline\"><a href=\"https:\/\/www.curierul.ro\/primarul-gutau-in-dialog-direct-cu-asociatiile-de-proprietari\/\">Primarul Gut\u0103u, \u00een dialog direct cu asocia\u021biile de proprietari<\/a><\/p>\n<\/article>\n<article id=\"related-196290\" class=\"story post-196290 post type-post status-publish format-standard has-post-thumbnail hentry category-actualitate category-zidezi tag-articol-de-la-partener\">\n<div class=\"photo\"><img decoding=\"async\" width=\"735\" height=\"440\" src=\"https:\/\/i0.wp.com\/www.curierul.ro\/wp-content\/uploads\/2026\/02\/ii9zqlzrz1pbwdp_wp.jpg?fit=300%2C200&amp;ssl=1\" class=\"attachment-giornalismo-single size-giornalismo-single wp-post-image\" alt loading=\"lazy\"><\/div>\n<p class=\"headline\"><a href=\"https:\/\/www.curierul.ro\/lumina-care-schimba-totul-cum-iti-transformi-bucataria-cu-un-iluminat-bine-ales\/\">Lumina care schimb\u0103 totul \u2013 cum \u00ee\u021bi transformi buc\u0103t\u0103ria cu un iluminat bine ales<\/a><\/p>\n<\/article>\n<\/div>\n<\/section>\n<section class=\"author-bio clearfix\">\n<div class=\"mug-shot\"><img decoding=\"async\" alt src=\"https:\/\/secure.gravatar.com\/avatar\/2a58d181c1d85262357d59db6fc29158130ca794fc45057783762a4c0eb9167f?s=96&amp;d=mm&amp;r=g\" class=\"avatar avatar-96 photo\" height=\"96\" width=\"96\" loading=\"lazy\"><\/div>\n<div class=\"author-info\">\n<p class=\"title\">About Curierul de Valcea, <\/p>\n<div class=\"author-social-area\"><a href=\"mailto:curierul@curierul.ro\"><span class=\"fal fa-envelope\"><span class=\"screen-reader-text\">Email the Author<\/span><\/span><\/a><\/div>\n<\/div>\n<\/section>\n<\/footer>\n<\/article>\n<article id=\"196282\" class=\"post-196282 post type-post status-publish format-standard has-post-thumbnail hentry category-actualitate category-headlines category-politica category-psd tag-buget tag-comunitatea-valceana tag-deputat tag-eugen-neata tag-probleme tag-romania-2\">\n<header class=\"post-header\">\n<ul class=\"breadcrumbs\">\n<li><a href=\"https:\/\/www.curierul.ro\">Home<\/a><\/li>\n<li class=\"breadcrumbs-active .category-actualitate\"><a href=\"https:\/\/www.curierul.ro\/index.php?cat=1615\">Actualitate<\/a><\/li>\n<li class=\"breadcrumbs-active .category-actualitate\">Deputatul Eugen Nea\u021b\u0103: \u201eA\u0219tept de la bugetul Rom\u00e2niei s\u0103 dea un semn c\u0103 este interesat de una dintre cele mai serioase probleme cu care se confrunt\u0103 comunitatea v\u00e2lcean\u0103\u201d<\/li>\n<\/ul>\n<div class=\"featured-photo\"><img loading=\"lazy\" decoding=\"async\" width=\"720\" height=\"540\" src=\"https:\/\/i0.wp.com\/www.curierul.ro\/wp-content\/uploads\/2026\/02\/Neata_buget.jpg?fit=300%2C225&amp;ssl=1\" class=\"attachment-single size-single wp-post-image\" alt><\/div>\n<h1 class=\"headline\">Deputatul Eugen Nea\u021b\u0103: \u201eA\u0219tept de la bugetul Rom\u00e2niei s\u0103 dea un semn c\u0103 este interesat de una dintre cele mai serioase probleme cu care se confrunt\u0103 comunitatea v\u00e2lcean\u0103\u201d<\/h1>\n<p class=\"byline\">\n\t\tScris de<a href=\"https:\/\/www.curierul.ro\/author\/curierul\/\">Curierul de Valcea<\/a>, \t\t11 februarie 2026\t\t\t\t<\/p>\n<hr>\n<\/header>\n<div dir=\"auto\">Parlamentarul v\u00e2lcean, Eugen Nea\u021b\u0103, a f\u0103cut o radiografie pertinent\u0103 a tuturor zonelor care urmeaz\u0103 s\u0103 fie luate \u00een discu\u021bie \u00een cadrul noului buget al Rom\u00e2niei. Deputatul este de p\u0103rere c\u0103 a investi nu are ca rezultat sigur profitul. Uneori mai \u0219i pierzi. <em>\u201eO b\u0103t\u0103lie este \u00eentotdeauna \u0219i de pierdut. R\u0103zboiul \u00eens\u0103, al investi\u021biilor personale, trebuie c\u00e2\u0219tigat de fiecare dat\u0103 dac\u0103 vrei s\u0103 supravie\u021buie\u0219ti. Altfel zis, ori tr\u0103ie\u0219ti cu frica de a-\u021bi lipsi un leu din ceea ce ai de la casierie, ori te \u00eencarci cu speran\u021ba de a face doi lei din unul investind cu \u00een\u021belepciune \u00een ceva.<\/em><\/div>\n<div dir=\"auto\"><em>A\u0219a este \u0219i cu \u021bara noastr\u0103 rom\u00e2neasc\u0103, de c\u00e2nd exist\u0103 ea \u0219i c\u00e2t \u00eei este dat s\u0103 fie p\u00e2n\u0103 \u00een viitorul cel mai \u00eendep\u0103rtat. \u0218i \u021b\u0103rile tr\u0103iesc cu ochii pe banii proprii, av\u00e2nd mai mult sau mai pu\u021bin curaj pentru a investi. Sunt \u021b\u0103ri \u00een lume care tr\u0103iesc de pe o zi pe alta \u0219i sunt \u021b\u0103ri \u00een lume care realizeaz\u0103 profit din mari investi\u021bii na\u021bionale. V\u0103 las pl\u0103cerea de a le c\u0103uta, de a le analiza politicile publice \u0219i financiare, de a le cunoa\u0219te \u0219i de a le compara cu ceea ce facem noi aici, \u00een Rom\u00e2nia zilelor noastre. Dup\u0103 aproape patruzeci de ani de capitalism, \u0219tim c\u0103 banii nu se tip\u0103resc la guvern \u0219i nu trebuie arunca\u021bi pe fereastr\u0103 atunci c\u00e2nd ajung \u00een buget. Am \u00eenv\u0103\u021bat multe ie\u0219ind din bezn\u0103 \u0219i \u00eenaint\u00e2nd pas cu pas \u00een logica pie\u021bei libere \u0219i a libert\u0103\u021bii, \u00een general. Dar n-am \u00eenv\u0103\u021bat totul, bine\u00een\u021beles. Pentru c\u0103 omul c\u00e2t tr\u0103ie\u0219te tot \u00eenva\u021b\u0103\u2026<\/em>\u201d, declara Eugen Nea\u021b\u0103.<\/div>\n<div dir=\"auto\">Rom\u00e2nii se preg\u0103tesc cu to\u021bii pentru ziua \u00een care va fi f\u0103cut public bugetul Rom\u00e2niei pentru acest an. \u00cent\u00e2rzie din motive nu tocmai clare, dar va sosi \u00een cur\u00e2nd. Va putea fi citit, dezb\u0103tut, amendat \u0219i admis \u00eentr-o form\u0103 pe care n-o putem b\u0103nui acum. <em>\u201eCeea ce \u0219tiu eu, ca deputat \u00een Parlamentul Rom\u00e2niei, este c\u0103 a\u0219tept de la acest buget s\u0103 dea un semn c\u0103 este interesat de una dintre cele mai serioase probleme cu care se confrunt\u0103 comunitatea v\u00e2lcean\u0103 din care provin. Nu este o problem\u0103 oarecare \u0219i alungarea ei din aten\u021bia public\u0103 nu produce economii. Dimpotriv\u0103. Este una dintre investi\u021biile majore pentru via\u021ba social\u0103 din jude\u021bul V\u00e2lcea \u0219i pentru via\u021ba sa economic\u0103, cu un poten\u021bial de profit imens, vital pentru toate domeniile de activitate. Vom vorbi \u00een cur\u00e2nd despre acest subiect. Mai exact, de \u00eendat\u0103 ce bugetul va ajunge \u00een parlament pentru a fi dezb\u0103tut \u0219i pentru a fi amendat. Nu sunt dintre cei care cred c\u0103 micile economii pot salva o situa\u021bie financiar\u0103 ajuns\u0103 \u00een impas. Marile investi\u021bii sunt solu\u021bia \u0219i am de promovat un exemplu regional \u00een acest sens!\u201d<\/em>, a \u00eencheiat deputatul Eugen Nea\u021b\u0103.<\/div>\n<div class=\"sharedaddy sd-sharing-enabled\">\n<div class=\"robots-nocontent sd-block sd-social sd-social-official sd-sharing\">\n<h3 class=\"sd-title\">Distribuie pe:<\/h3>\n<div class=\"sd-content\">\n<ul>\n<li class=\"share-facebook\">\n<li class=\"share-twitter\"><a href=\"https:\/\/twitter.com\/share\" class=\"twitter-share-button\" data-url=\"https:\/\/www.curierul.ro\/deputatul-eugen-neata-astept-de-la-bugetul-romaniei-sa-dea-un-semn-ca-este-interesat-de-una-dintre-cele-mai-serioase-probleme-cu-care-se-confrunta-comunitatea-valceana\/\" data-text=\"Deputatul Eugen Nea\u021b\u0103: \u201eA\u0219tept de la bugetul Rom\u00e2niei s\u0103 dea un semn c\u0103 este interesat de una dintre cele mai serioase probleme cu care se confrunt\u0103 comunitatea v\u00e2lcean\u0103\u201d\" data-via=\"curierulvl\">Tweet<\/a><\/li>\n<li class=\"share-jetpack-whatsapp\"><a rel=\"nofollow noopener noreferrer\" data-shared=\"sharing-whatsapp-196282\" class=\"share-jetpack-whatsapp sd-button\" href=\"https:\/\/www.curierul.ro\/deputatul-eugen-neata-astept-de-la-bugetul-romaniei-sa-dea-un-semn-ca-este-interesat-de-una-dintre-cele-mai-serioase-probleme-cu-care-se-confrunta-comunitatea-valceana\/?share=jetpack-whatsapp\" target=\"_blank\" aria-labelledby=\"sharing-whatsapp-196282\"><span id=\"sharing-whatsapp-196282\" hidden>D\u0103 clic pentru partajare pe WhatsApp(Se deschide \u00eentr-o fereastr\u0103 nou\u0103)<\/span><span>WhatsApp<\/span><\/a><\/li>\n<li><a href=\"https:\/\/www.curierul.ro\/deputatul-eugen-neata-astept-de-la-bugetul-romaniei-sa-dea-un-semn-ca-este-interesat-de-una-dintre-cele-mai-serioase-probleme-cu-care-se-confrunta-comunitatea-valceana\/\" class=\"sharing-anchor sd-button share-more\"><span>Mai mult<\/span><\/a><\/li>\n<li class=\"share-end\"><\/ul>\n<div class=\"sharing-hidden\">\n<div class=\"inner\">\n<ul>\n<li class=\"share-email\"><a rel=\"nofollow noopener noreferrer\" data-shared=\"sharing-email-196282\" class=\"share-email sd-button\" href=\"mailto:?subject=%5BArticol%20partajat%5D%20Deputatul%20Eugen%20Nea%C8%9B%C4%83%3A%20%E2%80%9EA%C8%99tept%20de%20la%20bugetul%20Rom%C3%A2niei%20s%C4%83%20dea%20un%20semn%20c%C4%83%20este%20interesat%20de%20una%20dintre%20cele%20mai%20serioase%20probleme%20cu%20care%20se%20confrunt%C4%83%20comunitatea%20v%C3%A2lcean%C4%83%E2%80%9D&amp;body=https%3A%2F%2Fwww.curierul.ro%2Fdeputatul-eugen-neata-astept-de-la-bugetul-romaniei-sa-dea-un-semn-ca-este-interesat-de-una-dintre-cele-mai-serioase-probleme-cu-care-se-confrunta-comunitatea-valceana%2F&amp;share=email\" target=\"_blank\" aria-labelledby=\"sharing-email-196282\" data-email-share-error-title=\"\u021ai-ai configurat emailul?\" data-email-share-error-text=\"Dac\u0103 ai probleme la partajarea prin email, probabil nu ai configurat emailul pentru navigator. Poate trebuie s\u0103 creezi singur un email nou.\" data-email-share-nonce=\"4070200f97\" data-email-share-track-url=\"https:\/\/www.curierul.ro\/deputatul-eugen-neata-astept-de-la-bugetul-romaniei-sa-dea-un-semn-ca-este-interesat-de-una-dintre-cele-mai-serioase-probleme-cu-care-se-confrunta-comunitatea-valceana\/?share=email\"><span id=\"sharing-email-196282\" hidden>D\u0103 clic pentru a trimite o leg\u0103tur\u0103 prin email unui prieten(Se deschide \u00eentr-o fereastr\u0103 nou\u0103)<\/span><span>Email<\/span><\/a><\/li>\n<li class=\"share-print\"><a rel=\"nofollow noopener noreferrer\" data-shared=\"sharing-print-196282\" class=\"share-print sd-button\" href=\"https:\/\/www.curierul.ro\/deputatul-eugen-neata-astept-de-la-bugetul-romaniei-sa-dea-un-semn-ca-este-interesat-de-una-dintre-cele-mai-serioase-probleme-cu-care-se-confrunta-comunitatea-valceana\/#print?share=print\" target=\"_blank\" aria-labelledby=\"sharing-print-196282\"><span id=\"sharing-print-196282\" hidden>D\u0103 clic pentru a imprima(Se deschide \u00eentr-o fereastr\u0103 nou\u0103)<\/span><span>Imprimare<\/span><\/a><\/li>\n<li class=\"share-end\"><\/ul>\n<\/div>\n<\/div>\n<\/div>\n<\/div>\n<\/div>\n<div id=\"jp-relatedposts\" class=\"jp-relatedposts\">\n<h3 class=\"jp-relatedposts-headline\"><em>Similare<\/em><\/h3>\n<\/div>\n<footer class=\"post-footer\">\n<p class=\"tags\"><strong>Tags: <\/strong><a href=\"https:\/\/www.curierul.ro\/tag\/buget\/\" rel=\"tag\">buget<\/a>, <a href=\"https:\/\/www.curierul.ro\/tag\/comunitatea-valceana\/\" rel=\"tag\">comunitatea v\u00e2lcean\u0103<\/a>, <a href=\"https:\/\/www.curierul.ro\/tag\/deputat\/\" rel=\"tag\">deputat<\/a>, <a href=\"https:\/\/www.curierul.ro\/tag\/eugen-neata\/\" rel=\"tag\">Eugen Nea\u021b\u0103<\/a>, <a href=\"https:\/\/www.curierul.ro\/tag\/probleme\/\" rel=\"tag\">probleme<\/a>, <a href=\"https:\/\/www.curierul.ro\/tag\/romania-2\/\" rel=\"tag\">Rom\u00e2nia<\/a><\/p>\n<div class=\"post-navigation clearfix\">\n<div class=\"previous-post\">\n<div class=\"featured-photo\"><img loading=\"lazy\" decoding=\"async\" width=\"1814\" height=\"1361\" src=\"https:\/\/i0.wp.com\/www.curierul.ro\/wp-content\/uploads\/2026\/02\/Magheru-1.jpg?fit=300%2C225&amp;ssl=1\" class=\"attachment-post-thumbnail size-post-thumbnail wp-post-image\" alt><\/div>\n<p class=\"paginate-title\">\u00ab\u00ab <a href=\"https:\/\/www.curierul.ro\/primarul-mircia-gutau-pariaza-pe-invatamantul-profesional-liceul-tehnologic-general-magheru-beneficiaza-de-un-internat-modern\/\" rel=\"prev\">Primarul Mircia Gut\u0103u pariaz\u0103 pe \u00eenv\u0103\u021b\u0103m\u00e2ntul profesional: Liceul Tehnologic \u201eGeneral Magheru\u201d beneficiaz\u0103 de un internat modern<\/a><\/p>\n<\/div>\n<div class=\"next-post\">\n<div class=\"featured-photo\"><img decoding=\"async\" width=\"2560\" height=\"1707\" src=\"https:\/\/i0.wp.com\/www.curierul.ro\/wp-content\/uploads\/2026\/02\/Horeca-interieur-design-4-scaled-1.jpg?fit=300%2C200&amp;ssl=1\" class=\"attachment-post-thumbnail size-post-thumbnail wp-post-image\" alt loading=\"lazy\"><\/div>\n<p class=\"paginate-title\"><a href=\"https:\/\/www.curierul.ro\/bataia-de-joc-din-turism-continua-valea-lotrului-se-zbate-intre-supravietuire-si-faliment\/\" rel=\"next\">B\u0103taia de joc din turism continu\u0103. Valea Lotrului se zbate \u00eentre supravie\u021buire \u0219i faliment<\/a> \u00bb\u00bb<\/p>\n<\/div>\n<\/div>\n<div id=\"comments\" class=\"comments-area\">\n<div id=\"respond\" class=\"comment-respond\">\n<h3 id=\"reply-title\" class=\"comment-reply-title\">Po\u021bi comenta aici<small><a rel=\"nofollow\" id=\"cancel-comment-reply-link\" href=\"https:\/\/www.curierul.ro\/deputatul-eugen-neata-astept-de-la-bugetul-romaniei-sa-dea-un-semn-ca-este-interesat-de-una-dintre-cele-mai-serioase-probleme-cu-care-se-confrunta-comunitatea-valceana\/#respond\">Anuleaz\u0103 r\u0103spunsul<\/a><\/small><\/h3>\n<\/div>\n<p class=\"akismet_comment_form_privacy_notice\">Acest site folose\u0219te Akismet pentru a reduce spamul. <a href=\"https:\/\/akismet.com\/privacy\/\" target=\"_blank\" rel=\"nofollow noopener\">Afl\u0103 cum sunt procesate datele comentariilor tale<\/a>.<\/p>\n<\/div>\n<section class=\"related-stories\">\n<h2>Related Stories<\/h2>\n<div class=\"stories-container\">\n<article id=\"latest-194607\" class=\"story post-194607 post type-post status-publish format-standard has-post-thumbnail hentry category-actualitate category-headlines category-politica tag-buget tag-caldura-2 tag-extraordinara tag-investitii-2 tag-primaria-ramnicului tag-scoli-3\">\n<div class=\"photo\"><img decoding=\"async\" width=\"735\" height=\"341\" src=\"https:\/\/i0.wp.com\/www.curierul.ro\/wp-content\/uploads\/2025\/09\/Primaria-Ramnicu-Valcea-e1757572501952.webp?fit=300%2C131&amp;ssl=1\" class=\"attachment-giornalismo-single size-giornalismo-single wp-post-image\" alt loading=\"lazy\"><\/div>\n<p class=\"headline\"><a href=\"https:\/\/www.curierul.ro\/extraordinara-la-primaria-ramnicului-buget-scoli-investitii-si-pretul-la-caldura\/\">Extraordinar\u0103 la Prim\u0103ria R\u00e2mnicului \u2013 buget, \u0219coli, investi\u021bii \u0219i pre\u021bul la c\u0103ldur\u0103<\/a><\/p>\n<\/article>\n<article id=\"latest-194321\" class=\"story post-194321 post type-post status-publish format-standard has-post-thumbnail hentry category-anunturi category-publicitate tag-apavil tag-buget tag-concurs tag-control-financiar-preventiv tag-economst tag-preturi\">\n<div class=\"photo\"><img decoding=\"async\" width=\"560\" height=\"264\" src=\"https:\/\/i0.wp.com\/www.curierul.ro\/wp-content\/uploads\/2023\/09\/foto-angajare.jpg?fit=300%2C141&amp;ssl=1\" class=\"attachment-giornalismo-single size-giornalismo-single wp-post-image\" alt loading=\"lazy\"><\/div>\n<p class=\"headline\"><a href=\"https:\/\/www.curierul.ro\/apavil-sa-anunt-privind-scoaterea-la-concurs-a-unui-post-de-economist-in-cadrul-serviciului-analiza-buget-preturi-tarife-si-control-financiar-preventiv-cu-atributii-de-exercitare-a-contr\/\">APAVIL SA \u2013 anun\u021b privind scoaterea la concurs a unui post de economist \u00een cadrul Serviciului Analiz\u0103, Buget, Pre\u021buri, Tarife \u0219i Control Financiar Preventiv, cu atribu\u021bii de exercitare a controlului financiar de gestiune<\/a><\/p>\n<\/article>\n<article id=\"latest-193286\" class=\"story post-193286 post type-post status-publish format-standard has-post-thumbnail hentry category-anunturi category-publicitate tag-apavil tag-buget tag-concurs tag-economist tag-preturi-2 tag-tarife\">\n<div class=\"photo\"><img decoding=\"async\" width=\"560\" height=\"264\" src=\"https:\/\/i0.wp.com\/www.curierul.ro\/wp-content\/uploads\/2023\/09\/foto-angajare.jpg?fit=300%2C141&amp;ssl=1\" class=\"attachment-giornalismo-single size-giornalismo-single wp-post-image\" alt loading=\"lazy\"><\/div>\n<p class=\"headline\"><a href=\"https:\/\/www.curierul.ro\/apavil-sa-anunt-privind-scoaterea-la-concurs-a-unui-post-de-economist-in-cadrul-serviciului-analiza-buget-preturi-tarife-si-cfp-cu-atributii-de-exercitare-a-controlului-financiar-de-gest\/\">APAVIL SA \u2013 anun\u021b privind scoaterea la concurs a unui post de economist \u00een cadrul Serviciului Analiz\u0103, Buget, Pre\u021buri, Tarife \u0219i CFP, cu atribu\u021bii de exercitare a controlului financiar de gestiune<\/a><\/p>\n<\/article>\n<\/div>\n<\/section>\n<section class=\"latest-category clearfix\">\n<h2 class=\"title\">More Stories From Actualitate<\/h2>\n<div class=\"stories-container\">\n<article id=\"related-196296\" class=\"story post-196296 post type-post status-publish format-standard has-post-thumbnail hentry category-actualitate category-economie category-eveniment-social category-headlines tag-camera-de-comert-si-industrie-valcea-2 tag-centenar tag-invitat tag-principele-nicolae\">\n<div class=\"photo\"><img decoding=\"async\" width=\"735\" height=\"440\" src=\"https:\/\/i0.wp.com\/www.curierul.ro\/wp-content\/uploads\/2026\/02\/FOND.jpg?fit=300%2C200&amp;ssl=1\" class=\"attachment-giornalismo-single size-giornalismo-single wp-post-image\" alt loading=\"lazy\"><\/div>\n<p class=\"headline\"><a href=\"https:\/\/www.curierul.ro\/astazi-principele-nicolae-este-invitatul-special-al-centenarului-camerei-de-comert-si-industrie-valcea\/\">Ast\u0103zi, Principele Nicolae este invitatul special al Centenarului Camerei de Comer\u021b \u0219i Industrie V\u00e2lcea<\/a><\/p>\n<\/article>\n<article id=\"related-196293\" class=\"story post-196293 post type-post status-publish format-standard has-post-thumbnail hentry category-actualitate category-politica\">\n<div class=\"photo\"><img decoding=\"async\" width=\"735\" height=\"440\" src=\"https:\/\/i0.wp.com\/www.curierul.ro\/wp-content\/uploads\/2026\/02\/gutau-discutii-asociatii.jpg?fit=300%2C225&amp;ssl=1\" class=\"attachment-giornalismo-single size-giornalismo-single wp-post-image\" alt loading=\"lazy\"><\/div>\n<p class=\"headline\"><a href=\"https:\/\/www.curierul.ro\/primarul-gutau-in-dialog-direct-cu-asociatiile-de-proprietari\/\">Primarul Gut\u0103u, \u00een dialog direct cu asocia\u021biile de proprietari<\/a><\/p>\n<\/article>\n<article id=\"related-196290\" class=\"story post-196290 post type-post status-publish format-standard has-post-thumbnail hentry category-actualitate category-zidezi tag-articol-de-la-partener\">\n<div class=\"photo\"><img decoding=\"async\" width=\"735\" height=\"440\" src=\"https:\/\/i0.wp.com\/www.curierul.ro\/wp-content\/uploads\/2026\/02\/ii9zqlzrz1pbwdp_wp.jpg?fit=300%2C200&amp;ssl=1\" class=\"attachment-giornalismo-single size-giornalismo-single wp-post-image\" alt loading=\"lazy\"><\/div>\n<p class=\"headline\"><a href=\"https:\/\/www.curierul.ro\/lumina-care-schimba-totul-cum-iti-transformi-bucataria-cu-un-iluminat-bine-ales\/\">Lumina care schimb\u0103 totul \u2013 cum \u00ee\u021bi transformi buc\u0103t\u0103ria cu un iluminat bine ales<\/a><\/p>\n<\/article>\n<\/div>\n<\/section>\n<section class=\"author-bio clearfix\">\n<div class=\"mug-shot\"><img decoding=\"async\" alt src=\"https:\/\/secure.gravatar.com\/avatar\/2a58d181c1d85262357d59db6fc29158130ca794fc45057783762a4c0eb9167f?s=96&amp;d=mm&amp;r=g\" class=\"avatar avatar-96 photo\" height=\"96\" width=\"96\" loading=\"lazy\"><\/div>\n<div class=\"author-info\">\n<p class=\"title\">About Curierul de Valcea, <\/p>\n<div class=\"author-social-area\"><a href=\"mailto:curierul@curierul.ro\"><span class=\"fal fa-envelope\"><span class=\"screen-reader-text\">Email the Author<\/span><\/span><\/a><\/div>\n<\/div>\n<\/section>\n<\/footer>\n<\/article>\n<article id=\"latest-194607\" class=\"story post-194607 post type-post status-publish format-standard has-post-thumbnail hentry category-actualitate category-headlines category-politica tag-buget tag-caldura-2 tag-extraordinara tag-investitii-2 tag-primaria-ramnicului tag-scoli-3\">\n<div class=\"photo\"><img decoding=\"async\" width=\"735\" height=\"341\" src=\"https:\/\/i0.wp.com\/www.curierul.ro\/wp-content\/uploads\/2025\/09\/Primaria-Ramnicu-Valcea-e1757572501952.webp?fit=300%2C131&amp;ssl=1\" class=\"attachment-giornalismo-single size-giornalismo-single wp-post-image\" alt loading=\"lazy\"><\/div>\n<p class=\"headline\"><a href=\"https:\/\/www.curierul.ro\/extraordinara-la-primaria-ramnicului-buget-scoli-investitii-si-pretul-la-caldura\/\">Extraordinar\u0103 la Prim\u0103ria R\u00e2mnicului \u2013 buget, \u0219coli, investi\u021bii \u0219i pre\u021bul la c\u0103ldur\u0103<\/a><\/p>\n<\/article>\n<article id=\"latest-194321\" class=\"story post-194321 post type-post status-publish format-standard has-post-thumbnail hentry category-anunturi category-publicitate tag-apavil tag-buget tag-concurs tag-control-financiar-preventiv tag-economst tag-preturi\">\n<div class=\"photo\"><img decoding=\"async\" width=\"560\" height=\"264\" src=\"https:\/\/i0.wp.com\/www.curierul.ro\/wp-content\/uploads\/2023\/09\/foto-angajare.jpg?fit=300%2C141&amp;ssl=1\" class=\"attachment-giornalismo-single size-giornalismo-single wp-post-image\" alt loading=\"lazy\"><\/div>\n<p class=\"headline\"><a href=\"https:\/\/www.curierul.ro\/apavil-sa-anunt-privind-scoaterea-la-concurs-a-unui-post-de-economist-in-cadrul-serviciului-analiza-buget-preturi-tarife-si-control-financiar-preventiv-cu-atributii-de-exercitare-a-contr\/\">APAVIL SA \u2013 anun\u021b privind scoaterea la concurs a unui post de economist \u00een cadrul Serviciului Analiz\u0103, Buget, Pre\u021buri, Tarife \u0219i Control Financiar Preventiv, cu atribu\u021bii de exercitare a controlului financiar de gestiune<\/a><\/p>\n<\/article>\n<article id=\"latest-193286\" class=\"story post-193286 post type-post status-publish format-standard has-post-thumbnail hentry category-anunturi category-publicitate tag-apavil tag-buget tag-concurs tag-economist tag-preturi-2 tag-tarife\">\n<div class=\"photo\"><img decoding=\"async\" width=\"560\" height=\"264\" src=\"https:\/\/i0.wp.com\/www.curierul.ro\/wp-content\/uploads\/2023\/09\/foto-angajare.jpg?fit=300%2C141&amp;ssl=1\" class=\"attachment-giornalismo-single size-giornalismo-single wp-post-image\" alt loading=\"lazy\"><\/div>\n<p class=\"headline\"><a href=\"https:\/\/www.curierul.ro\/apavil-sa-anunt-privind-scoaterea-la-concurs-a-unui-post-de-economist-in-cadrul-serviciului-analiza-buget-preturi-tarife-si-cfp-cu-atributii-de-exercitare-a-controlului-financiar-de-gest\/\">APAVIL SA \u2013 anun\u021b privind scoaterea la concurs a unui post de economist \u00een cadrul Serviciului Analiz\u0103, Buget, Pre\u021buri, Tarife \u0219i CFP, cu atribu\u021bii de exercitare a controlului financiar de gestiune<\/a><\/p>\n<\/article>\n<article id=\"related-196296\" class=\"story post-196296 post type-post status-publish format-standard has-post-thumbnail hentry category-actualitate category-economie category-eveniment-social category-headlines tag-camera-de-comert-si-industrie-valcea-2 tag-centenar tag-invitat tag-principele-nicolae\">\n<div class=\"photo\"><img decoding=\"async\" width=\"735\" height=\"440\" src=\"https:\/\/i0.wp.com\/www.curierul.ro\/wp-content\/uploads\/2026\/02\/FOND.jpg?fit=300%2C200&amp;ssl=1\" class=\"attachment-giornalismo-single size-giornalismo-single wp-post-image\" alt loading=\"lazy\"><\/div>\n<p class=\"headline\"><a href=\"https:\/\/www.curierul.ro\/astazi-principele-nicolae-este-invitatul-special-al-centenarului-camerei-de-comert-si-industrie-valcea\/\">Ast\u0103zi, Principele Nicolae este invitatul special al Centenarului Camerei de Comer\u021b \u0219i Industrie V\u00e2lcea<\/a><\/p>\n<\/article>\n<article id=\"related-196293\" class=\"story post-196293 post type-post status-publish format-standard has-post-thumbnail hentry category-actualitate category-politica\">\n<div class=\"photo\"><img decoding=\"async\" width=\"735\" height=\"440\" src=\"https:\/\/i0.wp.com\/www.curierul.ro\/wp-content\/uploads\/2026\/02\/gutau-discutii-asociatii.jpg?fit=300%2C225&amp;ssl=1\" class=\"attachment-giornalismo-single size-giornalismo-single wp-post-image\" alt loading=\"lazy\"><\/div>\n<p class=\"headline\"><a href=\"https:\/\/www.curierul.ro\/primarul-gutau-in-dialog-direct-cu-asociatiile-de-proprietari\/\">Primarul Gut\u0103u, \u00een dialog direct cu asocia\u021biile de proprietari<\/a><\/p>\n<\/article>\n<article id=\"related-196290\" class=\"story post-196290 post type-post status-publish format-standard has-post-thumbnail hentry category-actualitate category-zidezi tag-articol-de-la-partener\">\n<div class=\"photo\"><img decoding=\"async\" width=\"735\" height=\"440\" src=\"https:\/\/i0.wp.com\/www.curierul.ro\/wp-content\/uploads\/2026\/02\/ii9zqlzrz1pbwdp_wp.jpg?fit=300%2C200&amp;ssl=1\" class=\"attachment-giornalismo-single size-giornalismo-single wp-post-image\" alt loading=\"lazy\"><\/div>\n<p class=\"headline\"><a href=\"https:\/\/www.curierul.ro\/lumina-care-schimba-totul-cum-iti-transformi-bucataria-cu-un-iluminat-bine-ales\/\">Lumina care schimb\u0103 totul \u2013 cum \u00ee\u021bi transformi buc\u0103t\u0103ria cu un iluminat bine ales<\/a><\/p>\n<\/article>\n<p>[analyse_source url=&#8221;https:\/\/www.curierul.ro\/deputatul-eugen-neata-astept-de-la-bugetul-romaniei-sa-dea-un-semn-ca-este-interesat-de-una-dintre-cele-mai-serioase-probleme-cu-care-se-confrunta-comunitatea-valceana\/&#8221;]<\/p>\n","protected":false},"excerpt":{"rendered":"<p>[analyse_image type=&#8221;featured&#8221; src=&#8221;https:\/\/www.curierul.ro\/wp-content\/uploads\/2026\/02\/Neata_buget.jpghttps:\/\/i0.wp.com\/www.curierul.ro\/wp-content\/uploads\/2026\/02\/Neata_buget.jpg?fit=720%2C540&amp;ssl=1&#8243;] Home Actualitate Deputatul Eugen Nea\u021b\u0103: \u201eA\u0219tept de la bugetul Rom\u00e2niei s\u0103 dea un semn c\u0103 este interesat de una dintre cele mai serioase probleme cu care se confrunt\u0103 comunitatea v\u00e2lcean\u0103\u201d Deputatul Eugen Nea\u021b\u0103: \u201eA\u0219tept de la bugetul Rom\u00e2niei s\u0103 dea un semn c\u0103 este interesat de una dintre cele mai serioase probleme [&hellip;]<\/p>\n","protected":false},"author":1,"featured_media":0,"comment_status":"open","ping_status":"","sticky":false,"template":"","format":"standard","meta":{"footnotes":""},"categories":[89],"tags":[226,213],"class_list":["post-1766499","post","type-post","status-publish","format-standard","hentry","category-romania","tag-crawlmanager","tag-curierul-ro"],"_links":{"self":[{"href":"https:\/\/analyse.optim.biz\/index.php?rest_route=\/wp\/v2\/posts\/1766499","targetHints":{"allow":["GET"]}}],"collection":[{"href":"https:\/\/analyse.optim.biz\/index.php?rest_route=\/wp\/v2\/posts"}],"about":[{"href":"https:\/\/analyse.optim.biz\/index.php?rest_route=\/wp\/v2\/types\/post"}],"author":[{"embeddable":true,"href":"https:\/\/analyse.optim.biz\/index.php?rest_route=\/wp\/v2\/users\/1"}],"replies":[{"embeddable":true,"href":"https:\/\/analyse.optim.biz\/index.php?rest_route=%2Fwp%2Fv2%2Fcomments&post=1766499"}],"version-history":[{"count":0,"href":"https:\/\/analyse.optim.biz\/index.php?rest_route=\/wp\/v2\/posts\/1766499\/revisions"}],"wp:attachment":[{"href":"https:\/\/analyse.optim.biz\/index.php?rest_route=%2Fwp%2Fv2%2Fmedia&parent=1766499"}],"wp:term":[{"taxonomy":"category","embeddable":true,"href":"https:\/\/analyse.optim.biz\/index.php?rest_route=%2Fwp%2Fv2%2Fcategories&post=1766499"},{"taxonomy":"post_tag","embeddable":true,"href":"https:\/\/analyse.optim.biz\/index.php?rest_route=%2Fwp%2Fv2%2Ftags&post=1766499"}],"curies":[{"name":"wp","href":"https:\/\/api.w.org\/{rel}","templated":true}]}}