{"id":1766496,"date":"2026-02-10T05:30:00","date_gmt":"2026-02-10T02:30:00","guid":{"rendered":"https:\/\/analyse.optim.biz\/?p=1766496"},"modified":"2026-02-10T05:30:00","modified_gmt":"2026-02-10T02:30:00","slug":"primarul-mircia-gutau-pariaza-pe-invatamantul-profesional-liceul-tehnologic-general-magheru-beneficiaza-de-un-internat-modern","status":"publish","type":"post","link":"https:\/\/analyse.optim.biz\/?p=1766496","title":{"rendered":"Primarul Mircia Gut\u0103u pariaz\u0103 pe \u00eenv\u0103\u021b\u0103m\u00e2ntul profesional: Liceul Tehnologic \u201eGeneral Magheru\u201d beneficiaz\u0103 de un internat modern"},"content":{"rendered":"<p>[analyse_image type=&#8221;featured&#8221; src=&#8221;https:\/\/www.curierul.ro\/wp-content\/uploads\/2026\/02\/Magheru-1.jpghttps:\/\/i0.wp.com\/www.curierul.ro\/wp-content\/uploads\/2026\/02\/Magheru-1.jpg?fit=1200%2C900&amp;ssl=1&#8243;]<\/p>\n<article id=\"196272\" class=\"post-196272 post type-post status-publish format-standard has-post-thumbnail hentry category-actualitate category-headlines category-politica tag-general-magheru tag-internat tag-invatamant-profesional tag-liceu-tehnologic tag-mircia-gutau-2 tag-primarul\">\n<header class=\"post-header\">\n<ul class=\"breadcrumbs\">\n<li><a href=\"https:\/\/www.curierul.ro\">Home<\/a><\/li>\n<li class=\"breadcrumbs-active .category-actualitate\"><a href=\"https:\/\/www.curierul.ro\/index.php?cat=1615\">Actualitate<\/a><\/li>\n<li class=\"breadcrumbs-active .category-actualitate\">Primarul Mircia Gut\u0103u pariaz\u0103 pe \u00eenv\u0103\u021b\u0103m\u00e2ntul profesional: Liceul Tehnologic \u201eGeneral Magheru\u201d beneficiaz\u0103 de un internat modern<\/li>\n<\/ul>\n<div class=\"featured-photo\"><img loading=\"lazy\" decoding=\"async\" width=\"1814\" height=\"1361\" src=\"https:\/\/i0.wp.com\/www.curierul.ro\/wp-content\/uploads\/2026\/02\/Magheru-1.jpg?fit=300%2C225&amp;ssl=1\" class=\"attachment-single size-single wp-post-image\" alt><\/div>\n<h1 class=\"headline\">Primarul Mircia Gut\u0103u pariaz\u0103 pe \u00eenv\u0103\u021b\u0103m\u00e2ntul profesional: Liceul Tehnologic \u201eGeneral Magheru\u201d beneficiaz\u0103 de un internat modern<\/h1>\n<p class=\"byline\">\n\t\tScris de<a href=\"https:\/\/www.curierul.ro\/author\/curierul\/\">Curierul de Valcea<\/a>, \t\t10 februarie 2026\t\t\t\t<\/p>\n<hr>\n<\/header>\n<p>Luni, 9 februarie, primarul Mircia Gut\u0103u a inaugurat lucr\u0103rile complexe de modernizare realizate \u00een ultima perioad\u0103 la internatul Liceului Tehnologic \u201eGeneral Magheru\u201d. \u00cen urma investi\u021biei, imobilul ofer\u0103 elevilor din afara ora\u0219ului condi\u021bii de locuit de cea mai bun\u0103 calitate \u00een camere cu patru paturi (totaliz\u00e2nd 120 de locuri), cu mobilier nou \u0219i echipate cu aer condi\u021bionat, al\u0103turi de grupuri sanitare, s\u0103li de lectur\u0103, bibliotec\u0103, cabinet medical (inclusiv cu dot\u0103ri pentru stomatologie \u0219i prev\u0103zut cu un izolator cu mai multe paturi), magazii de echipamente etc. Cu aceast\u0103 ocazie, edilul-\u0219ef \u0219i-a reafirmat angajamentul de a da c\u00e2t mai multe \u0219anse \u00eenv\u0103\u021b\u0103m\u00e2ntului profesional, afirm\u00e2nd c\u0103 urm\u0103toarele obiective avute \u00een vedere pentru unitatea \u0219colar\u0103 din sudul municipiului sunt reabilitarea cantinei, a terenului de sport \u0219i, nu \u00een ultimul r\u00e2nd, dotarea atelierelor cu echipamente de studiu de ultim\u0103 genera\u021bie. Profit\u00e2nd de prezen\u021ba \u00een liceu, primarul Gut\u0103u a verificat \u0219i sala de sport \u0219colar\u0103 amenajat\u0103 recent \u00een cl\u0103direa unui fost atelier dezafectat, ar\u00e2t\u00e2ndu-\u0219i mul\u021bumirea pentru calitatea lucr\u0103rilor executate. \u00cen declara\u021biile lor, at\u00e2t edilul-\u0219ef, c\u00e2t \u0219i directoarea Elena Olteanu \u0219i-au exprimat convingerea c\u0103 date fiind noile condi\u021bii oferite de internatul modernizat, este de a\u0219teptat o cre\u0219tere semnificativ\u0103 a interesului elevilor pentru acest tip de \u00eenv\u0103\u021b\u0103m\u00e2nt.<\/p>\n<p>Reabilitarea internatului Liceului Tehnologic \u201eGeneral Magheru\u201d vine \u00een continuarea ac\u021biunilor Municipalit\u0103\u021bii R\u00e2mnicului de sprijinire a \u00eenv\u0103\u021b\u0103m\u00e2ntului profesional, printre care se num\u0103r\u0103 promovarea \u00eenv\u0103\u021b\u0103m\u00e2ntului dual sau reabilitarea \u00een urm\u0103 cu aproape doi ani a internatului Liceului Tehnologic Forestier.<\/p>\n<div class=\"sharedaddy sd-sharing-enabled\">\n<div class=\"robots-nocontent sd-block sd-social sd-social-official sd-sharing\">\n<h3 class=\"sd-title\">Distribuie pe:<\/h3>\n<div class=\"sd-content\">\n<ul>\n<li class=\"share-facebook\">\n<li class=\"share-twitter\"><a href=\"https:\/\/twitter.com\/share\" class=\"twitter-share-button\" data-url=\"https:\/\/www.curierul.ro\/primarul-mircia-gutau-pariaza-pe-invatamantul-profesional-liceul-tehnologic-general-magheru-beneficiaza-de-un-internat-modern\/\" data-text=\"Primarul Mircia Gut\u0103u pariaz\u0103 pe \u00eenv\u0103\u021b\u0103m\u00e2ntul profesional: Liceul Tehnologic \u201eGeneral Magheru\u201d beneficiaz\u0103 de un internat modern\" data-via=\"curierulvl\">Tweet<\/a><\/li>\n<li class=\"share-jetpack-whatsapp\"><a rel=\"nofollow noopener noreferrer\" data-shared=\"sharing-whatsapp-196272\" class=\"share-jetpack-whatsapp sd-button\" href=\"https:\/\/www.curierul.ro\/primarul-mircia-gutau-pariaza-pe-invatamantul-profesional-liceul-tehnologic-general-magheru-beneficiaza-de-un-internat-modern\/?share=jetpack-whatsapp\" target=\"_blank\" aria-labelledby=\"sharing-whatsapp-196272\"><span id=\"sharing-whatsapp-196272\" hidden>D\u0103 clic pentru partajare pe WhatsApp(Se deschide \u00eentr-o fereastr\u0103 nou\u0103)<\/span><span>WhatsApp<\/span><\/a><\/li>\n<li><a href=\"https:\/\/www.curierul.ro\/primarul-mircia-gutau-pariaza-pe-invatamantul-profesional-liceul-tehnologic-general-magheru-beneficiaza-de-un-internat-modern\/\" class=\"sharing-anchor sd-button share-more\"><span>Mai mult<\/span><\/a><\/li>\n<li class=\"share-end\"><\/ul>\n<div class=\"sharing-hidden\">\n<div class=\"inner\">\n<ul>\n<li class=\"share-email\"><a rel=\"nofollow noopener noreferrer\" data-shared=\"sharing-email-196272\" class=\"share-email sd-button\" href=\"mailto:?subject=%5BArticol%20partajat%5D%20Primarul%20Mircia%20Gut%C4%83u%20pariaz%C4%83%20pe%20%C3%AEnv%C4%83%C8%9B%C4%83m%C3%A2ntul%20profesional%3A%20Liceul%20Tehnologic%20%E2%80%9EGeneral%20Magheru%E2%80%9D%20beneficiaz%C4%83%20de%20un%20internat%20modern&amp;body=https%3A%2F%2Fwww.curierul.ro%2Fprimarul-mircia-gutau-pariaza-pe-invatamantul-profesional-liceul-tehnologic-general-magheru-beneficiaza-de-un-internat-modern%2F&amp;share=email\" target=\"_blank\" aria-labelledby=\"sharing-email-196272\" data-email-share-error-title=\"\u021ai-ai configurat emailul?\" data-email-share-error-text=\"Dac\u0103 ai probleme la partajarea prin email, probabil nu ai configurat emailul pentru navigator. Poate trebuie s\u0103 creezi singur un email nou.\" data-email-share-nonce=\"1768e69438\" data-email-share-track-url=\"https:\/\/www.curierul.ro\/primarul-mircia-gutau-pariaza-pe-invatamantul-profesional-liceul-tehnologic-general-magheru-beneficiaza-de-un-internat-modern\/?share=email\"><span id=\"sharing-email-196272\" hidden>D\u0103 clic pentru a trimite o leg\u0103tur\u0103 prin email unui prieten(Se deschide \u00eentr-o fereastr\u0103 nou\u0103)<\/span><span>Email<\/span><\/a><\/li>\n<li class=\"share-print\"><a rel=\"nofollow noopener noreferrer\" data-shared=\"sharing-print-196272\" class=\"share-print sd-button\" href=\"https:\/\/www.curierul.ro\/primarul-mircia-gutau-pariaza-pe-invatamantul-profesional-liceul-tehnologic-general-magheru-beneficiaza-de-un-internat-modern\/#print?share=print\" target=\"_blank\" aria-labelledby=\"sharing-print-196272\"><span id=\"sharing-print-196272\" hidden>D\u0103 clic pentru a imprima(Se deschide \u00eentr-o fereastr\u0103 nou\u0103)<\/span><span>Imprimare<\/span><\/a><\/li>\n<li class=\"share-end\"><\/ul>\n<\/div>\n<\/div>\n<\/div>\n<\/div>\n<\/div>\n<div id=\"jp-relatedposts\" class=\"jp-relatedposts\">\n<h3 class=\"jp-relatedposts-headline\"><em>Similare<\/em><\/h3>\n<\/div>\n<footer class=\"post-footer\">\n<p class=\"tags\"><strong>Tags: <\/strong><a href=\"https:\/\/www.curierul.ro\/tag\/general-magheru\/\" rel=\"tag\">general magheru<\/a>, <a href=\"https:\/\/www.curierul.ro\/tag\/internat\/\" rel=\"tag\">INTERNAT<\/a>, <a href=\"https:\/\/www.curierul.ro\/tag\/invatamant-profesional\/\" rel=\"tag\">\u00eenv\u0103\u021b\u0103m\u00e2nt profesional<\/a>, <a href=\"https:\/\/www.curierul.ro\/tag\/liceu-tehnologic\/\" rel=\"tag\">Liceu tehnologic<\/a>, <a href=\"https:\/\/www.curierul.ro\/tag\/mircia-gutau-2\/\" rel=\"tag\">Mircia Gut\u0103u<\/a>, <a href=\"https:\/\/www.curierul.ro\/tag\/primarul\/\" rel=\"tag\">Primarul<\/a><\/p>\n<div class=\"post-navigation clearfix\">\n<div class=\"previous-post\">\n<div class=\"featured-photo\"><img loading=\"lazy\" decoding=\"async\" width=\"530\" height=\"213\" src=\"https:\/\/i0.wp.com\/www.curierul.ro\/wp-content\/uploads\/2022\/08\/MARIUS-CARBUNESCU.jpg?fit=300%2C121&amp;ssl=1\" class=\"attachment-post-thumbnail size-post-thumbnail wp-post-image\" alt><\/div>\n<p class=\"paginate-title\">\u00ab\u00ab <a href=\"https:\/\/www.curierul.ro\/lupii-moralisti\/\" rel=\"prev\">Lupii morali\u0219ti<\/a><\/p>\n<\/div>\n<div class=\"next-post\">\n<div class=\"featured-photo\"><img decoding=\"async\" width=\"720\" height=\"540\" src=\"https:\/\/i0.wp.com\/www.curierul.ro\/wp-content\/uploads\/2026\/02\/Neata_buget.jpg?fit=300%2C225&amp;ssl=1\" class=\"attachment-post-thumbnail size-post-thumbnail wp-post-image\" alt loading=\"lazy\"><\/div>\n<p class=\"paginate-title\"><a href=\"https:\/\/www.curierul.ro\/deputatul-eugen-neata-astept-de-la-bugetul-romaniei-sa-dea-un-semn-ca-este-interesat-de-una-dintre-cele-mai-serioase-probleme-cu-care-se-confrunta-comunitatea-valceana\/\" rel=\"next\">Deputatul Eugen Nea\u021b\u0103: \u201eA\u0219tept de la bugetul Rom\u00e2niei s\u0103 dea un semn c\u0103 este interesat de una dintre cele mai serioase probleme cu care se confrunt\u0103 comunitatea v\u00e2lcean\u0103\u201d<\/a> \u00bb\u00bb<\/p>\n<\/div>\n<\/div>\n<div id=\"comments\" class=\"comments-area\">\n<div id=\"respond\" class=\"comment-respond\">\n<h3 id=\"reply-title\" class=\"comment-reply-title\">Po\u021bi comenta aici<small><a rel=\"nofollow\" id=\"cancel-comment-reply-link\" href=\"https:\/\/www.curierul.ro\/primarul-mircia-gutau-pariaza-pe-invatamantul-profesional-liceul-tehnologic-general-magheru-beneficiaza-de-un-internat-modern\/#respond\">Anuleaz\u0103 r\u0103spunsul<\/a><\/small><\/h3>\n<\/div>\n<p class=\"akismet_comment_form_privacy_notice\">Acest site folose\u0219te Akismet pentru a reduce spamul. <a href=\"https:\/\/akismet.com\/privacy\/\" target=\"_blank\" rel=\"nofollow noopener\">Afl\u0103 cum sunt procesate datele comentariilor tale<\/a>.<\/p>\n<\/div>\n<section class=\"related-stories\">\n<h2>Related Stories<\/h2>\n<div class=\"stories-container\">\n<article id=\"latest-80087\" class=\"story post-80087 post type-post status-publish format-standard has-post-thumbnail hentry category-actualitate category-headlines category-invatamant category-politica tag-croitoru tag-general-magheru tag-sescioreanu\">\n<div class=\"photo\"><img decoding=\"async\" width=\"735\" height=\"440\" src=\"https:\/\/i0.wp.com\/www.curierul.ro\/wp-content\/uploads\/2016\/10\/LICEU.jpg?fit=300%2C168&amp;ssl=1\" class=\"attachment-giornalismo-single size-giornalismo-single wp-post-image\" alt loading=\"lazy\"><\/div>\n<p class=\"headline\"><a href=\"https:\/\/www.curierul.ro\/iustin-croitoru-noul-director-al-liceului-tehnologic-general-magheru\/\">Iustin Croitoru, noul director al Liceului Tehnologic \u201eGeneral Magheru\u201d<\/a><\/p>\n<\/article>\n<\/div>\n<\/section>\n<section class=\"latest-category clearfix\">\n<h2 class=\"title\">More Stories From Actualitate<\/h2>\n<div class=\"stories-container\">\n<article id=\"related-196296\" class=\"story post-196296 post type-post status-publish format-standard has-post-thumbnail hentry category-actualitate category-economie category-eveniment-social category-headlines tag-camera-de-comert-si-industrie-valcea-2 tag-centenar tag-invitat tag-principele-nicolae\">\n<div class=\"photo\"><img decoding=\"async\" width=\"735\" height=\"440\" src=\"https:\/\/i0.wp.com\/www.curierul.ro\/wp-content\/uploads\/2026\/02\/FOND.jpg?fit=300%2C200&amp;ssl=1\" class=\"attachment-giornalismo-single size-giornalismo-single wp-post-image\" alt loading=\"lazy\"><\/div>\n<p class=\"headline\"><a href=\"https:\/\/www.curierul.ro\/astazi-principele-nicolae-este-invitatul-special-al-centenarului-camerei-de-comert-si-industrie-valcea\/\">Ast\u0103zi, Principele Nicolae este invitatul special al Centenarului Camerei de Comer\u021b \u0219i Industrie V\u00e2lcea<\/a><\/p>\n<\/article>\n<article id=\"related-196293\" class=\"story post-196293 post type-post status-publish format-standard has-post-thumbnail hentry category-actualitate category-politica\">\n<div class=\"photo\"><img decoding=\"async\" width=\"735\" height=\"440\" src=\"https:\/\/i0.wp.com\/www.curierul.ro\/wp-content\/uploads\/2026\/02\/gutau-discutii-asociatii.jpg?fit=300%2C225&amp;ssl=1\" class=\"attachment-giornalismo-single size-giornalismo-single wp-post-image\" alt loading=\"lazy\"><\/div>\n<p class=\"headline\"><a href=\"https:\/\/www.curierul.ro\/primarul-gutau-in-dialog-direct-cu-asociatiile-de-proprietari\/\">Primarul Gut\u0103u, \u00een dialog direct cu asocia\u021biile de proprietari<\/a><\/p>\n<\/article>\n<article id=\"related-196290\" class=\"story post-196290 post type-post status-publish format-standard has-post-thumbnail hentry category-actualitate category-zidezi tag-articol-de-la-partener\">\n<div class=\"photo\"><img decoding=\"async\" width=\"735\" height=\"440\" src=\"https:\/\/i0.wp.com\/www.curierul.ro\/wp-content\/uploads\/2026\/02\/ii9zqlzrz1pbwdp_wp.jpg?fit=300%2C200&amp;ssl=1\" class=\"attachment-giornalismo-single size-giornalismo-single wp-post-image\" alt loading=\"lazy\"><\/div>\n<p class=\"headline\"><a href=\"https:\/\/www.curierul.ro\/lumina-care-schimba-totul-cum-iti-transformi-bucataria-cu-un-iluminat-bine-ales\/\">Lumina care schimb\u0103 totul \u2013 cum \u00ee\u021bi transformi buc\u0103t\u0103ria cu un iluminat bine ales<\/a><\/p>\n<\/article>\n<\/div>\n<\/section>\n<section class=\"author-bio clearfix\">\n<div class=\"mug-shot\"><img decoding=\"async\" alt src=\"https:\/\/secure.gravatar.com\/avatar\/2a58d181c1d85262357d59db6fc29158130ca794fc45057783762a4c0eb9167f?s=96&amp;d=mm&amp;r=g\" class=\"avatar avatar-96 photo\" height=\"96\" width=\"96\" loading=\"lazy\"><\/div>\n<div class=\"author-info\">\n<p class=\"title\">About Curierul de Valcea, <\/p>\n<div class=\"author-social-area\"><a href=\"mailto:curierul@curierul.ro\"><span class=\"fal fa-envelope\"><span class=\"screen-reader-text\">Email the Author<\/span><\/span><\/a><\/div>\n<\/div>\n<\/section>\n<\/footer>\n<\/article>\n<article id=\"196272\" class=\"post-196272 post type-post status-publish format-standard has-post-thumbnail hentry category-actualitate category-headlines category-politica tag-general-magheru tag-internat tag-invatamant-profesional tag-liceu-tehnologic tag-mircia-gutau-2 tag-primarul\">\n<header class=\"post-header\">\n<ul class=\"breadcrumbs\">\n<li><a href=\"https:\/\/www.curierul.ro\">Home<\/a><\/li>\n<li class=\"breadcrumbs-active .category-actualitate\"><a href=\"https:\/\/www.curierul.ro\/index.php?cat=1615\">Actualitate<\/a><\/li>\n<li class=\"breadcrumbs-active .category-actualitate\">Primarul Mircia Gut\u0103u pariaz\u0103 pe \u00eenv\u0103\u021b\u0103m\u00e2ntul profesional: Liceul Tehnologic \u201eGeneral Magheru\u201d beneficiaz\u0103 de un internat modern<\/li>\n<\/ul>\n<div class=\"featured-photo\"><img loading=\"lazy\" decoding=\"async\" width=\"1814\" height=\"1361\" src=\"https:\/\/i0.wp.com\/www.curierul.ro\/wp-content\/uploads\/2026\/02\/Magheru-1.jpg?fit=300%2C225&amp;ssl=1\" class=\"attachment-single size-single wp-post-image\" alt><\/div>\n<h1 class=\"headline\">Primarul Mircia Gut\u0103u pariaz\u0103 pe \u00eenv\u0103\u021b\u0103m\u00e2ntul profesional: Liceul Tehnologic \u201eGeneral Magheru\u201d beneficiaz\u0103 de un internat modern<\/h1>\n<p class=\"byline\">\n\t\tScris de<a href=\"https:\/\/www.curierul.ro\/author\/curierul\/\">Curierul de Valcea<\/a>, \t\t10 februarie 2026\t\t\t\t<\/p>\n<hr>\n<\/header>\n<p>Luni, 9 februarie, primarul Mircia Gut\u0103u a inaugurat lucr\u0103rile complexe de modernizare realizate \u00een ultima perioad\u0103 la internatul Liceului Tehnologic \u201eGeneral Magheru\u201d. \u00cen urma investi\u021biei, imobilul ofer\u0103 elevilor din afara ora\u0219ului condi\u021bii de locuit de cea mai bun\u0103 calitate \u00een camere cu patru paturi (totaliz\u00e2nd 120 de locuri), cu mobilier nou \u0219i echipate cu aer condi\u021bionat, al\u0103turi de grupuri sanitare, s\u0103li de lectur\u0103, bibliotec\u0103, cabinet medical (inclusiv cu dot\u0103ri pentru stomatologie \u0219i prev\u0103zut cu un izolator cu mai multe paturi), magazii de echipamente etc. Cu aceast\u0103 ocazie, edilul-\u0219ef \u0219i-a reafirmat angajamentul de a da c\u00e2t mai multe \u0219anse \u00eenv\u0103\u021b\u0103m\u00e2ntului profesional, afirm\u00e2nd c\u0103 urm\u0103toarele obiective avute \u00een vedere pentru unitatea \u0219colar\u0103 din sudul municipiului sunt reabilitarea cantinei, a terenului de sport \u0219i, nu \u00een ultimul r\u00e2nd, dotarea atelierelor cu echipamente de studiu de ultim\u0103 genera\u021bie. Profit\u00e2nd de prezen\u021ba \u00een liceu, primarul Gut\u0103u a verificat \u0219i sala de sport \u0219colar\u0103 amenajat\u0103 recent \u00een cl\u0103direa unui fost atelier dezafectat, ar\u00e2t\u00e2ndu-\u0219i mul\u021bumirea pentru calitatea lucr\u0103rilor executate. \u00cen declara\u021biile lor, at\u00e2t edilul-\u0219ef, c\u00e2t \u0219i directoarea Elena Olteanu \u0219i-au exprimat convingerea c\u0103 date fiind noile condi\u021bii oferite de internatul modernizat, este de a\u0219teptat o cre\u0219tere semnificativ\u0103 a interesului elevilor pentru acest tip de \u00eenv\u0103\u021b\u0103m\u00e2nt.<\/p>\n<p>Reabilitarea internatului Liceului Tehnologic \u201eGeneral Magheru\u201d vine \u00een continuarea ac\u021biunilor Municipalit\u0103\u021bii R\u00e2mnicului de sprijinire a \u00eenv\u0103\u021b\u0103m\u00e2ntului profesional, printre care se num\u0103r\u0103 promovarea \u00eenv\u0103\u021b\u0103m\u00e2ntului dual sau reabilitarea \u00een urm\u0103 cu aproape doi ani a internatului Liceului Tehnologic Forestier.<\/p>\n<div class=\"sharedaddy sd-sharing-enabled\">\n<div class=\"robots-nocontent sd-block sd-social sd-social-official sd-sharing\">\n<h3 class=\"sd-title\">Distribuie pe:<\/h3>\n<div class=\"sd-content\">\n<ul>\n<li class=\"share-facebook\">\n<li class=\"share-twitter\"><a href=\"https:\/\/twitter.com\/share\" class=\"twitter-share-button\" data-url=\"https:\/\/www.curierul.ro\/primarul-mircia-gutau-pariaza-pe-invatamantul-profesional-liceul-tehnologic-general-magheru-beneficiaza-de-un-internat-modern\/\" data-text=\"Primarul Mircia Gut\u0103u pariaz\u0103 pe \u00eenv\u0103\u021b\u0103m\u00e2ntul profesional: Liceul Tehnologic \u201eGeneral Magheru\u201d beneficiaz\u0103 de un internat modern\" data-via=\"curierulvl\">Tweet<\/a><\/li>\n<li class=\"share-jetpack-whatsapp\"><a rel=\"nofollow noopener noreferrer\" data-shared=\"sharing-whatsapp-196272\" class=\"share-jetpack-whatsapp sd-button\" href=\"https:\/\/www.curierul.ro\/primarul-mircia-gutau-pariaza-pe-invatamantul-profesional-liceul-tehnologic-general-magheru-beneficiaza-de-un-internat-modern\/?share=jetpack-whatsapp\" target=\"_blank\" aria-labelledby=\"sharing-whatsapp-196272\"><span id=\"sharing-whatsapp-196272\" hidden>D\u0103 clic pentru partajare pe WhatsApp(Se deschide \u00eentr-o fereastr\u0103 nou\u0103)<\/span><span>WhatsApp<\/span><\/a><\/li>\n<li><a href=\"https:\/\/www.curierul.ro\/primarul-mircia-gutau-pariaza-pe-invatamantul-profesional-liceul-tehnologic-general-magheru-beneficiaza-de-un-internat-modern\/\" class=\"sharing-anchor sd-button share-more\"><span>Mai mult<\/span><\/a><\/li>\n<li class=\"share-end\"><\/ul>\n<div class=\"sharing-hidden\">\n<div class=\"inner\">\n<ul>\n<li class=\"share-email\"><a rel=\"nofollow noopener noreferrer\" data-shared=\"sharing-email-196272\" class=\"share-email sd-button\" href=\"mailto:?subject=%5BArticol%20partajat%5D%20Primarul%20Mircia%20Gut%C4%83u%20pariaz%C4%83%20pe%20%C3%AEnv%C4%83%C8%9B%C4%83m%C3%A2ntul%20profesional%3A%20Liceul%20Tehnologic%20%E2%80%9EGeneral%20Magheru%E2%80%9D%20beneficiaz%C4%83%20de%20un%20internat%20modern&amp;body=https%3A%2F%2Fwww.curierul.ro%2Fprimarul-mircia-gutau-pariaza-pe-invatamantul-profesional-liceul-tehnologic-general-magheru-beneficiaza-de-un-internat-modern%2F&amp;share=email\" target=\"_blank\" aria-labelledby=\"sharing-email-196272\" data-email-share-error-title=\"\u021ai-ai configurat emailul?\" data-email-share-error-text=\"Dac\u0103 ai probleme la partajarea prin email, probabil nu ai configurat emailul pentru navigator. Poate trebuie s\u0103 creezi singur un email nou.\" data-email-share-nonce=\"1768e69438\" data-email-share-track-url=\"https:\/\/www.curierul.ro\/primarul-mircia-gutau-pariaza-pe-invatamantul-profesional-liceul-tehnologic-general-magheru-beneficiaza-de-un-internat-modern\/?share=email\"><span id=\"sharing-email-196272\" hidden>D\u0103 clic pentru a trimite o leg\u0103tur\u0103 prin email unui prieten(Se deschide \u00eentr-o fereastr\u0103 nou\u0103)<\/span><span>Email<\/span><\/a><\/li>\n<li class=\"share-print\"><a rel=\"nofollow noopener noreferrer\" data-shared=\"sharing-print-196272\" class=\"share-print sd-button\" href=\"https:\/\/www.curierul.ro\/primarul-mircia-gutau-pariaza-pe-invatamantul-profesional-liceul-tehnologic-general-magheru-beneficiaza-de-un-internat-modern\/#print?share=print\" target=\"_blank\" aria-labelledby=\"sharing-print-196272\"><span id=\"sharing-print-196272\" hidden>D\u0103 clic pentru a imprima(Se deschide \u00eentr-o fereastr\u0103 nou\u0103)<\/span><span>Imprimare<\/span><\/a><\/li>\n<li class=\"share-end\"><\/ul>\n<\/div>\n<\/div>\n<\/div>\n<\/div>\n<\/div>\n<div id=\"jp-relatedposts\" class=\"jp-relatedposts\">\n<h3 class=\"jp-relatedposts-headline\"><em>Similare<\/em><\/h3>\n<\/div>\n<footer class=\"post-footer\">\n<p class=\"tags\"><strong>Tags: <\/strong><a href=\"https:\/\/www.curierul.ro\/tag\/general-magheru\/\" rel=\"tag\">general magheru<\/a>, <a href=\"https:\/\/www.curierul.ro\/tag\/internat\/\" rel=\"tag\">INTERNAT<\/a>, <a href=\"https:\/\/www.curierul.ro\/tag\/invatamant-profesional\/\" rel=\"tag\">\u00eenv\u0103\u021b\u0103m\u00e2nt profesional<\/a>, <a href=\"https:\/\/www.curierul.ro\/tag\/liceu-tehnologic\/\" rel=\"tag\">Liceu tehnologic<\/a>, <a href=\"https:\/\/www.curierul.ro\/tag\/mircia-gutau-2\/\" rel=\"tag\">Mircia Gut\u0103u<\/a>, <a href=\"https:\/\/www.curierul.ro\/tag\/primarul\/\" rel=\"tag\">Primarul<\/a><\/p>\n<div class=\"post-navigation clearfix\">\n<div class=\"previous-post\">\n<div class=\"featured-photo\"><img loading=\"lazy\" decoding=\"async\" width=\"530\" height=\"213\" src=\"https:\/\/i0.wp.com\/www.curierul.ro\/wp-content\/uploads\/2022\/08\/MARIUS-CARBUNESCU.jpg?fit=300%2C121&amp;ssl=1\" class=\"attachment-post-thumbnail size-post-thumbnail wp-post-image\" alt><\/div>\n<p class=\"paginate-title\">\u00ab\u00ab <a href=\"https:\/\/www.curierul.ro\/lupii-moralisti\/\" rel=\"prev\">Lupii morali\u0219ti<\/a><\/p>\n<\/div>\n<div class=\"next-post\">\n<div class=\"featured-photo\"><img decoding=\"async\" width=\"720\" height=\"540\" src=\"https:\/\/i0.wp.com\/www.curierul.ro\/wp-content\/uploads\/2026\/02\/Neata_buget.jpg?fit=300%2C225&amp;ssl=1\" class=\"attachment-post-thumbnail size-post-thumbnail wp-post-image\" alt loading=\"lazy\"><\/div>\n<p class=\"paginate-title\"><a href=\"https:\/\/www.curierul.ro\/deputatul-eugen-neata-astept-de-la-bugetul-romaniei-sa-dea-un-semn-ca-este-interesat-de-una-dintre-cele-mai-serioase-probleme-cu-care-se-confrunta-comunitatea-valceana\/\" rel=\"next\">Deputatul Eugen Nea\u021b\u0103: \u201eA\u0219tept de la bugetul Rom\u00e2niei s\u0103 dea un semn c\u0103 este interesat de una dintre cele mai serioase probleme cu care se confrunt\u0103 comunitatea v\u00e2lcean\u0103\u201d<\/a> \u00bb\u00bb<\/p>\n<\/div>\n<\/div>\n<div id=\"comments\" class=\"comments-area\">\n<div id=\"respond\" class=\"comment-respond\">\n<h3 id=\"reply-title\" class=\"comment-reply-title\">Po\u021bi comenta aici<small><a rel=\"nofollow\" id=\"cancel-comment-reply-link\" href=\"https:\/\/www.curierul.ro\/primarul-mircia-gutau-pariaza-pe-invatamantul-profesional-liceul-tehnologic-general-magheru-beneficiaza-de-un-internat-modern\/#respond\">Anuleaz\u0103 r\u0103spunsul<\/a><\/small><\/h3>\n<\/div>\n<p class=\"akismet_comment_form_privacy_notice\">Acest site folose\u0219te Akismet pentru a reduce spamul. <a href=\"https:\/\/akismet.com\/privacy\/\" target=\"_blank\" rel=\"nofollow noopener\">Afl\u0103 cum sunt procesate datele comentariilor tale<\/a>.<\/p>\n<\/div>\n<section class=\"related-stories\">\n<h2>Related Stories<\/h2>\n<div class=\"stories-container\">\n<article id=\"latest-80087\" class=\"story post-80087 post type-post status-publish format-standard has-post-thumbnail hentry category-actualitate category-headlines category-invatamant category-politica tag-croitoru tag-general-magheru tag-sescioreanu\">\n<div class=\"photo\"><img decoding=\"async\" width=\"735\" height=\"440\" src=\"https:\/\/i0.wp.com\/www.curierul.ro\/wp-content\/uploads\/2016\/10\/LICEU.jpg?fit=300%2C168&amp;ssl=1\" class=\"attachment-giornalismo-single size-giornalismo-single wp-post-image\" alt loading=\"lazy\"><\/div>\n<p class=\"headline\"><a href=\"https:\/\/www.curierul.ro\/iustin-croitoru-noul-director-al-liceului-tehnologic-general-magheru\/\">Iustin Croitoru, noul director al Liceului Tehnologic \u201eGeneral Magheru\u201d<\/a><\/p>\n<\/article>\n<\/div>\n<\/section>\n<section class=\"latest-category clearfix\">\n<h2 class=\"title\">More Stories From Actualitate<\/h2>\n<div class=\"stories-container\">\n<article id=\"related-196296\" class=\"story post-196296 post type-post status-publish format-standard has-post-thumbnail hentry category-actualitate category-economie category-eveniment-social category-headlines tag-camera-de-comert-si-industrie-valcea-2 tag-centenar tag-invitat tag-principele-nicolae\">\n<div class=\"photo\"><img decoding=\"async\" width=\"735\" height=\"440\" src=\"https:\/\/i0.wp.com\/www.curierul.ro\/wp-content\/uploads\/2026\/02\/FOND.jpg?fit=300%2C200&amp;ssl=1\" class=\"attachment-giornalismo-single size-giornalismo-single wp-post-image\" alt loading=\"lazy\"><\/div>\n<p class=\"headline\"><a href=\"https:\/\/www.curierul.ro\/astazi-principele-nicolae-este-invitatul-special-al-centenarului-camerei-de-comert-si-industrie-valcea\/\">Ast\u0103zi, Principele Nicolae este invitatul special al Centenarului Camerei de Comer\u021b \u0219i Industrie V\u00e2lcea<\/a><\/p>\n<\/article>\n<article id=\"related-196293\" class=\"story post-196293 post type-post status-publish format-standard has-post-thumbnail hentry category-actualitate category-politica\">\n<div class=\"photo\"><img decoding=\"async\" width=\"735\" height=\"440\" src=\"https:\/\/i0.wp.com\/www.curierul.ro\/wp-content\/uploads\/2026\/02\/gutau-discutii-asociatii.jpg?fit=300%2C225&amp;ssl=1\" class=\"attachment-giornalismo-single size-giornalismo-single wp-post-image\" alt loading=\"lazy\"><\/div>\n<p class=\"headline\"><a href=\"https:\/\/www.curierul.ro\/primarul-gutau-in-dialog-direct-cu-asociatiile-de-proprietari\/\">Primarul Gut\u0103u, \u00een dialog direct cu asocia\u021biile de proprietari<\/a><\/p>\n<\/article>\n<article id=\"related-196290\" class=\"story post-196290 post type-post status-publish format-standard has-post-thumbnail hentry category-actualitate category-zidezi tag-articol-de-la-partener\">\n<div class=\"photo\"><img decoding=\"async\" width=\"735\" height=\"440\" src=\"https:\/\/i0.wp.com\/www.curierul.ro\/wp-content\/uploads\/2026\/02\/ii9zqlzrz1pbwdp_wp.jpg?fit=300%2C200&amp;ssl=1\" class=\"attachment-giornalismo-single size-giornalismo-single wp-post-image\" alt loading=\"lazy\"><\/div>\n<p class=\"headline\"><a href=\"https:\/\/www.curierul.ro\/lumina-care-schimba-totul-cum-iti-transformi-bucataria-cu-un-iluminat-bine-ales\/\">Lumina care schimb\u0103 totul \u2013 cum \u00ee\u021bi transformi buc\u0103t\u0103ria cu un iluminat bine ales<\/a><\/p>\n<\/article>\n<\/div>\n<\/section>\n<section class=\"author-bio clearfix\">\n<div class=\"mug-shot\"><img decoding=\"async\" alt src=\"https:\/\/secure.gravatar.com\/avatar\/2a58d181c1d85262357d59db6fc29158130ca794fc45057783762a4c0eb9167f?s=96&amp;d=mm&amp;r=g\" class=\"avatar avatar-96 photo\" height=\"96\" width=\"96\" loading=\"lazy\"><\/div>\n<div class=\"author-info\">\n<p class=\"title\">About Curierul de Valcea, <\/p>\n<div class=\"author-social-area\"><a href=\"mailto:curierul@curierul.ro\"><span class=\"fal fa-envelope\"><span class=\"screen-reader-text\">Email the Author<\/span><\/span><\/a><\/div>\n<\/div>\n<\/section>\n<\/footer>\n<\/article>\n<article id=\"latest-80087\" class=\"story post-80087 post type-post status-publish format-standard has-post-thumbnail hentry category-actualitate category-headlines category-invatamant category-politica tag-croitoru tag-general-magheru tag-sescioreanu\">\n<div class=\"photo\"><img decoding=\"async\" width=\"735\" height=\"440\" src=\"https:\/\/i0.wp.com\/www.curierul.ro\/wp-content\/uploads\/2016\/10\/LICEU.jpg?fit=300%2C168&amp;ssl=1\" class=\"attachment-giornalismo-single size-giornalismo-single wp-post-image\" alt loading=\"lazy\"><\/div>\n<p class=\"headline\"><a href=\"https:\/\/www.curierul.ro\/iustin-croitoru-noul-director-al-liceului-tehnologic-general-magheru\/\">Iustin Croitoru, noul director al Liceului Tehnologic \u201eGeneral Magheru\u201d<\/a><\/p>\n<\/article>\n<article id=\"related-196296\" class=\"story post-196296 post type-post status-publish format-standard has-post-thumbnail hentry category-actualitate category-economie category-eveniment-social category-headlines tag-camera-de-comert-si-industrie-valcea-2 tag-centenar tag-invitat tag-principele-nicolae\">\n<div class=\"photo\"><img decoding=\"async\" width=\"735\" height=\"440\" src=\"https:\/\/i0.wp.com\/www.curierul.ro\/wp-content\/uploads\/2026\/02\/FOND.jpg?fit=300%2C200&amp;ssl=1\" class=\"attachment-giornalismo-single size-giornalismo-single wp-post-image\" alt loading=\"lazy\"><\/div>\n<p class=\"headline\"><a href=\"https:\/\/www.curierul.ro\/astazi-principele-nicolae-este-invitatul-special-al-centenarului-camerei-de-comert-si-industrie-valcea\/\">Ast\u0103zi, Principele Nicolae este invitatul special al Centenarului Camerei de Comer\u021b \u0219i Industrie V\u00e2lcea<\/a><\/p>\n<\/article>\n<article id=\"related-196293\" class=\"story post-196293 post type-post status-publish format-standard has-post-thumbnail hentry category-actualitate category-politica\">\n<div class=\"photo\"><img decoding=\"async\" width=\"735\" height=\"440\" src=\"https:\/\/i0.wp.com\/www.curierul.ro\/wp-content\/uploads\/2026\/02\/gutau-discutii-asociatii.jpg?fit=300%2C225&amp;ssl=1\" class=\"attachment-giornalismo-single size-giornalismo-single wp-post-image\" alt loading=\"lazy\"><\/div>\n<p class=\"headline\"><a href=\"https:\/\/www.curierul.ro\/primarul-gutau-in-dialog-direct-cu-asociatiile-de-proprietari\/\">Primarul Gut\u0103u, \u00een dialog direct cu asocia\u021biile de proprietari<\/a><\/p>\n<\/article>\n<article id=\"related-196290\" class=\"story post-196290 post type-post status-publish format-standard has-post-thumbnail hentry category-actualitate category-zidezi tag-articol-de-la-partener\">\n<div class=\"photo\"><img decoding=\"async\" width=\"735\" height=\"440\" src=\"https:\/\/i0.wp.com\/www.curierul.ro\/wp-content\/uploads\/2026\/02\/ii9zqlzrz1pbwdp_wp.jpg?fit=300%2C200&amp;ssl=1\" class=\"attachment-giornalismo-single size-giornalismo-single wp-post-image\" alt loading=\"lazy\"><\/div>\n<p class=\"headline\"><a href=\"https:\/\/www.curierul.ro\/lumina-care-schimba-totul-cum-iti-transformi-bucataria-cu-un-iluminat-bine-ales\/\">Lumina care schimb\u0103 totul \u2013 cum \u00ee\u021bi transformi buc\u0103t\u0103ria cu un iluminat bine ales<\/a><\/p>\n<\/article>\n<p>[analyse_source url=&#8221;https:\/\/www.curierul.ro\/primarul-mircia-gutau-pariaza-pe-invatamantul-profesional-liceul-tehnologic-general-magheru-beneficiaza-de-un-internat-modern\/&#8221;]<\/p>\n","protected":false},"excerpt":{"rendered":"<p>[analyse_image type=&#8221;featured&#8221; src=&#8221;https:\/\/www.curierul.ro\/wp-content\/uploads\/2026\/02\/Magheru-1.jpghttps:\/\/i0.wp.com\/www.curierul.ro\/wp-content\/uploads\/2026\/02\/Magheru-1.jpg?fit=1200%2C900&amp;ssl=1&#8243;] Home Actualitate Primarul Mircia Gut\u0103u pariaz\u0103 pe \u00eenv\u0103\u021b\u0103m\u00e2ntul profesional: Liceul Tehnologic \u201eGeneral Magheru\u201d beneficiaz\u0103 de un internat modern Primarul Mircia Gut\u0103u pariaz\u0103 pe \u00eenv\u0103\u021b\u0103m\u00e2ntul profesional: Liceul Tehnologic \u201eGeneral Magheru\u201d beneficiaz\u0103 de un internat modern Scris deCurierul de Valcea, 10 februarie 2026 Luni, 9 februarie, primarul Mircia Gut\u0103u a inaugurat lucr\u0103rile complexe de [&hellip;]<\/p>\n","protected":false},"author":1,"featured_media":0,"comment_status":"open","ping_status":"","sticky":false,"template":"","format":"standard","meta":{"footnotes":""},"categories":[89],"tags":[226,213],"class_list":["post-1766496","post","type-post","status-publish","format-standard","hentry","category-romania","tag-crawlmanager","tag-curierul-ro"],"_links":{"self":[{"href":"https:\/\/analyse.optim.biz\/index.php?rest_route=\/wp\/v2\/posts\/1766496","targetHints":{"allow":["GET"]}}],"collection":[{"href":"https:\/\/analyse.optim.biz\/index.php?rest_route=\/wp\/v2\/posts"}],"about":[{"href":"https:\/\/analyse.optim.biz\/index.php?rest_route=\/wp\/v2\/types\/post"}],"author":[{"embeddable":true,"href":"https:\/\/analyse.optim.biz\/index.php?rest_route=\/wp\/v2\/users\/1"}],"replies":[{"embeddable":true,"href":"https:\/\/analyse.optim.biz\/index.php?rest_route=%2Fwp%2Fv2%2Fcomments&post=1766496"}],"version-history":[{"count":0,"href":"https:\/\/analyse.optim.biz\/index.php?rest_route=\/wp\/v2\/posts\/1766496\/revisions"}],"wp:attachment":[{"href":"https:\/\/analyse.optim.biz\/index.php?rest_route=%2Fwp%2Fv2%2Fmedia&parent=1766496"}],"wp:term":[{"taxonomy":"category","embeddable":true,"href":"https:\/\/analyse.optim.biz\/index.php?rest_route=%2Fwp%2Fv2%2Fcategories&post=1766496"},{"taxonomy":"post_tag","embeddable":true,"href":"https:\/\/analyse.optim.biz\/index.php?rest_route=%2Fwp%2Fv2%2Ftags&post=1766496"}],"curies":[{"name":"wp","href":"https:\/\/api.w.org\/{rel}","templated":true}]}}