{"id":1766489,"date":"2026-02-09T04:00:00","date_gmt":"2026-02-09T01:00:00","guid":{"rendered":"https:\/\/analyse.optim.biz\/?p=1766489"},"modified":"2026-02-09T04:00:00","modified_gmt":"2026-02-09T01:00:00","slug":"ziua-portilor-deschise-la-discovery-kids","status":"publish","type":"post","link":"https:\/\/analyse.optim.biz\/?p=1766489","title":{"rendered":"Ziua Por\u021bilor Deschise la Discovery Kids"},"content":{"rendered":"<p>[analyse_image type=&#8221;featured&#8221; src=&#8221;https:\/\/www.curierul.ro\/wp-content\/uploads\/2026\/02\/Invitatie-la-Ziua-Portilor-Deschise-la-DK_feb-2026-scaled.jpghttps:\/\/i0.wp.com\/www.curierul.ro\/wp-content\/uploads\/2026\/02\/Invitatie-la-Ziua-Portilor-Deschise-la-DK_feb-2026-scaled.jpg?fit=848%2C1200&amp;ssl=1&#8243;]<\/p>\n<article id=\"196244\" class=\"post-196244 post type-post status-publish format-standard has-post-thumbnail hentry category-actualitate category-invatamant category-social tag-discovery-kids tag-discovery-kids-arts-gallery tag-ziua-portilor-deschise-2\">\n<header class=\"post-header\">\n<ul class=\"breadcrumbs\">\n<li><a href=\"https:\/\/www.curierul.ro\">Home<\/a><\/li>\n<li class=\"breadcrumbs-active .category-actualitate\"><a href=\"https:\/\/www.curierul.ro\/index.php?cat=1615\">Actualitate<\/a><\/li>\n<li class=\"breadcrumbs-active .category-actualitate\">Ziua Por\u021bilor Deschise la Discovery Kids<\/li>\n<\/ul>\n<div class=\"featured-photo\"><img loading=\"lazy\" decoding=\"async\" width=\"1810\" height=\"2560\" src=\"https:\/\/i0.wp.com\/www.curierul.ro\/wp-content\/uploads\/2026\/02\/Invitatie-la-Ziua-Portilor-Deschise-la-DK_feb-2026-scaled.jpg?fit=212%2C300&amp;ssl=1\" class=\"attachment-single size-single wp-post-image\" alt><\/div>\n<h1 class=\"headline\">Ziua Por\u021bilor Deschise la Discovery Kids<\/h1>\n<p class=\"byline\">\n\t\tScris de<a href=\"https:\/\/www.curierul.ro\/author\/sorin\/\">Sorin Alexandru Barbu<\/a>, \t\t9 februarie 2026\t\t\t\t<\/p>\n<hr>\n<\/header>\n<p>Una din cele mai prestigioase \u0219coli gimnaziale din V\u00e2lcea v\u0103 invit\u0103 s\u0103 o descoperi\u021bi \u201edin interior\u201d \u0219i s\u0103 petrece\u021bi acolo o zi care \u00eent\u0103re\u0219te comunitatea Happy &amp; Discovery Kids: elevi, p\u0103rin\u021bi, profesori \u0219i prieteni ai \u0219colii.<\/p>\n<p>Vizitatorii vor putea participa la:<\/p>\n<ul class=\"wp-block-list\">\n<li>\ud83d\uddbc\ufe0f Inaugurarea Discovery Kids Arts Gallery (tema: Mari arti\u0219ti ai lumii)<\/li>\n<li>\ud83d\udd2c\ud83c\udfc0 Sta\u021bii interactive (experimente, jocuri, activit\u0103\u021bi)<\/li>\n<li>\u2615 Discovery Caf\u00e9 (moment de conectare \u0219i dialog)<\/li>\n<\/ul>\n<p>Pot participa p\u0103rin\u021bii elevilor Discovery Kids, p\u0103rin\u021bii \u0219i copiii de la Gr\u0103dini\u021ba Happy Kids, absolven\u021bii Discovery Kids \u0219i p\u0103rin\u021bii acestora, membri ai comunit\u0103\u021bii locale interesa\u021bi de educa\u021bie \u0219i curio\u0219i s\u0103 ne cunoasc\u0103 \u0219coala<\/p>\n<p>Cei interesa\u021bi de \u201eexperien\u021ba DK\u201d o pot face m\u00e2ine, 10 februarie 2026, \u00een intervalul 14:30 \u2013 17:30, la sediul \u0219colii din str. Remus Bellu, nr. 1, R\u00e2mnicu V\u00e2lcea \u00een dou\u0103 moduri:<\/p>\n<ul class=\"wp-block-list\">\n<li>Tururi ghidate<\/li>\n<li>\u201eDiscovery Passport\u201d (grupuri mici).<\/li>\n<\/ul>\n<p>Sunte\u021bi a\u0219tepta\u021bi s\u0103 contribui\u021bi la o comunitate \u0219colar\u0103 cald\u0103 \u0219i activ\u0103. \ud83c\udf3f\ud83e\udd1d<\/p>\n<div class=\"sharedaddy sd-sharing-enabled\">\n<div class=\"robots-nocontent sd-block sd-social sd-social-official sd-sharing\">\n<h3 class=\"sd-title\">Distribuie pe:<\/h3>\n<div class=\"sd-content\">\n<ul>\n<li class=\"share-facebook\">\n<li class=\"share-twitter\"><a href=\"https:\/\/twitter.com\/share\" class=\"twitter-share-button\" data-url=\"https:\/\/www.curierul.ro\/ziua-portilor-deschise-la-discovery-kids\/\" data-text=\"Ziua Por\u021bilor Deschise la Discovery Kids\" data-via=\"curierulvl\">Tweet<\/a><\/li>\n<li class=\"share-jetpack-whatsapp\"><a rel=\"nofollow noopener noreferrer\" data-shared=\"sharing-whatsapp-196244\" class=\"share-jetpack-whatsapp sd-button\" href=\"https:\/\/www.curierul.ro\/ziua-portilor-deschise-la-discovery-kids\/?share=jetpack-whatsapp\" target=\"_blank\" aria-labelledby=\"sharing-whatsapp-196244\"><span id=\"sharing-whatsapp-196244\" hidden>D\u0103 clic pentru partajare pe WhatsApp(Se deschide \u00eentr-o fereastr\u0103 nou\u0103)<\/span><span>WhatsApp<\/span><\/a><\/li>\n<li><a href=\"https:\/\/www.curierul.ro\/ziua-portilor-deschise-la-discovery-kids\/\" class=\"sharing-anchor sd-button share-more\"><span>Mai mult<\/span><\/a><\/li>\n<li class=\"share-end\"><\/ul>\n<div class=\"sharing-hidden\">\n<div class=\"inner\">\n<ul>\n<li class=\"share-email\"><a rel=\"nofollow noopener noreferrer\" data-shared=\"sharing-email-196244\" class=\"share-email sd-button\" href=\"mailto:?subject=%5BArticol%20partajat%5D%20Ziua%20Por%C8%9Bilor%20Deschise%20la%20Discovery%20Kids&amp;body=https%3A%2F%2Fwww.curierul.ro%2Fziua-portilor-deschise-la-discovery-kids%2F&amp;share=email\" target=\"_blank\" aria-labelledby=\"sharing-email-196244\" data-email-share-error-title=\"\u021ai-ai configurat emailul?\" data-email-share-error-text=\"Dac\u0103 ai probleme la partajarea prin email, probabil nu ai configurat emailul pentru navigator. Poate trebuie s\u0103 creezi singur un email nou.\" data-email-share-nonce=\"6a86acd56a\" data-email-share-track-url=\"https:\/\/www.curierul.ro\/ziua-portilor-deschise-la-discovery-kids\/?share=email\"><span id=\"sharing-email-196244\" hidden>D\u0103 clic pentru a trimite o leg\u0103tur\u0103 prin email unui prieten(Se deschide \u00eentr-o fereastr\u0103 nou\u0103)<\/span><span>Email<\/span><\/a><\/li>\n<li class=\"share-print\"><a rel=\"nofollow noopener noreferrer\" data-shared=\"sharing-print-196244\" class=\"share-print sd-button\" href=\"https:\/\/www.curierul.ro\/ziua-portilor-deschise-la-discovery-kids\/#print?share=print\" target=\"_blank\" aria-labelledby=\"sharing-print-196244\"><span id=\"sharing-print-196244\" hidden>D\u0103 clic pentru a imprima(Se deschide \u00eentr-o fereastr\u0103 nou\u0103)<\/span><span>Imprimare<\/span><\/a><\/li>\n<li class=\"share-end\"><\/ul>\n<\/div>\n<\/div>\n<\/div>\n<\/div>\n<\/div>\n<div id=\"jp-relatedposts\" class=\"jp-relatedposts\">\n<h3 class=\"jp-relatedposts-headline\"><em>Similare<\/em><\/h3>\n<\/div>\n<footer class=\"post-footer\">\n<p class=\"tags\"><strong>Tags: <\/strong><a href=\"https:\/\/www.curierul.ro\/tag\/discovery-kids\/\" rel=\"tag\">Discovery Kids<\/a>, <a href=\"https:\/\/www.curierul.ro\/tag\/discovery-kids-arts-gallery\/\" rel=\"tag\">Discovery Kids Arts Gallery<\/a>, <a href=\"https:\/\/www.curierul.ro\/tag\/ziua-portilor-deschise-2\/\" rel=\"tag\">Ziua por\u021bilor deschise<\/a><\/p>\n<div class=\"post-navigation clearfix\">\n<div class=\"previous-post\">\n<div class=\"featured-photo\"><img loading=\"lazy\" decoding=\"async\" width=\"1600\" height=\"1200\" src=\"https:\/\/i0.wp.com\/www.curierul.ro\/wp-content\/uploads\/2026\/02\/Baschet-ONSS-3.jpg?fit=300%2C225&amp;ssl=1\" class=\"attachment-post-thumbnail size-post-thumbnail wp-post-image\" alt><\/div>\n<p class=\"paginate-title\">\u00ab\u00ab <a href=\"https:\/\/www.curierul.ro\/olimpiada-sportului-scolar-a-trecut-de-faza-judeteana\/\" rel=\"prev\">Olimpiada Sportului \u0218colar a trecut de faza jude\u021bean\u0103<\/a><\/p>\n<\/div>\n<div class=\"next-post\">\n<div class=\"featured-photo\"><img decoding=\"async\" width=\"680\" height=\"365\" src=\"https:\/\/i0.wp.com\/www.curierul.ro\/wp-content\/uploads\/2022\/01\/angajam-personal.png?fit=300%2C161&amp;ssl=1\" class=\"attachment-post-thumbnail size-post-thumbnail wp-post-image\" alt loading=\"lazy\"><\/div>\n<p class=\"paginate-title\"><a href=\"https:\/\/www.curierul.ro\/apavil-sa-anunt-privind-scoaterea-la-concurs-a-unui-post-de-electrician-in-cadrul-serviciului-mecano-energetic-punct-de-lucru-statia-de-tratare-a-apei-valea-lui-stan\/\" rel=\"next\">APAVIL SA \u2013 anun\u021b privind scoaterea la concurs a unui post de electrician \u00een cadrul Serviciului Mecano-Energetic, punct de lucru Sta\u021bia de Tratare a Apei, Valea lui Stan<\/a> \u00bb\u00bb<\/p>\n<\/div>\n<\/div>\n<div id=\"comments\" class=\"comments-area\">\n<div id=\"respond\" class=\"comment-respond\">\n<h3 id=\"reply-title\" class=\"comment-reply-title\">Po\u021bi comenta aici<small><a rel=\"nofollow\" id=\"cancel-comment-reply-link\" href=\"https:\/\/www.curierul.ro\/ziua-portilor-deschise-la-discovery-kids\/#respond\">Anuleaz\u0103 r\u0103spunsul<\/a><\/small><\/h3>\n<\/div>\n<p class=\"akismet_comment_form_privacy_notice\">Acest site folose\u0219te Akismet pentru a reduce spamul. <a href=\"https:\/\/akismet.com\/privacy\/\" target=\"_blank\" rel=\"nofollow noopener\">Afl\u0103 cum sunt procesate datele comentariilor tale<\/a>.<\/p>\n<\/div>\n<section class=\"related-stories\">\n<h2>Related Stories<\/h2>\n<div class=\"stories-container\">\n<article id=\"latest-193344\" class=\"story post-193344 post type-post status-publish format-standard has-post-thumbnail hentry category-anunturi category-publicitate tag-discovery-kids\">\n<div class=\"photo\"><img decoding=\"async\" width=\"565\" height=\"286\" src=\"https:\/\/i0.wp.com\/www.curierul.ro\/wp-content\/uploads\/2025\/05\/anunt-concurs.jpg?fit=300%2C152&amp;ssl=1\" class=\"attachment-giornalismo-single size-giornalismo-single wp-post-image\" alt loading=\"lazy\"><\/div>\n<p class=\"headline\"><a href=\"https:\/\/www.curierul.ro\/concursului-pentru-ocuparea-posturilor-didactice\/\">CONCURSULUI PENTRU OCUPAREA POSTURILOR DIDACTICE<\/a><\/p>\n<\/article>\n<article id=\"latest-189181\" class=\"story post-189181 post type-post status-publish format-standard has-post-thumbnail hentry category-actualitate category-invatamant category-social tag-discovery-kids tag-evaluare-nationala\">\n<div class=\"photo\"><img decoding=\"async\" width=\"302\" height=\"152\" src=\"https:\/\/i0.wp.com\/www.curierul.ro\/wp-content\/uploads\/2024\/07\/Sediu-DK.jpg?fit=300%2C151&amp;ssl=1\" class=\"attachment-giornalismo-single size-giornalismo-single wp-post-image\" alt loading=\"lazy\"><\/div>\n<p class=\"headline\"><a href=\"https:\/\/www.curierul.ro\/prima-generatie-de-gimnaziu-prima-scoala-valceana-discovery-kids\/\">Prima genera\u021bie de gimnaziu, prima \u0219coal\u0103 v\u00e2lcean\u0103: Discovery Kids!<\/a><\/p>\n<\/article>\n<article id=\"latest-188238\" class=\"story post-188238 post type-post status-publish format-standard has-post-thumbnail hentry category-actualitate category-eveniment-social category-fotbal category-impact category-sport tag-discovery-kids tag-fotbal-2 tag-onss\">\n<div class=\"photo\"><img decoding=\"async\" width=\"720\" height=\"440\" src=\"https:\/\/i0.wp.com\/www.curierul.ro\/wp-content\/uploads\/2024\/05\/ONSS-HK2.jpg?fit=225%2C300&amp;ssl=1\" class=\"attachment-giornalismo-single size-giornalismo-single wp-post-image\" alt loading=\"lazy\"><\/div>\n<p class=\"headline\"><a href=\"https:\/\/www.curierul.ro\/discovery-kids-vicecampioana-nationala-u14\/\">Discovery Kids, vicecampioan\u0103 na\u021bional\u0103 U14!<\/a><\/p>\n<\/article>\n<\/div>\n<\/section>\n<section class=\"latest-category clearfix\">\n<h2 class=\"title\">More Stories From Actualitate<\/h2>\n<div class=\"stories-container\">\n<article id=\"related-196296\" class=\"story post-196296 post type-post status-publish format-standard has-post-thumbnail hentry category-actualitate category-economie category-eveniment-social category-headlines tag-camera-de-comert-si-industrie-valcea-2 tag-centenar tag-invitat tag-principele-nicolae\">\n<div class=\"photo\"><img decoding=\"async\" width=\"735\" height=\"440\" src=\"https:\/\/i0.wp.com\/www.curierul.ro\/wp-content\/uploads\/2026\/02\/FOND.jpg?fit=300%2C200&amp;ssl=1\" class=\"attachment-giornalismo-single size-giornalismo-single wp-post-image\" alt loading=\"lazy\"><\/div>\n<p class=\"headline\"><a href=\"https:\/\/www.curierul.ro\/astazi-principele-nicolae-este-invitatul-special-al-centenarului-camerei-de-comert-si-industrie-valcea\/\">Ast\u0103zi, Principele Nicolae este invitatul special al Centenarului Camerei de Comer\u021b \u0219i Industrie V\u00e2lcea<\/a><\/p>\n<\/article>\n<article id=\"related-196293\" class=\"story post-196293 post type-post status-publish format-standard has-post-thumbnail hentry category-actualitate category-politica\">\n<div class=\"photo\"><img decoding=\"async\" width=\"735\" height=\"440\" src=\"https:\/\/i0.wp.com\/www.curierul.ro\/wp-content\/uploads\/2026\/02\/gutau-discutii-asociatii.jpg?fit=300%2C225&amp;ssl=1\" class=\"attachment-giornalismo-single size-giornalismo-single wp-post-image\" alt loading=\"lazy\"><\/div>\n<p class=\"headline\"><a href=\"https:\/\/www.curierul.ro\/primarul-gutau-in-dialog-direct-cu-asociatiile-de-proprietari\/\">Primarul Gut\u0103u, \u00een dialog direct cu asocia\u021biile de proprietari<\/a><\/p>\n<\/article>\n<article id=\"related-196290\" class=\"story post-196290 post type-post status-publish format-standard has-post-thumbnail hentry category-actualitate category-zidezi tag-articol-de-la-partener\">\n<div class=\"photo\"><img decoding=\"async\" width=\"735\" height=\"440\" src=\"https:\/\/i0.wp.com\/www.curierul.ro\/wp-content\/uploads\/2026\/02\/ii9zqlzrz1pbwdp_wp.jpg?fit=300%2C200&amp;ssl=1\" class=\"attachment-giornalismo-single size-giornalismo-single wp-post-image\" alt loading=\"lazy\"><\/div>\n<p class=\"headline\"><a href=\"https:\/\/www.curierul.ro\/lumina-care-schimba-totul-cum-iti-transformi-bucataria-cu-un-iluminat-bine-ales\/\">Lumina care schimb\u0103 totul \u2013 cum \u00ee\u021bi transformi buc\u0103t\u0103ria cu un iluminat bine ales<\/a><\/p>\n<\/article>\n<\/div>\n<\/section>\n<section class=\"author-bio clearfix\">\n<div class=\"mug-shot\"><img decoding=\"async\" alt src=\"https:\/\/secure.gravatar.com\/avatar\/01a5d9d84ee9ff05fc9f4005c0bceec4ad2406faaed68f19f774a86fb33a21cb?s=96&amp;d=mm&amp;r=g\" class=\"avatar avatar-96 photo\" height=\"96\" width=\"96\" loading=\"lazy\"><\/div>\n<div class=\"author-info\">\n<p class=\"title\">About Sorin Alexandru Barbu, <\/p>\n<p class=\"bio\">Director general Curierul de V\u00e2lcea<\/p>\n<div class=\"author-social-area\"><a href=\"http:\/\/facebook.com\/sorinalexandrubarbu\" target=\"_blank\"><span class=\"fab fa-facebook-f\"><span class=\"screen-reader-text\">Profil Facebook<\/span><\/span><\/a><a href=\"mailto:sorin@curierul.ro\"><span class=\"fal fa-envelope\"><span class=\"screen-reader-text\">Email the Author<\/span><\/span><\/a><\/div>\n<\/div>\n<\/section>\n<\/footer>\n<\/article>\n<article id=\"196244\" class=\"post-196244 post type-post status-publish format-standard has-post-thumbnail hentry category-actualitate category-invatamant category-social tag-discovery-kids tag-discovery-kids-arts-gallery tag-ziua-portilor-deschise-2\">\n<header class=\"post-header\">\n<ul class=\"breadcrumbs\">\n<li><a href=\"https:\/\/www.curierul.ro\">Home<\/a><\/li>\n<li class=\"breadcrumbs-active .category-actualitate\"><a href=\"https:\/\/www.curierul.ro\/index.php?cat=1615\">Actualitate<\/a><\/li>\n<li class=\"breadcrumbs-active .category-actualitate\">Ziua Por\u021bilor Deschise la Discovery Kids<\/li>\n<\/ul>\n<div class=\"featured-photo\"><img loading=\"lazy\" decoding=\"async\" width=\"1810\" height=\"2560\" src=\"https:\/\/i0.wp.com\/www.curierul.ro\/wp-content\/uploads\/2026\/02\/Invitatie-la-Ziua-Portilor-Deschise-la-DK_feb-2026-scaled.jpg?fit=212%2C300&amp;ssl=1\" class=\"attachment-single size-single wp-post-image\" alt><\/div>\n<h1 class=\"headline\">Ziua Por\u021bilor Deschise la Discovery Kids<\/h1>\n<p class=\"byline\">\n\t\tScris de<a href=\"https:\/\/www.curierul.ro\/author\/sorin\/\">Sorin Alexandru Barbu<\/a>, \t\t9 februarie 2026\t\t\t\t<\/p>\n<hr>\n<\/header>\n<p>Una din cele mai prestigioase \u0219coli gimnaziale din V\u00e2lcea v\u0103 invit\u0103 s\u0103 o descoperi\u021bi \u201edin interior\u201d \u0219i s\u0103 petrece\u021bi acolo o zi care \u00eent\u0103re\u0219te comunitatea Happy &amp; Discovery Kids: elevi, p\u0103rin\u021bi, profesori \u0219i prieteni ai \u0219colii.<\/p>\n<p>Vizitatorii vor putea participa la:<\/p>\n<ul class=\"wp-block-list\">\n<li>\ud83d\uddbc\ufe0f Inaugurarea Discovery Kids Arts Gallery (tema: Mari arti\u0219ti ai lumii)<\/li>\n<li>\ud83d\udd2c\ud83c\udfc0 Sta\u021bii interactive (experimente, jocuri, activit\u0103\u021bi)<\/li>\n<li>\u2615 Discovery Caf\u00e9 (moment de conectare \u0219i dialog)<\/li>\n<\/ul>\n<p>Pot participa p\u0103rin\u021bii elevilor Discovery Kids, p\u0103rin\u021bii \u0219i copiii de la Gr\u0103dini\u021ba Happy Kids, absolven\u021bii Discovery Kids \u0219i p\u0103rin\u021bii acestora, membri ai comunit\u0103\u021bii locale interesa\u021bi de educa\u021bie \u0219i curio\u0219i s\u0103 ne cunoasc\u0103 \u0219coala<\/p>\n<p>Cei interesa\u021bi de \u201eexperien\u021ba DK\u201d o pot face m\u00e2ine, 10 februarie 2026, \u00een intervalul 14:30 \u2013 17:30, la sediul \u0219colii din str. Remus Bellu, nr. 1, R\u00e2mnicu V\u00e2lcea \u00een dou\u0103 moduri:<\/p>\n<ul class=\"wp-block-list\">\n<li>Tururi ghidate<\/li>\n<li>\u201eDiscovery Passport\u201d (grupuri mici).<\/li>\n<\/ul>\n<p>Sunte\u021bi a\u0219tepta\u021bi s\u0103 contribui\u021bi la o comunitate \u0219colar\u0103 cald\u0103 \u0219i activ\u0103. \ud83c\udf3f\ud83e\udd1d<\/p>\n<div class=\"sharedaddy sd-sharing-enabled\">\n<div class=\"robots-nocontent sd-block sd-social sd-social-official sd-sharing\">\n<h3 class=\"sd-title\">Distribuie pe:<\/h3>\n<div class=\"sd-content\">\n<ul>\n<li class=\"share-facebook\">\n<li class=\"share-twitter\"><a href=\"https:\/\/twitter.com\/share\" class=\"twitter-share-button\" data-url=\"https:\/\/www.curierul.ro\/ziua-portilor-deschise-la-discovery-kids\/\" data-text=\"Ziua Por\u021bilor Deschise la Discovery Kids\" data-via=\"curierulvl\">Tweet<\/a><\/li>\n<li class=\"share-jetpack-whatsapp\"><a rel=\"nofollow noopener noreferrer\" data-shared=\"sharing-whatsapp-196244\" class=\"share-jetpack-whatsapp sd-button\" href=\"https:\/\/www.curierul.ro\/ziua-portilor-deschise-la-discovery-kids\/?share=jetpack-whatsapp\" target=\"_blank\" aria-labelledby=\"sharing-whatsapp-196244\"><span id=\"sharing-whatsapp-196244\" hidden>D\u0103 clic pentru partajare pe WhatsApp(Se deschide \u00eentr-o fereastr\u0103 nou\u0103)<\/span><span>WhatsApp<\/span><\/a><\/li>\n<li><a href=\"https:\/\/www.curierul.ro\/ziua-portilor-deschise-la-discovery-kids\/\" class=\"sharing-anchor sd-button share-more\"><span>Mai mult<\/span><\/a><\/li>\n<li class=\"share-end\"><\/ul>\n<div class=\"sharing-hidden\">\n<div class=\"inner\">\n<ul>\n<li class=\"share-email\"><a rel=\"nofollow noopener noreferrer\" data-shared=\"sharing-email-196244\" class=\"share-email sd-button\" href=\"mailto:?subject=%5BArticol%20partajat%5D%20Ziua%20Por%C8%9Bilor%20Deschise%20la%20Discovery%20Kids&amp;body=https%3A%2F%2Fwww.curierul.ro%2Fziua-portilor-deschise-la-discovery-kids%2F&amp;share=email\" target=\"_blank\" aria-labelledby=\"sharing-email-196244\" data-email-share-error-title=\"\u021ai-ai configurat emailul?\" data-email-share-error-text=\"Dac\u0103 ai probleme la partajarea prin email, probabil nu ai configurat emailul pentru navigator. Poate trebuie s\u0103 creezi singur un email nou.\" data-email-share-nonce=\"6a86acd56a\" data-email-share-track-url=\"https:\/\/www.curierul.ro\/ziua-portilor-deschise-la-discovery-kids\/?share=email\"><span id=\"sharing-email-196244\" hidden>D\u0103 clic pentru a trimite o leg\u0103tur\u0103 prin email unui prieten(Se deschide \u00eentr-o fereastr\u0103 nou\u0103)<\/span><span>Email<\/span><\/a><\/li>\n<li class=\"share-print\"><a rel=\"nofollow noopener noreferrer\" data-shared=\"sharing-print-196244\" class=\"share-print sd-button\" href=\"https:\/\/www.curierul.ro\/ziua-portilor-deschise-la-discovery-kids\/#print?share=print\" target=\"_blank\" aria-labelledby=\"sharing-print-196244\"><span id=\"sharing-print-196244\" hidden>D\u0103 clic pentru a imprima(Se deschide \u00eentr-o fereastr\u0103 nou\u0103)<\/span><span>Imprimare<\/span><\/a><\/li>\n<li class=\"share-end\"><\/ul>\n<\/div>\n<\/div>\n<\/div>\n<\/div>\n<\/div>\n<div id=\"jp-relatedposts\" class=\"jp-relatedposts\">\n<h3 class=\"jp-relatedposts-headline\"><em>Similare<\/em><\/h3>\n<\/div>\n<footer class=\"post-footer\">\n<p class=\"tags\"><strong>Tags: <\/strong><a href=\"https:\/\/www.curierul.ro\/tag\/discovery-kids\/\" rel=\"tag\">Discovery Kids<\/a>, <a href=\"https:\/\/www.curierul.ro\/tag\/discovery-kids-arts-gallery\/\" rel=\"tag\">Discovery Kids Arts Gallery<\/a>, <a href=\"https:\/\/www.curierul.ro\/tag\/ziua-portilor-deschise-2\/\" rel=\"tag\">Ziua por\u021bilor deschise<\/a><\/p>\n<div class=\"post-navigation clearfix\">\n<div class=\"previous-post\">\n<div class=\"featured-photo\"><img loading=\"lazy\" decoding=\"async\" width=\"1600\" height=\"1200\" src=\"https:\/\/i0.wp.com\/www.curierul.ro\/wp-content\/uploads\/2026\/02\/Baschet-ONSS-3.jpg?fit=300%2C225&amp;ssl=1\" class=\"attachment-post-thumbnail size-post-thumbnail wp-post-image\" alt><\/div>\n<p class=\"paginate-title\">\u00ab\u00ab <a href=\"https:\/\/www.curierul.ro\/olimpiada-sportului-scolar-a-trecut-de-faza-judeteana\/\" rel=\"prev\">Olimpiada Sportului \u0218colar a trecut de faza jude\u021bean\u0103<\/a><\/p>\n<\/div>\n<div class=\"next-post\">\n<div class=\"featured-photo\"><img decoding=\"async\" width=\"680\" height=\"365\" src=\"https:\/\/i0.wp.com\/www.curierul.ro\/wp-content\/uploads\/2022\/01\/angajam-personal.png?fit=300%2C161&amp;ssl=1\" class=\"attachment-post-thumbnail size-post-thumbnail wp-post-image\" alt loading=\"lazy\"><\/div>\n<p class=\"paginate-title\"><a href=\"https:\/\/www.curierul.ro\/apavil-sa-anunt-privind-scoaterea-la-concurs-a-unui-post-de-electrician-in-cadrul-serviciului-mecano-energetic-punct-de-lucru-statia-de-tratare-a-apei-valea-lui-stan\/\" rel=\"next\">APAVIL SA \u2013 anun\u021b privind scoaterea la concurs a unui post de electrician \u00een cadrul Serviciului Mecano-Energetic, punct de lucru Sta\u021bia de Tratare a Apei, Valea lui Stan<\/a> \u00bb\u00bb<\/p>\n<\/div>\n<\/div>\n<div id=\"comments\" class=\"comments-area\">\n<div id=\"respond\" class=\"comment-respond\">\n<h3 id=\"reply-title\" class=\"comment-reply-title\">Po\u021bi comenta aici<small><a rel=\"nofollow\" id=\"cancel-comment-reply-link\" href=\"https:\/\/www.curierul.ro\/ziua-portilor-deschise-la-discovery-kids\/#respond\">Anuleaz\u0103 r\u0103spunsul<\/a><\/small><\/h3>\n<\/div>\n<p class=\"akismet_comment_form_privacy_notice\">Acest site folose\u0219te Akismet pentru a reduce spamul. <a href=\"https:\/\/akismet.com\/privacy\/\" target=\"_blank\" rel=\"nofollow noopener\">Afl\u0103 cum sunt procesate datele comentariilor tale<\/a>.<\/p>\n<\/div>\n<section class=\"related-stories\">\n<h2>Related Stories<\/h2>\n<div class=\"stories-container\">\n<article id=\"latest-193344\" class=\"story post-193344 post type-post status-publish format-standard has-post-thumbnail hentry category-anunturi category-publicitate tag-discovery-kids\">\n<div class=\"photo\"><img decoding=\"async\" width=\"565\" height=\"286\" src=\"https:\/\/i0.wp.com\/www.curierul.ro\/wp-content\/uploads\/2025\/05\/anunt-concurs.jpg?fit=300%2C152&amp;ssl=1\" class=\"attachment-giornalismo-single size-giornalismo-single wp-post-image\" alt loading=\"lazy\"><\/div>\n<p class=\"headline\"><a href=\"https:\/\/www.curierul.ro\/concursului-pentru-ocuparea-posturilor-didactice\/\">CONCURSULUI PENTRU OCUPAREA POSTURILOR DIDACTICE<\/a><\/p>\n<\/article>\n<article id=\"latest-189181\" class=\"story post-189181 post type-post status-publish format-standard has-post-thumbnail hentry category-actualitate category-invatamant category-social tag-discovery-kids tag-evaluare-nationala\">\n<div class=\"photo\"><img decoding=\"async\" width=\"302\" height=\"152\" src=\"https:\/\/i0.wp.com\/www.curierul.ro\/wp-content\/uploads\/2024\/07\/Sediu-DK.jpg?fit=300%2C151&amp;ssl=1\" class=\"attachment-giornalismo-single size-giornalismo-single wp-post-image\" alt loading=\"lazy\"><\/div>\n<p class=\"headline\"><a href=\"https:\/\/www.curierul.ro\/prima-generatie-de-gimnaziu-prima-scoala-valceana-discovery-kids\/\">Prima genera\u021bie de gimnaziu, prima \u0219coal\u0103 v\u00e2lcean\u0103: Discovery Kids!<\/a><\/p>\n<\/article>\n<article id=\"latest-188238\" class=\"story post-188238 post type-post status-publish format-standard has-post-thumbnail hentry category-actualitate category-eveniment-social category-fotbal category-impact category-sport tag-discovery-kids tag-fotbal-2 tag-onss\">\n<div class=\"photo\"><img decoding=\"async\" width=\"720\" height=\"440\" src=\"https:\/\/i0.wp.com\/www.curierul.ro\/wp-content\/uploads\/2024\/05\/ONSS-HK2.jpg?fit=225%2C300&amp;ssl=1\" class=\"attachment-giornalismo-single size-giornalismo-single wp-post-image\" alt loading=\"lazy\"><\/div>\n<p class=\"headline\"><a href=\"https:\/\/www.curierul.ro\/discovery-kids-vicecampioana-nationala-u14\/\">Discovery Kids, vicecampioan\u0103 na\u021bional\u0103 U14!<\/a><\/p>\n<\/article>\n<\/div>\n<\/section>\n<section class=\"latest-category clearfix\">\n<h2 class=\"title\">More Stories From Actualitate<\/h2>\n<div class=\"stories-container\">\n<article id=\"related-196296\" class=\"story post-196296 post type-post status-publish format-standard has-post-thumbnail hentry category-actualitate category-economie category-eveniment-social category-headlines tag-camera-de-comert-si-industrie-valcea-2 tag-centenar tag-invitat tag-principele-nicolae\">\n<div class=\"photo\"><img decoding=\"async\" width=\"735\" height=\"440\" src=\"https:\/\/i0.wp.com\/www.curierul.ro\/wp-content\/uploads\/2026\/02\/FOND.jpg?fit=300%2C200&amp;ssl=1\" class=\"attachment-giornalismo-single size-giornalismo-single wp-post-image\" alt loading=\"lazy\"><\/div>\n<p class=\"headline\"><a href=\"https:\/\/www.curierul.ro\/astazi-principele-nicolae-este-invitatul-special-al-centenarului-camerei-de-comert-si-industrie-valcea\/\">Ast\u0103zi, Principele Nicolae este invitatul special al Centenarului Camerei de Comer\u021b \u0219i Industrie V\u00e2lcea<\/a><\/p>\n<\/article>\n<article id=\"related-196293\" class=\"story post-196293 post type-post status-publish format-standard has-post-thumbnail hentry category-actualitate category-politica\">\n<div class=\"photo\"><img decoding=\"async\" width=\"735\" height=\"440\" src=\"https:\/\/i0.wp.com\/www.curierul.ro\/wp-content\/uploads\/2026\/02\/gutau-discutii-asociatii.jpg?fit=300%2C225&amp;ssl=1\" class=\"attachment-giornalismo-single size-giornalismo-single wp-post-image\" alt loading=\"lazy\"><\/div>\n<p class=\"headline\"><a href=\"https:\/\/www.curierul.ro\/primarul-gutau-in-dialog-direct-cu-asociatiile-de-proprietari\/\">Primarul Gut\u0103u, \u00een dialog direct cu asocia\u021biile de proprietari<\/a><\/p>\n<\/article>\n<article id=\"related-196290\" class=\"story post-196290 post type-post status-publish format-standard has-post-thumbnail hentry category-actualitate category-zidezi tag-articol-de-la-partener\">\n<div class=\"photo\"><img decoding=\"async\" width=\"735\" height=\"440\" src=\"https:\/\/i0.wp.com\/www.curierul.ro\/wp-content\/uploads\/2026\/02\/ii9zqlzrz1pbwdp_wp.jpg?fit=300%2C200&amp;ssl=1\" class=\"attachment-giornalismo-single size-giornalismo-single wp-post-image\" alt loading=\"lazy\"><\/div>\n<p class=\"headline\"><a href=\"https:\/\/www.curierul.ro\/lumina-care-schimba-totul-cum-iti-transformi-bucataria-cu-un-iluminat-bine-ales\/\">Lumina care schimb\u0103 totul \u2013 cum \u00ee\u021bi transformi buc\u0103t\u0103ria cu un iluminat bine ales<\/a><\/p>\n<\/article>\n<\/div>\n<\/section>\n<section class=\"author-bio clearfix\">\n<div class=\"mug-shot\"><img decoding=\"async\" alt src=\"https:\/\/secure.gravatar.com\/avatar\/01a5d9d84ee9ff05fc9f4005c0bceec4ad2406faaed68f19f774a86fb33a21cb?s=96&amp;d=mm&amp;r=g\" class=\"avatar avatar-96 photo\" height=\"96\" width=\"96\" loading=\"lazy\"><\/div>\n<div class=\"author-info\">\n<p class=\"title\">About Sorin Alexandru Barbu, <\/p>\n<p class=\"bio\">Director general Curierul de V\u00e2lcea<\/p>\n<div class=\"author-social-area\"><a href=\"http:\/\/facebook.com\/sorinalexandrubarbu\" target=\"_blank\"><span class=\"fab fa-facebook-f\"><span class=\"screen-reader-text\">Profil Facebook<\/span><\/span><\/a><a href=\"mailto:sorin@curierul.ro\"><span class=\"fal fa-envelope\"><span class=\"screen-reader-text\">Email the Author<\/span><\/span><\/a><\/div>\n<\/div>\n<\/section>\n<\/footer>\n<\/article>\n<article id=\"latest-193344\" class=\"story post-193344 post type-post status-publish format-standard has-post-thumbnail hentry category-anunturi category-publicitate tag-discovery-kids\">\n<div class=\"photo\"><img decoding=\"async\" width=\"565\" height=\"286\" src=\"https:\/\/i0.wp.com\/www.curierul.ro\/wp-content\/uploads\/2025\/05\/anunt-concurs.jpg?fit=300%2C152&amp;ssl=1\" class=\"attachment-giornalismo-single size-giornalismo-single wp-post-image\" alt loading=\"lazy\"><\/div>\n<p class=\"headline\"><a href=\"https:\/\/www.curierul.ro\/concursului-pentru-ocuparea-posturilor-didactice\/\">CONCURSULUI PENTRU OCUPAREA POSTURILOR DIDACTICE<\/a><\/p>\n<\/article>\n<article id=\"latest-189181\" class=\"story post-189181 post type-post status-publish format-standard has-post-thumbnail hentry category-actualitate category-invatamant category-social tag-discovery-kids tag-evaluare-nationala\">\n<div class=\"photo\"><img decoding=\"async\" width=\"302\" height=\"152\" src=\"https:\/\/i0.wp.com\/www.curierul.ro\/wp-content\/uploads\/2024\/07\/Sediu-DK.jpg?fit=300%2C151&amp;ssl=1\" class=\"attachment-giornalismo-single size-giornalismo-single wp-post-image\" alt loading=\"lazy\"><\/div>\n<p class=\"headline\"><a href=\"https:\/\/www.curierul.ro\/prima-generatie-de-gimnaziu-prima-scoala-valceana-discovery-kids\/\">Prima genera\u021bie de gimnaziu, prima \u0219coal\u0103 v\u00e2lcean\u0103: Discovery Kids!<\/a><\/p>\n<\/article>\n<article id=\"latest-188238\" class=\"story post-188238 post type-post status-publish format-standard has-post-thumbnail hentry category-actualitate category-eveniment-social category-fotbal category-impact category-sport tag-discovery-kids tag-fotbal-2 tag-onss\">\n<div class=\"photo\"><img decoding=\"async\" width=\"720\" height=\"440\" src=\"https:\/\/i0.wp.com\/www.curierul.ro\/wp-content\/uploads\/2024\/05\/ONSS-HK2.jpg?fit=225%2C300&amp;ssl=1\" class=\"attachment-giornalismo-single size-giornalismo-single wp-post-image\" alt loading=\"lazy\"><\/div>\n<p class=\"headline\"><a href=\"https:\/\/www.curierul.ro\/discovery-kids-vicecampioana-nationala-u14\/\">Discovery Kids, vicecampioan\u0103 na\u021bional\u0103 U14!<\/a><\/p>\n<\/article>\n<article id=\"related-196296\" class=\"story post-196296 post type-post status-publish format-standard has-post-thumbnail hentry category-actualitate category-economie category-eveniment-social category-headlines tag-camera-de-comert-si-industrie-valcea-2 tag-centenar tag-invitat tag-principele-nicolae\">\n<div class=\"photo\"><img decoding=\"async\" width=\"735\" height=\"440\" src=\"https:\/\/i0.wp.com\/www.curierul.ro\/wp-content\/uploads\/2026\/02\/FOND.jpg?fit=300%2C200&amp;ssl=1\" class=\"attachment-giornalismo-single size-giornalismo-single wp-post-image\" alt loading=\"lazy\"><\/div>\n<p class=\"headline\"><a href=\"https:\/\/www.curierul.ro\/astazi-principele-nicolae-este-invitatul-special-al-centenarului-camerei-de-comert-si-industrie-valcea\/\">Ast\u0103zi, Principele Nicolae este invitatul special al Centenarului Camerei de Comer\u021b \u0219i Industrie V\u00e2lcea<\/a><\/p>\n<\/article>\n<article id=\"related-196293\" class=\"story post-196293 post type-post status-publish format-standard has-post-thumbnail hentry category-actualitate category-politica\">\n<div class=\"photo\"><img decoding=\"async\" width=\"735\" height=\"440\" src=\"https:\/\/i0.wp.com\/www.curierul.ro\/wp-content\/uploads\/2026\/02\/gutau-discutii-asociatii.jpg?fit=300%2C225&amp;ssl=1\" class=\"attachment-giornalismo-single size-giornalismo-single wp-post-image\" alt loading=\"lazy\"><\/div>\n<p class=\"headline\"><a href=\"https:\/\/www.curierul.ro\/primarul-gutau-in-dialog-direct-cu-asociatiile-de-proprietari\/\">Primarul Gut\u0103u, \u00een dialog direct cu asocia\u021biile de proprietari<\/a><\/p>\n<\/article>\n<article id=\"related-196290\" class=\"story post-196290 post type-post status-publish format-standard has-post-thumbnail hentry category-actualitate category-zidezi tag-articol-de-la-partener\">\n<div class=\"photo\"><img decoding=\"async\" width=\"735\" height=\"440\" src=\"https:\/\/i0.wp.com\/www.curierul.ro\/wp-content\/uploads\/2026\/02\/ii9zqlzrz1pbwdp_wp.jpg?fit=300%2C200&amp;ssl=1\" class=\"attachment-giornalismo-single size-giornalismo-single wp-post-image\" alt loading=\"lazy\"><\/div>\n<p class=\"headline\"><a href=\"https:\/\/www.curierul.ro\/lumina-care-schimba-totul-cum-iti-transformi-bucataria-cu-un-iluminat-bine-ales\/\">Lumina care schimb\u0103 totul \u2013 cum \u00ee\u021bi transformi buc\u0103t\u0103ria cu un iluminat bine ales<\/a><\/p>\n<\/article>\n<p>[analyse_source url=&#8221;https:\/\/www.curierul.ro\/ziua-portilor-deschise-la-discovery-kids\/&#8221;]<\/p>\n","protected":false},"excerpt":{"rendered":"<p>[analyse_image type=&#8221;featured&#8221; src=&#8221;https:\/\/www.curierul.ro\/wp-content\/uploads\/2026\/02\/Invitatie-la-Ziua-Portilor-Deschise-la-DK_feb-2026-scaled.jpghttps:\/\/i0.wp.com\/www.curierul.ro\/wp-content\/uploads\/2026\/02\/Invitatie-la-Ziua-Portilor-Deschise-la-DK_feb-2026-scaled.jpg?fit=848%2C1200&amp;ssl=1&#8243;] Home Actualitate Ziua Por\u021bilor Deschise la Discovery Kids Ziua Por\u021bilor Deschise la Discovery Kids Scris deSorin Alexandru Barbu, 9 februarie 2026 Una din cele mai prestigioase \u0219coli gimnaziale din V\u00e2lcea v\u0103 invit\u0103 s\u0103 o descoperi\u021bi \u201edin interior\u201d \u0219i s\u0103 petrece\u021bi acolo o zi care \u00eent\u0103re\u0219te comunitatea Happy &amp; Discovery Kids: elevi, p\u0103rin\u021bi, [&hellip;]<\/p>\n","protected":false},"author":1,"featured_media":0,"comment_status":"open","ping_status":"","sticky":false,"template":"","format":"standard","meta":{"footnotes":""},"categories":[89],"tags":[226,213],"class_list":["post-1766489","post","type-post","status-publish","format-standard","hentry","category-romania","tag-crawlmanager","tag-curierul-ro"],"_links":{"self":[{"href":"https:\/\/analyse.optim.biz\/index.php?rest_route=\/wp\/v2\/posts\/1766489","targetHints":{"allow":["GET"]}}],"collection":[{"href":"https:\/\/analyse.optim.biz\/index.php?rest_route=\/wp\/v2\/posts"}],"about":[{"href":"https:\/\/analyse.optim.biz\/index.php?rest_route=\/wp\/v2\/types\/post"}],"author":[{"embeddable":true,"href":"https:\/\/analyse.optim.biz\/index.php?rest_route=\/wp\/v2\/users\/1"}],"replies":[{"embeddable":true,"href":"https:\/\/analyse.optim.biz\/index.php?rest_route=%2Fwp%2Fv2%2Fcomments&post=1766489"}],"version-history":[{"count":0,"href":"https:\/\/analyse.optim.biz\/index.php?rest_route=\/wp\/v2\/posts\/1766489\/revisions"}],"wp:attachment":[{"href":"https:\/\/analyse.optim.biz\/index.php?rest_route=%2Fwp%2Fv2%2Fmedia&parent=1766489"}],"wp:term":[{"taxonomy":"category","embeddable":true,"href":"https:\/\/analyse.optim.biz\/index.php?rest_route=%2Fwp%2Fv2%2Fcategories&post=1766489"},{"taxonomy":"post_tag","embeddable":true,"href":"https:\/\/analyse.optim.biz\/index.php?rest_route=%2Fwp%2Fv2%2Ftags&post=1766489"}],"curies":[{"name":"wp","href":"https:\/\/api.w.org\/{rel}","templated":true}]}}