{"id":1766488,"date":"2026-02-07T14:41:30","date_gmt":"2026-02-07T11:41:30","guid":{"rendered":"https:\/\/analyse.optim.biz\/?p=1766488"},"modified":"2026-02-07T14:41:30","modified_gmt":"2026-02-07T11:41:30","slug":"o-femeie-a-cazut-de-la-etajul-4","status":"publish","type":"post","link":"https:\/\/analyse.optim.biz\/?p=1766488","title":{"rendered":"O femeie a c\u0103zut de la etajul 4!"},"content":{"rendered":"<p>[analyse_image type=&#8221;featured&#8221; src=&#8221;https:\/\/www.curierul.ro\/wp-content\/uploads\/2023\/02\/OSTROVENI-2.jpghttps:\/\/i0.wp.com\/www.curierul.ro\/wp-content\/uploads\/2023\/02\/OSTROVENI-2.jpg?fit=1200%2C532&amp;ssl=1&#8243;]<\/p>\n<article id=\"196241\" class=\"post-196241 post type-post status-publish format-standard has-post-thumbnail hentry category-actualitate category-headlines category-politie category-social\">\n<header class=\"post-header\">\n<ul class=\"breadcrumbs\">\n<li><a href=\"https:\/\/www.curierul.ro\">Home<\/a><\/li>\n<li class=\"breadcrumbs-active .category-actualitate\"><a href=\"https:\/\/www.curierul.ro\/index.php?cat=1615\">Actualitate<\/a><\/li>\n<li class=\"breadcrumbs-active .category-actualitate\">O femeie a c\u0103zut de la etajul 4!<\/li>\n<\/ul>\n<div class=\"featured-photo\"><img loading=\"lazy\" decoding=\"async\" width=\"1751\" height=\"777\" src=\"https:\/\/i0.wp.com\/www.curierul.ro\/wp-content\/uploads\/2023\/02\/OSTROVENI-2.jpg?fit=300%2C133&amp;ssl=1\" class=\"attachment-single size-single wp-post-image\" alt><\/div>\n<h1 class=\"headline\">O femeie a c\u0103zut de la etajul 4!<\/h1>\n<p class=\"byline\">\n\t\tScris de<a href=\"https:\/\/www.curierul.ro\/author\/comunicat-de-presa\/\">Comunicat de pres\u0103<\/a>, \t\t7 februarie 2026\t\t\t\t<\/p>\n<hr>\n<\/header>\n<p>\u00cen urm\u0103 cu pu\u021bin timp, \u00een jurul orei 16, poli\u021bi\u0219tii din cadrul Poli\u021biei Municipiului R\u00e2mnicu V\u00e2lcea au fost sesiza\u021bi cu privire la faptul c\u0103 o femeie, \u00een v\u00e2rst\u0103 de 59 de ani, a c\u0103zut de la etajul patru al unui bloc situat \u00een cartierul Ostroveni din municipiul R\u00e2mnicu V\u00e2lcea.<\/p>\n<p>Din nefericire, \u00een urma evenimentului, femeia a decedat. La fa\u021ba locului s-au deplasat poli\u021bi\u0219tii, care, sub coordonarea procurorului de caz, efectueaz\u0103 cercet\u0103ri pentru stabilirea tuturor \u00eemprejur\u0103rilor \u00een care s-a produs evenimentul.<\/p>\n<p>Cercet\u0103rile sunt \u00een curs de desf\u0103\u0219urare.<\/p>\n<div class=\"sharedaddy sd-sharing-enabled\">\n<div class=\"robots-nocontent sd-block sd-social sd-social-official sd-sharing\">\n<h3 class=\"sd-title\">Distribuie pe:<\/h3>\n<div class=\"sd-content\">\n<ul>\n<li class=\"share-facebook\">\n<li class=\"share-twitter\"><a href=\"https:\/\/twitter.com\/share\" class=\"twitter-share-button\" data-url=\"https:\/\/www.curierul.ro\/o-femeie-a-cazut-de-la-etajul-4\/\" data-text=\"O femeie a c\u0103zut de la etajul 4!\" data-via=\"curierulvl\">Tweet<\/a><\/li>\n<li class=\"share-jetpack-whatsapp\"><a rel=\"nofollow noopener noreferrer\" data-shared=\"sharing-whatsapp-196241\" class=\"share-jetpack-whatsapp sd-button\" href=\"https:\/\/www.curierul.ro\/o-femeie-a-cazut-de-la-etajul-4\/?share=jetpack-whatsapp\" target=\"_blank\" aria-labelledby=\"sharing-whatsapp-196241\"><span id=\"sharing-whatsapp-196241\" hidden>D\u0103 clic pentru partajare pe WhatsApp(Se deschide \u00eentr-o fereastr\u0103 nou\u0103)<\/span><span>WhatsApp<\/span><\/a><\/li>\n<li><a href=\"https:\/\/www.curierul.ro\/o-femeie-a-cazut-de-la-etajul-4\/\" class=\"sharing-anchor sd-button share-more\"><span>Mai mult<\/span><\/a><\/li>\n<li class=\"share-end\"><\/ul>\n<div class=\"sharing-hidden\">\n<div class=\"inner\">\n<ul>\n<li class=\"share-email\"><a rel=\"nofollow noopener noreferrer\" data-shared=\"sharing-email-196241\" class=\"share-email sd-button\" href=\"mailto:?subject=%5BArticol%20partajat%5D%20O%20femeie%20a%20c%C4%83zut%20de%20la%20etajul%204%21&amp;body=https%3A%2F%2Fwww.curierul.ro%2Fo-femeie-a-cazut-de-la-etajul-4%2F&amp;share=email\" target=\"_blank\" aria-labelledby=\"sharing-email-196241\" data-email-share-error-title=\"\u021ai-ai configurat emailul?\" data-email-share-error-text=\"Dac\u0103 ai probleme la partajarea prin email, probabil nu ai configurat emailul pentru navigator. Poate trebuie s\u0103 creezi singur un email nou.\" data-email-share-nonce=\"e0d17d4306\" data-email-share-track-url=\"https:\/\/www.curierul.ro\/o-femeie-a-cazut-de-la-etajul-4\/?share=email\"><span id=\"sharing-email-196241\" hidden>D\u0103 clic pentru a trimite o leg\u0103tur\u0103 prin email unui prieten(Se deschide \u00eentr-o fereastr\u0103 nou\u0103)<\/span><span>Email<\/span><\/a><\/li>\n<li class=\"share-print\"><a rel=\"nofollow noopener noreferrer\" data-shared=\"sharing-print-196241\" class=\"share-print sd-button\" href=\"https:\/\/www.curierul.ro\/o-femeie-a-cazut-de-la-etajul-4\/#print?share=print\" target=\"_blank\" aria-labelledby=\"sharing-print-196241\"><span id=\"sharing-print-196241\" hidden>D\u0103 clic pentru a imprima(Se deschide \u00eentr-o fereastr\u0103 nou\u0103)<\/span><span>Imprimare<\/span><\/a><\/li>\n<li class=\"share-end\"><\/ul>\n<\/div>\n<\/div>\n<\/div>\n<\/div>\n<\/div>\n<div id=\"jp-relatedposts\" class=\"jp-relatedposts\">\n<h3 class=\"jp-relatedposts-headline\"><em>Similare<\/em><\/h3>\n<\/div>\n<footer class=\"post-footer\">\n<div class=\"post-navigation clearfix\">\n<div class=\"previous-post\">\n<div class=\"featured-photo\"><img loading=\"lazy\" decoding=\"async\" width=\"448\" height=\"349\" src=\"https:\/\/i0.wp.com\/www.curierul.ro\/wp-content\/uploads\/2024\/03\/CET-oprire-apa.jpeg?fit=300%2C234&amp;ssl=1\" class=\"attachment-post-thumbnail size-post-thumbnail wp-post-image\" alt><\/div>\n<p class=\"paginate-title\">\u00ab\u00ab <a href=\"https:\/\/www.curierul.ro\/avarie-la-reteaua-cet-govora-caldura-si-apa-calda-oprite-la-trei-licee-si-spitalul-judetean\/\" rel=\"prev\">Avarie la re\u021beaua CET Govora. C\u0103ldura \u0219i apa cald\u0103 oprite la trei licee \u0219i Spitalul Jude\u021bean<\/a><\/p>\n<\/div>\n<div class=\"next-post\">\n<div class=\"featured-photo\"><img decoding=\"async\" width=\"1600\" height=\"1200\" src=\"https:\/\/i0.wp.com\/www.curierul.ro\/wp-content\/uploads\/2026\/02\/Baschet-ONSS-3.jpg?fit=300%2C225&amp;ssl=1\" class=\"attachment-post-thumbnail size-post-thumbnail wp-post-image\" alt loading=\"lazy\"><\/div>\n<p class=\"paginate-title\"><a href=\"https:\/\/www.curierul.ro\/olimpiada-sportului-scolar-a-trecut-de-faza-judeteana\/\" rel=\"next\">Olimpiada Sportului \u0218colar a trecut de faza jude\u021bean\u0103<\/a> \u00bb\u00bb<\/p>\n<\/div>\n<\/div>\n<div id=\"comments\" class=\"comments-area\">\n<div id=\"respond\" class=\"comment-respond\">\n<h3 id=\"reply-title\" class=\"comment-reply-title\">Po\u021bi comenta aici<small><a rel=\"nofollow\" id=\"cancel-comment-reply-link\" href=\"https:\/\/www.curierul.ro\/o-femeie-a-cazut-de-la-etajul-4\/#respond\">Anuleaz\u0103 r\u0103spunsul<\/a><\/small><\/h3>\n<\/div>\n<p class=\"akismet_comment_form_privacy_notice\">Acest site folose\u0219te Akismet pentru a reduce spamul. <a href=\"https:\/\/akismet.com\/privacy\/\" target=\"_blank\" rel=\"nofollow noopener\">Afl\u0103 cum sunt procesate datele comentariilor tale<\/a>.<\/p>\n<\/div>\n<section class=\"latest-category clearfix\">\n<h2 class=\"title\">More Stories From Actualitate<\/h2>\n<div class=\"stories-container\">\n<article id=\"related-196296\" class=\"story post-196296 post type-post status-publish format-standard has-post-thumbnail hentry category-actualitate category-economie category-eveniment-social category-headlines tag-camera-de-comert-si-industrie-valcea-2 tag-centenar tag-invitat tag-principele-nicolae\">\n<div class=\"photo\"><img decoding=\"async\" width=\"735\" height=\"440\" src=\"https:\/\/i0.wp.com\/www.curierul.ro\/wp-content\/uploads\/2026\/02\/FOND.jpg?fit=300%2C200&amp;ssl=1\" class=\"attachment-giornalismo-single size-giornalismo-single wp-post-image\" alt loading=\"lazy\"><\/div>\n<p class=\"headline\"><a href=\"https:\/\/www.curierul.ro\/astazi-principele-nicolae-este-invitatul-special-al-centenarului-camerei-de-comert-si-industrie-valcea\/\">Ast\u0103zi, Principele Nicolae este invitatul special al Centenarului Camerei de Comer\u021b \u0219i Industrie V\u00e2lcea<\/a><\/p>\n<\/article>\n<article id=\"related-196293\" class=\"story post-196293 post type-post status-publish format-standard has-post-thumbnail hentry category-actualitate category-politica\">\n<div class=\"photo\"><img decoding=\"async\" width=\"735\" height=\"440\" src=\"https:\/\/i0.wp.com\/www.curierul.ro\/wp-content\/uploads\/2026\/02\/gutau-discutii-asociatii.jpg?fit=300%2C225&amp;ssl=1\" class=\"attachment-giornalismo-single size-giornalismo-single wp-post-image\" alt loading=\"lazy\"><\/div>\n<p class=\"headline\"><a href=\"https:\/\/www.curierul.ro\/primarul-gutau-in-dialog-direct-cu-asociatiile-de-proprietari\/\">Primarul Gut\u0103u, \u00een dialog direct cu asocia\u021biile de proprietari<\/a><\/p>\n<\/article>\n<article id=\"related-196290\" class=\"story post-196290 post type-post status-publish format-standard has-post-thumbnail hentry category-actualitate category-zidezi tag-articol-de-la-partener\">\n<div class=\"photo\"><img decoding=\"async\" width=\"735\" height=\"440\" src=\"https:\/\/i0.wp.com\/www.curierul.ro\/wp-content\/uploads\/2026\/02\/ii9zqlzrz1pbwdp_wp.jpg?fit=300%2C200&amp;ssl=1\" class=\"attachment-giornalismo-single size-giornalismo-single wp-post-image\" alt loading=\"lazy\"><\/div>\n<p class=\"headline\"><a href=\"https:\/\/www.curierul.ro\/lumina-care-schimba-totul-cum-iti-transformi-bucataria-cu-un-iluminat-bine-ales\/\">Lumina care schimb\u0103 totul \u2013 cum \u00ee\u021bi transformi buc\u0103t\u0103ria cu un iluminat bine ales<\/a><\/p>\n<\/article>\n<\/div>\n<\/section>\n<section class=\"author-bio clearfix\">\n<div class=\"mug-shot\"><img decoding=\"async\" alt src=\"https:\/\/secure.gravatar.com\/avatar\/99cb5dc553c194226db8ff81883aeb68584791e67c78fb655bb3c37b83324715?s=96&amp;d=mm&amp;r=g\" class=\"avatar avatar-96 photo\" height=\"96\" width=\"96\" loading=\"lazy\"><\/div>\n<div class=\"author-info\">\n<p class=\"title\">About Comunicat de pres\u0103, <\/p>\n<div class=\"author-social-area\"><a href=\"mailto:redactie@curierul.ro\"><span class=\"fal fa-envelope\"><span class=\"screen-reader-text\">Email the Author<\/span><\/span><\/a><\/div>\n<\/div>\n<\/section>\n<\/footer>\n<\/article>\n<article id=\"196241\" class=\"post-196241 post type-post status-publish format-standard has-post-thumbnail hentry category-actualitate category-headlines category-politie category-social\">\n<header class=\"post-header\">\n<ul class=\"breadcrumbs\">\n<li><a href=\"https:\/\/www.curierul.ro\">Home<\/a><\/li>\n<li class=\"breadcrumbs-active .category-actualitate\"><a href=\"https:\/\/www.curierul.ro\/index.php?cat=1615\">Actualitate<\/a><\/li>\n<li class=\"breadcrumbs-active .category-actualitate\">O femeie a c\u0103zut de la etajul 4!<\/li>\n<\/ul>\n<div class=\"featured-photo\"><img loading=\"lazy\" decoding=\"async\" width=\"1751\" height=\"777\" src=\"https:\/\/i0.wp.com\/www.curierul.ro\/wp-content\/uploads\/2023\/02\/OSTROVENI-2.jpg?fit=300%2C133&amp;ssl=1\" class=\"attachment-single size-single wp-post-image\" alt><\/div>\n<h1 class=\"headline\">O femeie a c\u0103zut de la etajul 4!<\/h1>\n<p class=\"byline\">\n\t\tScris de<a href=\"https:\/\/www.curierul.ro\/author\/comunicat-de-presa\/\">Comunicat de pres\u0103<\/a>, \t\t7 februarie 2026\t\t\t\t<\/p>\n<hr>\n<\/header>\n<p>\u00cen urm\u0103 cu pu\u021bin timp, \u00een jurul orei 16, poli\u021bi\u0219tii din cadrul Poli\u021biei Municipiului R\u00e2mnicu V\u00e2lcea au fost sesiza\u021bi cu privire la faptul c\u0103 o femeie, \u00een v\u00e2rst\u0103 de 59 de ani, a c\u0103zut de la etajul patru al unui bloc situat \u00een cartierul Ostroveni din municipiul R\u00e2mnicu V\u00e2lcea.<\/p>\n<p>Din nefericire, \u00een urma evenimentului, femeia a decedat. La fa\u021ba locului s-au deplasat poli\u021bi\u0219tii, care, sub coordonarea procurorului de caz, efectueaz\u0103 cercet\u0103ri pentru stabilirea tuturor \u00eemprejur\u0103rilor \u00een care s-a produs evenimentul.<\/p>\n<p>Cercet\u0103rile sunt \u00een curs de desf\u0103\u0219urare.<\/p>\n<div class=\"sharedaddy sd-sharing-enabled\">\n<div class=\"robots-nocontent sd-block sd-social sd-social-official sd-sharing\">\n<h3 class=\"sd-title\">Distribuie pe:<\/h3>\n<div class=\"sd-content\">\n<ul>\n<li class=\"share-facebook\">\n<li class=\"share-twitter\"><a href=\"https:\/\/twitter.com\/share\" class=\"twitter-share-button\" data-url=\"https:\/\/www.curierul.ro\/o-femeie-a-cazut-de-la-etajul-4\/\" data-text=\"O femeie a c\u0103zut de la etajul 4!\" data-via=\"curierulvl\">Tweet<\/a><\/li>\n<li class=\"share-jetpack-whatsapp\"><a rel=\"nofollow noopener noreferrer\" data-shared=\"sharing-whatsapp-196241\" class=\"share-jetpack-whatsapp sd-button\" href=\"https:\/\/www.curierul.ro\/o-femeie-a-cazut-de-la-etajul-4\/?share=jetpack-whatsapp\" target=\"_blank\" aria-labelledby=\"sharing-whatsapp-196241\"><span id=\"sharing-whatsapp-196241\" hidden>D\u0103 clic pentru partajare pe WhatsApp(Se deschide \u00eentr-o fereastr\u0103 nou\u0103)<\/span><span>WhatsApp<\/span><\/a><\/li>\n<li><a href=\"https:\/\/www.curierul.ro\/o-femeie-a-cazut-de-la-etajul-4\/\" class=\"sharing-anchor sd-button share-more\"><span>Mai mult<\/span><\/a><\/li>\n<li class=\"share-end\"><\/ul>\n<div class=\"sharing-hidden\">\n<div class=\"inner\">\n<ul>\n<li class=\"share-email\"><a rel=\"nofollow noopener noreferrer\" data-shared=\"sharing-email-196241\" class=\"share-email sd-button\" href=\"mailto:?subject=%5BArticol%20partajat%5D%20O%20femeie%20a%20c%C4%83zut%20de%20la%20etajul%204%21&amp;body=https%3A%2F%2Fwww.curierul.ro%2Fo-femeie-a-cazut-de-la-etajul-4%2F&amp;share=email\" target=\"_blank\" aria-labelledby=\"sharing-email-196241\" data-email-share-error-title=\"\u021ai-ai configurat emailul?\" data-email-share-error-text=\"Dac\u0103 ai probleme la partajarea prin email, probabil nu ai configurat emailul pentru navigator. Poate trebuie s\u0103 creezi singur un email nou.\" data-email-share-nonce=\"e0d17d4306\" data-email-share-track-url=\"https:\/\/www.curierul.ro\/o-femeie-a-cazut-de-la-etajul-4\/?share=email\"><span id=\"sharing-email-196241\" hidden>D\u0103 clic pentru a trimite o leg\u0103tur\u0103 prin email unui prieten(Se deschide \u00eentr-o fereastr\u0103 nou\u0103)<\/span><span>Email<\/span><\/a><\/li>\n<li class=\"share-print\"><a rel=\"nofollow noopener noreferrer\" data-shared=\"sharing-print-196241\" class=\"share-print sd-button\" href=\"https:\/\/www.curierul.ro\/o-femeie-a-cazut-de-la-etajul-4\/#print?share=print\" target=\"_blank\" aria-labelledby=\"sharing-print-196241\"><span id=\"sharing-print-196241\" hidden>D\u0103 clic pentru a imprima(Se deschide \u00eentr-o fereastr\u0103 nou\u0103)<\/span><span>Imprimare<\/span><\/a><\/li>\n<li class=\"share-end\"><\/ul>\n<\/div>\n<\/div>\n<\/div>\n<\/div>\n<\/div>\n<div id=\"jp-relatedposts\" class=\"jp-relatedposts\">\n<h3 class=\"jp-relatedposts-headline\"><em>Similare<\/em><\/h3>\n<\/div>\n<footer class=\"post-footer\">\n<div class=\"post-navigation clearfix\">\n<div class=\"previous-post\">\n<div class=\"featured-photo\"><img loading=\"lazy\" decoding=\"async\" width=\"448\" height=\"349\" src=\"https:\/\/i0.wp.com\/www.curierul.ro\/wp-content\/uploads\/2024\/03\/CET-oprire-apa.jpeg?fit=300%2C234&amp;ssl=1\" class=\"attachment-post-thumbnail size-post-thumbnail wp-post-image\" alt><\/div>\n<p class=\"paginate-title\">\u00ab\u00ab <a href=\"https:\/\/www.curierul.ro\/avarie-la-reteaua-cet-govora-caldura-si-apa-calda-oprite-la-trei-licee-si-spitalul-judetean\/\" rel=\"prev\">Avarie la re\u021beaua CET Govora. C\u0103ldura \u0219i apa cald\u0103 oprite la trei licee \u0219i Spitalul Jude\u021bean<\/a><\/p>\n<\/div>\n<div class=\"next-post\">\n<div class=\"featured-photo\"><img decoding=\"async\" width=\"1600\" height=\"1200\" src=\"https:\/\/i0.wp.com\/www.curierul.ro\/wp-content\/uploads\/2026\/02\/Baschet-ONSS-3.jpg?fit=300%2C225&amp;ssl=1\" class=\"attachment-post-thumbnail size-post-thumbnail wp-post-image\" alt loading=\"lazy\"><\/div>\n<p class=\"paginate-title\"><a href=\"https:\/\/www.curierul.ro\/olimpiada-sportului-scolar-a-trecut-de-faza-judeteana\/\" rel=\"next\">Olimpiada Sportului \u0218colar a trecut de faza jude\u021bean\u0103<\/a> \u00bb\u00bb<\/p>\n<\/div>\n<\/div>\n<div id=\"comments\" class=\"comments-area\">\n<div id=\"respond\" class=\"comment-respond\">\n<h3 id=\"reply-title\" class=\"comment-reply-title\">Po\u021bi comenta aici<small><a rel=\"nofollow\" id=\"cancel-comment-reply-link\" href=\"https:\/\/www.curierul.ro\/o-femeie-a-cazut-de-la-etajul-4\/#respond\">Anuleaz\u0103 r\u0103spunsul<\/a><\/small><\/h3>\n<\/div>\n<p class=\"akismet_comment_form_privacy_notice\">Acest site folose\u0219te Akismet pentru a reduce spamul. <a href=\"https:\/\/akismet.com\/privacy\/\" target=\"_blank\" rel=\"nofollow noopener\">Afl\u0103 cum sunt procesate datele comentariilor tale<\/a>.<\/p>\n<\/div>\n<section class=\"latest-category clearfix\">\n<h2 class=\"title\">More Stories From Actualitate<\/h2>\n<div class=\"stories-container\">\n<article id=\"related-196296\" class=\"story post-196296 post type-post status-publish format-standard has-post-thumbnail hentry category-actualitate category-economie category-eveniment-social category-headlines tag-camera-de-comert-si-industrie-valcea-2 tag-centenar tag-invitat tag-principele-nicolae\">\n<div class=\"photo\"><img decoding=\"async\" width=\"735\" height=\"440\" src=\"https:\/\/i0.wp.com\/www.curierul.ro\/wp-content\/uploads\/2026\/02\/FOND.jpg?fit=300%2C200&amp;ssl=1\" class=\"attachment-giornalismo-single size-giornalismo-single wp-post-image\" alt loading=\"lazy\"><\/div>\n<p class=\"headline\"><a href=\"https:\/\/www.curierul.ro\/astazi-principele-nicolae-este-invitatul-special-al-centenarului-camerei-de-comert-si-industrie-valcea\/\">Ast\u0103zi, Principele Nicolae este invitatul special al Centenarului Camerei de Comer\u021b \u0219i Industrie V\u00e2lcea<\/a><\/p>\n<\/article>\n<article id=\"related-196293\" class=\"story post-196293 post type-post status-publish format-standard has-post-thumbnail hentry category-actualitate category-politica\">\n<div class=\"photo\"><img decoding=\"async\" width=\"735\" height=\"440\" src=\"https:\/\/i0.wp.com\/www.curierul.ro\/wp-content\/uploads\/2026\/02\/gutau-discutii-asociatii.jpg?fit=300%2C225&amp;ssl=1\" class=\"attachment-giornalismo-single size-giornalismo-single wp-post-image\" alt loading=\"lazy\"><\/div>\n<p class=\"headline\"><a href=\"https:\/\/www.curierul.ro\/primarul-gutau-in-dialog-direct-cu-asociatiile-de-proprietari\/\">Primarul Gut\u0103u, \u00een dialog direct cu asocia\u021biile de proprietari<\/a><\/p>\n<\/article>\n<article id=\"related-196290\" class=\"story post-196290 post type-post status-publish format-standard has-post-thumbnail hentry category-actualitate category-zidezi tag-articol-de-la-partener\">\n<div class=\"photo\"><img decoding=\"async\" width=\"735\" height=\"440\" src=\"https:\/\/i0.wp.com\/www.curierul.ro\/wp-content\/uploads\/2026\/02\/ii9zqlzrz1pbwdp_wp.jpg?fit=300%2C200&amp;ssl=1\" class=\"attachment-giornalismo-single size-giornalismo-single wp-post-image\" alt loading=\"lazy\"><\/div>\n<p class=\"headline\"><a href=\"https:\/\/www.curierul.ro\/lumina-care-schimba-totul-cum-iti-transformi-bucataria-cu-un-iluminat-bine-ales\/\">Lumina care schimb\u0103 totul \u2013 cum \u00ee\u021bi transformi buc\u0103t\u0103ria cu un iluminat bine ales<\/a><\/p>\n<\/article>\n<\/div>\n<\/section>\n<section class=\"author-bio clearfix\">\n<div class=\"mug-shot\"><img decoding=\"async\" alt src=\"https:\/\/secure.gravatar.com\/avatar\/99cb5dc553c194226db8ff81883aeb68584791e67c78fb655bb3c37b83324715?s=96&amp;d=mm&amp;r=g\" class=\"avatar avatar-96 photo\" height=\"96\" width=\"96\" loading=\"lazy\"><\/div>\n<div class=\"author-info\">\n<p class=\"title\">About Comunicat de pres\u0103, <\/p>\n<div class=\"author-social-area\"><a href=\"mailto:redactie@curierul.ro\"><span class=\"fal fa-envelope\"><span class=\"screen-reader-text\">Email the Author<\/span><\/span><\/a><\/div>\n<\/div>\n<\/section>\n<\/footer>\n<\/article>\n<article id=\"related-196296\" class=\"story post-196296 post type-post status-publish format-standard has-post-thumbnail hentry category-actualitate category-economie category-eveniment-social category-headlines tag-camera-de-comert-si-industrie-valcea-2 tag-centenar tag-invitat tag-principele-nicolae\">\n<div class=\"photo\"><img decoding=\"async\" width=\"735\" height=\"440\" src=\"https:\/\/i0.wp.com\/www.curierul.ro\/wp-content\/uploads\/2026\/02\/FOND.jpg?fit=300%2C200&amp;ssl=1\" class=\"attachment-giornalismo-single size-giornalismo-single wp-post-image\" alt loading=\"lazy\"><\/div>\n<p class=\"headline\"><a href=\"https:\/\/www.curierul.ro\/astazi-principele-nicolae-este-invitatul-special-al-centenarului-camerei-de-comert-si-industrie-valcea\/\">Ast\u0103zi, Principele Nicolae este invitatul special al Centenarului Camerei de Comer\u021b \u0219i Industrie V\u00e2lcea<\/a><\/p>\n<\/article>\n<article id=\"related-196293\" class=\"story post-196293 post type-post status-publish format-standard has-post-thumbnail hentry category-actualitate category-politica\">\n<div class=\"photo\"><img decoding=\"async\" width=\"735\" height=\"440\" src=\"https:\/\/i0.wp.com\/www.curierul.ro\/wp-content\/uploads\/2026\/02\/gutau-discutii-asociatii.jpg?fit=300%2C225&amp;ssl=1\" class=\"attachment-giornalismo-single size-giornalismo-single wp-post-image\" alt loading=\"lazy\"><\/div>\n<p class=\"headline\"><a href=\"https:\/\/www.curierul.ro\/primarul-gutau-in-dialog-direct-cu-asociatiile-de-proprietari\/\">Primarul Gut\u0103u, \u00een dialog direct cu asocia\u021biile de proprietari<\/a><\/p>\n<\/article>\n<article id=\"related-196290\" class=\"story post-196290 post type-post status-publish format-standard has-post-thumbnail hentry category-actualitate category-zidezi tag-articol-de-la-partener\">\n<div class=\"photo\"><img decoding=\"async\" width=\"735\" height=\"440\" src=\"https:\/\/i0.wp.com\/www.curierul.ro\/wp-content\/uploads\/2026\/02\/ii9zqlzrz1pbwdp_wp.jpg?fit=300%2C200&amp;ssl=1\" class=\"attachment-giornalismo-single size-giornalismo-single wp-post-image\" alt loading=\"lazy\"><\/div>\n<p class=\"headline\"><a href=\"https:\/\/www.curierul.ro\/lumina-care-schimba-totul-cum-iti-transformi-bucataria-cu-un-iluminat-bine-ales\/\">Lumina care schimb\u0103 totul \u2013 cum \u00ee\u021bi transformi buc\u0103t\u0103ria cu un iluminat bine ales<\/a><\/p>\n<\/article>\n<p>[analyse_source url=&#8221;https:\/\/www.curierul.ro\/o-femeie-a-cazut-de-la-etajul-4\/&#8221;]<\/p>\n","protected":false},"excerpt":{"rendered":"<p>[analyse_image type=&#8221;featured&#8221; src=&#8221;https:\/\/www.curierul.ro\/wp-content\/uploads\/2023\/02\/OSTROVENI-2.jpghttps:\/\/i0.wp.com\/www.curierul.ro\/wp-content\/uploads\/2023\/02\/OSTROVENI-2.jpg?fit=1200%2C532&amp;ssl=1&#8243;] Home Actualitate O femeie a c\u0103zut de la etajul 4! O femeie a c\u0103zut de la etajul 4! Scris deComunicat de pres\u0103, 7 februarie 2026 \u00cen urm\u0103 cu pu\u021bin timp, \u00een jurul orei 16, poli\u021bi\u0219tii din cadrul Poli\u021biei Municipiului R\u00e2mnicu V\u00e2lcea au fost sesiza\u021bi cu privire la faptul c\u0103 o femeie, \u00een [&hellip;]<\/p>\n","protected":false},"author":1,"featured_media":0,"comment_status":"open","ping_status":"","sticky":false,"template":"","format":"standard","meta":{"footnotes":""},"categories":[89],"tags":[226,213],"class_list":["post-1766488","post","type-post","status-publish","format-standard","hentry","category-romania","tag-crawlmanager","tag-curierul-ro"],"_links":{"self":[{"href":"https:\/\/analyse.optim.biz\/index.php?rest_route=\/wp\/v2\/posts\/1766488","targetHints":{"allow":["GET"]}}],"collection":[{"href":"https:\/\/analyse.optim.biz\/index.php?rest_route=\/wp\/v2\/posts"}],"about":[{"href":"https:\/\/analyse.optim.biz\/index.php?rest_route=\/wp\/v2\/types\/post"}],"author":[{"embeddable":true,"href":"https:\/\/analyse.optim.biz\/index.php?rest_route=\/wp\/v2\/users\/1"}],"replies":[{"embeddable":true,"href":"https:\/\/analyse.optim.biz\/index.php?rest_route=%2Fwp%2Fv2%2Fcomments&post=1766488"}],"version-history":[{"count":0,"href":"https:\/\/analyse.optim.biz\/index.php?rest_route=\/wp\/v2\/posts\/1766488\/revisions"}],"wp:attachment":[{"href":"https:\/\/analyse.optim.biz\/index.php?rest_route=%2Fwp%2Fv2%2Fmedia&parent=1766488"}],"wp:term":[{"taxonomy":"category","embeddable":true,"href":"https:\/\/analyse.optim.biz\/index.php?rest_route=%2Fwp%2Fv2%2Fcategories&post=1766488"},{"taxonomy":"post_tag","embeddable":true,"href":"https:\/\/analyse.optim.biz\/index.php?rest_route=%2Fwp%2Fv2%2Ftags&post=1766488"}],"curies":[{"name":"wp","href":"https:\/\/api.w.org\/{rel}","templated":true}]}}