{"id":1766476,"date":"2026-02-05T07:23:36","date_gmt":"2026-02-05T04:23:36","guid":{"rendered":"https:\/\/analyse.optim.biz\/?p=1766476"},"modified":"2026-02-05T07:23:36","modified_gmt":"2026-02-05T04:23:36","slug":"de-la-cladire-istorica-la-standarde-europene-spitalul-vechi-este-aproape-gata","status":"publish","type":"post","link":"https:\/\/analyse.optim.biz\/?p=1766476","title":{"rendered":"De la cl\u0103dire istoric\u0103, la standarde europene! \u201eSpitalul Vechi\u201d este aproape gata!"},"content":{"rendered":"<p>[analyse_image type=&#8221;featured&#8221; src=&#8221;https:\/\/www.curierul.ro\/wp-content\/uploads\/2026\/02\/Spitalul-vechi-C5-1.jpeghttps:\/\/i0.wp.com\/www.curierul.ro\/wp-content\/uploads\/2026\/02\/Spitalul-vechi-C5-1.jpeg?fit=1200%2C681&amp;ssl=1&#8243;]<\/p>\n<article id=\"196197\" class=\"post-196197 post type-post status-publish format-standard has-post-thumbnail hentry category-actualitate category-headlines category-sanatate category-social\">\n<header class=\"post-header\">\n<ul class=\"breadcrumbs\">\n<li><a href=\"https:\/\/www.curierul.ro\">Home<\/a><\/li>\n<li class=\"breadcrumbs-active .category-actualitate\"><a href=\"https:\/\/www.curierul.ro\/index.php?cat=1615\">Actualitate<\/a><\/li>\n<li class=\"breadcrumbs-active .category-actualitate\">De la cl\u0103dire istoric\u0103, la standarde europene! \u201eSpitalul Vechi\u201d este aproape gata!<\/li>\n<\/ul>\n<div class=\"featured-photo\"><img loading=\"lazy\" decoding=\"async\" width=\"2048\" height=\"1162\" src=\"https:\/\/i0.wp.com\/www.curierul.ro\/wp-content\/uploads\/2026\/02\/Spitalul-vechi-C5-1.jpeg?fit=300%2C170&amp;ssl=1\" class=\"attachment-single size-single wp-post-image\" alt><\/div>\n<h1 class=\"headline\">De la cl\u0103dire istoric\u0103, la standarde europene! \u201eSpitalul Vechi\u201d este aproape gata!<\/h1>\n<p class=\"byline\">\n\t\tScris de<a href=\"https:\/\/www.curierul.ro\/author\/comunicat-de-presa\/\">Comunicat de pres\u0103<\/a>, \t\t5 februarie 2026\t\t\t\t<\/p>\n<hr>\n<\/header>\n<p>Am vizitat ieri \u0219antierul de la Spitalul Vechi (Corpul C5) din R\u00e2mnicu V\u00e2lcea \u0219i m\u0103 bucur s\u0103 v\u0103 spun c\u0103 suntem pe ultima sut\u0103 de metri cu acest proiect.<\/p>\n<p>Lucr\u0103rile de modernizare au dep\u0103\u0219it pragul de 90%, iar echipa de peste 70 de oameni lucreaz\u0103 intens la ultimele detalii \u0219i finisaje.<\/p>\n<p>S-au investit aici aproape 20 de milioane de euro pentru a reda via\u021b\u0103 unei cl\u0103diri de patrimoniu \u0219i, mai ales, pentru a le oferi v\u00e2lcenilor condi\u021bii medicale moderne.<\/p>\n<p>Prin acest proiect, nu doar au fost reabilita\u021bi pere\u021bii, ci se vor dota \u0219i sec\u021biile cu mobilier \u0219i aparatur\u0103 medical\u0103 de ultim\u0103 genera\u021bie.<\/p>\n<figure data-carousel-extra='{\"blog_id\":1,\"permalink\":\"https:\/\/www.curierul.ro\/de-la-cladire-istorica-la-standarde-europene-spitalul-vechi-este-aproape-gata\/\"}' class=\"wp-block-gallery has-nested-images columns-default is-cropped wp-block-gallery-2 is-layout-flex wp-block-gallery-is-layout-flex\">\n<figure class=\"wp-block-image size-large\"><img loading=\"lazy\" decoding=\"async\" width=\"1024\" height=\"683\" data-id=\"196202\" src=\"https:\/\/i0.wp.com\/www.curierul.ro\/wp-content\/uploads\/2026\/02\/Spitalul-vechi-C5-2.jpeg?fit=300%2C200&amp;ssl=1\" alt class=\"wp-image-196202\"><\/figure>\n<figure class=\"wp-block-image size-large\"><img decoding=\"async\" loading=\"lazy\" width=\"1024\" height=\"637\" data-id=\"196205\" src=\"https:\/\/i0.wp.com\/www.curierul.ro\/wp-content\/uploads\/2026\/02\/Spitalul-vechi-C5-3-scaled.jpeg?fit=300%2C187&amp;ssl=1\" alt class=\"wp-image-196205\"><\/figure>\n<figure class=\"wp-block-image size-large\"><img decoding=\"async\" loading=\"lazy\" width=\"679\" height=\"1024\" data-id=\"196200\" src=\"https:\/\/i0.wp.com\/www.curierul.ro\/wp-content\/uploads\/2026\/02\/Spitalul-vechi-C5-4.jpeg?fit=199%2C300&amp;ssl=1\" alt class=\"wp-image-196200\"><\/figure>\n<figure class=\"wp-block-image size-large\"><img decoding=\"async\" loading=\"lazy\" width=\"1024\" height=\"683\" data-id=\"196203\" src=\"https:\/\/i0.wp.com\/www.curierul.ro\/wp-content\/uploads\/2026\/02\/Spitalul-vechi-C5-5.jpeg?fit=300%2C200&amp;ssl=1\" alt class=\"wp-image-196203\"><\/figure>\n<figure class=\"wp-block-image size-large\"><img decoding=\"async\" loading=\"lazy\" width=\"1024\" height=\"683\" data-id=\"196201\" src=\"https:\/\/i0.wp.com\/www.curierul.ro\/wp-content\/uploads\/2026\/02\/Spitalul-vechi-C5-6.jpeg?fit=300%2C200&amp;ssl=1\" alt class=\"wp-image-196201\"><\/figure>\n<figure class=\"wp-block-image size-large\"><img decoding=\"async\" loading=\"lazy\" width=\"1024\" height=\"683\" data-id=\"196204\" src=\"https:\/\/i0.wp.com\/www.curierul.ro\/wp-content\/uploads\/2026\/02\/Spitalul-vechi-C5-7.jpeg?fit=300%2C200&amp;ssl=1\" alt class=\"wp-image-196204\"><\/figure>\n<figure class=\"wp-block-image size-large\"><img decoding=\"async\" loading=\"lazy\" width=\"683\" height=\"1024\" data-id=\"196206\" src=\"https:\/\/i0.wp.com\/www.curierul.ro\/wp-content\/uploads\/2026\/02\/Spitalul-vechi-C5-8.jpeg?fit=200%2C300&amp;ssl=1\" alt class=\"wp-image-196206\"><\/figure>\n<\/figure>\n<p>\u00cen prezent, se fac ultimele probe la instala\u021biile sanitare \u0219i electrice, se retu\u0219eaz\u0103 finisajele interioare \u0219i exterioare, astfel \u00eenc\u00e2t totul s\u0103 arate impecabil. \u00cen scurt timp, vom avea un spital nou, modern, care s\u0103 ofere toate condi\u021biile medicale pacien\u021bilor v\u00e2lceni.<\/p>\n<p>Nu ne oprim aici cu investi\u021biile! Vom continua lucr\u0103rile \u0219i la Corpul C6, astfel \u00eenc\u00e2t s\u0103 avem \u00eentreg ansamblul spitalului modernizat.<\/p>\n<p><em><strong>Constantin R\u0103dulescu<\/strong><\/em><br \/><em><strong>Pre\u0219edinte CJ V\u00e2lcea<\/strong><\/em><\/p>\n<div class=\"sharedaddy sd-sharing-enabled\">\n<div class=\"robots-nocontent sd-block sd-social sd-social-official sd-sharing\">\n<h3 class=\"sd-title\">Distribuie pe:<\/h3>\n<div class=\"sd-content\">\n<ul>\n<li class=\"share-facebook\">\n<li class=\"share-twitter\"><a href=\"https:\/\/twitter.com\/share\" class=\"twitter-share-button\" data-url=\"https:\/\/www.curierul.ro\/de-la-cladire-istorica-la-standarde-europene-spitalul-vechi-este-aproape-gata\/\" data-text=\"De la cl\u0103dire istoric\u0103, la standarde europene! \u201eSpitalul Vechi\u201d este aproape gata!\" data-via=\"curierulvl\">Tweet<\/a><\/li>\n<li class=\"share-jetpack-whatsapp\"><a rel=\"nofollow noopener noreferrer\" data-shared=\"sharing-whatsapp-196197\" class=\"share-jetpack-whatsapp sd-button\" href=\"https:\/\/www.curierul.ro\/de-la-cladire-istorica-la-standarde-europene-spitalul-vechi-este-aproape-gata\/?share=jetpack-whatsapp\" target=\"_blank\" aria-labelledby=\"sharing-whatsapp-196197\"><span id=\"sharing-whatsapp-196197\" hidden>D\u0103 clic pentru partajare pe WhatsApp(Se deschide \u00eentr-o fereastr\u0103 nou\u0103)<\/span><span>WhatsApp<\/span><\/a><\/li>\n<li><a href=\"https:\/\/www.curierul.ro\/de-la-cladire-istorica-la-standarde-europene-spitalul-vechi-este-aproape-gata\/\" class=\"sharing-anchor sd-button share-more\"><span>Mai mult<\/span><\/a><\/li>\n<li class=\"share-end\"><\/ul>\n<div class=\"sharing-hidden\">\n<div class=\"inner\">\n<ul>\n<li class=\"share-email\"><a rel=\"nofollow noopener noreferrer\" data-shared=\"sharing-email-196197\" class=\"share-email sd-button\" href=\"mailto:?subject=%5BArticol%20partajat%5D%20De%20la%20cl%C4%83dire%20istoric%C4%83%2C%20la%20standarde%20europene%21%20%E2%80%9ESpitalul%20Vechi%E2%80%9D%20este%20aproape%20gata%21&amp;body=https%3A%2F%2Fwww.curierul.ro%2Fde-la-cladire-istorica-la-standarde-europene-spitalul-vechi-este-aproape-gata%2F&amp;share=email\" target=\"_blank\" aria-labelledby=\"sharing-email-196197\" data-email-share-error-title=\"\u021ai-ai configurat emailul?\" data-email-share-error-text=\"Dac\u0103 ai probleme la partajarea prin email, probabil nu ai configurat emailul pentru navigator. Poate trebuie s\u0103 creezi singur un email nou.\" data-email-share-nonce=\"851c308d4d\" data-email-share-track-url=\"https:\/\/www.curierul.ro\/de-la-cladire-istorica-la-standarde-europene-spitalul-vechi-este-aproape-gata\/?share=email\"><span id=\"sharing-email-196197\" hidden>D\u0103 clic pentru a trimite o leg\u0103tur\u0103 prin email unui prieten(Se deschide \u00eentr-o fereastr\u0103 nou\u0103)<\/span><span>Email<\/span><\/a><\/li>\n<li class=\"share-print\"><a rel=\"nofollow noopener noreferrer\" data-shared=\"sharing-print-196197\" class=\"share-print sd-button\" href=\"https:\/\/www.curierul.ro\/de-la-cladire-istorica-la-standarde-europene-spitalul-vechi-este-aproape-gata\/#print?share=print\" target=\"_blank\" aria-labelledby=\"sharing-print-196197\"><span id=\"sharing-print-196197\" hidden>D\u0103 clic pentru a imprima(Se deschide \u00eentr-o fereastr\u0103 nou\u0103)<\/span><span>Imprimare<\/span><\/a><\/li>\n<li class=\"share-end\"><\/ul>\n<\/div>\n<\/div>\n<\/div>\n<\/div>\n<\/div>\n<div id=\"jp-relatedposts\" class=\"jp-relatedposts\">\n<h3 class=\"jp-relatedposts-headline\"><em>Similare<\/em><\/h3>\n<\/div>\n<footer class=\"post-footer\">\n<div class=\"post-navigation clearfix\">\n<div class=\"previous-post\">\n<p class=\"paginate-title\">\u00ab\u00ab <a href=\"https:\/\/www.curierul.ro\/anunt-public-4\/\" rel=\"prev\">Anun\u021b public<\/a><\/p>\n<\/div>\n<div class=\"next-post\">\n<div class=\"featured-photo\"><img decoding=\"async\" width=\"1297\" height=\"810\" src=\"https:\/\/i0.wp.com\/www.curierul.ro\/wp-content\/uploads\/2026\/02\/ReStart-3.jpeg?fit=300%2C187&amp;ssl=1\" class=\"attachment-post-thumbnail size-post-thumbnail wp-post-image\" alt loading=\"lazy\"><\/div>\n<p class=\"paginate-title\"><a href=\"https:\/\/www.curierul.ro\/restart-pentru-viitor-proiect-european-pentru-tinerii-din-sistemul-de-protectie-sociala\/\" rel=\"next\">\u201eReStart\u201d pentru viitor! Proiect european, pentru tinerii din sistemul de protec\u021bie social\u0103!<\/a> \u00bb\u00bb<\/p>\n<\/div>\n<\/div>\n<div id=\"comments\" class=\"comments-area\">\n<div id=\"respond\" class=\"comment-respond\">\n<h3 id=\"reply-title\" class=\"comment-reply-title\">Po\u021bi comenta aici<small><a rel=\"nofollow\" id=\"cancel-comment-reply-link\" href=\"https:\/\/www.curierul.ro\/de-la-cladire-istorica-la-standarde-europene-spitalul-vechi-este-aproape-gata\/#respond\">Anuleaz\u0103 r\u0103spunsul<\/a><\/small><\/h3>\n<\/div>\n<p class=\"akismet_comment_form_privacy_notice\">Acest site folose\u0219te Akismet pentru a reduce spamul. <a href=\"https:\/\/akismet.com\/privacy\/\" target=\"_blank\" rel=\"nofollow noopener\">Afl\u0103 cum sunt procesate datele comentariilor tale<\/a>.<\/p>\n<\/div>\n<section class=\"latest-category clearfix\">\n<h2 class=\"title\">More Stories From Actualitate<\/h2>\n<div class=\"stories-container\">\n<article id=\"related-196296\" class=\"story post-196296 post type-post status-publish format-standard has-post-thumbnail hentry category-actualitate category-economie category-eveniment-social category-headlines tag-camera-de-comert-si-industrie-valcea-2 tag-centenar tag-invitat tag-principele-nicolae\">\n<div class=\"photo\"><img decoding=\"async\" width=\"735\" height=\"440\" src=\"https:\/\/i0.wp.com\/www.curierul.ro\/wp-content\/uploads\/2026\/02\/FOND.jpg?fit=300%2C200&amp;ssl=1\" class=\"attachment-giornalismo-single size-giornalismo-single wp-post-image\" alt loading=\"lazy\"><\/div>\n<p class=\"headline\"><a href=\"https:\/\/www.curierul.ro\/astazi-principele-nicolae-este-invitatul-special-al-centenarului-camerei-de-comert-si-industrie-valcea\/\">Ast\u0103zi, Principele Nicolae este invitatul special al Centenarului Camerei de Comer\u021b \u0219i Industrie V\u00e2lcea<\/a><\/p>\n<\/article>\n<article id=\"related-196293\" class=\"story post-196293 post type-post status-publish format-standard has-post-thumbnail hentry category-actualitate category-politica\">\n<div class=\"photo\"><img decoding=\"async\" width=\"735\" height=\"440\" src=\"https:\/\/i0.wp.com\/www.curierul.ro\/wp-content\/uploads\/2026\/02\/gutau-discutii-asociatii.jpg?fit=300%2C225&amp;ssl=1\" class=\"attachment-giornalismo-single size-giornalismo-single wp-post-image\" alt loading=\"lazy\"><\/div>\n<p class=\"headline\"><a href=\"https:\/\/www.curierul.ro\/primarul-gutau-in-dialog-direct-cu-asociatiile-de-proprietari\/\">Primarul Gut\u0103u, \u00een dialog direct cu asocia\u021biile de proprietari<\/a><\/p>\n<\/article>\n<article id=\"related-196290\" class=\"story post-196290 post type-post status-publish format-standard has-post-thumbnail hentry category-actualitate category-zidezi tag-articol-de-la-partener\">\n<div class=\"photo\"><img decoding=\"async\" width=\"735\" height=\"440\" src=\"https:\/\/i0.wp.com\/www.curierul.ro\/wp-content\/uploads\/2026\/02\/ii9zqlzrz1pbwdp_wp.jpg?fit=300%2C200&amp;ssl=1\" class=\"attachment-giornalismo-single size-giornalismo-single wp-post-image\" alt loading=\"lazy\"><\/div>\n<p class=\"headline\"><a href=\"https:\/\/www.curierul.ro\/lumina-care-schimba-totul-cum-iti-transformi-bucataria-cu-un-iluminat-bine-ales\/\">Lumina care schimb\u0103 totul \u2013 cum \u00ee\u021bi transformi buc\u0103t\u0103ria cu un iluminat bine ales<\/a><\/p>\n<\/article>\n<\/div>\n<\/section>\n<section class=\"author-bio clearfix\">\n<div class=\"mug-shot\"><img decoding=\"async\" alt src=\"https:\/\/secure.gravatar.com\/avatar\/99cb5dc553c194226db8ff81883aeb68584791e67c78fb655bb3c37b83324715?s=96&amp;d=mm&amp;r=g\" class=\"avatar avatar-96 photo\" height=\"96\" width=\"96\" loading=\"lazy\"><\/div>\n<div class=\"author-info\">\n<p class=\"title\">About Comunicat de pres\u0103, <\/p>\n<div class=\"author-social-area\"><a href=\"mailto:redactie@curierul.ro\"><span class=\"fal fa-envelope\"><span class=\"screen-reader-text\">Email the Author<\/span><\/span><\/a><\/div>\n<\/div>\n<\/section>\n<\/footer>\n<\/article>\n<article id=\"196197\" class=\"post-196197 post type-post status-publish format-standard has-post-thumbnail hentry category-actualitate category-headlines category-sanatate category-social\">\n<header class=\"post-header\">\n<ul class=\"breadcrumbs\">\n<li><a href=\"https:\/\/www.curierul.ro\">Home<\/a><\/li>\n<li class=\"breadcrumbs-active .category-actualitate\"><a href=\"https:\/\/www.curierul.ro\/index.php?cat=1615\">Actualitate<\/a><\/li>\n<li class=\"breadcrumbs-active .category-actualitate\">De la cl\u0103dire istoric\u0103, la standarde europene! \u201eSpitalul Vechi\u201d este aproape gata!<\/li>\n<\/ul>\n<div class=\"featured-photo\"><img loading=\"lazy\" decoding=\"async\" width=\"2048\" height=\"1162\" src=\"https:\/\/i0.wp.com\/www.curierul.ro\/wp-content\/uploads\/2026\/02\/Spitalul-vechi-C5-1.jpeg?fit=300%2C170&amp;ssl=1\" class=\"attachment-single size-single wp-post-image\" alt><\/div>\n<h1 class=\"headline\">De la cl\u0103dire istoric\u0103, la standarde europene! \u201eSpitalul Vechi\u201d este aproape gata!<\/h1>\n<p class=\"byline\">\n\t\tScris de<a href=\"https:\/\/www.curierul.ro\/author\/comunicat-de-presa\/\">Comunicat de pres\u0103<\/a>, \t\t5 februarie 2026\t\t\t\t<\/p>\n<hr>\n<\/header>\n<p>Am vizitat ieri \u0219antierul de la Spitalul Vechi (Corpul C5) din R\u00e2mnicu V\u00e2lcea \u0219i m\u0103 bucur s\u0103 v\u0103 spun c\u0103 suntem pe ultima sut\u0103 de metri cu acest proiect.<\/p>\n<p>Lucr\u0103rile de modernizare au dep\u0103\u0219it pragul de 90%, iar echipa de peste 70 de oameni lucreaz\u0103 intens la ultimele detalii \u0219i finisaje.<\/p>\n<p>S-au investit aici aproape 20 de milioane de euro pentru a reda via\u021b\u0103 unei cl\u0103diri de patrimoniu \u0219i, mai ales, pentru a le oferi v\u00e2lcenilor condi\u021bii medicale moderne.<\/p>\n<p>Prin acest proiect, nu doar au fost reabilita\u021bi pere\u021bii, ci se vor dota \u0219i sec\u021biile cu mobilier \u0219i aparatur\u0103 medical\u0103 de ultim\u0103 genera\u021bie.<\/p>\n<figure data-carousel-extra='{\"blog_id\":1,\"permalink\":\"https:\/\/www.curierul.ro\/de-la-cladire-istorica-la-standarde-europene-spitalul-vechi-este-aproape-gata\/\"}' class=\"wp-block-gallery has-nested-images columns-default is-cropped wp-block-gallery-2 is-layout-flex wp-block-gallery-is-layout-flex\">\n<figure class=\"wp-block-image size-large\"><img loading=\"lazy\" decoding=\"async\" width=\"1024\" height=\"683\" data-id=\"196202\" src=\"https:\/\/i0.wp.com\/www.curierul.ro\/wp-content\/uploads\/2026\/02\/Spitalul-vechi-C5-2.jpeg?fit=300%2C200&amp;ssl=1\" alt class=\"wp-image-196202\"><\/figure>\n<figure class=\"wp-block-image size-large\"><img decoding=\"async\" loading=\"lazy\" width=\"1024\" height=\"637\" data-id=\"196205\" src=\"https:\/\/i0.wp.com\/www.curierul.ro\/wp-content\/uploads\/2026\/02\/Spitalul-vechi-C5-3-scaled.jpeg?fit=300%2C187&amp;ssl=1\" alt class=\"wp-image-196205\"><\/figure>\n<figure class=\"wp-block-image size-large\"><img decoding=\"async\" loading=\"lazy\" width=\"679\" height=\"1024\" data-id=\"196200\" src=\"https:\/\/i0.wp.com\/www.curierul.ro\/wp-content\/uploads\/2026\/02\/Spitalul-vechi-C5-4.jpeg?fit=199%2C300&amp;ssl=1\" alt class=\"wp-image-196200\"><\/figure>\n<figure class=\"wp-block-image size-large\"><img decoding=\"async\" loading=\"lazy\" width=\"1024\" height=\"683\" data-id=\"196203\" src=\"https:\/\/i0.wp.com\/www.curierul.ro\/wp-content\/uploads\/2026\/02\/Spitalul-vechi-C5-5.jpeg?fit=300%2C200&amp;ssl=1\" alt class=\"wp-image-196203\"><\/figure>\n<figure class=\"wp-block-image size-large\"><img decoding=\"async\" loading=\"lazy\" width=\"1024\" height=\"683\" data-id=\"196201\" src=\"https:\/\/i0.wp.com\/www.curierul.ro\/wp-content\/uploads\/2026\/02\/Spitalul-vechi-C5-6.jpeg?fit=300%2C200&amp;ssl=1\" alt class=\"wp-image-196201\"><\/figure>\n<figure class=\"wp-block-image size-large\"><img decoding=\"async\" loading=\"lazy\" width=\"1024\" height=\"683\" data-id=\"196204\" src=\"https:\/\/i0.wp.com\/www.curierul.ro\/wp-content\/uploads\/2026\/02\/Spitalul-vechi-C5-7.jpeg?fit=300%2C200&amp;ssl=1\" alt class=\"wp-image-196204\"><\/figure>\n<figure class=\"wp-block-image size-large\"><img decoding=\"async\" loading=\"lazy\" width=\"683\" height=\"1024\" data-id=\"196206\" src=\"https:\/\/i0.wp.com\/www.curierul.ro\/wp-content\/uploads\/2026\/02\/Spitalul-vechi-C5-8.jpeg?fit=200%2C300&amp;ssl=1\" alt class=\"wp-image-196206\"><\/figure>\n<\/figure>\n<p>\u00cen prezent, se fac ultimele probe la instala\u021biile sanitare \u0219i electrice, se retu\u0219eaz\u0103 finisajele interioare \u0219i exterioare, astfel \u00eenc\u00e2t totul s\u0103 arate impecabil. \u00cen scurt timp, vom avea un spital nou, modern, care s\u0103 ofere toate condi\u021biile medicale pacien\u021bilor v\u00e2lceni.<\/p>\n<p>Nu ne oprim aici cu investi\u021biile! Vom continua lucr\u0103rile \u0219i la Corpul C6, astfel \u00eenc\u00e2t s\u0103 avem \u00eentreg ansamblul spitalului modernizat.<\/p>\n<p><em><strong>Constantin R\u0103dulescu<\/strong><\/em><br \/><em><strong>Pre\u0219edinte CJ V\u00e2lcea<\/strong><\/em><\/p>\n<div class=\"sharedaddy sd-sharing-enabled\">\n<div class=\"robots-nocontent sd-block sd-social sd-social-official sd-sharing\">\n<h3 class=\"sd-title\">Distribuie pe:<\/h3>\n<div class=\"sd-content\">\n<ul>\n<li class=\"share-facebook\">\n<li class=\"share-twitter\"><a href=\"https:\/\/twitter.com\/share\" class=\"twitter-share-button\" data-url=\"https:\/\/www.curierul.ro\/de-la-cladire-istorica-la-standarde-europene-spitalul-vechi-este-aproape-gata\/\" data-text=\"De la cl\u0103dire istoric\u0103, la standarde europene! \u201eSpitalul Vechi\u201d este aproape gata!\" data-via=\"curierulvl\">Tweet<\/a><\/li>\n<li class=\"share-jetpack-whatsapp\"><a rel=\"nofollow noopener noreferrer\" data-shared=\"sharing-whatsapp-196197\" class=\"share-jetpack-whatsapp sd-button\" href=\"https:\/\/www.curierul.ro\/de-la-cladire-istorica-la-standarde-europene-spitalul-vechi-este-aproape-gata\/?share=jetpack-whatsapp\" target=\"_blank\" aria-labelledby=\"sharing-whatsapp-196197\"><span id=\"sharing-whatsapp-196197\" hidden>D\u0103 clic pentru partajare pe WhatsApp(Se deschide \u00eentr-o fereastr\u0103 nou\u0103)<\/span><span>WhatsApp<\/span><\/a><\/li>\n<li><a href=\"https:\/\/www.curierul.ro\/de-la-cladire-istorica-la-standarde-europene-spitalul-vechi-este-aproape-gata\/\" class=\"sharing-anchor sd-button share-more\"><span>Mai mult<\/span><\/a><\/li>\n<li class=\"share-end\"><\/ul>\n<div class=\"sharing-hidden\">\n<div class=\"inner\">\n<ul>\n<li class=\"share-email\"><a rel=\"nofollow noopener noreferrer\" data-shared=\"sharing-email-196197\" class=\"share-email sd-button\" href=\"mailto:?subject=%5BArticol%20partajat%5D%20De%20la%20cl%C4%83dire%20istoric%C4%83%2C%20la%20standarde%20europene%21%20%E2%80%9ESpitalul%20Vechi%E2%80%9D%20este%20aproape%20gata%21&amp;body=https%3A%2F%2Fwww.curierul.ro%2Fde-la-cladire-istorica-la-standarde-europene-spitalul-vechi-este-aproape-gata%2F&amp;share=email\" target=\"_blank\" aria-labelledby=\"sharing-email-196197\" data-email-share-error-title=\"\u021ai-ai configurat emailul?\" data-email-share-error-text=\"Dac\u0103 ai probleme la partajarea prin email, probabil nu ai configurat emailul pentru navigator. Poate trebuie s\u0103 creezi singur un email nou.\" data-email-share-nonce=\"851c308d4d\" data-email-share-track-url=\"https:\/\/www.curierul.ro\/de-la-cladire-istorica-la-standarde-europene-spitalul-vechi-este-aproape-gata\/?share=email\"><span id=\"sharing-email-196197\" hidden>D\u0103 clic pentru a trimite o leg\u0103tur\u0103 prin email unui prieten(Se deschide \u00eentr-o fereastr\u0103 nou\u0103)<\/span><span>Email<\/span><\/a><\/li>\n<li class=\"share-print\"><a rel=\"nofollow noopener noreferrer\" data-shared=\"sharing-print-196197\" class=\"share-print sd-button\" href=\"https:\/\/www.curierul.ro\/de-la-cladire-istorica-la-standarde-europene-spitalul-vechi-este-aproape-gata\/#print?share=print\" target=\"_blank\" aria-labelledby=\"sharing-print-196197\"><span id=\"sharing-print-196197\" hidden>D\u0103 clic pentru a imprima(Se deschide \u00eentr-o fereastr\u0103 nou\u0103)<\/span><span>Imprimare<\/span><\/a><\/li>\n<li class=\"share-end\"><\/ul>\n<\/div>\n<\/div>\n<\/div>\n<\/div>\n<\/div>\n<div id=\"jp-relatedposts\" class=\"jp-relatedposts\">\n<h3 class=\"jp-relatedposts-headline\"><em>Similare<\/em><\/h3>\n<\/div>\n<footer class=\"post-footer\">\n<div class=\"post-navigation clearfix\">\n<div class=\"previous-post\">\n<p class=\"paginate-title\">\u00ab\u00ab <a href=\"https:\/\/www.curierul.ro\/anunt-public-4\/\" rel=\"prev\">Anun\u021b public<\/a><\/p>\n<\/div>\n<div class=\"next-post\">\n<div class=\"featured-photo\"><img decoding=\"async\" width=\"1297\" height=\"810\" src=\"https:\/\/i0.wp.com\/www.curierul.ro\/wp-content\/uploads\/2026\/02\/ReStart-3.jpeg?fit=300%2C187&amp;ssl=1\" class=\"attachment-post-thumbnail size-post-thumbnail wp-post-image\" alt loading=\"lazy\"><\/div>\n<p class=\"paginate-title\"><a href=\"https:\/\/www.curierul.ro\/restart-pentru-viitor-proiect-european-pentru-tinerii-din-sistemul-de-protectie-sociala\/\" rel=\"next\">\u201eReStart\u201d pentru viitor! Proiect european, pentru tinerii din sistemul de protec\u021bie social\u0103!<\/a> \u00bb\u00bb<\/p>\n<\/div>\n<\/div>\n<div id=\"comments\" class=\"comments-area\">\n<div id=\"respond\" class=\"comment-respond\">\n<h3 id=\"reply-title\" class=\"comment-reply-title\">Po\u021bi comenta aici<small><a rel=\"nofollow\" id=\"cancel-comment-reply-link\" href=\"https:\/\/www.curierul.ro\/de-la-cladire-istorica-la-standarde-europene-spitalul-vechi-este-aproape-gata\/#respond\">Anuleaz\u0103 r\u0103spunsul<\/a><\/small><\/h3>\n<\/div>\n<p class=\"akismet_comment_form_privacy_notice\">Acest site folose\u0219te Akismet pentru a reduce spamul. <a href=\"https:\/\/akismet.com\/privacy\/\" target=\"_blank\" rel=\"nofollow noopener\">Afl\u0103 cum sunt procesate datele comentariilor tale<\/a>.<\/p>\n<\/div>\n<section class=\"latest-category clearfix\">\n<h2 class=\"title\">More Stories From Actualitate<\/h2>\n<div class=\"stories-container\">\n<article id=\"related-196296\" class=\"story post-196296 post type-post status-publish format-standard has-post-thumbnail hentry category-actualitate category-economie category-eveniment-social category-headlines tag-camera-de-comert-si-industrie-valcea-2 tag-centenar tag-invitat tag-principele-nicolae\">\n<div class=\"photo\"><img decoding=\"async\" width=\"735\" height=\"440\" src=\"https:\/\/i0.wp.com\/www.curierul.ro\/wp-content\/uploads\/2026\/02\/FOND.jpg?fit=300%2C200&amp;ssl=1\" class=\"attachment-giornalismo-single size-giornalismo-single wp-post-image\" alt loading=\"lazy\"><\/div>\n<p class=\"headline\"><a href=\"https:\/\/www.curierul.ro\/astazi-principele-nicolae-este-invitatul-special-al-centenarului-camerei-de-comert-si-industrie-valcea\/\">Ast\u0103zi, Principele Nicolae este invitatul special al Centenarului Camerei de Comer\u021b \u0219i Industrie V\u00e2lcea<\/a><\/p>\n<\/article>\n<article id=\"related-196293\" class=\"story post-196293 post type-post status-publish format-standard has-post-thumbnail hentry category-actualitate category-politica\">\n<div class=\"photo\"><img decoding=\"async\" width=\"735\" height=\"440\" src=\"https:\/\/i0.wp.com\/www.curierul.ro\/wp-content\/uploads\/2026\/02\/gutau-discutii-asociatii.jpg?fit=300%2C225&amp;ssl=1\" class=\"attachment-giornalismo-single size-giornalismo-single wp-post-image\" alt loading=\"lazy\"><\/div>\n<p class=\"headline\"><a href=\"https:\/\/www.curierul.ro\/primarul-gutau-in-dialog-direct-cu-asociatiile-de-proprietari\/\">Primarul Gut\u0103u, \u00een dialog direct cu asocia\u021biile de proprietari<\/a><\/p>\n<\/article>\n<article id=\"related-196290\" class=\"story post-196290 post type-post status-publish format-standard has-post-thumbnail hentry category-actualitate category-zidezi tag-articol-de-la-partener\">\n<div class=\"photo\"><img decoding=\"async\" width=\"735\" height=\"440\" src=\"https:\/\/i0.wp.com\/www.curierul.ro\/wp-content\/uploads\/2026\/02\/ii9zqlzrz1pbwdp_wp.jpg?fit=300%2C200&amp;ssl=1\" class=\"attachment-giornalismo-single size-giornalismo-single wp-post-image\" alt loading=\"lazy\"><\/div>\n<p class=\"headline\"><a href=\"https:\/\/www.curierul.ro\/lumina-care-schimba-totul-cum-iti-transformi-bucataria-cu-un-iluminat-bine-ales\/\">Lumina care schimb\u0103 totul \u2013 cum \u00ee\u021bi transformi buc\u0103t\u0103ria cu un iluminat bine ales<\/a><\/p>\n<\/article>\n<\/div>\n<\/section>\n<section class=\"author-bio clearfix\">\n<div class=\"mug-shot\"><img decoding=\"async\" alt src=\"https:\/\/secure.gravatar.com\/avatar\/99cb5dc553c194226db8ff81883aeb68584791e67c78fb655bb3c37b83324715?s=96&amp;d=mm&amp;r=g\" class=\"avatar avatar-96 photo\" height=\"96\" width=\"96\" loading=\"lazy\"><\/div>\n<div class=\"author-info\">\n<p class=\"title\">About Comunicat de pres\u0103, <\/p>\n<div class=\"author-social-area\"><a href=\"mailto:redactie@curierul.ro\"><span class=\"fal fa-envelope\"><span class=\"screen-reader-text\">Email the Author<\/span><\/span><\/a><\/div>\n<\/div>\n<\/section>\n<\/footer>\n<\/article>\n<article id=\"related-196296\" class=\"story post-196296 post type-post status-publish format-standard has-post-thumbnail hentry category-actualitate category-economie category-eveniment-social category-headlines tag-camera-de-comert-si-industrie-valcea-2 tag-centenar tag-invitat tag-principele-nicolae\">\n<div class=\"photo\"><img decoding=\"async\" width=\"735\" height=\"440\" src=\"https:\/\/i0.wp.com\/www.curierul.ro\/wp-content\/uploads\/2026\/02\/FOND.jpg?fit=300%2C200&amp;ssl=1\" class=\"attachment-giornalismo-single size-giornalismo-single wp-post-image\" alt loading=\"lazy\"><\/div>\n<p class=\"headline\"><a href=\"https:\/\/www.curierul.ro\/astazi-principele-nicolae-este-invitatul-special-al-centenarului-camerei-de-comert-si-industrie-valcea\/\">Ast\u0103zi, Principele Nicolae este invitatul special al Centenarului Camerei de Comer\u021b \u0219i Industrie V\u00e2lcea<\/a><\/p>\n<\/article>\n<article id=\"related-196293\" class=\"story post-196293 post type-post status-publish format-standard has-post-thumbnail hentry category-actualitate category-politica\">\n<div class=\"photo\"><img decoding=\"async\" width=\"735\" height=\"440\" src=\"https:\/\/i0.wp.com\/www.curierul.ro\/wp-content\/uploads\/2026\/02\/gutau-discutii-asociatii.jpg?fit=300%2C225&amp;ssl=1\" class=\"attachment-giornalismo-single size-giornalismo-single wp-post-image\" alt loading=\"lazy\"><\/div>\n<p class=\"headline\"><a href=\"https:\/\/www.curierul.ro\/primarul-gutau-in-dialog-direct-cu-asociatiile-de-proprietari\/\">Primarul Gut\u0103u, \u00een dialog direct cu asocia\u021biile de proprietari<\/a><\/p>\n<\/article>\n<article id=\"related-196290\" class=\"story post-196290 post type-post status-publish format-standard has-post-thumbnail hentry category-actualitate category-zidezi tag-articol-de-la-partener\">\n<div class=\"photo\"><img decoding=\"async\" width=\"735\" height=\"440\" src=\"https:\/\/i0.wp.com\/www.curierul.ro\/wp-content\/uploads\/2026\/02\/ii9zqlzrz1pbwdp_wp.jpg?fit=300%2C200&amp;ssl=1\" class=\"attachment-giornalismo-single size-giornalismo-single wp-post-image\" alt loading=\"lazy\"><\/div>\n<p class=\"headline\"><a href=\"https:\/\/www.curierul.ro\/lumina-care-schimba-totul-cum-iti-transformi-bucataria-cu-un-iluminat-bine-ales\/\">Lumina care schimb\u0103 totul \u2013 cum \u00ee\u021bi transformi buc\u0103t\u0103ria cu un iluminat bine ales<\/a><\/p>\n<\/article>\n<p>[analyse_source url=&#8221;https:\/\/www.curierul.ro\/de-la-cladire-istorica-la-standarde-europene-spitalul-vechi-este-aproape-gata\/&#8221;]<\/p>\n","protected":false},"excerpt":{"rendered":"<p>[analyse_image type=&#8221;featured&#8221; src=&#8221;https:\/\/www.curierul.ro\/wp-content\/uploads\/2026\/02\/Spitalul-vechi-C5-1.jpeghttps:\/\/i0.wp.com\/www.curierul.ro\/wp-content\/uploads\/2026\/02\/Spitalul-vechi-C5-1.jpeg?fit=1200%2C681&amp;ssl=1&#8243;] Home Actualitate De la cl\u0103dire istoric\u0103, la standarde europene! \u201eSpitalul Vechi\u201d este aproape gata! De la cl\u0103dire istoric\u0103, la standarde europene! \u201eSpitalul Vechi\u201d este aproape gata! Scris deComunicat de pres\u0103, 5 februarie 2026 Am vizitat ieri \u0219antierul de la Spitalul Vechi (Corpul C5) din R\u00e2mnicu V\u00e2lcea \u0219i m\u0103 bucur s\u0103 v\u0103 spun [&hellip;]<\/p>\n","protected":false},"author":1,"featured_media":0,"comment_status":"open","ping_status":"","sticky":false,"template":"","format":"standard","meta":{"footnotes":""},"categories":[89],"tags":[226,213],"class_list":["post-1766476","post","type-post","status-publish","format-standard","hentry","category-romania","tag-crawlmanager","tag-curierul-ro"],"_links":{"self":[{"href":"https:\/\/analyse.optim.biz\/index.php?rest_route=\/wp\/v2\/posts\/1766476","targetHints":{"allow":["GET"]}}],"collection":[{"href":"https:\/\/analyse.optim.biz\/index.php?rest_route=\/wp\/v2\/posts"}],"about":[{"href":"https:\/\/analyse.optim.biz\/index.php?rest_route=\/wp\/v2\/types\/post"}],"author":[{"embeddable":true,"href":"https:\/\/analyse.optim.biz\/index.php?rest_route=\/wp\/v2\/users\/1"}],"replies":[{"embeddable":true,"href":"https:\/\/analyse.optim.biz\/index.php?rest_route=%2Fwp%2Fv2%2Fcomments&post=1766476"}],"version-history":[{"count":0,"href":"https:\/\/analyse.optim.biz\/index.php?rest_route=\/wp\/v2\/posts\/1766476\/revisions"}],"wp:attachment":[{"href":"https:\/\/analyse.optim.biz\/index.php?rest_route=%2Fwp%2Fv2%2Fmedia&parent=1766476"}],"wp:term":[{"taxonomy":"category","embeddable":true,"href":"https:\/\/analyse.optim.biz\/index.php?rest_route=%2Fwp%2Fv2%2Fcategories&post=1766476"},{"taxonomy":"post_tag","embeddable":true,"href":"https:\/\/analyse.optim.biz\/index.php?rest_route=%2Fwp%2Fv2%2Ftags&post=1766476"}],"curies":[{"name":"wp","href":"https:\/\/api.w.org\/{rel}","templated":true}]}}