{"id":1766473,"date":"2026-02-03T11:55:07","date_gmt":"2026-02-03T08:55:07","guid":{"rendered":"https:\/\/analyse.optim.biz\/?p=1766473"},"modified":"2026-02-03T11:55:07","modified_gmt":"2026-02-03T08:55:07","slug":"cum-sa-asortezi-jacheta-cu-tinutele-tale-de-zi-cu-zi-8-recomandari","status":"publish","type":"post","link":"https:\/\/analyse.optim.biz\/?p=1766473","title":{"rendered":"Cum s\u0103 asortezi jacheta cu \u021binutele tale de zi cu zi? 8 recomand\u0103ri"},"content":{"rendered":"<p>[analyse_image type=&#8221;featured&#8221; src=&#8221;https:\/\/www.curierul.ro\/wp-content\/uploads\/2026\/02\/cum_s_asortezi_jacheta_cu_inutele_tale_de_zi_cu_zi_8_recomandri_wp.jpghttps:\/\/i0.wp.com\/www.curierul.ro\/wp-content\/uploads\/2026\/02\/cum_s_asortezi_jacheta_cu_inutele_tale_de_zi_cu_zi_8_recomandri_wp.jpg?fit=1000%2C667&amp;ssl=1&#8243;]<\/p>\n<article id=\"196164\" class=\"post-196164 post type-post status-publish format-standard has-post-thumbnail hentry category-actualitate category-zidezi tag-articol-de-la-partener\">\n<header class=\"post-header\">\n<ul class=\"breadcrumbs\">\n<li><a href=\"https:\/\/www.curierul.ro\">Home<\/a><\/li>\n<li class=\"breadcrumbs-active .category-actualitate\"><a href=\"https:\/\/www.curierul.ro\/index.php?cat=1615\">Actualitate<\/a><\/li>\n<li class=\"breadcrumbs-active .category-actualitate\">Cum s\u0103 asortezi jacheta cu \u021binutele tale de zi cu zi? 8 recomand\u0103ri<\/li>\n<\/ul>\n<div class=\"featured-photo\"><img loading=\"lazy\" decoding=\"async\" width=\"1000\" height=\"667\" src=\"https:\/\/i0.wp.com\/www.curierul.ro\/wp-content\/uploads\/2026\/02\/cum_s_asortezi_jacheta_cu_inutele_tale_de_zi_cu_zi_8_recomandri_wp.jpg?fit=300%2C200&amp;ssl=1\" class=\"attachment-single size-single wp-post-image\" alt><\/div>\n<h1 class=\"headline\">Cum s\u0103 asortezi jacheta cu \u021binutele tale de zi cu zi? 8 recomand\u0103ri<\/h1>\n<p class=\"byline\">\n\t\tScris de<a href=\"https:\/\/www.curierul.ro\/author\/comunicat-de-presa\/\">Comunicat de pres\u0103<\/a>, \t\t3 februarie 2026\t\t\t\t<\/p>\n<hr>\n<\/header>\n<p>Jacheta r\u0103m\u00e2ne una dintre piesele pe care le alegi aproape zilnic. O por\u021bi diminea\u021ba, o iei cu tine la birou, la cursuri sau la o cafea \u00een ora\u0219 \u0219i te bazezi pe ea atunci c\u00e2nd vremea se schimb\u0103 pe parcursul zilei. De aceea, modul \u00een care o integrezi \u00een \u021binutele tale influen\u021beaz\u0103 rapid felul \u00een care arat\u0103 \u00eentregul outfit.<\/p>\n<p>Asortarea jachetei nu \u021bine de reguli rigide sau combina\u021bii complicate. \u00cen majoritatea cazurilor, conteaz\u0103 propor\u021biile, materialele \u0219i contextul \u00een care por\u021bi \u021binuta. Mai jos g\u0103se\u0219ti 8 recomand\u0103ri practice, g\u00e2ndite pentru situa\u021bii reale: munc\u0103, plimb\u0103ri urbane, \u00eent\u00e2lniri sau weekenduri relaxate. Le po\u021bi adapta u\u0219or pieselor pe care le ai deja \u00een garderob\u0103.<\/p>\n<h2>1. Alege jacheta \u00een func\u021bie de programul t\u0103u zilnic<\/h2>\n<p>\u00cenainte s\u0103 te g\u00e2nde\u0219ti la culoare sau croial\u0103, analizeaz\u0103 cum arat\u0103 o zi obi\u0219nuit\u0103 pentru tine. Dac\u0103 te deplasezi mult \u0219i ai nevoie de confort, o jachet\u0103 lejer\u0103, u\u0219or de purtat peste tricouri sau bluze sub\u021biri, te ajut\u0103 s\u0103 r\u0103m\u00e2i flexibil\u0103. Modelele din denim, bomber-ele simple sau jachetele scurte din materiale u\u0219oare func\u021bioneaz\u0103 bine pentru utilizare uzual\u0103.<\/p>\n<p>Pentru zilele petrecute la birou sau pentru \u00eent\u00e2lniri, caut\u0103 croieli mai clare \u0219i materiale care \u00ee\u0219i p\u0103streaz\u0103 forma. O jachet\u0103 cu un singur r\u00e2nd de nasturi sau un blazer relaxat aduce ordine \u021binutei \u0219i se potrive\u0219te cu pantaloni drep\u021bi, fuste midi sau rochii simple. Evit\u0103 modelele sport dac\u0103 vrei un aspect \u00eengrijit pe tot parcursul zilei.<\/p>\n<p>\u00cen colec\u021biile de <u><a href=\"https:\/\/www.trendyol.com\/ro\/femei-jachete-x-g1-c1030\">jachete dam\u0103<\/a><\/u> g\u0103se\u0219ti blazere casual, jachete cu nasturi sau modele cu curea, potrivite pentru purtare zilnic\u0103. Alege variante care \u00ee\u021bi permit mi\u0219care \u0219i se a\u0219az\u0103 bine pe umeri, pentru un aspect echilibrat.<\/p>\n<p>Mul\u021bi stili\u0219ti recomand\u0103 s\u0103 g\u00e2nde\u0219ti garderoba ca un sistem coerent. Conceptul de <u><a href=\"https:\/\/en.wikipedia.org\/wiki\/Capsule_wardrobe\">capsule wardrobe<\/a><\/u> se bazeaz\u0103 pe alegerea c\u00e2torva piese u\u0219or de combinat \u00eentre ele. Dou\u0103 sau trei jachete bine alese pot acoperi majoritatea situa\u021biilor, f\u0103r\u0103 s\u0103-\u021bi complice alegerile zilnice.<\/p>\n<h2>2. Combin\u0103 jacheta cu blugi pentru \u021binute echilibrate<\/h2>\n<p>Blugii r\u0103m\u00e2n baza multor outfituri de zi. Pentru un rezultat propor\u021bionat, \u021bine cont de croiala lor. Blugii drep\u021bi sau wide-leg arat\u0103 bine cu jachete scurte sau p\u00e2n\u0103 la \u0219old, deoarece definesc talia \u0219i p\u0103streaz\u0103 echilibrul vizual.<\/p>\n<p>Dac\u0103 preferi blugii slim sau skinny, po\u021bi ad\u0103uga o jachet\u0103 pu\u021bin mai lung\u0103. Un trench scurt sau o jachet\u0103 cu cordon ajut\u0103 la alungirea siluetei \u0219i creeaz\u0103 o linie clar\u0103 a \u021binutei. Pentru rezultate stabile, evit\u0103 diferen\u021bele extreme de volum \u00eentre partea de sus \u0219i cea de jos.<\/p>\n<p>Culoarea denimului conteaz\u0103. Blugii alba\u0219tri se potrivesc cu jachete \u00een nuan\u021be neutre, precum bej, gri sau alb. Blugii negri permit mai mult\u0103 libertate cromatic\u0103 \u0219i merg bine cu verde \u00eenchis, maro sau tonuri de burgundy, mai ales \u00een sezonul rece.<\/p>\n<h2>3. Creeaz\u0103 outfituri rapide cu jachet\u0103 \u0219i tricou<\/h2>\n<p>Tricoul simplu te scoate din impas \u00een multe dimine\u021bi. Sub o jachet\u0103 bine aleas\u0103, arat\u0103 curat \u0219i ordonat. Alege tricouri cu croial\u0103 dreapt\u0103, f\u0103r\u0103 imprimeuri mari, dac\u0103 vrei un aspect coerent.<\/p>\n<p>Pentru plimb\u0103ri sau zile aglomerate, poart\u0103 un tricou alb cu o jachet\u0103 din denim \u0219i pantaloni comozi. Adaug\u0103 adida\u0219i simpli \u0219i o geant\u0103 practic\u0103. Ob\u021bii o \u021binut\u0103 relaxat\u0103, potrivit\u0103 pentru ora\u0219.<\/p>\n<p>Dac\u0103 vrei s\u0103 schimbi u\u0219or direc\u021bia stilistic\u0103, adaug\u0103 accesorii discrete. O geant\u0103 structurat\u0103 sau bijuterii mici schimb\u0103 imediat percep\u021bia outfitului. Jacheta r\u0103m\u00e2ne piesa care leag\u0103 totul \u0219i ofer\u0103 coeren\u021b\u0103.<\/p>\n<h2>4. Integreaz\u0103 blazerul casual \u00een \u021binutele de zi<\/h2>\n<p>Blazerul a dep\u0103\u0219it de mult zona strict office. \u00cel po\u021bi purta cu tricou, top simplu sau chiar cu un hanorac sub\u021bire, dac\u0103 alegi o croial\u0103 relaxat\u0103. Modelele u\u0219or oversized, cu umeri bine defini\u021bi, apar frecvent \u00een tendin\u021bele recente \u0219i permit combin\u0103ri variate.<\/p>\n<p>Pentru munc\u0103, asorteaz\u0103 blazerul cu pantaloni drep\u021bi \u0219i pantofi comozi. Culorile neutre, precum bej, gri deschis sau alb murdar, se combin\u0103 u\u0219or \u0219i arat\u0103 curat pe parcursul zilei. Dup\u0103 program, schimb\u0103 pantalonii cu blugi \u0219i p\u0103streaz\u0103 acela\u0219i blazer pentru o ie\u0219ire \u00een ora\u0219.<\/p>\n<h2>5. Poart\u0103 jacheta peste rochii \u0219i fuste pentru contrast<\/h2>\n<p>Rochiile \u0219i fustele de zi cap\u0103t\u0103 structur\u0103 atunci c\u00e2nd adaugi o jachet\u0103 potrivit\u0103. Pentru materiale fluide sau croieli lejere, opteaz\u0103 pentru jachete cu \u021binut\u0103. Denim-ul, pielea ecologic\u0103 sau stofa sub\u021bire creeaz\u0103 un contrast vizual pl\u0103cut \u0219i clar.<\/p>\n<p>Lungimea influen\u021beaz\u0103 rezultatul final. Jachetele scurte eviden\u021biaz\u0103 talia \u0219i func\u021bioneaz\u0103 bine cu rochii midi sau maxi. Modelele mai lungi se potrivesc peste rochii drepte sau fuste creion, mai ales pentru plimb\u0103ri urbane sau \u00eent\u00e2lniri informale.<\/p>\n<p>Pentru ie\u0219iri de sear\u0103, leag\u0103 \u021binuta prin accesorii. O curea sub\u021bire, o geant\u0103 mic\u0103 sau pantofi \u00eentr-o nuan\u021b\u0103 apropiat\u0103 de jachet\u0103 creeaz\u0103 unitate f\u0103r\u0103 s\u0103 \u00eencarce vizual outfitul.<\/p>\n<h2>6. Construie\u0219te \u021binute de weekend cu jachete lejere<\/h2>\n<p>Weekendul cere libertate de mi\u0219care \u0219i materiale confortabile. Jachetele u\u0219oare din denim moale, tricot sau materiale hidrofuge se potrivesc plimb\u0103rilor, cump\u0103r\u0103turilor sau ie\u0219irilor spontane.<\/p>\n<p>Poart\u0103-le cu pantaloni jogger, jeans comozi \u0219i topuri simple. Dac\u0103 vrei mai mult\u0103 profunzime vizual\u0103, adaug\u0103 straturi sub\u021biri, cum ar fi un pulover fin sau o helanc\u0103. Pentru utilizare uzual\u0103, evit\u0103 materialele rigide care limiteaz\u0103 mi\u0219carea.<\/p>\n<p>Cromatica poate r\u0103m\u00e2ne neutr\u0103, dar accentele pastel sau tonurile p\u0103m\u00e2ntii se integreaz\u0103 u\u0219or \u0219i arat\u0103 actual. Le po\u021bi combina cu \u00eenc\u0103l\u021b\u0103minte sport sau ghete joase, \u00een func\u021bie de vreme.<\/p>\n<h2>7. Echilibreaz\u0103 culorile \u0219i texturile din \u021binut\u0103<\/h2>\n<p>Un outfit reu\u0219it se bazeaz\u0103 pe echilibru. Dac\u0103 jacheta are volum sau detalii vizibile, p\u0103streaz\u0103 restul pieselor simple. Pantalonii sau fustele cu croial\u0103 dreapt\u0103 ajut\u0103 la stabilizarea propor\u021biilor.<\/p>\n<p>Materialele conteaz\u0103 la fel de mult ca nuan\u021bele. O jachet\u0103 lucioas\u0103 arat\u0103 mai bine al\u0103turi de textile mate. Evit\u0103 combinarea mai multor texturi grele \u00eentr-o singur\u0103 \u021binut\u0103, mai ales pentru purtare zilnic\u0103.<\/p>\n<p>Dac\u0103 ai impresia c\u0103 outfitul pare \u00eenc\u0103rcat, elimin\u0103 un element. \u00cen majoritatea cazurilor, jacheta trebuie s\u0103 completeze \u021binuta \u0219i s\u0103 aduc\u0103 coeren\u021b\u0103, nu s\u0103 atrag\u0103 aten\u021bia prin exces.<\/p>\n<h2>8. Adapteaz\u0103 jacheta sezonului \u0219i schimb\u0103rilor de temperatur\u0103<\/h2>\n<p>Prim\u0103vara \u0219i toamna cer jachete u\u0219oare, u\u0219or de dat jos \u0219i de purtat pe bra\u021b. Modelele cu croial\u0103 simpl\u0103 se a\u0219az\u0103 bine peste mai multe straturi sub\u021biri \u0219i se adapteaz\u0103 rapid varia\u021biilor de temperatur\u0103.<\/p>\n<p>Iarna, alege materiale c\u0103lduroase \u0219i croieli care permit layering. Jachetele matlasate sau paltoanele moderne ofer\u0103 protec\u021bie termic\u0103 \u0219i se potrivesc cu pulovere mai groase.<\/p>\n<p>Indiferent de sezon, verific\u0103 potrivirea. Jacheta trebuie s\u0103 stea bine pe umeri, s\u0103 nu str\u00e2ng\u0103 \u00een zona bra\u021belor \u0219i s\u0103 permit\u0103 mi\u0219care. Ajust\u0103rile mici schimb\u0103 vizibil felul \u00een care arat\u0103 \u00eentreaga \u021binut\u0103.<\/p>\n<p>Aplic\u0103 aceste recomand\u0103ri \u00een s\u0103pt\u0103m\u00e2na urm\u0103toare \u0219i testeaz\u0103 combina\u021bii noi cu piesele tale preferate. Inspir\u0103-te \u0219i tu din noile trenduri de sezon, descoper\u0103 colec\u021bia complet\u0103, adaug\u0103 \u00een co\u0219 piesa preferat\u0103 \u0219i vezi toate reducerile de azi.<\/p>\n<div class=\"sharedaddy sd-sharing-enabled\">\n<div class=\"robots-nocontent sd-block sd-social sd-social-official sd-sharing\">\n<h3 class=\"sd-title\">Distribuie pe:<\/h3>\n<div class=\"sd-content\">\n<ul>\n<li class=\"share-facebook\">\n<li class=\"share-twitter\"><a href=\"https:\/\/twitter.com\/share\" class=\"twitter-share-button\" data-url=\"https:\/\/www.curierul.ro\/cum-sa-asortezi-jacheta-cu-tinutele-tale-de-zi-cu-zi-8-recomandari\/\" data-text=\"Cum s\u0103 asortezi jacheta cu \u021binutele tale de zi cu zi? 8 recomand\u0103ri\" data-via=\"curierulvl\">Tweet<\/a><\/li>\n<li class=\"share-jetpack-whatsapp\"><a rel=\"nofollow noopener noreferrer\" data-shared=\"sharing-whatsapp-196164\" class=\"share-jetpack-whatsapp sd-button\" href=\"https:\/\/www.curierul.ro\/cum-sa-asortezi-jacheta-cu-tinutele-tale-de-zi-cu-zi-8-recomandari\/?share=jetpack-whatsapp\" target=\"_blank\" aria-labelledby=\"sharing-whatsapp-196164\"><span id=\"sharing-whatsapp-196164\" hidden>D\u0103 clic pentru partajare pe WhatsApp(Se deschide \u00eentr-o fereastr\u0103 nou\u0103)<\/span><span>WhatsApp<\/span><\/a><\/li>\n<li><a href=\"https:\/\/www.curierul.ro\/cum-sa-asortezi-jacheta-cu-tinutele-tale-de-zi-cu-zi-8-recomandari\/\" class=\"sharing-anchor sd-button share-more\"><span>Mai mult<\/span><\/a><\/li>\n<li class=\"share-end\"><\/ul>\n<div class=\"sharing-hidden\">\n<div class=\"inner\">\n<ul>\n<li class=\"share-email\"><a rel=\"nofollow noopener noreferrer\" data-shared=\"sharing-email-196164\" class=\"share-email sd-button\" href=\"mailto:?subject=%5BArticol%20partajat%5D%20Cum%20s%C4%83%20asortezi%20jacheta%20cu%20%C8%9Binutele%20tale%20de%20zi%20cu%20zi%3F%208%20recomand%C4%83ri&amp;body=https%3A%2F%2Fwww.curierul.ro%2Fcum-sa-asortezi-jacheta-cu-tinutele-tale-de-zi-cu-zi-8-recomandari%2F&amp;share=email\" target=\"_blank\" aria-labelledby=\"sharing-email-196164\" data-email-share-error-title=\"\u021ai-ai configurat emailul?\" data-email-share-error-text=\"Dac\u0103 ai probleme la partajarea prin email, probabil nu ai configurat emailul pentru navigator. Poate trebuie s\u0103 creezi singur un email nou.\" data-email-share-nonce=\"cd7715f68d\" data-email-share-track-url=\"https:\/\/www.curierul.ro\/cum-sa-asortezi-jacheta-cu-tinutele-tale-de-zi-cu-zi-8-recomandari\/?share=email\"><span id=\"sharing-email-196164\" hidden>D\u0103 clic pentru a trimite o leg\u0103tur\u0103 prin email unui prieten(Se deschide \u00eentr-o fereastr\u0103 nou\u0103)<\/span><span>Email<\/span><\/a><\/li>\n<li class=\"share-print\"><a rel=\"nofollow noopener noreferrer\" data-shared=\"sharing-print-196164\" class=\"share-print sd-button\" href=\"https:\/\/www.curierul.ro\/cum-sa-asortezi-jacheta-cu-tinutele-tale-de-zi-cu-zi-8-recomandari\/#print?share=print\" target=\"_blank\" aria-labelledby=\"sharing-print-196164\"><span id=\"sharing-print-196164\" hidden>D\u0103 clic pentru a imprima(Se deschide \u00eentr-o fereastr\u0103 nou\u0103)<\/span><span>Imprimare<\/span><\/a><\/li>\n<li class=\"share-end\"><\/ul>\n<\/div>\n<\/div>\n<\/div>\n<\/div>\n<\/div>\n<div id=\"jp-relatedposts\" class=\"jp-relatedposts\">\n<h3 class=\"jp-relatedposts-headline\"><em>Similare<\/em><\/h3>\n<\/div>\n<footer class=\"post-footer\">\n<p class=\"tags\"><strong>Tags: <\/strong><a href=\"https:\/\/www.curierul.ro\/tag\/articol-de-la-partener\/\" rel=\"tag\">Articol de la partener<\/a><\/p>\n<div class=\"post-navigation clearfix\">\n<div class=\"previous-post\">\n<div class=\"featured-photo\"><img loading=\"lazy\" decoding=\"async\" width=\"1986\" height=\"1996\" src=\"https:\/\/i0.wp.com\/www.curierul.ro\/wp-content\/uploads\/2026\/02\/RoEM_PIB2026-27_RO_Infografic.png?fit=298%2C300&amp;ssl=1\" class=\"attachment-post-thumbnail size-post-thumbnail wp-post-image\" alt><\/div>\n<p class=\"paginate-title\">\u00ab\u00ab <a href=\"https:\/\/www.curierul.ro\/analiza-roem-ubb-fsega-despre-economia-romaniei2026-un-an-in-oglinda-cu-2025-dar-cu-o-succesiune-inversata-a-trendurilor\/\" rel=\"prev\"><i>Analiz\u0103 RoEM-UBB FSEGA, despre economia Rom\u00e2niei:<\/i><br \/>2026, un \u201ean \u00een oglind\u0103\u201d cu 2025, dar cu o succesiune inversat\u0103 a trendurilor<\/a><\/p>\n<\/div>\n<div class=\"next-post\">\n<div class=\"featured-photo\"><img decoding=\"async\" width=\"1403\" height=\"935\" src=\"https:\/\/i0.wp.com\/www.curierul.ro\/wp-content\/uploads\/2026\/02\/voucher-gaze.jpg?fit=300%2C200&amp;ssl=1\" class=\"attachment-post-thumbnail size-post-thumbnail wp-post-image\" alt loading=\"lazy\"><\/div>\n<p class=\"paginate-title\"><a href=\"https:\/\/www.curierul.ro\/voucherul-de-gaz-paguba-consumatorului-si-profitul-statului\/\" rel=\"next\">Voucherul de gaz: paguba consumatorului \u0219i profitul statului<\/a> \u00bb\u00bb<\/p>\n<\/div>\n<\/div>\n<div id=\"comments\" class=\"comments-area\">\n<div id=\"respond\" class=\"comment-respond\">\n<h3 id=\"reply-title\" class=\"comment-reply-title\">Po\u021bi comenta aici<small><a rel=\"nofollow\" id=\"cancel-comment-reply-link\" href=\"https:\/\/www.curierul.ro\/cum-sa-asortezi-jacheta-cu-tinutele-tale-de-zi-cu-zi-8-recomandari\/#respond\">Anuleaz\u0103 r\u0103spunsul<\/a><\/small><\/h3>\n<\/div>\n<p class=\"akismet_comment_form_privacy_notice\">Acest site folose\u0219te Akismet pentru a reduce spamul. <a href=\"https:\/\/akismet.com\/privacy\/\" target=\"_blank\" rel=\"nofollow noopener\">Afl\u0103 cum sunt procesate datele comentariilor tale<\/a>.<\/p>\n<\/div>\n<section class=\"related-stories\">\n<h2>Related Stories<\/h2>\n<div class=\"stories-container\">\n<article id=\"latest-196290\" class=\"story post-196290 post type-post status-publish format-standard has-post-thumbnail hentry category-actualitate category-zidezi tag-articol-de-la-partener\">\n<div class=\"photo\"><img decoding=\"async\" width=\"735\" height=\"440\" src=\"https:\/\/i0.wp.com\/www.curierul.ro\/wp-content\/uploads\/2026\/02\/ii9zqlzrz1pbwdp_wp.jpg?fit=300%2C200&amp;ssl=1\" class=\"attachment-giornalismo-single size-giornalismo-single wp-post-image\" alt loading=\"lazy\"><\/div>\n<p class=\"headline\"><a href=\"https:\/\/www.curierul.ro\/lumina-care-schimba-totul-cum-iti-transformi-bucataria-cu-un-iluminat-bine-ales\/\">Lumina care schimb\u0103 totul \u2013 cum \u00ee\u021bi transformi buc\u0103t\u0103ria cu un iluminat bine ales<\/a><\/p>\n<\/article>\n<article id=\"latest-195733\" class=\"story post-195733 post type-post status-publish format-standard has-post-thumbnail hentry category-actualitate category-zidezi tag-articol-de-la-partener\">\n<div class=\"photo\"><img decoding=\"async\" width=\"735\" height=\"440\" src=\"https:\/\/i0.wp.com\/www.curierul.ro\/wp-content\/uploads\/2025\/12\/adobestock_325441797_wp.jpg?fit=300%2C200&amp;ssl=1\" class=\"attachment-giornalismo-single size-giornalismo-single wp-post-image\" alt loading=\"lazy\"><\/div>\n<p class=\"headline\"><a href=\"https:\/\/www.curierul.ro\/cum-sa-aranjezi-mobilierul-de-baie\/\">Cum s\u0103 aranjezi mobilierul de baie<\/a><\/p>\n<\/article>\n<article id=\"latest-195530\" class=\"story post-195530 post type-post status-publish format-standard has-post-thumbnail hentry category-actualitate category-comunicate category-zidezi tag-articol-de-la-partener\">\n<div class=\"photo\"><img decoding=\"async\" width=\"735\" height=\"440\" src=\"https:\/\/i0.wp.com\/www.curierul.ro\/wp-content\/uploads\/2025\/12\/cumsaintegrezidesignulusilordeexteriorcustilularhitecturalallocuintei_wp.jpg?fit=300%2C200&amp;ssl=1\" class=\"attachment-giornalismo-single size-giornalismo-single wp-post-image\" alt loading=\"lazy\"><\/div>\n<p class=\"headline\"><a href=\"https:\/\/www.curierul.ro\/cum-sa-integrezi-designul-usilor-de-exterior-in-stilul-arhitectural-al-locuintei\/\">Cum s\u0103 integrezi designul u\u0219ilor de exterior \u00een stilul arhitectural al locuin\u021bei?<\/a><\/p>\n<\/article>\n<\/div>\n<\/section>\n<section class=\"latest-category clearfix\">\n<h2 class=\"title\">More Stories From Actualitate<\/h2>\n<div class=\"stories-container\">\n<article id=\"related-196296\" class=\"story post-196296 post type-post status-publish format-standard has-post-thumbnail hentry category-actualitate category-economie category-eveniment-social category-headlines tag-camera-de-comert-si-industrie-valcea-2 tag-centenar tag-invitat tag-principele-nicolae\">\n<div class=\"photo\"><img decoding=\"async\" width=\"735\" height=\"440\" src=\"https:\/\/i0.wp.com\/www.curierul.ro\/wp-content\/uploads\/2026\/02\/FOND.jpg?fit=300%2C200&amp;ssl=1\" class=\"attachment-giornalismo-single size-giornalismo-single wp-post-image\" alt loading=\"lazy\"><\/div>\n<p class=\"headline\"><a href=\"https:\/\/www.curierul.ro\/astazi-principele-nicolae-este-invitatul-special-al-centenarului-camerei-de-comert-si-industrie-valcea\/\">Ast\u0103zi, Principele Nicolae este invitatul special al Centenarului Camerei de Comer\u021b \u0219i Industrie V\u00e2lcea<\/a><\/p>\n<\/article>\n<article id=\"related-196293\" class=\"story post-196293 post type-post status-publish format-standard has-post-thumbnail hentry category-actualitate category-politica\">\n<div class=\"photo\"><img decoding=\"async\" width=\"735\" height=\"440\" src=\"https:\/\/i0.wp.com\/www.curierul.ro\/wp-content\/uploads\/2026\/02\/gutau-discutii-asociatii.jpg?fit=300%2C225&amp;ssl=1\" class=\"attachment-giornalismo-single size-giornalismo-single wp-post-image\" alt loading=\"lazy\"><\/div>\n<p class=\"headline\"><a href=\"https:\/\/www.curierul.ro\/primarul-gutau-in-dialog-direct-cu-asociatiile-de-proprietari\/\">Primarul Gut\u0103u, \u00een dialog direct cu asocia\u021biile de proprietari<\/a><\/p>\n<\/article>\n<article id=\"related-196290\" class=\"story post-196290 post type-post status-publish format-standard has-post-thumbnail hentry category-actualitate category-zidezi tag-articol-de-la-partener\">\n<div class=\"photo\"><img decoding=\"async\" width=\"735\" height=\"440\" src=\"https:\/\/i0.wp.com\/www.curierul.ro\/wp-content\/uploads\/2026\/02\/ii9zqlzrz1pbwdp_wp.jpg?fit=300%2C200&amp;ssl=1\" class=\"attachment-giornalismo-single size-giornalismo-single wp-post-image\" alt loading=\"lazy\"><\/div>\n<p class=\"headline\"><a href=\"https:\/\/www.curierul.ro\/lumina-care-schimba-totul-cum-iti-transformi-bucataria-cu-un-iluminat-bine-ales\/\">Lumina care schimb\u0103 totul \u2013 cum \u00ee\u021bi transformi buc\u0103t\u0103ria cu un iluminat bine ales<\/a><\/p>\n<\/article>\n<\/div>\n<\/section>\n<section class=\"author-bio clearfix\">\n<div class=\"mug-shot\"><img decoding=\"async\" alt src=\"https:\/\/secure.gravatar.com\/avatar\/99cb5dc553c194226db8ff81883aeb68584791e67c78fb655bb3c37b83324715?s=96&amp;d=mm&amp;r=g\" class=\"avatar avatar-96 photo\" height=\"96\" width=\"96\" loading=\"lazy\"><\/div>\n<div class=\"author-info\">\n<p class=\"title\">About Comunicat de pres\u0103, <\/p>\n<div class=\"author-social-area\"><a href=\"mailto:redactie@curierul.ro\"><span class=\"fal fa-envelope\"><span class=\"screen-reader-text\">Email the Author<\/span><\/span><\/a><\/div>\n<\/div>\n<\/section>\n<\/footer>\n<\/article>\n<article id=\"196164\" class=\"post-196164 post type-post status-publish format-standard has-post-thumbnail hentry category-actualitate category-zidezi tag-articol-de-la-partener\">\n<header class=\"post-header\">\n<ul class=\"breadcrumbs\">\n<li><a href=\"https:\/\/www.curierul.ro\">Home<\/a><\/li>\n<li class=\"breadcrumbs-active .category-actualitate\"><a href=\"https:\/\/www.curierul.ro\/index.php?cat=1615\">Actualitate<\/a><\/li>\n<li class=\"breadcrumbs-active .category-actualitate\">Cum s\u0103 asortezi jacheta cu \u021binutele tale de zi cu zi? 8 recomand\u0103ri<\/li>\n<\/ul>\n<div class=\"featured-photo\"><img loading=\"lazy\" decoding=\"async\" width=\"1000\" height=\"667\" src=\"https:\/\/i0.wp.com\/www.curierul.ro\/wp-content\/uploads\/2026\/02\/cum_s_asortezi_jacheta_cu_inutele_tale_de_zi_cu_zi_8_recomandri_wp.jpg?fit=300%2C200&amp;ssl=1\" class=\"attachment-single size-single wp-post-image\" alt><\/div>\n<h1 class=\"headline\">Cum s\u0103 asortezi jacheta cu \u021binutele tale de zi cu zi? 8 recomand\u0103ri<\/h1>\n<p class=\"byline\">\n\t\tScris de<a href=\"https:\/\/www.curierul.ro\/author\/comunicat-de-presa\/\">Comunicat de pres\u0103<\/a>, \t\t3 februarie 2026\t\t\t\t<\/p>\n<hr>\n<\/header>\n<p>Jacheta r\u0103m\u00e2ne una dintre piesele pe care le alegi aproape zilnic. O por\u021bi diminea\u021ba, o iei cu tine la birou, la cursuri sau la o cafea \u00een ora\u0219 \u0219i te bazezi pe ea atunci c\u00e2nd vremea se schimb\u0103 pe parcursul zilei. De aceea, modul \u00een care o integrezi \u00een \u021binutele tale influen\u021beaz\u0103 rapid felul \u00een care arat\u0103 \u00eentregul outfit.<\/p>\n<p>Asortarea jachetei nu \u021bine de reguli rigide sau combina\u021bii complicate. \u00cen majoritatea cazurilor, conteaz\u0103 propor\u021biile, materialele \u0219i contextul \u00een care por\u021bi \u021binuta. Mai jos g\u0103se\u0219ti 8 recomand\u0103ri practice, g\u00e2ndite pentru situa\u021bii reale: munc\u0103, plimb\u0103ri urbane, \u00eent\u00e2lniri sau weekenduri relaxate. Le po\u021bi adapta u\u0219or pieselor pe care le ai deja \u00een garderob\u0103.<\/p>\n<h2>1. Alege jacheta \u00een func\u021bie de programul t\u0103u zilnic<\/h2>\n<p>\u00cenainte s\u0103 te g\u00e2nde\u0219ti la culoare sau croial\u0103, analizeaz\u0103 cum arat\u0103 o zi obi\u0219nuit\u0103 pentru tine. Dac\u0103 te deplasezi mult \u0219i ai nevoie de confort, o jachet\u0103 lejer\u0103, u\u0219or de purtat peste tricouri sau bluze sub\u021biri, te ajut\u0103 s\u0103 r\u0103m\u00e2i flexibil\u0103. Modelele din denim, bomber-ele simple sau jachetele scurte din materiale u\u0219oare func\u021bioneaz\u0103 bine pentru utilizare uzual\u0103.<\/p>\n<p>Pentru zilele petrecute la birou sau pentru \u00eent\u00e2lniri, caut\u0103 croieli mai clare \u0219i materiale care \u00ee\u0219i p\u0103streaz\u0103 forma. O jachet\u0103 cu un singur r\u00e2nd de nasturi sau un blazer relaxat aduce ordine \u021binutei \u0219i se potrive\u0219te cu pantaloni drep\u021bi, fuste midi sau rochii simple. Evit\u0103 modelele sport dac\u0103 vrei un aspect \u00eengrijit pe tot parcursul zilei.<\/p>\n<p>\u00cen colec\u021biile de <u><a href=\"https:\/\/www.trendyol.com\/ro\/femei-jachete-x-g1-c1030\">jachete dam\u0103<\/a><\/u> g\u0103se\u0219ti blazere casual, jachete cu nasturi sau modele cu curea, potrivite pentru purtare zilnic\u0103. Alege variante care \u00ee\u021bi permit mi\u0219care \u0219i se a\u0219az\u0103 bine pe umeri, pentru un aspect echilibrat.<\/p>\n<p>Mul\u021bi stili\u0219ti recomand\u0103 s\u0103 g\u00e2nde\u0219ti garderoba ca un sistem coerent. Conceptul de <u><a href=\"https:\/\/en.wikipedia.org\/wiki\/Capsule_wardrobe\">capsule wardrobe<\/a><\/u> se bazeaz\u0103 pe alegerea c\u00e2torva piese u\u0219or de combinat \u00eentre ele. Dou\u0103 sau trei jachete bine alese pot acoperi majoritatea situa\u021biilor, f\u0103r\u0103 s\u0103-\u021bi complice alegerile zilnice.<\/p>\n<h2>2. Combin\u0103 jacheta cu blugi pentru \u021binute echilibrate<\/h2>\n<p>Blugii r\u0103m\u00e2n baza multor outfituri de zi. Pentru un rezultat propor\u021bionat, \u021bine cont de croiala lor. Blugii drep\u021bi sau wide-leg arat\u0103 bine cu jachete scurte sau p\u00e2n\u0103 la \u0219old, deoarece definesc talia \u0219i p\u0103streaz\u0103 echilibrul vizual.<\/p>\n<p>Dac\u0103 preferi blugii slim sau skinny, po\u021bi ad\u0103uga o jachet\u0103 pu\u021bin mai lung\u0103. Un trench scurt sau o jachet\u0103 cu cordon ajut\u0103 la alungirea siluetei \u0219i creeaz\u0103 o linie clar\u0103 a \u021binutei. Pentru rezultate stabile, evit\u0103 diferen\u021bele extreme de volum \u00eentre partea de sus \u0219i cea de jos.<\/p>\n<p>Culoarea denimului conteaz\u0103. Blugii alba\u0219tri se potrivesc cu jachete \u00een nuan\u021be neutre, precum bej, gri sau alb. Blugii negri permit mai mult\u0103 libertate cromatic\u0103 \u0219i merg bine cu verde \u00eenchis, maro sau tonuri de burgundy, mai ales \u00een sezonul rece.<\/p>\n<h2>3. Creeaz\u0103 outfituri rapide cu jachet\u0103 \u0219i tricou<\/h2>\n<p>Tricoul simplu te scoate din impas \u00een multe dimine\u021bi. Sub o jachet\u0103 bine aleas\u0103, arat\u0103 curat \u0219i ordonat. Alege tricouri cu croial\u0103 dreapt\u0103, f\u0103r\u0103 imprimeuri mari, dac\u0103 vrei un aspect coerent.<\/p>\n<p>Pentru plimb\u0103ri sau zile aglomerate, poart\u0103 un tricou alb cu o jachet\u0103 din denim \u0219i pantaloni comozi. Adaug\u0103 adida\u0219i simpli \u0219i o geant\u0103 practic\u0103. Ob\u021bii o \u021binut\u0103 relaxat\u0103, potrivit\u0103 pentru ora\u0219.<\/p>\n<p>Dac\u0103 vrei s\u0103 schimbi u\u0219or direc\u021bia stilistic\u0103, adaug\u0103 accesorii discrete. O geant\u0103 structurat\u0103 sau bijuterii mici schimb\u0103 imediat percep\u021bia outfitului. Jacheta r\u0103m\u00e2ne piesa care leag\u0103 totul \u0219i ofer\u0103 coeren\u021b\u0103.<\/p>\n<h2>4. Integreaz\u0103 blazerul casual \u00een \u021binutele de zi<\/h2>\n<p>Blazerul a dep\u0103\u0219it de mult zona strict office. \u00cel po\u021bi purta cu tricou, top simplu sau chiar cu un hanorac sub\u021bire, dac\u0103 alegi o croial\u0103 relaxat\u0103. Modelele u\u0219or oversized, cu umeri bine defini\u021bi, apar frecvent \u00een tendin\u021bele recente \u0219i permit combin\u0103ri variate.<\/p>\n<p>Pentru munc\u0103, asorteaz\u0103 blazerul cu pantaloni drep\u021bi \u0219i pantofi comozi. Culorile neutre, precum bej, gri deschis sau alb murdar, se combin\u0103 u\u0219or \u0219i arat\u0103 curat pe parcursul zilei. Dup\u0103 program, schimb\u0103 pantalonii cu blugi \u0219i p\u0103streaz\u0103 acela\u0219i blazer pentru o ie\u0219ire \u00een ora\u0219.<\/p>\n<h2>5. Poart\u0103 jacheta peste rochii \u0219i fuste pentru contrast<\/h2>\n<p>Rochiile \u0219i fustele de zi cap\u0103t\u0103 structur\u0103 atunci c\u00e2nd adaugi o jachet\u0103 potrivit\u0103. Pentru materiale fluide sau croieli lejere, opteaz\u0103 pentru jachete cu \u021binut\u0103. Denim-ul, pielea ecologic\u0103 sau stofa sub\u021bire creeaz\u0103 un contrast vizual pl\u0103cut \u0219i clar.<\/p>\n<p>Lungimea influen\u021beaz\u0103 rezultatul final. Jachetele scurte eviden\u021biaz\u0103 talia \u0219i func\u021bioneaz\u0103 bine cu rochii midi sau maxi. Modelele mai lungi se potrivesc peste rochii drepte sau fuste creion, mai ales pentru plimb\u0103ri urbane sau \u00eent\u00e2lniri informale.<\/p>\n<p>Pentru ie\u0219iri de sear\u0103, leag\u0103 \u021binuta prin accesorii. O curea sub\u021bire, o geant\u0103 mic\u0103 sau pantofi \u00eentr-o nuan\u021b\u0103 apropiat\u0103 de jachet\u0103 creeaz\u0103 unitate f\u0103r\u0103 s\u0103 \u00eencarce vizual outfitul.<\/p>\n<h2>6. Construie\u0219te \u021binute de weekend cu jachete lejere<\/h2>\n<p>Weekendul cere libertate de mi\u0219care \u0219i materiale confortabile. Jachetele u\u0219oare din denim moale, tricot sau materiale hidrofuge se potrivesc plimb\u0103rilor, cump\u0103r\u0103turilor sau ie\u0219irilor spontane.<\/p>\n<p>Poart\u0103-le cu pantaloni jogger, jeans comozi \u0219i topuri simple. Dac\u0103 vrei mai mult\u0103 profunzime vizual\u0103, adaug\u0103 straturi sub\u021biri, cum ar fi un pulover fin sau o helanc\u0103. Pentru utilizare uzual\u0103, evit\u0103 materialele rigide care limiteaz\u0103 mi\u0219carea.<\/p>\n<p>Cromatica poate r\u0103m\u00e2ne neutr\u0103, dar accentele pastel sau tonurile p\u0103m\u00e2ntii se integreaz\u0103 u\u0219or \u0219i arat\u0103 actual. Le po\u021bi combina cu \u00eenc\u0103l\u021b\u0103minte sport sau ghete joase, \u00een func\u021bie de vreme.<\/p>\n<h2>7. Echilibreaz\u0103 culorile \u0219i texturile din \u021binut\u0103<\/h2>\n<p>Un outfit reu\u0219it se bazeaz\u0103 pe echilibru. Dac\u0103 jacheta are volum sau detalii vizibile, p\u0103streaz\u0103 restul pieselor simple. Pantalonii sau fustele cu croial\u0103 dreapt\u0103 ajut\u0103 la stabilizarea propor\u021biilor.<\/p>\n<p>Materialele conteaz\u0103 la fel de mult ca nuan\u021bele. O jachet\u0103 lucioas\u0103 arat\u0103 mai bine al\u0103turi de textile mate. Evit\u0103 combinarea mai multor texturi grele \u00eentr-o singur\u0103 \u021binut\u0103, mai ales pentru purtare zilnic\u0103.<\/p>\n<p>Dac\u0103 ai impresia c\u0103 outfitul pare \u00eenc\u0103rcat, elimin\u0103 un element. \u00cen majoritatea cazurilor, jacheta trebuie s\u0103 completeze \u021binuta \u0219i s\u0103 aduc\u0103 coeren\u021b\u0103, nu s\u0103 atrag\u0103 aten\u021bia prin exces.<\/p>\n<h2>8. Adapteaz\u0103 jacheta sezonului \u0219i schimb\u0103rilor de temperatur\u0103<\/h2>\n<p>Prim\u0103vara \u0219i toamna cer jachete u\u0219oare, u\u0219or de dat jos \u0219i de purtat pe bra\u021b. Modelele cu croial\u0103 simpl\u0103 se a\u0219az\u0103 bine peste mai multe straturi sub\u021biri \u0219i se adapteaz\u0103 rapid varia\u021biilor de temperatur\u0103.<\/p>\n<p>Iarna, alege materiale c\u0103lduroase \u0219i croieli care permit layering. Jachetele matlasate sau paltoanele moderne ofer\u0103 protec\u021bie termic\u0103 \u0219i se potrivesc cu pulovere mai groase.<\/p>\n<p>Indiferent de sezon, verific\u0103 potrivirea. Jacheta trebuie s\u0103 stea bine pe umeri, s\u0103 nu str\u00e2ng\u0103 \u00een zona bra\u021belor \u0219i s\u0103 permit\u0103 mi\u0219care. Ajust\u0103rile mici schimb\u0103 vizibil felul \u00een care arat\u0103 \u00eentreaga \u021binut\u0103.<\/p>\n<p>Aplic\u0103 aceste recomand\u0103ri \u00een s\u0103pt\u0103m\u00e2na urm\u0103toare \u0219i testeaz\u0103 combina\u021bii noi cu piesele tale preferate. Inspir\u0103-te \u0219i tu din noile trenduri de sezon, descoper\u0103 colec\u021bia complet\u0103, adaug\u0103 \u00een co\u0219 piesa preferat\u0103 \u0219i vezi toate reducerile de azi.<\/p>\n<div class=\"sharedaddy sd-sharing-enabled\">\n<div class=\"robots-nocontent sd-block sd-social sd-social-official sd-sharing\">\n<h3 class=\"sd-title\">Distribuie pe:<\/h3>\n<div class=\"sd-content\">\n<ul>\n<li class=\"share-facebook\">\n<li class=\"share-twitter\"><a href=\"https:\/\/twitter.com\/share\" class=\"twitter-share-button\" data-url=\"https:\/\/www.curierul.ro\/cum-sa-asortezi-jacheta-cu-tinutele-tale-de-zi-cu-zi-8-recomandari\/\" data-text=\"Cum s\u0103 asortezi jacheta cu \u021binutele tale de zi cu zi? 8 recomand\u0103ri\" data-via=\"curierulvl\">Tweet<\/a><\/li>\n<li class=\"share-jetpack-whatsapp\"><a rel=\"nofollow noopener noreferrer\" data-shared=\"sharing-whatsapp-196164\" class=\"share-jetpack-whatsapp sd-button\" href=\"https:\/\/www.curierul.ro\/cum-sa-asortezi-jacheta-cu-tinutele-tale-de-zi-cu-zi-8-recomandari\/?share=jetpack-whatsapp\" target=\"_blank\" aria-labelledby=\"sharing-whatsapp-196164\"><span id=\"sharing-whatsapp-196164\" hidden>D\u0103 clic pentru partajare pe WhatsApp(Se deschide \u00eentr-o fereastr\u0103 nou\u0103)<\/span><span>WhatsApp<\/span><\/a><\/li>\n<li><a href=\"https:\/\/www.curierul.ro\/cum-sa-asortezi-jacheta-cu-tinutele-tale-de-zi-cu-zi-8-recomandari\/\" class=\"sharing-anchor sd-button share-more\"><span>Mai mult<\/span><\/a><\/li>\n<li class=\"share-end\"><\/ul>\n<div class=\"sharing-hidden\">\n<div class=\"inner\">\n<ul>\n<li class=\"share-email\"><a rel=\"nofollow noopener noreferrer\" data-shared=\"sharing-email-196164\" class=\"share-email sd-button\" href=\"mailto:?subject=%5BArticol%20partajat%5D%20Cum%20s%C4%83%20asortezi%20jacheta%20cu%20%C8%9Binutele%20tale%20de%20zi%20cu%20zi%3F%208%20recomand%C4%83ri&amp;body=https%3A%2F%2Fwww.curierul.ro%2Fcum-sa-asortezi-jacheta-cu-tinutele-tale-de-zi-cu-zi-8-recomandari%2F&amp;share=email\" target=\"_blank\" aria-labelledby=\"sharing-email-196164\" data-email-share-error-title=\"\u021ai-ai configurat emailul?\" data-email-share-error-text=\"Dac\u0103 ai probleme la partajarea prin email, probabil nu ai configurat emailul pentru navigator. Poate trebuie s\u0103 creezi singur un email nou.\" data-email-share-nonce=\"cd7715f68d\" data-email-share-track-url=\"https:\/\/www.curierul.ro\/cum-sa-asortezi-jacheta-cu-tinutele-tale-de-zi-cu-zi-8-recomandari\/?share=email\"><span id=\"sharing-email-196164\" hidden>D\u0103 clic pentru a trimite o leg\u0103tur\u0103 prin email unui prieten(Se deschide \u00eentr-o fereastr\u0103 nou\u0103)<\/span><span>Email<\/span><\/a><\/li>\n<li class=\"share-print\"><a rel=\"nofollow noopener noreferrer\" data-shared=\"sharing-print-196164\" class=\"share-print sd-button\" href=\"https:\/\/www.curierul.ro\/cum-sa-asortezi-jacheta-cu-tinutele-tale-de-zi-cu-zi-8-recomandari\/#print?share=print\" target=\"_blank\" aria-labelledby=\"sharing-print-196164\"><span id=\"sharing-print-196164\" hidden>D\u0103 clic pentru a imprima(Se deschide \u00eentr-o fereastr\u0103 nou\u0103)<\/span><span>Imprimare<\/span><\/a><\/li>\n<li class=\"share-end\"><\/ul>\n<\/div>\n<\/div>\n<\/div>\n<\/div>\n<\/div>\n<div id=\"jp-relatedposts\" class=\"jp-relatedposts\">\n<h3 class=\"jp-relatedposts-headline\"><em>Similare<\/em><\/h3>\n<\/div>\n<footer class=\"post-footer\">\n<p class=\"tags\"><strong>Tags: <\/strong><a href=\"https:\/\/www.curierul.ro\/tag\/articol-de-la-partener\/\" rel=\"tag\">Articol de la partener<\/a><\/p>\n<div class=\"post-navigation clearfix\">\n<div class=\"previous-post\">\n<div class=\"featured-photo\"><img loading=\"lazy\" decoding=\"async\" width=\"1986\" height=\"1996\" src=\"https:\/\/i0.wp.com\/www.curierul.ro\/wp-content\/uploads\/2026\/02\/RoEM_PIB2026-27_RO_Infografic.png?fit=298%2C300&amp;ssl=1\" class=\"attachment-post-thumbnail size-post-thumbnail wp-post-image\" alt><\/div>\n<p class=\"paginate-title\">\u00ab\u00ab <a href=\"https:\/\/www.curierul.ro\/analiza-roem-ubb-fsega-despre-economia-romaniei2026-un-an-in-oglinda-cu-2025-dar-cu-o-succesiune-inversata-a-trendurilor\/\" rel=\"prev\"><i>Analiz\u0103 RoEM-UBB FSEGA, despre economia Rom\u00e2niei:<\/i><br \/>2026, un \u201ean \u00een oglind\u0103\u201d cu 2025, dar cu o succesiune inversat\u0103 a trendurilor<\/a><\/p>\n<\/div>\n<div class=\"next-post\">\n<div class=\"featured-photo\"><img decoding=\"async\" width=\"1403\" height=\"935\" src=\"https:\/\/i0.wp.com\/www.curierul.ro\/wp-content\/uploads\/2026\/02\/voucher-gaze.jpg?fit=300%2C200&amp;ssl=1\" class=\"attachment-post-thumbnail size-post-thumbnail wp-post-image\" alt loading=\"lazy\"><\/div>\n<p class=\"paginate-title\"><a href=\"https:\/\/www.curierul.ro\/voucherul-de-gaz-paguba-consumatorului-si-profitul-statului\/\" rel=\"next\">Voucherul de gaz: paguba consumatorului \u0219i profitul statului<\/a> \u00bb\u00bb<\/p>\n<\/div>\n<\/div>\n<div id=\"comments\" class=\"comments-area\">\n<div id=\"respond\" class=\"comment-respond\">\n<h3 id=\"reply-title\" class=\"comment-reply-title\">Po\u021bi comenta aici<small><a rel=\"nofollow\" id=\"cancel-comment-reply-link\" href=\"https:\/\/www.curierul.ro\/cum-sa-asortezi-jacheta-cu-tinutele-tale-de-zi-cu-zi-8-recomandari\/#respond\">Anuleaz\u0103 r\u0103spunsul<\/a><\/small><\/h3>\n<\/div>\n<p class=\"akismet_comment_form_privacy_notice\">Acest site folose\u0219te Akismet pentru a reduce spamul. <a href=\"https:\/\/akismet.com\/privacy\/\" target=\"_blank\" rel=\"nofollow noopener\">Afl\u0103 cum sunt procesate datele comentariilor tale<\/a>.<\/p>\n<\/div>\n<section class=\"related-stories\">\n<h2>Related Stories<\/h2>\n<div class=\"stories-container\">\n<article id=\"latest-196290\" class=\"story post-196290 post type-post status-publish format-standard has-post-thumbnail hentry category-actualitate category-zidezi tag-articol-de-la-partener\">\n<div class=\"photo\"><img decoding=\"async\" width=\"735\" height=\"440\" src=\"https:\/\/i0.wp.com\/www.curierul.ro\/wp-content\/uploads\/2026\/02\/ii9zqlzrz1pbwdp_wp.jpg?fit=300%2C200&amp;ssl=1\" class=\"attachment-giornalismo-single size-giornalismo-single wp-post-image\" alt loading=\"lazy\"><\/div>\n<p class=\"headline\"><a href=\"https:\/\/www.curierul.ro\/lumina-care-schimba-totul-cum-iti-transformi-bucataria-cu-un-iluminat-bine-ales\/\">Lumina care schimb\u0103 totul \u2013 cum \u00ee\u021bi transformi buc\u0103t\u0103ria cu un iluminat bine ales<\/a><\/p>\n<\/article>\n<article id=\"latest-195733\" class=\"story post-195733 post type-post status-publish format-standard has-post-thumbnail hentry category-actualitate category-zidezi tag-articol-de-la-partener\">\n<div class=\"photo\"><img decoding=\"async\" width=\"735\" height=\"440\" src=\"https:\/\/i0.wp.com\/www.curierul.ro\/wp-content\/uploads\/2025\/12\/adobestock_325441797_wp.jpg?fit=300%2C200&amp;ssl=1\" class=\"attachment-giornalismo-single size-giornalismo-single wp-post-image\" alt loading=\"lazy\"><\/div>\n<p class=\"headline\"><a href=\"https:\/\/www.curierul.ro\/cum-sa-aranjezi-mobilierul-de-baie\/\">Cum s\u0103 aranjezi mobilierul de baie<\/a><\/p>\n<\/article>\n<article id=\"latest-195530\" class=\"story post-195530 post type-post status-publish format-standard has-post-thumbnail hentry category-actualitate category-comunicate category-zidezi tag-articol-de-la-partener\">\n<div class=\"photo\"><img decoding=\"async\" width=\"735\" height=\"440\" src=\"https:\/\/i0.wp.com\/www.curierul.ro\/wp-content\/uploads\/2025\/12\/cumsaintegrezidesignulusilordeexteriorcustilularhitecturalallocuintei_wp.jpg?fit=300%2C200&amp;ssl=1\" class=\"attachment-giornalismo-single size-giornalismo-single wp-post-image\" alt loading=\"lazy\"><\/div>\n<p class=\"headline\"><a href=\"https:\/\/www.curierul.ro\/cum-sa-integrezi-designul-usilor-de-exterior-in-stilul-arhitectural-al-locuintei\/\">Cum s\u0103 integrezi designul u\u0219ilor de exterior \u00een stilul arhitectural al locuin\u021bei?<\/a><\/p>\n<\/article>\n<\/div>\n<\/section>\n<section class=\"latest-category clearfix\">\n<h2 class=\"title\">More Stories From Actualitate<\/h2>\n<div class=\"stories-container\">\n<article id=\"related-196296\" class=\"story post-196296 post type-post status-publish format-standard has-post-thumbnail hentry category-actualitate category-economie category-eveniment-social category-headlines tag-camera-de-comert-si-industrie-valcea-2 tag-centenar tag-invitat tag-principele-nicolae\">\n<div class=\"photo\"><img decoding=\"async\" width=\"735\" height=\"440\" src=\"https:\/\/i0.wp.com\/www.curierul.ro\/wp-content\/uploads\/2026\/02\/FOND.jpg?fit=300%2C200&amp;ssl=1\" class=\"attachment-giornalismo-single size-giornalismo-single wp-post-image\" alt loading=\"lazy\"><\/div>\n<p class=\"headline\"><a href=\"https:\/\/www.curierul.ro\/astazi-principele-nicolae-este-invitatul-special-al-centenarului-camerei-de-comert-si-industrie-valcea\/\">Ast\u0103zi, Principele Nicolae este invitatul special al Centenarului Camerei de Comer\u021b \u0219i Industrie V\u00e2lcea<\/a><\/p>\n<\/article>\n<article id=\"related-196293\" class=\"story post-196293 post type-post status-publish format-standard has-post-thumbnail hentry category-actualitate category-politica\">\n<div class=\"photo\"><img decoding=\"async\" width=\"735\" height=\"440\" src=\"https:\/\/i0.wp.com\/www.curierul.ro\/wp-content\/uploads\/2026\/02\/gutau-discutii-asociatii.jpg?fit=300%2C225&amp;ssl=1\" class=\"attachment-giornalismo-single size-giornalismo-single wp-post-image\" alt loading=\"lazy\"><\/div>\n<p class=\"headline\"><a href=\"https:\/\/www.curierul.ro\/primarul-gutau-in-dialog-direct-cu-asociatiile-de-proprietari\/\">Primarul Gut\u0103u, \u00een dialog direct cu asocia\u021biile de proprietari<\/a><\/p>\n<\/article>\n<article id=\"related-196290\" class=\"story post-196290 post type-post status-publish format-standard has-post-thumbnail hentry category-actualitate category-zidezi tag-articol-de-la-partener\">\n<div class=\"photo\"><img decoding=\"async\" width=\"735\" height=\"440\" src=\"https:\/\/i0.wp.com\/www.curierul.ro\/wp-content\/uploads\/2026\/02\/ii9zqlzrz1pbwdp_wp.jpg?fit=300%2C200&amp;ssl=1\" class=\"attachment-giornalismo-single size-giornalismo-single wp-post-image\" alt loading=\"lazy\"><\/div>\n<p class=\"headline\"><a href=\"https:\/\/www.curierul.ro\/lumina-care-schimba-totul-cum-iti-transformi-bucataria-cu-un-iluminat-bine-ales\/\">Lumina care schimb\u0103 totul \u2013 cum \u00ee\u021bi transformi buc\u0103t\u0103ria cu un iluminat bine ales<\/a><\/p>\n<\/article>\n<\/div>\n<\/section>\n<section class=\"author-bio clearfix\">\n<div class=\"mug-shot\"><img decoding=\"async\" alt src=\"https:\/\/secure.gravatar.com\/avatar\/99cb5dc553c194226db8ff81883aeb68584791e67c78fb655bb3c37b83324715?s=96&amp;d=mm&amp;r=g\" class=\"avatar avatar-96 photo\" height=\"96\" width=\"96\" loading=\"lazy\"><\/div>\n<div class=\"author-info\">\n<p class=\"title\">About Comunicat de pres\u0103, <\/p>\n<div class=\"author-social-area\"><a href=\"mailto:redactie@curierul.ro\"><span class=\"fal fa-envelope\"><span class=\"screen-reader-text\">Email the Author<\/span><\/span><\/a><\/div>\n<\/div>\n<\/section>\n<\/footer>\n<\/article>\n<article id=\"latest-196290\" class=\"story post-196290 post type-post status-publish format-standard has-post-thumbnail hentry category-actualitate category-zidezi tag-articol-de-la-partener\">\n<div class=\"photo\"><img decoding=\"async\" width=\"735\" height=\"440\" src=\"https:\/\/i0.wp.com\/www.curierul.ro\/wp-content\/uploads\/2026\/02\/ii9zqlzrz1pbwdp_wp.jpg?fit=300%2C200&amp;ssl=1\" class=\"attachment-giornalismo-single size-giornalismo-single wp-post-image\" alt loading=\"lazy\"><\/div>\n<p class=\"headline\"><a href=\"https:\/\/www.curierul.ro\/lumina-care-schimba-totul-cum-iti-transformi-bucataria-cu-un-iluminat-bine-ales\/\">Lumina care schimb\u0103 totul \u2013 cum \u00ee\u021bi transformi buc\u0103t\u0103ria cu un iluminat bine ales<\/a><\/p>\n<\/article>\n<article id=\"latest-195733\" class=\"story post-195733 post type-post status-publish format-standard has-post-thumbnail hentry category-actualitate category-zidezi tag-articol-de-la-partener\">\n<div class=\"photo\"><img decoding=\"async\" width=\"735\" height=\"440\" src=\"https:\/\/i0.wp.com\/www.curierul.ro\/wp-content\/uploads\/2025\/12\/adobestock_325441797_wp.jpg?fit=300%2C200&amp;ssl=1\" class=\"attachment-giornalismo-single size-giornalismo-single wp-post-image\" alt loading=\"lazy\"><\/div>\n<p class=\"headline\"><a href=\"https:\/\/www.curierul.ro\/cum-sa-aranjezi-mobilierul-de-baie\/\">Cum s\u0103 aranjezi mobilierul de baie<\/a><\/p>\n<\/article>\n<article id=\"latest-195530\" class=\"story post-195530 post type-post status-publish format-standard has-post-thumbnail hentry category-actualitate category-comunicate category-zidezi tag-articol-de-la-partener\">\n<div class=\"photo\"><img decoding=\"async\" width=\"735\" height=\"440\" src=\"https:\/\/i0.wp.com\/www.curierul.ro\/wp-content\/uploads\/2025\/12\/cumsaintegrezidesignulusilordeexteriorcustilularhitecturalallocuintei_wp.jpg?fit=300%2C200&amp;ssl=1\" class=\"attachment-giornalismo-single size-giornalismo-single wp-post-image\" alt loading=\"lazy\"><\/div>\n<p class=\"headline\"><a href=\"https:\/\/www.curierul.ro\/cum-sa-integrezi-designul-usilor-de-exterior-in-stilul-arhitectural-al-locuintei\/\">Cum s\u0103 integrezi designul u\u0219ilor de exterior \u00een stilul arhitectural al locuin\u021bei?<\/a><\/p>\n<\/article>\n<article id=\"related-196296\" class=\"story post-196296 post type-post status-publish format-standard has-post-thumbnail hentry category-actualitate category-economie category-eveniment-social category-headlines tag-camera-de-comert-si-industrie-valcea-2 tag-centenar tag-invitat tag-principele-nicolae\">\n<div class=\"photo\"><img decoding=\"async\" width=\"735\" height=\"440\" src=\"https:\/\/i0.wp.com\/www.curierul.ro\/wp-content\/uploads\/2026\/02\/FOND.jpg?fit=300%2C200&amp;ssl=1\" class=\"attachment-giornalismo-single size-giornalismo-single wp-post-image\" alt loading=\"lazy\"><\/div>\n<p class=\"headline\"><a href=\"https:\/\/www.curierul.ro\/astazi-principele-nicolae-este-invitatul-special-al-centenarului-camerei-de-comert-si-industrie-valcea\/\">Ast\u0103zi, Principele Nicolae este invitatul special al Centenarului Camerei de Comer\u021b \u0219i Industrie V\u00e2lcea<\/a><\/p>\n<\/article>\n<article id=\"related-196293\" class=\"story post-196293 post type-post status-publish format-standard has-post-thumbnail hentry category-actualitate category-politica\">\n<div class=\"photo\"><img decoding=\"async\" width=\"735\" height=\"440\" src=\"https:\/\/i0.wp.com\/www.curierul.ro\/wp-content\/uploads\/2026\/02\/gutau-discutii-asociatii.jpg?fit=300%2C225&amp;ssl=1\" class=\"attachment-giornalismo-single size-giornalismo-single wp-post-image\" alt loading=\"lazy\"><\/div>\n<p class=\"headline\"><a href=\"https:\/\/www.curierul.ro\/primarul-gutau-in-dialog-direct-cu-asociatiile-de-proprietari\/\">Primarul Gut\u0103u, \u00een dialog direct cu asocia\u021biile de proprietari<\/a><\/p>\n<\/article>\n<article id=\"related-196290\" class=\"story post-196290 post type-post status-publish format-standard has-post-thumbnail hentry category-actualitate category-zidezi tag-articol-de-la-partener\">\n<div class=\"photo\"><img decoding=\"async\" width=\"735\" height=\"440\" src=\"https:\/\/i0.wp.com\/www.curierul.ro\/wp-content\/uploads\/2026\/02\/ii9zqlzrz1pbwdp_wp.jpg?fit=300%2C200&amp;ssl=1\" class=\"attachment-giornalismo-single size-giornalismo-single wp-post-image\" alt loading=\"lazy\"><\/div>\n<p class=\"headline\"><a href=\"https:\/\/www.curierul.ro\/lumina-care-schimba-totul-cum-iti-transformi-bucataria-cu-un-iluminat-bine-ales\/\">Lumina care schimb\u0103 totul \u2013 cum \u00ee\u021bi transformi buc\u0103t\u0103ria cu un iluminat bine ales<\/a><\/p>\n<\/article>\n<p>[analyse_source url=&#8221;https:\/\/www.curierul.ro\/cum-sa-asortezi-jacheta-cu-tinutele-tale-de-zi-cu-zi-8-recomandari\/&#8221;]<\/p>\n","protected":false},"excerpt":{"rendered":"<p>[analyse_image type=&#8221;featured&#8221; src=&#8221;https:\/\/www.curierul.ro\/wp-content\/uploads\/2026\/02\/cum_s_asortezi_jacheta_cu_inutele_tale_de_zi_cu_zi_8_recomandri_wp.jpghttps:\/\/i0.wp.com\/www.curierul.ro\/wp-content\/uploads\/2026\/02\/cum_s_asortezi_jacheta_cu_inutele_tale_de_zi_cu_zi_8_recomandri_wp.jpg?fit=1000%2C667&amp;ssl=1&#8243;] Home Actualitate Cum s\u0103 asortezi jacheta cu \u021binutele tale de zi cu zi? 8 recomand\u0103ri Cum s\u0103 asortezi jacheta cu \u021binutele tale de zi cu zi? 8 recomand\u0103ri Scris deComunicat de pres\u0103, 3 februarie 2026 Jacheta r\u0103m\u00e2ne una dintre piesele pe care le alegi aproape zilnic. O por\u021bi diminea\u021ba, o iei cu [&hellip;]<\/p>\n","protected":false},"author":1,"featured_media":0,"comment_status":"open","ping_status":"","sticky":false,"template":"","format":"standard","meta":{"footnotes":""},"categories":[89],"tags":[226,213],"class_list":["post-1766473","post","type-post","status-publish","format-standard","hentry","category-romania","tag-crawlmanager","tag-curierul-ro"],"_links":{"self":[{"href":"https:\/\/analyse.optim.biz\/index.php?rest_route=\/wp\/v2\/posts\/1766473","targetHints":{"allow":["GET"]}}],"collection":[{"href":"https:\/\/analyse.optim.biz\/index.php?rest_route=\/wp\/v2\/posts"}],"about":[{"href":"https:\/\/analyse.optim.biz\/index.php?rest_route=\/wp\/v2\/types\/post"}],"author":[{"embeddable":true,"href":"https:\/\/analyse.optim.biz\/index.php?rest_route=\/wp\/v2\/users\/1"}],"replies":[{"embeddable":true,"href":"https:\/\/analyse.optim.biz\/index.php?rest_route=%2Fwp%2Fv2%2Fcomments&post=1766473"}],"version-history":[{"count":0,"href":"https:\/\/analyse.optim.biz\/index.php?rest_route=\/wp\/v2\/posts\/1766473\/revisions"}],"wp:attachment":[{"href":"https:\/\/analyse.optim.biz\/index.php?rest_route=%2Fwp%2Fv2%2Fmedia&parent=1766473"}],"wp:term":[{"taxonomy":"category","embeddable":true,"href":"https:\/\/analyse.optim.biz\/index.php?rest_route=%2Fwp%2Fv2%2Fcategories&post=1766473"},{"taxonomy":"post_tag","embeddable":true,"href":"https:\/\/analyse.optim.biz\/index.php?rest_route=%2Fwp%2Fv2%2Ftags&post=1766473"}],"curies":[{"name":"wp","href":"https:\/\/api.w.org\/{rel}","templated":true}]}}