{"id":1766471,"date":"2026-02-03T11:50:14","date_gmt":"2026-02-03T08:50:14","guid":{"rendered":"https:\/\/analyse.optim.biz\/?p=1766471"},"modified":"2026-02-03T11:50:14","modified_gmt":"2026-02-03T08:50:14","slug":"analiza-roem-ubb-fsega-despre-economia-romaniei2026-un-an-in-oglinda-cu-2025-dar-cu-o-succesiune-inversata-a-trendurilor","status":"publish","type":"post","link":"https:\/\/analyse.optim.biz\/?p=1766471","title":{"rendered":"Analiz\u0103 RoEM-UBB FSEGA, despre economia Rom\u00e2niei:2026, un \u201ean \u00een oglind\u0103\u201d cu 2025, dar cu o succesiune inversat\u0103 a trendurilor"},"content":{"rendered":"<p>[analyse_image type=&#8221;featured&#8221; src=&#8221;https:\/\/www.curierul.ro\/wp-content\/uploads\/2026\/02\/RoEM_PIB2026-27_RO_Infografic.pnghttps:\/\/i0.wp.com\/www.curierul.ro\/wp-content\/uploads\/2026\/02\/RoEM_PIB2026-27_RO_Infografic.png?fit=1194%2C1200&amp;ssl=1&#8243;]<\/p>\n<article id=\"196181\" class=\"post-196181 post type-post status-publish format-standard has-post-thumbnail hentry category-actualitate category-economie\">\n<header class=\"post-header\">\n<ul class=\"breadcrumbs\">\n<li><a href=\"https:\/\/www.curierul.ro\">Home<\/a><\/li>\n<li class=\"breadcrumbs-active .category-actualitate\"><a href=\"https:\/\/www.curierul.ro\/index.php?cat=1615\">Actualitate<\/a><\/li>\n<li class=\"breadcrumbs-active .category-actualitate\"><i>Analiz\u0103 RoEM-UBB FSEGA, despre economia Rom\u00e2niei:<\/i><br \/>2026, un \u201ean \u00een oglind\u0103\u201d cu 2025, dar cu o succesiune inversat\u0103 a trendurilor<\/li>\n<\/ul>\n<div class=\"featured-photo\"><img loading=\"lazy\" decoding=\"async\" width=\"1986\" height=\"1996\" src=\"https:\/\/i0.wp.com\/www.curierul.ro\/wp-content\/uploads\/2026\/02\/RoEM_PIB2026-27_RO_Infografic.png?fit=298%2C300&amp;ssl=1\" class=\"attachment-single size-single wp-post-image\" alt><\/div>\n<h1 class=\"headline\"><i>Analiz\u0103 RoEM-UBB FSEGA, despre economia Rom\u00e2niei:<\/i><br \/>2026, un \u201ean \u00een oglind\u0103\u201d cu 2025, dar cu o succesiune inversat\u0103 a trendurilor<\/h1>\n<p class=\"byline\">\n\t\tScris de<a href=\"https:\/\/www.curierul.ro\/author\/comunicat-de-presa\/\">Comunicat de pres\u0103<\/a>, \t\t3 februarie 2026\t\t\t\t<\/p>\n<hr>\n<\/header>\n<p>La finalul primei luni din 2026, anul \u00een curs se contureaz\u0103 ca un posibil \u201ean \u00een oglind\u0103\u201d pentru economia Rom\u00e2niei, cu indicatori macroeconomici apropia\u021bi de cei din 2025, dar cu o evolu\u021bie inversat\u0103 a trendurilor pe parcursul anului. Dup\u0103 un \u00eenceput modest \u00een 2026, economia ar putea s\u0103 accelereze \u00een a doua jum\u0103tate a anului, pe fondul relu\u0103rii procesului de dezinfla\u021bie \u0219i al diminu\u0103rii impactului m\u0103surilor fiscale, \u00eentr-un context \u00een care men\u021binerea disciplinei bugetare \u0219i gestionarea riscurilor politice r\u0103m\u00e2n esen\u021biale pentru evitarea unor noi presiuni de finan\u021bare, consider\u0103 speciali\u0219tii <strong>Romanian Economic Monitor (RoEM)-UBB FSEGA, <\/strong>proiect de cercetare al Facult\u0103\u021bii de \u0218tiin\u021be Economice \u0219i Gestiunea Afacerilor (FSEGA) din cadrul Universit\u0103\u021bii Babe\u0219-Bolyai (UBB) din Cluj-Napoca.<\/p>\n<p><em>\u201eDup\u0103 o cre\u0219tere de 0,9% an\/an \u00een primele nou\u0103 luni din 2025, economia a \u00eencheiat, probabil, anul precedent \u00eentr-o not\u0103 slab\u0103. Estim\u0103m o cre\u0219tere de aproximativ 0,8% pentru \u00eentregul an 2025, u\u0219or sub consensul pie\u021bei, de circa 1%. Acest rezultat ar indica o oarecare rezilien\u021b\u0103 economic\u0103, av\u00e2nd \u00een vedere amploarea \u0219i impactul m\u0103surilor fiscale.\u00a0 Anul acesta, cre\u0219terea PIB \u0219i infla\u021bia medie ar putea r\u0103m\u00e2ne la niveluri similare cu cele din anul precedent, iar perspectivele indic\u0103 o \u00eembun\u0103t\u0103\u021bire gradual\u0103 a dinamicii economice. Ne<\/em><em>a\u0219teapt\u0103m la o cre\u0219tere anual\u0103 similar\u0103, cu un impuls mai puternic \u00een a doua jum\u0103tate a anului. Pentru 2027 anticip\u0103m o revenire mai pronun\u021bat\u0103, de +2,6%\u201d<\/em>, explic\u0103 Csaba B\u00e1lint, cadru didactic asociat al UBB Cluj-Napoca, cercet\u0103tor \u00een cadrul echipei RoEM-UBB FSEGA.<\/p>\n<p>Conform analizei realizat\u0103 de echipa RoEM-UBB FSEGA, \u00een 2025, consumul gospod\u0103riilor a fost afectat de presiunea asupra veniturilor reale disponibile, generate de temperarea cre\u0219terii salariilor \u0219i de accelerarea infla\u021biei, inclusiv \u00een contextul m\u0103surilor de consolidare fiscal\u0103 dificile, dar necesare. Impactul negativ a fost par\u021bial compensat de cre\u0219terea investi\u021biilor, sus\u021binute \u00een principal de proiecte finan\u021bate din fonduri europene \u0219i de cofinan\u021barea aferent\u0103.<\/p>\n<p><em>\u201eContribu\u021bia exporturilor nete a r\u0103mas negativ\u0103, \u00eens\u0103 mult mai redus\u0103 comparativ cu anul anterior, \u00een condi\u021biile \u00een care exporturile au reu\u0219it s\u0103 creasc\u0103 \u00eentr-un context european relativ rezilient, \u00een pofida \u0219ocului tarifelor vamale, \u0219i pe baza \u00eembun\u0103t\u0103\u021birilor logistice la frontier\u0103 asociate ader\u0103rii Rom\u00e2niei la spa\u021biul Schengen. \u00cen acela\u0219i timp, importurile au \u00eencetinit, pe fondul cererii interne mai slabe\u201d,<\/em> spune Csaba B\u00e1lint.<\/p>\n<p>Pentru acest an, speciali\u0219tii RoEM-UBB FSEGA se a\u0219teapt\u0103 la o cre\u0219tere anual\u0103 similar\u0103, dar cu un impuls mai puternic \u00een a doua jum\u0103tate a anului. <em>\u201eDup\u0103 un \u00eenceput slab, \u00een 2026, activitatea economic\u0103 ar putea accelera treptat, pe m\u0103sur\u0103 ce impactul pachetului de consolidare fiscal\u0103, aplicat \u00eentr-o manier\u0103 concentrat\u0103 \u00een 2025, se diminueaz\u0103, dezinfla\u021bia se reporne\u0219te, fondurile europene substan\u021biale devin disponibile, iar presiunile financiare asociate ajust\u0103rii fiscale se reduc. Chiar \u0219i \u00een acest context, scenariul nostru de baz\u0103 r\u0103m\u00e2ne o cre\u0219tere a PIB-ului de 0,8% pentru 2026\u201d<\/em>, spune Csaba B\u00e1lint.<\/p>\n<p>Speciali\u0219tii RoEM-UBB FSEGA estimeaz\u0103 c\u0103 nivelul sc\u0103zut al consumului gospod\u0103riilor va continua \u0219i \u00een 2026 s\u0103 exercite presiuni asupra ritmului cre\u0219terii economice, ca urmare a efectelor \u00eent\u00e2rziate ale infla\u021biei ridicate, ale deterior\u0103rii condi\u021biilor de pe pia\u021ba muncii \u0219i ale m\u0103surilor de consolidare fiscal\u0103 asupra veniturilor reale disponibile, inclusiv asupra transferurilor sociale, precum pensiile. Totu\u0219i, adaug\u0103 economi\u0219tii RoEM-UBB FSEGA, aceast\u0103 presiune ar putea fi par\u021bial atenuat\u0103 de bilan\u021burile mai solide ale gospod\u0103riilor, generate de cre\u0219terea semnificativ\u0103 a averii nete care a avut loc \u00een ultimii ani. Dar acest \u201etampon\u201d este probabil concentrat \u00een r\u00e2ndul gospod\u0103riilor cu venituri mai ridicate, \u00een special din marile ora\u0219e, astfel c\u0103, efectul s\u0103u de stabilizare asupra consumului ar putea fi doar limitat.<\/p>\n<p><em>\u201ePerspectivele ar putea \u00eencepe s\u0103 se \u00eembun\u0103t\u0103\u021beasc\u0103 \u00een a doua jum\u0103tate a anului 2026, \u00eentruc\u00e2t infla\u021bia este de a\u0219teptat s\u0103 scad\u0103 semnificativ, sus\u021binut\u0103 de efecte de baz\u0103 favorabile, de un deficit de cerere (consum redus), o cre\u0219tere mai lent\u0103 a salariilor \u0219i de normalizarea a\u0219tept\u0103rilor infla\u021bioniste. \u00cempreun\u0103 cu majorarea planificat\u0103 la mijlocul anului a salariului minim, de aproape 7%, aceste evolu\u021bii ar trebui s\u0103 sprijine veniturile reale \u0219i \u00eencrederea consumatorilor. De asemenea, ne a\u0219tept\u0103m ca exporturile nete s\u0103 aib\u0103 o contribu\u021bie pozitiv\u0103 semnificativ\u0103 la cre\u0219terea economic\u0103, \u00een condi\u021biile \u00een care consumul intern r\u0103m\u00e2ne, \u00een general, temperat, iar economia UE d\u0103 dovad\u0103 de o relativ\u0103 rezilien\u021b\u0103 economic\u0103, a\u0219a cum consider\u0103 majoritatea anali\u0219tilor. Per ansamblu, estim\u0103m c\u0103 \u0219i investi\u021biile vor oferi un nou impuls important PIB-ului \u00een 2026, sus\u021binute de perspectiva unei absorb\u021bii ridicate a fondurilor europene \u0219i de un nivel ridicat al investi\u021biilor publice\u201d<\/em>, explic\u0103 Csaba B\u00e1lint.<\/p>\n<p>\u00cen ceea ce prive\u0219te principalele riscuri interne, anali\u0219tii RoEM-FSEGA estimeaz\u0103 c\u0103 deficitul bugetar ar putea sc\u0103dea u\u0219or sub 6,5% din PIB \u00een 2026, f\u0103r\u0103 a fi necesare major\u0103ri suplimentare semnificative de taxe.<\/p>\n<p><em>\u201eCu toate acestea, tensiunile politice sau evolu\u021biile care ar putea submina capacitatea coali\u021biei de guvernare de a men\u021bine o consolidare fiscal\u0103 gradual\u0103 ar putea reaprinde \u00eengrijor\u0103rile economice \u0219i genera presiuni serioase de finan\u021bare. \u00cen acest context, reducerea dezechilibrelor macroeconomice existente ale Rom\u00e2niei devine \u0219i mai important\u0103, mai ales \u00eentr-un context global marcat de tensiuni geopolitice \u0219i de niveluri persistent ridicate ale datoriei publice\u201d<\/em>, concluzioneaz\u0103 Levente Sz\u00e1sz, coordonatorul echipei RoEM-UBB FSEGA.<\/p>\n<p><strong><u>Despre Romanian Economic Monitor:<\/u><\/strong><\/p>\n<p>Romanian Economic Monitor este un proiect de cercetare al Facult\u0103\u021bii de \u0218tiin\u021be Economice \u0219i Gestiunea Afacerilor din cadrulUniversit\u0103\u021bii Babe\u0219-Bolyai din Cluj-Napoca, prin care cei \u0219ase cercet\u0103tori ai universit\u0103\u021bii implica\u021bi \u00een acest demers \u0219tiin\u021bific public\u0103 o serie de date economice \u00een forma unor infografice interactive, menite s\u0103 arate o imagine comprehensiv\u0103, actualizat\u0103 \u00een timp real, a situa\u021biei economice din Rom\u00e2nia. Scopul proiectului este informarea clar\u0103 \u0219i precis\u0103 a rom\u00e2nilor \u00een privin\u021ba evolu\u021biei economiei, bazat\u0103 pe surse de date credibile \u0219i verificate, dar \u0219i oferirea unui sprijin real factorilor decizionali din politica \u0219i economia rom\u00e2neasc\u0103, prin realizarea \u0219i actualizarea frecvent\u0103 a analizei situa\u021biei economice, \u0219i oferirea unui punct de pornire pentru realizarea unor scenarii de previziune, care s\u0103 ajute func\u021bionarea eficient\u0103 a economiei.<\/p>\n<p><strong><u>Despre FSEGA:<\/u><\/strong><\/p>\n<p>Facultatea de \u0218tiin\u021be Economice \u0219i Gestiunea Afacerilor (FSEGA) din cadrul Universit\u0103\u021bii Babe\u0219-Bolyai (UBB) este cea mai mare facultate din \u021bar\u0103 \u0219i una dintre cele mai puternice \u0219coli rom\u00e2ne\u0219ti \u00een zona economie \u0219i afaceri, oferind servicii \u015ftiin\u0163ifice \u0219i educa\u021bionale prin programe de licen\u021b\u0103, masterat, doctorat, executive education, respectiv prin programe de cercetare avansat\u0103, consultan\u021b\u0103 \u015fi dezvoltare sustenabil\u0103. Aproape 9.000 de studen\u021bi nivel licen\u021b\u0103, masteranzi \u015fi doctoranzi beneficiaz\u0103 de oferta educa\u0163ional\u0103, didactic\u0103 \u015fi institu\u0163ional\u0103 a celor 386 de cadre didactice titulare \u0219i asociate, at\u00e2t \u00een Cluj-Napoca, c\u00e2t \u015fi \u00een cadrul extensiilor de la Re\u0219i\u021ba, Sf\u00e2ntu Gheorghe \u015fi Sighetul Marma\u0163iei. \u00cencep\u00e2nd din 30 iunie 2021, UBB, prin intermediul FSEGA, a devenit membru permanent cu drepturi depline al\u202fEuropean Foundation for Management Development (EFMD), fiind singura institu\u021bie de \u00eenv\u0103\u021b\u0103m\u00e2nt superior din Rom\u00e2nia cu acest statut. EFMD\u202fadministreaz\u0103 sistemul\u202fEFMD Quality Improvement System (EQUIS), unul dintre cele mai importante mecanisme de asigurare \u0219i certificare a calit\u0103\u021bii, respectiv de acreditare la nivel interna\u021bional a institu\u021biilor de \u00eenv\u0103\u021b\u0103m\u00e2nt superior \u00een domeniile administr\u0103rii afacerilor \u0219i managementului.<\/p>\n<div class=\"sharedaddy sd-sharing-enabled\">\n<div class=\"robots-nocontent sd-block sd-social sd-social-official sd-sharing\">\n<h3 class=\"sd-title\">Distribuie pe:<\/h3>\n<div class=\"sd-content\">\n<ul>\n<li class=\"share-facebook\">\n<li class=\"share-twitter\"><a href=\"https:\/\/twitter.com\/share\" class=\"twitter-share-button\" data-url=\"https:\/\/www.curierul.ro\/analiza-roem-ubb-fsega-despre-economia-romaniei2026-un-an-in-oglinda-cu-2025-dar-cu-o-succesiune-inversata-a-trendurilor\/\" data-text=\"&lt;i&gt;Analiz\u0103 RoEM-UBB FSEGA, despre economia Rom\u00e2niei:&lt;\/i&gt;2026, un \u201ean \u00een oglind\u0103\u201d cu 2025, dar cu o succesiune inversat\u0103 a trendurilor\" data-via=\"curierulvl\">Tweet<\/a><\/li>\n<li class=\"share-jetpack-whatsapp\"><a rel=\"nofollow noopener noreferrer\" data-shared=\"sharing-whatsapp-196181\" class=\"share-jetpack-whatsapp sd-button\" href=\"https:\/\/www.curierul.ro\/analiza-roem-ubb-fsega-despre-economia-romaniei2026-un-an-in-oglinda-cu-2025-dar-cu-o-succesiune-inversata-a-trendurilor\/?share=jetpack-whatsapp\" target=\"_blank\" aria-labelledby=\"sharing-whatsapp-196181\"><span id=\"sharing-whatsapp-196181\" hidden>D\u0103 clic pentru partajare pe WhatsApp(Se deschide \u00eentr-o fereastr\u0103 nou\u0103)<\/span><span>WhatsApp<\/span><\/a><\/li>\n<li><a href=\"https:\/\/www.curierul.ro\/analiza-roem-ubb-fsega-despre-economia-romaniei2026-un-an-in-oglinda-cu-2025-dar-cu-o-succesiune-inversata-a-trendurilor\/\" class=\"sharing-anchor sd-button share-more\"><span>Mai mult<\/span><\/a><\/li>\n<li class=\"share-end\"><\/ul>\n<div class=\"sharing-hidden\">\n<div class=\"inner\">\n<ul>\n<li class=\"share-email\"><a rel=\"nofollow noopener noreferrer\" data-shared=\"sharing-email-196181\" class=\"share-email sd-button\" href=\"mailto:?subject=%5BArticol%20partajat%5D%20%3Ci%3EAnaliz%C4%83%20RoEM-UBB%20FSEGA%2C%20despre%20economia%20Rom%C3%A2niei%3A%3C%2Fi%3E2026%2C%20un%20%E2%80%9Ean%20%C3%AEn%20oglind%C4%83%E2%80%9D%20cu%202025%2C%20dar%20cu%20o%20succesiune%20inversat%C4%83%20a%20trendurilor&amp;body=https%3A%2F%2Fwww.curierul.ro%2Fanaliza-roem-ubb-fsega-despre-economia-romaniei2026-un-an-in-oglinda-cu-2025-dar-cu-o-succesiune-inversata-a-trendurilor%2F&amp;share=email\" target=\"_blank\" aria-labelledby=\"sharing-email-196181\" data-email-share-error-title=\"\u021ai-ai configurat emailul?\" data-email-share-error-text=\"Dac\u0103 ai probleme la partajarea prin email, probabil nu ai configurat emailul pentru navigator. Poate trebuie s\u0103 creezi singur un email nou.\" data-email-share-nonce=\"f80d4d809b\" data-email-share-track-url=\"https:\/\/www.curierul.ro\/analiza-roem-ubb-fsega-despre-economia-romaniei2026-un-an-in-oglinda-cu-2025-dar-cu-o-succesiune-inversata-a-trendurilor\/?share=email\"><span id=\"sharing-email-196181\" hidden>D\u0103 clic pentru a trimite o leg\u0103tur\u0103 prin email unui prieten(Se deschide \u00eentr-o fereastr\u0103 nou\u0103)<\/span><span>Email<\/span><\/a><\/li>\n<li class=\"share-print\"><a rel=\"nofollow noopener noreferrer\" data-shared=\"sharing-print-196181\" class=\"share-print sd-button\" href=\"https:\/\/www.curierul.ro\/analiza-roem-ubb-fsega-despre-economia-romaniei2026-un-an-in-oglinda-cu-2025-dar-cu-o-succesiune-inversata-a-trendurilor\/#print?share=print\" target=\"_blank\" aria-labelledby=\"sharing-print-196181\"><span id=\"sharing-print-196181\" hidden>D\u0103 clic pentru a imprima(Se deschide \u00eentr-o fereastr\u0103 nou\u0103)<\/span><span>Imprimare<\/span><\/a><\/li>\n<li class=\"share-end\"><\/ul>\n<\/div>\n<\/div>\n<\/div>\n<\/div>\n<\/div>\n<div id=\"jp-relatedposts\" class=\"jp-relatedposts\">\n<h3 class=\"jp-relatedposts-headline\"><em>Similare<\/em><\/h3>\n<\/div>\n<footer class=\"post-footer\">\n<div class=\"post-navigation clearfix\">\n<div class=\"previous-post\">\n<div class=\"featured-photo\"><img loading=\"lazy\" decoding=\"async\" width=\"2000\" height=\"1126\" src=\"https:\/\/i0.wp.com\/www.curierul.ro\/wp-content\/uploads\/2026\/02\/Accident-2.jpeg?fit=300%2C169&amp;ssl=1\" class=\"attachment-post-thumbnail size-post-thumbnail wp-post-image\" alt><\/div>\n<p class=\"paginate-title\">\u00ab\u00ab <a href=\"https:\/\/www.curierul.ro\/accident-cu-victime\/\" rel=\"prev\">Accident cu victime<\/a><\/p>\n<\/div>\n<div class=\"next-post\">\n<div class=\"featured-photo\"><img decoding=\"async\" width=\"1000\" height=\"667\" src=\"https:\/\/i0.wp.com\/www.curierul.ro\/wp-content\/uploads\/2026\/02\/cum_s_asortezi_jacheta_cu_inutele_tale_de_zi_cu_zi_8_recomandri_wp.jpg?fit=300%2C200&amp;ssl=1\" class=\"attachment-post-thumbnail size-post-thumbnail wp-post-image\" alt loading=\"lazy\"><\/div>\n<p class=\"paginate-title\"><a href=\"https:\/\/www.curierul.ro\/cum-sa-asortezi-jacheta-cu-tinutele-tale-de-zi-cu-zi-8-recomandari\/\" rel=\"next\">Cum s\u0103 asortezi jacheta cu \u021binutele tale de zi cu zi? 8 recomand\u0103ri<\/a> \u00bb\u00bb<\/p>\n<\/div>\n<\/div>\n<div id=\"comments\" class=\"comments-area\">\n<div id=\"respond\" class=\"comment-respond\">\n<h3 id=\"reply-title\" class=\"comment-reply-title\">Po\u021bi comenta aici<small><a rel=\"nofollow\" id=\"cancel-comment-reply-link\" href=\"https:\/\/www.curierul.ro\/analiza-roem-ubb-fsega-despre-economia-romaniei2026-un-an-in-oglinda-cu-2025-dar-cu-o-succesiune-inversata-a-trendurilor\/#respond\">Anuleaz\u0103 r\u0103spunsul<\/a><\/small><\/h3>\n<\/div>\n<p class=\"akismet_comment_form_privacy_notice\">Acest site folose\u0219te Akismet pentru a reduce spamul. <a href=\"https:\/\/akismet.com\/privacy\/\" target=\"_blank\" rel=\"nofollow noopener\">Afl\u0103 cum sunt procesate datele comentariilor tale<\/a>.<\/p>\n<\/div>\n<section class=\"latest-category clearfix\">\n<h2 class=\"title\">More Stories From Actualitate<\/h2>\n<div class=\"stories-container\">\n<article id=\"related-196296\" class=\"story post-196296 post type-post status-publish format-standard has-post-thumbnail hentry category-actualitate category-economie category-eveniment-social category-headlines tag-camera-de-comert-si-industrie-valcea-2 tag-centenar tag-invitat tag-principele-nicolae\">\n<div class=\"photo\"><img decoding=\"async\" width=\"735\" height=\"440\" src=\"https:\/\/i0.wp.com\/www.curierul.ro\/wp-content\/uploads\/2026\/02\/FOND.jpg?fit=300%2C200&amp;ssl=1\" class=\"attachment-giornalismo-single size-giornalismo-single wp-post-image\" alt loading=\"lazy\"><\/div>\n<p class=\"headline\"><a href=\"https:\/\/www.curierul.ro\/astazi-principele-nicolae-este-invitatul-special-al-centenarului-camerei-de-comert-si-industrie-valcea\/\">Ast\u0103zi, Principele Nicolae este invitatul special al Centenarului Camerei de Comer\u021b \u0219i Industrie V\u00e2lcea<\/a><\/p>\n<\/article>\n<article id=\"related-196293\" class=\"story post-196293 post type-post status-publish format-standard has-post-thumbnail hentry category-actualitate category-politica\">\n<div class=\"photo\"><img decoding=\"async\" width=\"735\" height=\"440\" src=\"https:\/\/i0.wp.com\/www.curierul.ro\/wp-content\/uploads\/2026\/02\/gutau-discutii-asociatii.jpg?fit=300%2C225&amp;ssl=1\" class=\"attachment-giornalismo-single size-giornalismo-single wp-post-image\" alt loading=\"lazy\"><\/div>\n<p class=\"headline\"><a href=\"https:\/\/www.curierul.ro\/primarul-gutau-in-dialog-direct-cu-asociatiile-de-proprietari\/\">Primarul Gut\u0103u, \u00een dialog direct cu asocia\u021biile de proprietari<\/a><\/p>\n<\/article>\n<article id=\"related-196290\" class=\"story post-196290 post type-post status-publish format-standard has-post-thumbnail hentry category-actualitate category-zidezi tag-articol-de-la-partener\">\n<div class=\"photo\"><img decoding=\"async\" width=\"735\" height=\"440\" src=\"https:\/\/i0.wp.com\/www.curierul.ro\/wp-content\/uploads\/2026\/02\/ii9zqlzrz1pbwdp_wp.jpg?fit=300%2C200&amp;ssl=1\" class=\"attachment-giornalismo-single size-giornalismo-single wp-post-image\" alt loading=\"lazy\"><\/div>\n<p class=\"headline\"><a href=\"https:\/\/www.curierul.ro\/lumina-care-schimba-totul-cum-iti-transformi-bucataria-cu-un-iluminat-bine-ales\/\">Lumina care schimb\u0103 totul \u2013 cum \u00ee\u021bi transformi buc\u0103t\u0103ria cu un iluminat bine ales<\/a><\/p>\n<\/article>\n<\/div>\n<\/section>\n<section class=\"author-bio clearfix\">\n<div class=\"mug-shot\"><img decoding=\"async\" alt src=\"https:\/\/secure.gravatar.com\/avatar\/99cb5dc553c194226db8ff81883aeb68584791e67c78fb655bb3c37b83324715?s=96&amp;d=mm&amp;r=g\" class=\"avatar avatar-96 photo\" height=\"96\" width=\"96\" loading=\"lazy\"><\/div>\n<div class=\"author-info\">\n<p class=\"title\">About Comunicat de pres\u0103, <\/p>\n<div class=\"author-social-area\"><a href=\"mailto:redactie@curierul.ro\"><span class=\"fal fa-envelope\"><span class=\"screen-reader-text\">Email the Author<\/span><\/span><\/a><\/div>\n<\/div>\n<\/section>\n<\/footer>\n<\/article>\n<article id=\"196181\" class=\"post-196181 post type-post status-publish format-standard has-post-thumbnail hentry category-actualitate category-economie\">\n<header class=\"post-header\">\n<ul class=\"breadcrumbs\">\n<li><a href=\"https:\/\/www.curierul.ro\">Home<\/a><\/li>\n<li class=\"breadcrumbs-active .category-actualitate\"><a href=\"https:\/\/www.curierul.ro\/index.php?cat=1615\">Actualitate<\/a><\/li>\n<li class=\"breadcrumbs-active .category-actualitate\"><i>Analiz\u0103 RoEM-UBB FSEGA, despre economia Rom\u00e2niei:<\/i><br \/>2026, un \u201ean \u00een oglind\u0103\u201d cu 2025, dar cu o succesiune inversat\u0103 a trendurilor<\/li>\n<\/ul>\n<div class=\"featured-photo\"><img loading=\"lazy\" decoding=\"async\" width=\"1986\" height=\"1996\" src=\"https:\/\/i0.wp.com\/www.curierul.ro\/wp-content\/uploads\/2026\/02\/RoEM_PIB2026-27_RO_Infografic.png?fit=298%2C300&amp;ssl=1\" class=\"attachment-single size-single wp-post-image\" alt><\/div>\n<h1 class=\"headline\"><i>Analiz\u0103 RoEM-UBB FSEGA, despre economia Rom\u00e2niei:<\/i><br \/>2026, un \u201ean \u00een oglind\u0103\u201d cu 2025, dar cu o succesiune inversat\u0103 a trendurilor<\/h1>\n<p class=\"byline\">\n\t\tScris de<a href=\"https:\/\/www.curierul.ro\/author\/comunicat-de-presa\/\">Comunicat de pres\u0103<\/a>, \t\t3 februarie 2026\t\t\t\t<\/p>\n<hr>\n<\/header>\n<p>La finalul primei luni din 2026, anul \u00een curs se contureaz\u0103 ca un posibil \u201ean \u00een oglind\u0103\u201d pentru economia Rom\u00e2niei, cu indicatori macroeconomici apropia\u021bi de cei din 2025, dar cu o evolu\u021bie inversat\u0103 a trendurilor pe parcursul anului. Dup\u0103 un \u00eenceput modest \u00een 2026, economia ar putea s\u0103 accelereze \u00een a doua jum\u0103tate a anului, pe fondul relu\u0103rii procesului de dezinfla\u021bie \u0219i al diminu\u0103rii impactului m\u0103surilor fiscale, \u00eentr-un context \u00een care men\u021binerea disciplinei bugetare \u0219i gestionarea riscurilor politice r\u0103m\u00e2n esen\u021biale pentru evitarea unor noi presiuni de finan\u021bare, consider\u0103 speciali\u0219tii <strong>Romanian Economic Monitor (RoEM)-UBB FSEGA, <\/strong>proiect de cercetare al Facult\u0103\u021bii de \u0218tiin\u021be Economice \u0219i Gestiunea Afacerilor (FSEGA) din cadrul Universit\u0103\u021bii Babe\u0219-Bolyai (UBB) din Cluj-Napoca.<\/p>\n<p><em>\u201eDup\u0103 o cre\u0219tere de 0,9% an\/an \u00een primele nou\u0103 luni din 2025, economia a \u00eencheiat, probabil, anul precedent \u00eentr-o not\u0103 slab\u0103. Estim\u0103m o cre\u0219tere de aproximativ 0,8% pentru \u00eentregul an 2025, u\u0219or sub consensul pie\u021bei, de circa 1%. Acest rezultat ar indica o oarecare rezilien\u021b\u0103 economic\u0103, av\u00e2nd \u00een vedere amploarea \u0219i impactul m\u0103surilor fiscale.\u00a0 Anul acesta, cre\u0219terea PIB \u0219i infla\u021bia medie ar putea r\u0103m\u00e2ne la niveluri similare cu cele din anul precedent, iar perspectivele indic\u0103 o \u00eembun\u0103t\u0103\u021bire gradual\u0103 a dinamicii economice. Ne<\/em><em>a\u0219teapt\u0103m la o cre\u0219tere anual\u0103 similar\u0103, cu un impuls mai puternic \u00een a doua jum\u0103tate a anului. Pentru 2027 anticip\u0103m o revenire mai pronun\u021bat\u0103, de +2,6%\u201d<\/em>, explic\u0103 Csaba B\u00e1lint, cadru didactic asociat al UBB Cluj-Napoca, cercet\u0103tor \u00een cadrul echipei RoEM-UBB FSEGA.<\/p>\n<p>Conform analizei realizat\u0103 de echipa RoEM-UBB FSEGA, \u00een 2025, consumul gospod\u0103riilor a fost afectat de presiunea asupra veniturilor reale disponibile, generate de temperarea cre\u0219terii salariilor \u0219i de accelerarea infla\u021biei, inclusiv \u00een contextul m\u0103surilor de consolidare fiscal\u0103 dificile, dar necesare. Impactul negativ a fost par\u021bial compensat de cre\u0219terea investi\u021biilor, sus\u021binute \u00een principal de proiecte finan\u021bate din fonduri europene \u0219i de cofinan\u021barea aferent\u0103.<\/p>\n<p><em>\u201eContribu\u021bia exporturilor nete a r\u0103mas negativ\u0103, \u00eens\u0103 mult mai redus\u0103 comparativ cu anul anterior, \u00een condi\u021biile \u00een care exporturile au reu\u0219it s\u0103 creasc\u0103 \u00eentr-un context european relativ rezilient, \u00een pofida \u0219ocului tarifelor vamale, \u0219i pe baza \u00eembun\u0103t\u0103\u021birilor logistice la frontier\u0103 asociate ader\u0103rii Rom\u00e2niei la spa\u021biul Schengen. \u00cen acela\u0219i timp, importurile au \u00eencetinit, pe fondul cererii interne mai slabe\u201d,<\/em> spune Csaba B\u00e1lint.<\/p>\n<p>Pentru acest an, speciali\u0219tii RoEM-UBB FSEGA se a\u0219teapt\u0103 la o cre\u0219tere anual\u0103 similar\u0103, dar cu un impuls mai puternic \u00een a doua jum\u0103tate a anului. <em>\u201eDup\u0103 un \u00eenceput slab, \u00een 2026, activitatea economic\u0103 ar putea accelera treptat, pe m\u0103sur\u0103 ce impactul pachetului de consolidare fiscal\u0103, aplicat \u00eentr-o manier\u0103 concentrat\u0103 \u00een 2025, se diminueaz\u0103, dezinfla\u021bia se reporne\u0219te, fondurile europene substan\u021biale devin disponibile, iar presiunile financiare asociate ajust\u0103rii fiscale se reduc. Chiar \u0219i \u00een acest context, scenariul nostru de baz\u0103 r\u0103m\u00e2ne o cre\u0219tere a PIB-ului de 0,8% pentru 2026\u201d<\/em>, spune Csaba B\u00e1lint.<\/p>\n<p>Speciali\u0219tii RoEM-UBB FSEGA estimeaz\u0103 c\u0103 nivelul sc\u0103zut al consumului gospod\u0103riilor va continua \u0219i \u00een 2026 s\u0103 exercite presiuni asupra ritmului cre\u0219terii economice, ca urmare a efectelor \u00eent\u00e2rziate ale infla\u021biei ridicate, ale deterior\u0103rii condi\u021biilor de pe pia\u021ba muncii \u0219i ale m\u0103surilor de consolidare fiscal\u0103 asupra veniturilor reale disponibile, inclusiv asupra transferurilor sociale, precum pensiile. Totu\u0219i, adaug\u0103 economi\u0219tii RoEM-UBB FSEGA, aceast\u0103 presiune ar putea fi par\u021bial atenuat\u0103 de bilan\u021burile mai solide ale gospod\u0103riilor, generate de cre\u0219terea semnificativ\u0103 a averii nete care a avut loc \u00een ultimii ani. Dar acest \u201etampon\u201d este probabil concentrat \u00een r\u00e2ndul gospod\u0103riilor cu venituri mai ridicate, \u00een special din marile ora\u0219e, astfel c\u0103, efectul s\u0103u de stabilizare asupra consumului ar putea fi doar limitat.<\/p>\n<p><em>\u201ePerspectivele ar putea \u00eencepe s\u0103 se \u00eembun\u0103t\u0103\u021beasc\u0103 \u00een a doua jum\u0103tate a anului 2026, \u00eentruc\u00e2t infla\u021bia este de a\u0219teptat s\u0103 scad\u0103 semnificativ, sus\u021binut\u0103 de efecte de baz\u0103 favorabile, de un deficit de cerere (consum redus), o cre\u0219tere mai lent\u0103 a salariilor \u0219i de normalizarea a\u0219tept\u0103rilor infla\u021bioniste. \u00cempreun\u0103 cu majorarea planificat\u0103 la mijlocul anului a salariului minim, de aproape 7%, aceste evolu\u021bii ar trebui s\u0103 sprijine veniturile reale \u0219i \u00eencrederea consumatorilor. De asemenea, ne a\u0219tept\u0103m ca exporturile nete s\u0103 aib\u0103 o contribu\u021bie pozitiv\u0103 semnificativ\u0103 la cre\u0219terea economic\u0103, \u00een condi\u021biile \u00een care consumul intern r\u0103m\u00e2ne, \u00een general, temperat, iar economia UE d\u0103 dovad\u0103 de o relativ\u0103 rezilien\u021b\u0103 economic\u0103, a\u0219a cum consider\u0103 majoritatea anali\u0219tilor. Per ansamblu, estim\u0103m c\u0103 \u0219i investi\u021biile vor oferi un nou impuls important PIB-ului \u00een 2026, sus\u021binute de perspectiva unei absorb\u021bii ridicate a fondurilor europene \u0219i de un nivel ridicat al investi\u021biilor publice\u201d<\/em>, explic\u0103 Csaba B\u00e1lint.<\/p>\n<p>\u00cen ceea ce prive\u0219te principalele riscuri interne, anali\u0219tii RoEM-FSEGA estimeaz\u0103 c\u0103 deficitul bugetar ar putea sc\u0103dea u\u0219or sub 6,5% din PIB \u00een 2026, f\u0103r\u0103 a fi necesare major\u0103ri suplimentare semnificative de taxe.<\/p>\n<p><em>\u201eCu toate acestea, tensiunile politice sau evolu\u021biile care ar putea submina capacitatea coali\u021biei de guvernare de a men\u021bine o consolidare fiscal\u0103 gradual\u0103 ar putea reaprinde \u00eengrijor\u0103rile economice \u0219i genera presiuni serioase de finan\u021bare. \u00cen acest context, reducerea dezechilibrelor macroeconomice existente ale Rom\u00e2niei devine \u0219i mai important\u0103, mai ales \u00eentr-un context global marcat de tensiuni geopolitice \u0219i de niveluri persistent ridicate ale datoriei publice\u201d<\/em>, concluzioneaz\u0103 Levente Sz\u00e1sz, coordonatorul echipei RoEM-UBB FSEGA.<\/p>\n<p><strong><u>Despre Romanian Economic Monitor:<\/u><\/strong><\/p>\n<p>Romanian Economic Monitor este un proiect de cercetare al Facult\u0103\u021bii de \u0218tiin\u021be Economice \u0219i Gestiunea Afacerilor din cadrulUniversit\u0103\u021bii Babe\u0219-Bolyai din Cluj-Napoca, prin care cei \u0219ase cercet\u0103tori ai universit\u0103\u021bii implica\u021bi \u00een acest demers \u0219tiin\u021bific public\u0103 o serie de date economice \u00een forma unor infografice interactive, menite s\u0103 arate o imagine comprehensiv\u0103, actualizat\u0103 \u00een timp real, a situa\u021biei economice din Rom\u00e2nia. Scopul proiectului este informarea clar\u0103 \u0219i precis\u0103 a rom\u00e2nilor \u00een privin\u021ba evolu\u021biei economiei, bazat\u0103 pe surse de date credibile \u0219i verificate, dar \u0219i oferirea unui sprijin real factorilor decizionali din politica \u0219i economia rom\u00e2neasc\u0103, prin realizarea \u0219i actualizarea frecvent\u0103 a analizei situa\u021biei economice, \u0219i oferirea unui punct de pornire pentru realizarea unor scenarii de previziune, care s\u0103 ajute func\u021bionarea eficient\u0103 a economiei.<\/p>\n<p><strong><u>Despre FSEGA:<\/u><\/strong><\/p>\n<p>Facultatea de \u0218tiin\u021be Economice \u0219i Gestiunea Afacerilor (FSEGA) din cadrul Universit\u0103\u021bii Babe\u0219-Bolyai (UBB) este cea mai mare facultate din \u021bar\u0103 \u0219i una dintre cele mai puternice \u0219coli rom\u00e2ne\u0219ti \u00een zona economie \u0219i afaceri, oferind servicii \u015ftiin\u0163ifice \u0219i educa\u021bionale prin programe de licen\u021b\u0103, masterat, doctorat, executive education, respectiv prin programe de cercetare avansat\u0103, consultan\u021b\u0103 \u015fi dezvoltare sustenabil\u0103. Aproape 9.000 de studen\u021bi nivel licen\u021b\u0103, masteranzi \u015fi doctoranzi beneficiaz\u0103 de oferta educa\u0163ional\u0103, didactic\u0103 \u015fi institu\u0163ional\u0103 a celor 386 de cadre didactice titulare \u0219i asociate, at\u00e2t \u00een Cluj-Napoca, c\u00e2t \u015fi \u00een cadrul extensiilor de la Re\u0219i\u021ba, Sf\u00e2ntu Gheorghe \u015fi Sighetul Marma\u0163iei. \u00cencep\u00e2nd din 30 iunie 2021, UBB, prin intermediul FSEGA, a devenit membru permanent cu drepturi depline al\u202fEuropean Foundation for Management Development (EFMD), fiind singura institu\u021bie de \u00eenv\u0103\u021b\u0103m\u00e2nt superior din Rom\u00e2nia cu acest statut. EFMD\u202fadministreaz\u0103 sistemul\u202fEFMD Quality Improvement System (EQUIS), unul dintre cele mai importante mecanisme de asigurare \u0219i certificare a calit\u0103\u021bii, respectiv de acreditare la nivel interna\u021bional a institu\u021biilor de \u00eenv\u0103\u021b\u0103m\u00e2nt superior \u00een domeniile administr\u0103rii afacerilor \u0219i managementului.<\/p>\n<div class=\"sharedaddy sd-sharing-enabled\">\n<div class=\"robots-nocontent sd-block sd-social sd-social-official sd-sharing\">\n<h3 class=\"sd-title\">Distribuie pe:<\/h3>\n<div class=\"sd-content\">\n<ul>\n<li class=\"share-facebook\">\n<li class=\"share-twitter\"><a href=\"https:\/\/twitter.com\/share\" class=\"twitter-share-button\" data-url=\"https:\/\/www.curierul.ro\/analiza-roem-ubb-fsega-despre-economia-romaniei2026-un-an-in-oglinda-cu-2025-dar-cu-o-succesiune-inversata-a-trendurilor\/\" data-text=\"&lt;i&gt;Analiz\u0103 RoEM-UBB FSEGA, despre economia Rom\u00e2niei:&lt;\/i&gt;2026, un \u201ean \u00een oglind\u0103\u201d cu 2025, dar cu o succesiune inversat\u0103 a trendurilor\" data-via=\"curierulvl\">Tweet<\/a><\/li>\n<li class=\"share-jetpack-whatsapp\"><a rel=\"nofollow noopener noreferrer\" data-shared=\"sharing-whatsapp-196181\" class=\"share-jetpack-whatsapp sd-button\" href=\"https:\/\/www.curierul.ro\/analiza-roem-ubb-fsega-despre-economia-romaniei2026-un-an-in-oglinda-cu-2025-dar-cu-o-succesiune-inversata-a-trendurilor\/?share=jetpack-whatsapp\" target=\"_blank\" aria-labelledby=\"sharing-whatsapp-196181\"><span id=\"sharing-whatsapp-196181\" hidden>D\u0103 clic pentru partajare pe WhatsApp(Se deschide \u00eentr-o fereastr\u0103 nou\u0103)<\/span><span>WhatsApp<\/span><\/a><\/li>\n<li><a href=\"https:\/\/www.curierul.ro\/analiza-roem-ubb-fsega-despre-economia-romaniei2026-un-an-in-oglinda-cu-2025-dar-cu-o-succesiune-inversata-a-trendurilor\/\" class=\"sharing-anchor sd-button share-more\"><span>Mai mult<\/span><\/a><\/li>\n<li class=\"share-end\"><\/ul>\n<div class=\"sharing-hidden\">\n<div class=\"inner\">\n<ul>\n<li class=\"share-email\"><a rel=\"nofollow noopener noreferrer\" data-shared=\"sharing-email-196181\" class=\"share-email sd-button\" href=\"mailto:?subject=%5BArticol%20partajat%5D%20%3Ci%3EAnaliz%C4%83%20RoEM-UBB%20FSEGA%2C%20despre%20economia%20Rom%C3%A2niei%3A%3C%2Fi%3E2026%2C%20un%20%E2%80%9Ean%20%C3%AEn%20oglind%C4%83%E2%80%9D%20cu%202025%2C%20dar%20cu%20o%20succesiune%20inversat%C4%83%20a%20trendurilor&amp;body=https%3A%2F%2Fwww.curierul.ro%2Fanaliza-roem-ubb-fsega-despre-economia-romaniei2026-un-an-in-oglinda-cu-2025-dar-cu-o-succesiune-inversata-a-trendurilor%2F&amp;share=email\" target=\"_blank\" aria-labelledby=\"sharing-email-196181\" data-email-share-error-title=\"\u021ai-ai configurat emailul?\" data-email-share-error-text=\"Dac\u0103 ai probleme la partajarea prin email, probabil nu ai configurat emailul pentru navigator. Poate trebuie s\u0103 creezi singur un email nou.\" data-email-share-nonce=\"f80d4d809b\" data-email-share-track-url=\"https:\/\/www.curierul.ro\/analiza-roem-ubb-fsega-despre-economia-romaniei2026-un-an-in-oglinda-cu-2025-dar-cu-o-succesiune-inversata-a-trendurilor\/?share=email\"><span id=\"sharing-email-196181\" hidden>D\u0103 clic pentru a trimite o leg\u0103tur\u0103 prin email unui prieten(Se deschide \u00eentr-o fereastr\u0103 nou\u0103)<\/span><span>Email<\/span><\/a><\/li>\n<li class=\"share-print\"><a rel=\"nofollow noopener noreferrer\" data-shared=\"sharing-print-196181\" class=\"share-print sd-button\" href=\"https:\/\/www.curierul.ro\/analiza-roem-ubb-fsega-despre-economia-romaniei2026-un-an-in-oglinda-cu-2025-dar-cu-o-succesiune-inversata-a-trendurilor\/#print?share=print\" target=\"_blank\" aria-labelledby=\"sharing-print-196181\"><span id=\"sharing-print-196181\" hidden>D\u0103 clic pentru a imprima(Se deschide \u00eentr-o fereastr\u0103 nou\u0103)<\/span><span>Imprimare<\/span><\/a><\/li>\n<li class=\"share-end\"><\/ul>\n<\/div>\n<\/div>\n<\/div>\n<\/div>\n<\/div>\n<div id=\"jp-relatedposts\" class=\"jp-relatedposts\">\n<h3 class=\"jp-relatedposts-headline\"><em>Similare<\/em><\/h3>\n<\/div>\n<footer class=\"post-footer\">\n<div class=\"post-navigation clearfix\">\n<div class=\"previous-post\">\n<div class=\"featured-photo\"><img loading=\"lazy\" decoding=\"async\" width=\"2000\" height=\"1126\" src=\"https:\/\/i0.wp.com\/www.curierul.ro\/wp-content\/uploads\/2026\/02\/Accident-2.jpeg?fit=300%2C169&amp;ssl=1\" class=\"attachment-post-thumbnail size-post-thumbnail wp-post-image\" alt><\/div>\n<p class=\"paginate-title\">\u00ab\u00ab <a href=\"https:\/\/www.curierul.ro\/accident-cu-victime\/\" rel=\"prev\">Accident cu victime<\/a><\/p>\n<\/div>\n<div class=\"next-post\">\n<div class=\"featured-photo\"><img decoding=\"async\" width=\"1000\" height=\"667\" src=\"https:\/\/i0.wp.com\/www.curierul.ro\/wp-content\/uploads\/2026\/02\/cum_s_asortezi_jacheta_cu_inutele_tale_de_zi_cu_zi_8_recomandri_wp.jpg?fit=300%2C200&amp;ssl=1\" class=\"attachment-post-thumbnail size-post-thumbnail wp-post-image\" alt loading=\"lazy\"><\/div>\n<p class=\"paginate-title\"><a href=\"https:\/\/www.curierul.ro\/cum-sa-asortezi-jacheta-cu-tinutele-tale-de-zi-cu-zi-8-recomandari\/\" rel=\"next\">Cum s\u0103 asortezi jacheta cu \u021binutele tale de zi cu zi? 8 recomand\u0103ri<\/a> \u00bb\u00bb<\/p>\n<\/div>\n<\/div>\n<div id=\"comments\" class=\"comments-area\">\n<div id=\"respond\" class=\"comment-respond\">\n<h3 id=\"reply-title\" class=\"comment-reply-title\">Po\u021bi comenta aici<small><a rel=\"nofollow\" id=\"cancel-comment-reply-link\" href=\"https:\/\/www.curierul.ro\/analiza-roem-ubb-fsega-despre-economia-romaniei2026-un-an-in-oglinda-cu-2025-dar-cu-o-succesiune-inversata-a-trendurilor\/#respond\">Anuleaz\u0103 r\u0103spunsul<\/a><\/small><\/h3>\n<\/div>\n<p class=\"akismet_comment_form_privacy_notice\">Acest site folose\u0219te Akismet pentru a reduce spamul. <a href=\"https:\/\/akismet.com\/privacy\/\" target=\"_blank\" rel=\"nofollow noopener\">Afl\u0103 cum sunt procesate datele comentariilor tale<\/a>.<\/p>\n<\/div>\n<section class=\"latest-category clearfix\">\n<h2 class=\"title\">More Stories From Actualitate<\/h2>\n<div class=\"stories-container\">\n<article id=\"related-196296\" class=\"story post-196296 post type-post status-publish format-standard has-post-thumbnail hentry category-actualitate category-economie category-eveniment-social category-headlines tag-camera-de-comert-si-industrie-valcea-2 tag-centenar tag-invitat tag-principele-nicolae\">\n<div class=\"photo\"><img decoding=\"async\" width=\"735\" height=\"440\" src=\"https:\/\/i0.wp.com\/www.curierul.ro\/wp-content\/uploads\/2026\/02\/FOND.jpg?fit=300%2C200&amp;ssl=1\" class=\"attachment-giornalismo-single size-giornalismo-single wp-post-image\" alt loading=\"lazy\"><\/div>\n<p class=\"headline\"><a href=\"https:\/\/www.curierul.ro\/astazi-principele-nicolae-este-invitatul-special-al-centenarului-camerei-de-comert-si-industrie-valcea\/\">Ast\u0103zi, Principele Nicolae este invitatul special al Centenarului Camerei de Comer\u021b \u0219i Industrie V\u00e2lcea<\/a><\/p>\n<\/article>\n<article id=\"related-196293\" class=\"story post-196293 post type-post status-publish format-standard has-post-thumbnail hentry category-actualitate category-politica\">\n<div class=\"photo\"><img decoding=\"async\" width=\"735\" height=\"440\" src=\"https:\/\/i0.wp.com\/www.curierul.ro\/wp-content\/uploads\/2026\/02\/gutau-discutii-asociatii.jpg?fit=300%2C225&amp;ssl=1\" class=\"attachment-giornalismo-single size-giornalismo-single wp-post-image\" alt loading=\"lazy\"><\/div>\n<p class=\"headline\"><a href=\"https:\/\/www.curierul.ro\/primarul-gutau-in-dialog-direct-cu-asociatiile-de-proprietari\/\">Primarul Gut\u0103u, \u00een dialog direct cu asocia\u021biile de proprietari<\/a><\/p>\n<\/article>\n<article id=\"related-196290\" class=\"story post-196290 post type-post status-publish format-standard has-post-thumbnail hentry category-actualitate category-zidezi tag-articol-de-la-partener\">\n<div class=\"photo\"><img decoding=\"async\" width=\"735\" height=\"440\" src=\"https:\/\/i0.wp.com\/www.curierul.ro\/wp-content\/uploads\/2026\/02\/ii9zqlzrz1pbwdp_wp.jpg?fit=300%2C200&amp;ssl=1\" class=\"attachment-giornalismo-single size-giornalismo-single wp-post-image\" alt loading=\"lazy\"><\/div>\n<p class=\"headline\"><a href=\"https:\/\/www.curierul.ro\/lumina-care-schimba-totul-cum-iti-transformi-bucataria-cu-un-iluminat-bine-ales\/\">Lumina care schimb\u0103 totul \u2013 cum \u00ee\u021bi transformi buc\u0103t\u0103ria cu un iluminat bine ales<\/a><\/p>\n<\/article>\n<\/div>\n<\/section>\n<section class=\"author-bio clearfix\">\n<div class=\"mug-shot\"><img decoding=\"async\" alt src=\"https:\/\/secure.gravatar.com\/avatar\/99cb5dc553c194226db8ff81883aeb68584791e67c78fb655bb3c37b83324715?s=96&amp;d=mm&amp;r=g\" class=\"avatar avatar-96 photo\" height=\"96\" width=\"96\" loading=\"lazy\"><\/div>\n<div class=\"author-info\">\n<p class=\"title\">About Comunicat de pres\u0103, <\/p>\n<div class=\"author-social-area\"><a href=\"mailto:redactie@curierul.ro\"><span class=\"fal fa-envelope\"><span class=\"screen-reader-text\">Email the Author<\/span><\/span><\/a><\/div>\n<\/div>\n<\/section>\n<\/footer>\n<\/article>\n<article id=\"related-196296\" class=\"story post-196296 post type-post status-publish format-standard has-post-thumbnail hentry category-actualitate category-economie category-eveniment-social category-headlines tag-camera-de-comert-si-industrie-valcea-2 tag-centenar tag-invitat tag-principele-nicolae\">\n<div class=\"photo\"><img decoding=\"async\" width=\"735\" height=\"440\" src=\"https:\/\/i0.wp.com\/www.curierul.ro\/wp-content\/uploads\/2026\/02\/FOND.jpg?fit=300%2C200&amp;ssl=1\" class=\"attachment-giornalismo-single size-giornalismo-single wp-post-image\" alt loading=\"lazy\"><\/div>\n<p class=\"headline\"><a href=\"https:\/\/www.curierul.ro\/astazi-principele-nicolae-este-invitatul-special-al-centenarului-camerei-de-comert-si-industrie-valcea\/\">Ast\u0103zi, Principele Nicolae este invitatul special al Centenarului Camerei de Comer\u021b \u0219i Industrie V\u00e2lcea<\/a><\/p>\n<\/article>\n<article id=\"related-196293\" class=\"story post-196293 post type-post status-publish format-standard has-post-thumbnail hentry category-actualitate category-politica\">\n<div class=\"photo\"><img decoding=\"async\" width=\"735\" height=\"440\" src=\"https:\/\/i0.wp.com\/www.curierul.ro\/wp-content\/uploads\/2026\/02\/gutau-discutii-asociatii.jpg?fit=300%2C225&amp;ssl=1\" class=\"attachment-giornalismo-single size-giornalismo-single wp-post-image\" alt loading=\"lazy\"><\/div>\n<p class=\"headline\"><a href=\"https:\/\/www.curierul.ro\/primarul-gutau-in-dialog-direct-cu-asociatiile-de-proprietari\/\">Primarul Gut\u0103u, \u00een dialog direct cu asocia\u021biile de proprietari<\/a><\/p>\n<\/article>\n<article id=\"related-196290\" class=\"story post-196290 post type-post status-publish format-standard has-post-thumbnail hentry category-actualitate category-zidezi tag-articol-de-la-partener\">\n<div class=\"photo\"><img decoding=\"async\" width=\"735\" height=\"440\" src=\"https:\/\/i0.wp.com\/www.curierul.ro\/wp-content\/uploads\/2026\/02\/ii9zqlzrz1pbwdp_wp.jpg?fit=300%2C200&amp;ssl=1\" class=\"attachment-giornalismo-single size-giornalismo-single wp-post-image\" alt loading=\"lazy\"><\/div>\n<p class=\"headline\"><a href=\"https:\/\/www.curierul.ro\/lumina-care-schimba-totul-cum-iti-transformi-bucataria-cu-un-iluminat-bine-ales\/\">Lumina care schimb\u0103 totul \u2013 cum \u00ee\u021bi transformi buc\u0103t\u0103ria cu un iluminat bine ales<\/a><\/p>\n<\/article>\n<p>[analyse_source url=&#8221;https:\/\/www.curierul.ro\/analiza-roem-ubb-fsega-despre-economia-romaniei2026-un-an-in-oglinda-cu-2025-dar-cu-o-succesiune-inversata-a-trendurilor\/&#8221;]<\/p>\n","protected":false},"excerpt":{"rendered":"<p>[analyse_image type=&#8221;featured&#8221; src=&#8221;https:\/\/www.curierul.ro\/wp-content\/uploads\/2026\/02\/RoEM_PIB2026-27_RO_Infografic.pnghttps:\/\/i0.wp.com\/www.curierul.ro\/wp-content\/uploads\/2026\/02\/RoEM_PIB2026-27_RO_Infografic.png?fit=1194%2C1200&amp;ssl=1&#8243;] Home Actualitate Analiz\u0103 RoEM-UBB FSEGA, despre economia Rom\u00e2niei:2026, un \u201ean \u00een oglind\u0103\u201d cu 2025, dar cu o succesiune inversat\u0103 a trendurilor Analiz\u0103 RoEM-UBB FSEGA, despre economia Rom\u00e2niei:2026, un \u201ean \u00een oglind\u0103\u201d cu 2025, dar cu o succesiune inversat\u0103 a trendurilor Scris deComunicat de pres\u0103, 3 februarie 2026 La finalul primei luni din [&hellip;]<\/p>\n","protected":false},"author":1,"featured_media":0,"comment_status":"open","ping_status":"","sticky":false,"template":"","format":"standard","meta":{"footnotes":""},"categories":[89],"tags":[226,213],"class_list":["post-1766471","post","type-post","status-publish","format-standard","hentry","category-romania","tag-crawlmanager","tag-curierul-ro"],"_links":{"self":[{"href":"https:\/\/analyse.optim.biz\/index.php?rest_route=\/wp\/v2\/posts\/1766471","targetHints":{"allow":["GET"]}}],"collection":[{"href":"https:\/\/analyse.optim.biz\/index.php?rest_route=\/wp\/v2\/posts"}],"about":[{"href":"https:\/\/analyse.optim.biz\/index.php?rest_route=\/wp\/v2\/types\/post"}],"author":[{"embeddable":true,"href":"https:\/\/analyse.optim.biz\/index.php?rest_route=\/wp\/v2\/users\/1"}],"replies":[{"embeddable":true,"href":"https:\/\/analyse.optim.biz\/index.php?rest_route=%2Fwp%2Fv2%2Fcomments&post=1766471"}],"version-history":[{"count":0,"href":"https:\/\/analyse.optim.biz\/index.php?rest_route=\/wp\/v2\/posts\/1766471\/revisions"}],"wp:attachment":[{"href":"https:\/\/analyse.optim.biz\/index.php?rest_route=%2Fwp%2Fv2%2Fmedia&parent=1766471"}],"wp:term":[{"taxonomy":"category","embeddable":true,"href":"https:\/\/analyse.optim.biz\/index.php?rest_route=%2Fwp%2Fv2%2Fcategories&post=1766471"},{"taxonomy":"post_tag","embeddable":true,"href":"https:\/\/analyse.optim.biz\/index.php?rest_route=%2Fwp%2Fv2%2Ftags&post=1766471"}],"curies":[{"name":"wp","href":"https:\/\/api.w.org\/{rel}","templated":true}]}}