{"id":1766470,"date":"2026-02-03T10:54:50","date_gmt":"2026-02-03T07:54:50","guid":{"rendered":"https:\/\/analyse.optim.biz\/?p=1766470"},"modified":"2026-02-03T10:54:50","modified_gmt":"2026-02-03T07:54:50","slug":"accident-cu-victime","status":"publish","type":"post","link":"https:\/\/analyse.optim.biz\/?p=1766470","title":{"rendered":"Accident cu victime"},"content":{"rendered":"<p>[analyse_image type=&#8221;featured&#8221; src=&#8221;https:\/\/www.curierul.ro\/wp-content\/uploads\/2026\/02\/Accident-2.jpeghttps:\/\/i0.wp.com\/www.curierul.ro\/wp-content\/uploads\/2026\/02\/Accident-2.jpeg?fit=1200%2C676&amp;ssl=1&#8243;]<\/p>\n<article id=\"196165\" class=\"post-196165 post type-post status-publish format-standard has-post-thumbnail hentry category-actualitate category-headlines category-isu category-politie category-social\">\n<header class=\"post-header\">\n<ul class=\"breadcrumbs\">\n<li><a href=\"https:\/\/www.curierul.ro\">Home<\/a><\/li>\n<li class=\"breadcrumbs-active .category-actualitate\"><a href=\"https:\/\/www.curierul.ro\/index.php?cat=1615\">Actualitate<\/a><\/li>\n<li class=\"breadcrumbs-active .category-actualitate\">Accident cu victime<\/li>\n<\/ul>\n<div class=\"featured-photo\"><img loading=\"lazy\" decoding=\"async\" width=\"2000\" height=\"1126\" src=\"https:\/\/i0.wp.com\/www.curierul.ro\/wp-content\/uploads\/2026\/02\/Accident-2.jpeg?fit=300%2C169&amp;ssl=1\" class=\"attachment-single size-single wp-post-image\" alt><\/div>\n<h1 class=\"headline\">Accident cu victime<\/h1>\n<p class=\"byline\">\n\t\tScris de<a href=\"https:\/\/www.curierul.ro\/author\/sorin\/\">Sorin Alexandru Barbu<\/a>, \t\t3 februarie 2026\t\t\t\t<\/p>\n<hr>\n<\/header>\n<p>Cu foarte pu\u021bin timp \u00een urm\u0103, la intersec\u021bia dintre bulevardul Tudor Vladimirescu \u0219i strada Mihai Viteazul, a avut loc un accident soldat cu victime. La fa\u021ba locului ac\u021bioneaz\u0103 personalul de la ISU V\u00e2lcea c\u00e2t \u0219i de la poli\u021bie. Vom reveni cu am\u0103nunte.<\/p>\n<p><em><strong>ACTUALIZARE<\/strong><\/em>: Conform informa\u021biilor primite de la ISU, victimele au fost transportate la UPU V\u00e2lcea cu dou\u0103 autospeciale ale Serviciului de Ambulan\u021b\u0103 V\u00e2lcea \u0219i una SMURD.<\/p>\n<p><em><strong>COMUNICAT IPJ V\u00e2lcea<\/strong><\/em><\/p>\n<p>Poli\u021bi\u0219tii Biroului Rutier R\u00e2mnicu V\u00e2lcea au intervenit, \u00een urm\u0103 cu pu\u021bin timp, la un accident rutier produs la intersec\u021bia str\u0103zilor Mihai Viteazul \u0219i Tudor Vladimirescu, \u00een care au fost implicate dou\u0103 autoturisme.<\/p>\n<p>Din primele verific\u0103ri efectuate la fa\u021ba locului s-a stabilit c\u0103 un b\u0103rbat, \u00een v\u00e2rst\u0103 de 80 de ani, din municipiul R\u00e2mnicu V\u00e2lcea, \u00een timp ce conducea un autoturism, nu ar fi acordat prioritate de trecere unui vehicul condus de un b\u0103rbat de 32 de ani.<\/p>\n<p>\u00cen urma evenimentului rutier a rezultat r\u0103nirea conduc\u0103torului auto de 32 de ani, precum \u0219i a unui pasager aflat \u00een autoturismul condus de acesta, respectiv un b\u0103rbat de 35 de ani.<\/p>\n<p>Cei doi conduc\u0103tori auto au fost testa\u021bi cu aparatul etilotest, rezultatele fiind negative.<\/p>\n<p>Cercet\u0103rile sunt continuate de poli\u021bi\u0219ti, \u00een vederea stabilirii cu exactitate a tuturor cauzelor \u0219i \u00eemprejur\u0103rilor \u00een care s-a produs accidentul rutier.<\/p>\n<p><strong>Foto credit \u2013 C\u0103t\u0103lin M\u0103rg\u0103rit\/ PinPhoto<\/strong><\/p>\n<figure data-carousel-extra='{\"blog_id\":1,\"permalink\":\"https:\/\/www.curierul.ro\/accident-cu-victime\/\"}' class=\"wp-block-gallery has-nested-images columns-default is-cropped wp-block-gallery-2 is-layout-flex wp-block-gallery-is-layout-flex\">\n<figure class=\"wp-block-image size-large\"><img loading=\"lazy\" decoding=\"async\" width=\"1024\" height=\"577\" data-id=\"196171\" class=\"wp-image-196171\" src=\"https:\/\/i0.wp.com\/www.curierul.ro\/wp-content\/uploads\/2026\/02\/Accident-4.jpeg?fit=300%2C169&amp;ssl=1\" alt><\/figure>\n<figure class=\"wp-block-image size-large\"><img decoding=\"async\" loading=\"lazy\" width=\"1024\" height=\"577\" data-id=\"196169\" class=\"wp-image-196169\" src=\"https:\/\/i0.wp.com\/www.curierul.ro\/wp-content\/uploads\/2026\/02\/Accident-3.jpeg?fit=300%2C169&amp;ssl=1\" alt><\/figure>\n<figure class=\"wp-block-image size-large\"><img decoding=\"async\" loading=\"lazy\" width=\"1024\" height=\"577\" data-id=\"196168\" class=\"wp-image-196168\" src=\"https:\/\/i0.wp.com\/www.curierul.ro\/wp-content\/uploads\/2026\/02\/Accident-2-1.jpeg?fit=300%2C169&amp;ssl=1\" alt><\/figure>\n<figure class=\"wp-block-image size-large\"><img decoding=\"async\" loading=\"lazy\" width=\"1024\" height=\"577\" data-id=\"196170\" class=\"wp-image-196170\" src=\"https:\/\/i0.wp.com\/www.curierul.ro\/wp-content\/uploads\/2026\/02\/Accident.jpeg?fit=300%2C169&amp;ssl=1\" alt><\/figure>\n<figure class=\"wp-block-image size-large\"><img decoding=\"async\" loading=\"lazy\" width=\"1024\" height=\"577\" data-id=\"196167\" class=\"wp-image-196167\" src=\"https:\/\/i0.wp.com\/www.curierul.ro\/wp-content\/uploads\/2026\/02\/Accident-5.jpeg?fit=300%2C169&amp;ssl=1\" alt><\/figure>\n<figure class=\"wp-block-image size-large\"><img decoding=\"async\" loading=\"lazy\" width=\"1024\" height=\"577\" data-id=\"196166\" class=\"wp-image-196166\" src=\"https:\/\/i0.wp.com\/www.curierul.ro\/wp-content\/uploads\/2026\/02\/Accident-2.jpeg?fit=300%2C169&amp;ssl=1\" alt><\/figure>\n<\/figure>\n<div class=\"sharedaddy sd-sharing-enabled\">\n<div class=\"robots-nocontent sd-block sd-social sd-social-official sd-sharing\">\n<h3 class=\"sd-title\">Distribuie pe:<\/h3>\n<div class=\"sd-content\">\n<ul>\n<li class=\"share-facebook\">\n<li class=\"share-twitter\"><a href=\"https:\/\/twitter.com\/share\" class=\"twitter-share-button\" data-url=\"https:\/\/www.curierul.ro\/accident-cu-victime\/\" data-text=\"Accident cu victime\" data-via=\"curierulvl\">Tweet<\/a><\/li>\n<li class=\"share-jetpack-whatsapp\"><a rel=\"nofollow noopener noreferrer\" data-shared=\"sharing-whatsapp-196165\" class=\"share-jetpack-whatsapp sd-button\" href=\"https:\/\/www.curierul.ro\/accident-cu-victime\/?share=jetpack-whatsapp\" target=\"_blank\" aria-labelledby=\"sharing-whatsapp-196165\"><span id=\"sharing-whatsapp-196165\" hidden>D\u0103 clic pentru partajare pe WhatsApp(Se deschide \u00eentr-o fereastr\u0103 nou\u0103)<\/span><span>WhatsApp<\/span><\/a><\/li>\n<li><a href=\"https:\/\/www.curierul.ro\/accident-cu-victime\/\" class=\"sharing-anchor sd-button share-more\"><span>Mai mult<\/span><\/a><\/li>\n<li class=\"share-end\"><\/ul>\n<div class=\"sharing-hidden\">\n<div class=\"inner\">\n<ul>\n<li class=\"share-email\"><a rel=\"nofollow noopener noreferrer\" data-shared=\"sharing-email-196165\" class=\"share-email sd-button\" href=\"mailto:?subject=%5BArticol%20partajat%5D%20Accident%20cu%20victime&amp;body=https%3A%2F%2Fwww.curierul.ro%2Faccident-cu-victime%2F&amp;share=email\" target=\"_blank\" aria-labelledby=\"sharing-email-196165\" data-email-share-error-title=\"\u021ai-ai configurat emailul?\" data-email-share-error-text=\"Dac\u0103 ai probleme la partajarea prin email, probabil nu ai configurat emailul pentru navigator. Poate trebuie s\u0103 creezi singur un email nou.\" data-email-share-nonce=\"5cd3943ed8\" data-email-share-track-url=\"https:\/\/www.curierul.ro\/accident-cu-victime\/?share=email\"><span id=\"sharing-email-196165\" hidden>D\u0103 clic pentru a trimite o leg\u0103tur\u0103 prin email unui prieten(Se deschide \u00eentr-o fereastr\u0103 nou\u0103)<\/span><span>Email<\/span><\/a><\/li>\n<li class=\"share-print\"><a rel=\"nofollow noopener noreferrer\" data-shared=\"sharing-print-196165\" class=\"share-print sd-button\" href=\"https:\/\/www.curierul.ro\/accident-cu-victime\/#print?share=print\" target=\"_blank\" aria-labelledby=\"sharing-print-196165\"><span id=\"sharing-print-196165\" hidden>D\u0103 clic pentru a imprima(Se deschide \u00eentr-o fereastr\u0103 nou\u0103)<\/span><span>Imprimare<\/span><\/a><\/li>\n<li class=\"share-end\"><\/ul>\n<\/div>\n<\/div>\n<\/div>\n<\/div>\n<\/div>\n<div id=\"jp-relatedposts\" class=\"jp-relatedposts\">\n<h3 class=\"jp-relatedposts-headline\"><em>Similare<\/em><\/h3>\n<\/div>\n<footer class=\"post-footer\">\n<div class=\"post-navigation clearfix\">\n<div class=\"previous-post\">\n<div class=\"featured-photo\"><img decoding=\"async\" width=\"1280\" height=\"720\" src=\"https:\/\/i0.wp.com\/www.curierul.ro\/wp-content\/uploads\/2026\/02\/conflict-licee.jpg?fit=300%2C169&amp;ssl=1\" class=\"attachment-post-thumbnail size-post-thumbnail wp-post-image\" alt loading=\"lazy\"><\/div>\n<p class=\"paginate-title\">\u00ab\u00ab <a href=\"https:\/\/www.curierul.ro\/atentie-parinti-conflictul-liceelor-un-eveniment-la-care-profesorii-scoala-si-inspectoratul-nu-participa\/\" rel=\"prev\">Aten\u021bie p\u0103rin\u021bi! \u00abConflictul liceelor\u00bb, un eveniment la care profesorii, \u0218coala \u0219i Inspectoratul nu particip\u0103<\/a><\/p>\n<\/div>\n<div class=\"next-post\">\n<div class=\"featured-photo\"><img decoding=\"async\" width=\"1986\" height=\"1996\" src=\"https:\/\/i0.wp.com\/www.curierul.ro\/wp-content\/uploads\/2026\/02\/RoEM_PIB2026-27_RO_Infografic.png?fit=298%2C300&amp;ssl=1\" class=\"attachment-post-thumbnail size-post-thumbnail wp-post-image\" alt loading=\"lazy\"><\/div>\n<p class=\"paginate-title\"><a href=\"https:\/\/www.curierul.ro\/analiza-roem-ubb-fsega-despre-economia-romaniei2026-un-an-in-oglinda-cu-2025-dar-cu-o-succesiune-inversata-a-trendurilor\/\" rel=\"next\"><i>Analiz\u0103 RoEM-UBB FSEGA, despre economia Rom\u00e2niei:<\/i><br \/>2026, un \u201ean \u00een oglind\u0103\u201d cu 2025, dar cu o succesiune inversat\u0103 a trendurilor<\/a> \u00bb\u00bb<\/p>\n<\/div>\n<\/div>\n<div id=\"comments\" class=\"comments-area\">\n<div id=\"respond\" class=\"comment-respond\">\n<h3 id=\"reply-title\" class=\"comment-reply-title\">Po\u021bi comenta aici<small><a rel=\"nofollow\" id=\"cancel-comment-reply-link\" href=\"https:\/\/www.curierul.ro\/accident-cu-victime\/#respond\">Anuleaz\u0103 r\u0103spunsul<\/a><\/small><\/h3>\n<\/div>\n<p class=\"akismet_comment_form_privacy_notice\">Acest site folose\u0219te Akismet pentru a reduce spamul. <a href=\"https:\/\/akismet.com\/privacy\/\" target=\"_blank\" rel=\"nofollow noopener\">Afl\u0103 cum sunt procesate datele comentariilor tale<\/a>.<\/p>\n<\/div>\n<section class=\"latest-category clearfix\">\n<h2 class=\"title\">More Stories From Actualitate<\/h2>\n<div class=\"stories-container\">\n<article id=\"related-196296\" class=\"story post-196296 post type-post status-publish format-standard has-post-thumbnail hentry category-actualitate category-economie category-eveniment-social category-headlines tag-camera-de-comert-si-industrie-valcea-2 tag-centenar tag-invitat tag-principele-nicolae\">\n<div class=\"photo\"><img decoding=\"async\" width=\"735\" height=\"440\" src=\"https:\/\/i0.wp.com\/www.curierul.ro\/wp-content\/uploads\/2026\/02\/FOND.jpg?fit=300%2C200&amp;ssl=1\" class=\"attachment-giornalismo-single size-giornalismo-single wp-post-image\" alt loading=\"lazy\"><\/div>\n<p class=\"headline\"><a href=\"https:\/\/www.curierul.ro\/astazi-principele-nicolae-este-invitatul-special-al-centenarului-camerei-de-comert-si-industrie-valcea\/\">Ast\u0103zi, Principele Nicolae este invitatul special al Centenarului Camerei de Comer\u021b \u0219i Industrie V\u00e2lcea<\/a><\/p>\n<\/article>\n<article id=\"related-196293\" class=\"story post-196293 post type-post status-publish format-standard has-post-thumbnail hentry category-actualitate category-politica\">\n<div class=\"photo\"><img decoding=\"async\" width=\"735\" height=\"440\" src=\"https:\/\/i0.wp.com\/www.curierul.ro\/wp-content\/uploads\/2026\/02\/gutau-discutii-asociatii.jpg?fit=300%2C225&amp;ssl=1\" class=\"attachment-giornalismo-single size-giornalismo-single wp-post-image\" alt loading=\"lazy\"><\/div>\n<p class=\"headline\"><a href=\"https:\/\/www.curierul.ro\/primarul-gutau-in-dialog-direct-cu-asociatiile-de-proprietari\/\">Primarul Gut\u0103u, \u00een dialog direct cu asocia\u021biile de proprietari<\/a><\/p>\n<\/article>\n<article id=\"related-196290\" class=\"story post-196290 post type-post status-publish format-standard has-post-thumbnail hentry category-actualitate category-zidezi tag-articol-de-la-partener\">\n<div class=\"photo\"><img decoding=\"async\" width=\"735\" height=\"440\" src=\"https:\/\/i0.wp.com\/www.curierul.ro\/wp-content\/uploads\/2026\/02\/ii9zqlzrz1pbwdp_wp.jpg?fit=300%2C200&amp;ssl=1\" class=\"attachment-giornalismo-single size-giornalismo-single wp-post-image\" alt loading=\"lazy\"><\/div>\n<p class=\"headline\"><a href=\"https:\/\/www.curierul.ro\/lumina-care-schimba-totul-cum-iti-transformi-bucataria-cu-un-iluminat-bine-ales\/\">Lumina care schimb\u0103 totul \u2013 cum \u00ee\u021bi transformi buc\u0103t\u0103ria cu un iluminat bine ales<\/a><\/p>\n<\/article>\n<\/div>\n<\/section>\n<section class=\"author-bio clearfix\">\n<div class=\"mug-shot\"><img decoding=\"async\" alt src=\"https:\/\/secure.gravatar.com\/avatar\/01a5d9d84ee9ff05fc9f4005c0bceec4ad2406faaed68f19f774a86fb33a21cb?s=96&amp;d=mm&amp;r=g\" class=\"avatar avatar-96 photo\" height=\"96\" width=\"96\" loading=\"lazy\"><\/div>\n<div class=\"author-info\">\n<p class=\"title\">About Sorin Alexandru Barbu, <\/p>\n<p class=\"bio\">Director general Curierul de V\u00e2lcea<\/p>\n<div class=\"author-social-area\"><a href=\"http:\/\/facebook.com\/sorinalexandrubarbu\" target=\"_blank\"><span class=\"fab fa-facebook-f\"><span class=\"screen-reader-text\">Profil Facebook<\/span><\/span><\/a><a href=\"mailto:sorin@curierul.ro\"><span class=\"fal fa-envelope\"><span class=\"screen-reader-text\">Email the Author<\/span><\/span><\/a><\/div>\n<\/div>\n<\/section>\n<\/footer>\n<\/article>\n<article id=\"196165\" class=\"post-196165 post type-post status-publish format-standard has-post-thumbnail hentry category-actualitate category-headlines category-isu category-politie category-social\">\n<header class=\"post-header\">\n<ul class=\"breadcrumbs\">\n<li><a href=\"https:\/\/www.curierul.ro\">Home<\/a><\/li>\n<li class=\"breadcrumbs-active .category-actualitate\"><a href=\"https:\/\/www.curierul.ro\/index.php?cat=1615\">Actualitate<\/a><\/li>\n<li class=\"breadcrumbs-active .category-actualitate\">Accident cu victime<\/li>\n<\/ul>\n<div class=\"featured-photo\"><img loading=\"lazy\" decoding=\"async\" width=\"2000\" height=\"1126\" src=\"https:\/\/i0.wp.com\/www.curierul.ro\/wp-content\/uploads\/2026\/02\/Accident-2.jpeg?fit=300%2C169&amp;ssl=1\" class=\"attachment-single size-single wp-post-image\" alt><\/div>\n<h1 class=\"headline\">Accident cu victime<\/h1>\n<p class=\"byline\">\n\t\tScris de<a href=\"https:\/\/www.curierul.ro\/author\/sorin\/\">Sorin Alexandru Barbu<\/a>, \t\t3 februarie 2026\t\t\t\t<\/p>\n<hr>\n<\/header>\n<p>Cu foarte pu\u021bin timp \u00een urm\u0103, la intersec\u021bia dintre bulevardul Tudor Vladimirescu \u0219i strada Mihai Viteazul, a avut loc un accident soldat cu victime. La fa\u021ba locului ac\u021bioneaz\u0103 personalul de la ISU V\u00e2lcea c\u00e2t \u0219i de la poli\u021bie. Vom reveni cu am\u0103nunte.<\/p>\n<p><em><strong>ACTUALIZARE<\/strong><\/em>: Conform informa\u021biilor primite de la ISU, victimele au fost transportate la UPU V\u00e2lcea cu dou\u0103 autospeciale ale Serviciului de Ambulan\u021b\u0103 V\u00e2lcea \u0219i una SMURD.<\/p>\n<p><em><strong>COMUNICAT IPJ V\u00e2lcea<\/strong><\/em><\/p>\n<p>Poli\u021bi\u0219tii Biroului Rutier R\u00e2mnicu V\u00e2lcea au intervenit, \u00een urm\u0103 cu pu\u021bin timp, la un accident rutier produs la intersec\u021bia str\u0103zilor Mihai Viteazul \u0219i Tudor Vladimirescu, \u00een care au fost implicate dou\u0103 autoturisme.<\/p>\n<p>Din primele verific\u0103ri efectuate la fa\u021ba locului s-a stabilit c\u0103 un b\u0103rbat, \u00een v\u00e2rst\u0103 de 80 de ani, din municipiul R\u00e2mnicu V\u00e2lcea, \u00een timp ce conducea un autoturism, nu ar fi acordat prioritate de trecere unui vehicul condus de un b\u0103rbat de 32 de ani.<\/p>\n<p>\u00cen urma evenimentului rutier a rezultat r\u0103nirea conduc\u0103torului auto de 32 de ani, precum \u0219i a unui pasager aflat \u00een autoturismul condus de acesta, respectiv un b\u0103rbat de 35 de ani.<\/p>\n<p>Cei doi conduc\u0103tori auto au fost testa\u021bi cu aparatul etilotest, rezultatele fiind negative.<\/p>\n<p>Cercet\u0103rile sunt continuate de poli\u021bi\u0219ti, \u00een vederea stabilirii cu exactitate a tuturor cauzelor \u0219i \u00eemprejur\u0103rilor \u00een care s-a produs accidentul rutier.<\/p>\n<p><strong>Foto credit \u2013 C\u0103t\u0103lin M\u0103rg\u0103rit\/ PinPhoto<\/strong><\/p>\n<figure data-carousel-extra='{\"blog_id\":1,\"permalink\":\"https:\/\/www.curierul.ro\/accident-cu-victime\/\"}' class=\"wp-block-gallery has-nested-images columns-default is-cropped wp-block-gallery-2 is-layout-flex wp-block-gallery-is-layout-flex\">\n<figure class=\"wp-block-image size-large\"><img loading=\"lazy\" decoding=\"async\" width=\"1024\" height=\"577\" data-id=\"196171\" class=\"wp-image-196171\" src=\"https:\/\/i0.wp.com\/www.curierul.ro\/wp-content\/uploads\/2026\/02\/Accident-4.jpeg?fit=300%2C169&amp;ssl=1\" alt><\/figure>\n<figure class=\"wp-block-image size-large\"><img decoding=\"async\" loading=\"lazy\" width=\"1024\" height=\"577\" data-id=\"196169\" class=\"wp-image-196169\" src=\"https:\/\/i0.wp.com\/www.curierul.ro\/wp-content\/uploads\/2026\/02\/Accident-3.jpeg?fit=300%2C169&amp;ssl=1\" alt><\/figure>\n<figure class=\"wp-block-image size-large\"><img decoding=\"async\" loading=\"lazy\" width=\"1024\" height=\"577\" data-id=\"196168\" class=\"wp-image-196168\" src=\"https:\/\/i0.wp.com\/www.curierul.ro\/wp-content\/uploads\/2026\/02\/Accident-2-1.jpeg?fit=300%2C169&amp;ssl=1\" alt><\/figure>\n<figure class=\"wp-block-image size-large\"><img decoding=\"async\" loading=\"lazy\" width=\"1024\" height=\"577\" data-id=\"196170\" class=\"wp-image-196170\" src=\"https:\/\/i0.wp.com\/www.curierul.ro\/wp-content\/uploads\/2026\/02\/Accident.jpeg?fit=300%2C169&amp;ssl=1\" alt><\/figure>\n<figure class=\"wp-block-image size-large\"><img decoding=\"async\" loading=\"lazy\" width=\"1024\" height=\"577\" data-id=\"196167\" class=\"wp-image-196167\" src=\"https:\/\/i0.wp.com\/www.curierul.ro\/wp-content\/uploads\/2026\/02\/Accident-5.jpeg?fit=300%2C169&amp;ssl=1\" alt><\/figure>\n<figure class=\"wp-block-image size-large\"><img decoding=\"async\" loading=\"lazy\" width=\"1024\" height=\"577\" data-id=\"196166\" class=\"wp-image-196166\" src=\"https:\/\/i0.wp.com\/www.curierul.ro\/wp-content\/uploads\/2026\/02\/Accident-2.jpeg?fit=300%2C169&amp;ssl=1\" alt><\/figure>\n<\/figure>\n<div class=\"sharedaddy sd-sharing-enabled\">\n<div class=\"robots-nocontent sd-block sd-social sd-social-official sd-sharing\">\n<h3 class=\"sd-title\">Distribuie pe:<\/h3>\n<div class=\"sd-content\">\n<ul>\n<li class=\"share-facebook\">\n<li class=\"share-twitter\"><a href=\"https:\/\/twitter.com\/share\" class=\"twitter-share-button\" data-url=\"https:\/\/www.curierul.ro\/accident-cu-victime\/\" data-text=\"Accident cu victime\" data-via=\"curierulvl\">Tweet<\/a><\/li>\n<li class=\"share-jetpack-whatsapp\"><a rel=\"nofollow noopener noreferrer\" data-shared=\"sharing-whatsapp-196165\" class=\"share-jetpack-whatsapp sd-button\" href=\"https:\/\/www.curierul.ro\/accident-cu-victime\/?share=jetpack-whatsapp\" target=\"_blank\" aria-labelledby=\"sharing-whatsapp-196165\"><span id=\"sharing-whatsapp-196165\" hidden>D\u0103 clic pentru partajare pe WhatsApp(Se deschide \u00eentr-o fereastr\u0103 nou\u0103)<\/span><span>WhatsApp<\/span><\/a><\/li>\n<li><a href=\"https:\/\/www.curierul.ro\/accident-cu-victime\/\" class=\"sharing-anchor sd-button share-more\"><span>Mai mult<\/span><\/a><\/li>\n<li class=\"share-end\"><\/ul>\n<div class=\"sharing-hidden\">\n<div class=\"inner\">\n<ul>\n<li class=\"share-email\"><a rel=\"nofollow noopener noreferrer\" data-shared=\"sharing-email-196165\" class=\"share-email sd-button\" href=\"mailto:?subject=%5BArticol%20partajat%5D%20Accident%20cu%20victime&amp;body=https%3A%2F%2Fwww.curierul.ro%2Faccident-cu-victime%2F&amp;share=email\" target=\"_blank\" aria-labelledby=\"sharing-email-196165\" data-email-share-error-title=\"\u021ai-ai configurat emailul?\" data-email-share-error-text=\"Dac\u0103 ai probleme la partajarea prin email, probabil nu ai configurat emailul pentru navigator. Poate trebuie s\u0103 creezi singur un email nou.\" data-email-share-nonce=\"5cd3943ed8\" data-email-share-track-url=\"https:\/\/www.curierul.ro\/accident-cu-victime\/?share=email\"><span id=\"sharing-email-196165\" hidden>D\u0103 clic pentru a trimite o leg\u0103tur\u0103 prin email unui prieten(Se deschide \u00eentr-o fereastr\u0103 nou\u0103)<\/span><span>Email<\/span><\/a><\/li>\n<li class=\"share-print\"><a rel=\"nofollow noopener noreferrer\" data-shared=\"sharing-print-196165\" class=\"share-print sd-button\" href=\"https:\/\/www.curierul.ro\/accident-cu-victime\/#print?share=print\" target=\"_blank\" aria-labelledby=\"sharing-print-196165\"><span id=\"sharing-print-196165\" hidden>D\u0103 clic pentru a imprima(Se deschide \u00eentr-o fereastr\u0103 nou\u0103)<\/span><span>Imprimare<\/span><\/a><\/li>\n<li class=\"share-end\"><\/ul>\n<\/div>\n<\/div>\n<\/div>\n<\/div>\n<\/div>\n<div id=\"jp-relatedposts\" class=\"jp-relatedposts\">\n<h3 class=\"jp-relatedposts-headline\"><em>Similare<\/em><\/h3>\n<\/div>\n<footer class=\"post-footer\">\n<div class=\"post-navigation clearfix\">\n<div class=\"previous-post\">\n<div class=\"featured-photo\"><img decoding=\"async\" width=\"1280\" height=\"720\" src=\"https:\/\/i0.wp.com\/www.curierul.ro\/wp-content\/uploads\/2026\/02\/conflict-licee.jpg?fit=300%2C169&amp;ssl=1\" class=\"attachment-post-thumbnail size-post-thumbnail wp-post-image\" alt loading=\"lazy\"><\/div>\n<p class=\"paginate-title\">\u00ab\u00ab <a href=\"https:\/\/www.curierul.ro\/atentie-parinti-conflictul-liceelor-un-eveniment-la-care-profesorii-scoala-si-inspectoratul-nu-participa\/\" rel=\"prev\">Aten\u021bie p\u0103rin\u021bi! \u00abConflictul liceelor\u00bb, un eveniment la care profesorii, \u0218coala \u0219i Inspectoratul nu particip\u0103<\/a><\/p>\n<\/div>\n<div class=\"next-post\">\n<div class=\"featured-photo\"><img decoding=\"async\" width=\"1986\" height=\"1996\" src=\"https:\/\/i0.wp.com\/www.curierul.ro\/wp-content\/uploads\/2026\/02\/RoEM_PIB2026-27_RO_Infografic.png?fit=298%2C300&amp;ssl=1\" class=\"attachment-post-thumbnail size-post-thumbnail wp-post-image\" alt loading=\"lazy\"><\/div>\n<p class=\"paginate-title\"><a href=\"https:\/\/www.curierul.ro\/analiza-roem-ubb-fsega-despre-economia-romaniei2026-un-an-in-oglinda-cu-2025-dar-cu-o-succesiune-inversata-a-trendurilor\/\" rel=\"next\"><i>Analiz\u0103 RoEM-UBB FSEGA, despre economia Rom\u00e2niei:<\/i><br \/>2026, un \u201ean \u00een oglind\u0103\u201d cu 2025, dar cu o succesiune inversat\u0103 a trendurilor<\/a> \u00bb\u00bb<\/p>\n<\/div>\n<\/div>\n<div id=\"comments\" class=\"comments-area\">\n<div id=\"respond\" class=\"comment-respond\">\n<h3 id=\"reply-title\" class=\"comment-reply-title\">Po\u021bi comenta aici<small><a rel=\"nofollow\" id=\"cancel-comment-reply-link\" href=\"https:\/\/www.curierul.ro\/accident-cu-victime\/#respond\">Anuleaz\u0103 r\u0103spunsul<\/a><\/small><\/h3>\n<\/div>\n<p class=\"akismet_comment_form_privacy_notice\">Acest site folose\u0219te Akismet pentru a reduce spamul. <a href=\"https:\/\/akismet.com\/privacy\/\" target=\"_blank\" rel=\"nofollow noopener\">Afl\u0103 cum sunt procesate datele comentariilor tale<\/a>.<\/p>\n<\/div>\n<section class=\"latest-category clearfix\">\n<h2 class=\"title\">More Stories From Actualitate<\/h2>\n<div class=\"stories-container\">\n<article id=\"related-196296\" class=\"story post-196296 post type-post status-publish format-standard has-post-thumbnail hentry category-actualitate category-economie category-eveniment-social category-headlines tag-camera-de-comert-si-industrie-valcea-2 tag-centenar tag-invitat tag-principele-nicolae\">\n<div class=\"photo\"><img decoding=\"async\" width=\"735\" height=\"440\" src=\"https:\/\/i0.wp.com\/www.curierul.ro\/wp-content\/uploads\/2026\/02\/FOND.jpg?fit=300%2C200&amp;ssl=1\" class=\"attachment-giornalismo-single size-giornalismo-single wp-post-image\" alt loading=\"lazy\"><\/div>\n<p class=\"headline\"><a href=\"https:\/\/www.curierul.ro\/astazi-principele-nicolae-este-invitatul-special-al-centenarului-camerei-de-comert-si-industrie-valcea\/\">Ast\u0103zi, Principele Nicolae este invitatul special al Centenarului Camerei de Comer\u021b \u0219i Industrie V\u00e2lcea<\/a><\/p>\n<\/article>\n<article id=\"related-196293\" class=\"story post-196293 post type-post status-publish format-standard has-post-thumbnail hentry category-actualitate category-politica\">\n<div class=\"photo\"><img decoding=\"async\" width=\"735\" height=\"440\" src=\"https:\/\/i0.wp.com\/www.curierul.ro\/wp-content\/uploads\/2026\/02\/gutau-discutii-asociatii.jpg?fit=300%2C225&amp;ssl=1\" class=\"attachment-giornalismo-single size-giornalismo-single wp-post-image\" alt loading=\"lazy\"><\/div>\n<p class=\"headline\"><a href=\"https:\/\/www.curierul.ro\/primarul-gutau-in-dialog-direct-cu-asociatiile-de-proprietari\/\">Primarul Gut\u0103u, \u00een dialog direct cu asocia\u021biile de proprietari<\/a><\/p>\n<\/article>\n<article id=\"related-196290\" class=\"story post-196290 post type-post status-publish format-standard has-post-thumbnail hentry category-actualitate category-zidezi tag-articol-de-la-partener\">\n<div class=\"photo\"><img decoding=\"async\" width=\"735\" height=\"440\" src=\"https:\/\/i0.wp.com\/www.curierul.ro\/wp-content\/uploads\/2026\/02\/ii9zqlzrz1pbwdp_wp.jpg?fit=300%2C200&amp;ssl=1\" class=\"attachment-giornalismo-single size-giornalismo-single wp-post-image\" alt loading=\"lazy\"><\/div>\n<p class=\"headline\"><a href=\"https:\/\/www.curierul.ro\/lumina-care-schimba-totul-cum-iti-transformi-bucataria-cu-un-iluminat-bine-ales\/\">Lumina care schimb\u0103 totul \u2013 cum \u00ee\u021bi transformi buc\u0103t\u0103ria cu un iluminat bine ales<\/a><\/p>\n<\/article>\n<\/div>\n<\/section>\n<section class=\"author-bio clearfix\">\n<div class=\"mug-shot\"><img decoding=\"async\" alt src=\"https:\/\/secure.gravatar.com\/avatar\/01a5d9d84ee9ff05fc9f4005c0bceec4ad2406faaed68f19f774a86fb33a21cb?s=96&amp;d=mm&amp;r=g\" class=\"avatar avatar-96 photo\" height=\"96\" width=\"96\" loading=\"lazy\"><\/div>\n<div class=\"author-info\">\n<p class=\"title\">About Sorin Alexandru Barbu, <\/p>\n<p class=\"bio\">Director general Curierul de V\u00e2lcea<\/p>\n<div class=\"author-social-area\"><a href=\"http:\/\/facebook.com\/sorinalexandrubarbu\" target=\"_blank\"><span class=\"fab fa-facebook-f\"><span class=\"screen-reader-text\">Profil Facebook<\/span><\/span><\/a><a href=\"mailto:sorin@curierul.ro\"><span class=\"fal fa-envelope\"><span class=\"screen-reader-text\">Email the Author<\/span><\/span><\/a><\/div>\n<\/div>\n<\/section>\n<\/footer>\n<\/article>\n<article id=\"related-196296\" class=\"story post-196296 post type-post status-publish format-standard has-post-thumbnail hentry category-actualitate category-economie category-eveniment-social category-headlines tag-camera-de-comert-si-industrie-valcea-2 tag-centenar tag-invitat tag-principele-nicolae\">\n<div class=\"photo\"><img decoding=\"async\" width=\"735\" height=\"440\" src=\"https:\/\/i0.wp.com\/www.curierul.ro\/wp-content\/uploads\/2026\/02\/FOND.jpg?fit=300%2C200&amp;ssl=1\" class=\"attachment-giornalismo-single size-giornalismo-single wp-post-image\" alt loading=\"lazy\"><\/div>\n<p class=\"headline\"><a href=\"https:\/\/www.curierul.ro\/astazi-principele-nicolae-este-invitatul-special-al-centenarului-camerei-de-comert-si-industrie-valcea\/\">Ast\u0103zi, Principele Nicolae este invitatul special al Centenarului Camerei de Comer\u021b \u0219i Industrie V\u00e2lcea<\/a><\/p>\n<\/article>\n<article id=\"related-196293\" class=\"story post-196293 post type-post status-publish format-standard has-post-thumbnail hentry category-actualitate category-politica\">\n<div class=\"photo\"><img decoding=\"async\" width=\"735\" height=\"440\" src=\"https:\/\/i0.wp.com\/www.curierul.ro\/wp-content\/uploads\/2026\/02\/gutau-discutii-asociatii.jpg?fit=300%2C225&amp;ssl=1\" class=\"attachment-giornalismo-single size-giornalismo-single wp-post-image\" alt loading=\"lazy\"><\/div>\n<p class=\"headline\"><a href=\"https:\/\/www.curierul.ro\/primarul-gutau-in-dialog-direct-cu-asociatiile-de-proprietari\/\">Primarul Gut\u0103u, \u00een dialog direct cu asocia\u021biile de proprietari<\/a><\/p>\n<\/article>\n<article id=\"related-196290\" class=\"story post-196290 post type-post status-publish format-standard has-post-thumbnail hentry category-actualitate category-zidezi tag-articol-de-la-partener\">\n<div class=\"photo\"><img decoding=\"async\" width=\"735\" height=\"440\" src=\"https:\/\/i0.wp.com\/www.curierul.ro\/wp-content\/uploads\/2026\/02\/ii9zqlzrz1pbwdp_wp.jpg?fit=300%2C200&amp;ssl=1\" class=\"attachment-giornalismo-single size-giornalismo-single wp-post-image\" alt loading=\"lazy\"><\/div>\n<p class=\"headline\"><a href=\"https:\/\/www.curierul.ro\/lumina-care-schimba-totul-cum-iti-transformi-bucataria-cu-un-iluminat-bine-ales\/\">Lumina care schimb\u0103 totul \u2013 cum \u00ee\u021bi transformi buc\u0103t\u0103ria cu un iluminat bine ales<\/a><\/p>\n<\/article>\n<p>[analyse_source url=&#8221;https:\/\/www.curierul.ro\/accident-cu-victime\/&#8221;]<\/p>\n","protected":false},"excerpt":{"rendered":"<p>[analyse_image type=&#8221;featured&#8221; src=&#8221;https:\/\/www.curierul.ro\/wp-content\/uploads\/2026\/02\/Accident-2.jpeghttps:\/\/i0.wp.com\/www.curierul.ro\/wp-content\/uploads\/2026\/02\/Accident-2.jpeg?fit=1200%2C676&amp;ssl=1&#8243;] Home Actualitate Accident cu victime Accident cu victime Scris deSorin Alexandru Barbu, 3 februarie 2026 Cu foarte pu\u021bin timp \u00een urm\u0103, la intersec\u021bia dintre bulevardul Tudor Vladimirescu \u0219i strada Mihai Viteazul, a avut loc un accident soldat cu victime. La fa\u021ba locului ac\u021bioneaz\u0103 personalul de la ISU V\u00e2lcea c\u00e2t \u0219i de la [&hellip;]<\/p>\n","protected":false},"author":1,"featured_media":0,"comment_status":"open","ping_status":"","sticky":false,"template":"","format":"standard","meta":{"footnotes":""},"categories":[89],"tags":[226,213],"class_list":["post-1766470","post","type-post","status-publish","format-standard","hentry","category-romania","tag-crawlmanager","tag-curierul-ro"],"_links":{"self":[{"href":"https:\/\/analyse.optim.biz\/index.php?rest_route=\/wp\/v2\/posts\/1766470","targetHints":{"allow":["GET"]}}],"collection":[{"href":"https:\/\/analyse.optim.biz\/index.php?rest_route=\/wp\/v2\/posts"}],"about":[{"href":"https:\/\/analyse.optim.biz\/index.php?rest_route=\/wp\/v2\/types\/post"}],"author":[{"embeddable":true,"href":"https:\/\/analyse.optim.biz\/index.php?rest_route=\/wp\/v2\/users\/1"}],"replies":[{"embeddable":true,"href":"https:\/\/analyse.optim.biz\/index.php?rest_route=%2Fwp%2Fv2%2Fcomments&post=1766470"}],"version-history":[{"count":0,"href":"https:\/\/analyse.optim.biz\/index.php?rest_route=\/wp\/v2\/posts\/1766470\/revisions"}],"wp:attachment":[{"href":"https:\/\/analyse.optim.biz\/index.php?rest_route=%2Fwp%2Fv2%2Fmedia&parent=1766470"}],"wp:term":[{"taxonomy":"category","embeddable":true,"href":"https:\/\/analyse.optim.biz\/index.php?rest_route=%2Fwp%2Fv2%2Fcategories&post=1766470"},{"taxonomy":"post_tag","embeddable":true,"href":"https:\/\/analyse.optim.biz\/index.php?rest_route=%2Fwp%2Fv2%2Ftags&post=1766470"}],"curies":[{"name":"wp","href":"https:\/\/api.w.org\/{rel}","templated":true}]}}