{"id":1766469,"date":"2026-02-02T08:45:46","date_gmt":"2026-02-02T05:45:46","guid":{"rendered":"https:\/\/analyse.optim.biz\/?p=1766469"},"modified":"2026-02-02T08:45:46","modified_gmt":"2026-02-02T05:45:46","slug":"cine-ne-educa-adolescentii","status":"publish","type":"post","link":"https:\/\/analyse.optim.biz\/?p=1766469","title":{"rendered":"Cine ne educ\u0103 adolescen\u021bii?"},"content":{"rendered":"<p>[analyse_image type=&#8221;featured&#8221; src=&#8221;https:\/\/www.curierul.ro\/wp-content\/uploads\/2022\/08\/MARIUS-CARBUNESCU.jpghttps:\/\/i0.wp.com\/www.curierul.ro\/wp-content\/uploads\/2022\/08\/MARIUS-CARBUNESCU.jpg?fit=530%2C213&amp;ssl=1&#8243;]<\/p>\n<article id=\"196148\" class=\"post-196148 post type-post status-publish format-standard has-post-thumbnail hentry category-actualitate category-fraze tag-copii tag-educa tag-marius-carbunescu-2 tag-trolli\">\n<header class=\"post-header\">\n<ul class=\"breadcrumbs\">\n<li><a href=\"https:\/\/www.curierul.ro\">Home<\/a><\/li>\n<li class=\"breadcrumbs-active .category-actualitate\"><a href=\"https:\/\/www.curierul.ro\/index.php?cat=1615\">Actualitate<\/a><\/li>\n<li class=\"breadcrumbs-active .category-actualitate\">Cine ne educ\u0103 adolescen\u021bii?<\/li>\n<\/ul>\n<div class=\"featured-photo\"><img loading=\"lazy\" decoding=\"async\" width=\"530\" height=\"213\" src=\"https:\/\/i0.wp.com\/www.curierul.ro\/wp-content\/uploads\/2022\/08\/MARIUS-CARBUNESCU.jpg?fit=300%2C121&amp;ssl=1\" class=\"attachment-single size-single wp-post-image\" alt><\/div>\n<h1 class=\"headline\">Cine ne educ\u0103 adolescen\u021bii?<\/h1>\n<p class=\"byline\">\n\t\tScris de<a href=\"https:\/\/www.curierul.ro\/author\/marius-carbunescu\/\">Carbunescu Marius<\/a>, \t\t2 februarie 2026\t\t\t\t<\/p>\n<hr>\n<\/header>\n<p>\u0218coala este dep\u0103\u0219it\u0103 de situa\u021bie. Familia este dep\u0103\u0219it\u0103 de situa\u021bie. De biseric\u0103, care \u00een trecut avea un rol importat, nici nu mai vorbesc. Cine ne educ\u0103 copiii? De bun\u0103 seam\u0103 c\u0103 re\u021belele sociale. De acolo \u00ee\u0219i iau doza de ur\u0103, intoleran\u021b\u0103 \u0219i frustrare. Acolo se mufeaz\u0103 la lumea adul\u021bilor, la cea mai abject\u0103 interfa\u021b\u0103 a ei. Fenomenul seam\u0103n\u0103 oarecum cu migra\u021bia de la sat la ora\u0219, cu ocazia industrializ\u0103rii, dar e cu o treapt\u0103 mai periculos. La sat nu puteai face nelegiuiri c\u0103ci te \u0219tia lumea, te vedea ob\u0219tea, \u00eens\u0103 la ora\u0219 nu te \u0219tia nimeni. Sociologic se explic\u0103 de ce ascunderea \u00een anonimat \u0219i gloata favorizeaz\u0103 pornirile violente. \u00cen armat\u0103 s-a inventat uniforma cu acela\u0219i scop. \u00cen plus, era mult mai u\u0219or s\u0103 te asociezi. Copiii cu cheia de g\u00e2t erau cei mai vulnerabili. Dar exista \u0219coala \u0219i lipseau mijloacele de comunica\u021bie moderne.<\/p>\n<p>\u00centr-un mediu online toxic, sunt l\u0103sa\u021bi asemenea c\u00e2inilor de pripas s\u0103 se \u00eenh\u0103iteze. \u0218i atunci fac ravagii. Nu e nevoie s\u0103 facem investiga\u021bii ca s\u0103 vedem c\u00e2t\u0103 ur\u0103 muste\u0219te pe internet, ascuns\u0103 \u00een spatele unor nickname-uri. De la banalele jigniri, la \u00eenjur\u0103turi \u0219i chiar amenin\u021b\u0103ri cu moartea. Oameni cu care nu ai avut de a face \u00een via\u021ba ta \u00ee\u0219i permit s\u0103 te trag\u0103 la r\u0103spundere \u00eentr-un mod grobian pentru convingerile politice, pentru apartenen\u021ba la o minoritate sexual\u0103 sau etnic\u0103. Copiii sunt acolo, \u00een r\u00e2ndul \u00eent\u00e2i, v\u0103d \u0219i-\u0219i \u00eensu\u0219esc. \u00cenjur\u0103turile \u00eei emancipeaz\u0103, amenin\u021b\u0103rile le valideaz\u0103 stima de sine. Pentru ei pojghi\u021ba dintre virtual \u0219i real e sub\u021bire. E mult mai u\u0219or de trecut la fapte. Mai ales c\u00e2nd g\u0103sesc afinit\u0103\u021bi \u00een r\u00e2ndul prietenilor educa\u021bi la sistemul acelora\u0219i <em>valori<\/em>.<\/p>\n<p>\u00cen Timi\u0219, trei adolescen\u021bi cu v\u00e2rste \u00eentre 13 \u0219i 15 ani l-au ucis pe un al patrulea, premedit\u00e2ndu-\u0219i fapta. Asemenea unor criminali \u00een serie, au c\u0103utat s\u0103-\u0219i ascund\u0103 urmele. \u00cen Mure\u0219, balada s-a scris altfel, au t\u0103b\u0103r\u00e2t asupra unui taximetrist s\u0103-i fure ma\u0219ina \u0219i banii. Acela\u0219i num\u0103r fatidic \u0219i acelea\u0219i v\u00e2rste. Ulterior, \u00een urma cercet\u0103rilor, \u00eencadrarea faptei a fost schimbat\u0103 din t\u00e2lh\u0103rie \u00een tentativ\u0103 de omor. Tinerii de 13 ani nici m\u0103car nu pot fi pu\u0219i sub acuzare, datorit\u0103 v\u00e2rstei, at\u00e2t de neputincios este bra\u021bul justi\u021biei. Aceste dou\u0103 exemple sunt doar v\u00e2rful aisbergului. \u00cen spatele lor, delicven\u021ba juvenil\u0103 construie\u0219te o piramid\u0103 cu multe laturi.<\/p>\n<p>Au ap\u0103rut \u0219i ini\u021biativele civice, ca de obicei, postfactum. Trebuie s\u0103 avem femei ucise, copii care ucid, ca s\u0103 ne duc\u0103 mintea la schimbarea legii. Aceste cazuri nu au ap\u0103rut din neant, se sprijin\u0103 pe o sumedenie de tentative \u0219i alte violen\u021be. De ce nu ne-am trezit atunci \u00een con\u0219tiin\u021b\u0103, la primul caz? \u00cen fine, se propune sc\u0103derea v\u00e2rstei de la care copilul poate r\u0103spunde pentru faptele sale la 13 ani. De asemenea, limitarea accesului pe re\u021belele sociale a persoanelor cu v\u00e2rste de p\u00e2n\u0103 \u00een 15 ani. \u00cen paralel, exist\u0103 o ini\u021biativ\u0103 ca spa\u021biul online s\u0103 fie definit ca spa\u021biu public \u0219i \u00een consecin\u021b\u0103 toate persoanele lezate s\u0103 poat\u0103 sesiza instan\u021bele la fel cum s-ar \u00eent\u00e2mpla dac\u0103 se deplaseaz\u0103 pe strad\u0103 \u0219i primesc injurii. De ce nu? Insulta, calomnia, amenin\u021b\u0103rile, \u0219antajul de orice fel sunt definite de Codul Penal, produc\u00e2nd efecte \u0219i \u00een mediul virtual. Mam\u0103, ce ar curge procesele. Cineva spunea c\u0103 s-ar bloca instan\u021bele la c\u00e2te dejec\u021bii exist\u0103 pe Facebook.<\/p>\n<p>Pe de alt\u0103 parte, responsabilitatea re\u021belelor sociale trebuie avut\u0103 \u0219i ea \u00een vedere de legiuitor. Mesajele cu con\u021binut trivial pot fi blocate foarte u\u0219or. \u00cen epoca inteligen\u021bei artificiale nu mai po\u021bi p\u0103c\u0103li internetul cu o liter\u0103 lips\u0103 sau un asterisc. La abateri repetate se poate merge p\u00e2n\u0103 la \u00eenchiderea conturilor. Trolli s\u0103 mai pofteasc\u0103 pe la noi. Jap! Dac\u0103 nu, amenzi tat\u0103, c\u0103 re\u021belele au de unde pl\u0103ti. Cine nu \u0219i-ar dori asanarea mediului \u00een care tr\u0103im, fie el real sau virtual? C\u0103 suntem intoxica\u021bi zi de zi de acest mediu toxic, nu ne mai mir\u0103m. Dar acum am \u00eenceput s\u0103 \u0219i murim. Trebuie f\u0103cut ceva.<\/p>\n<div class=\"sharedaddy sd-sharing-enabled\">\n<div class=\"robots-nocontent sd-block sd-social sd-social-official sd-sharing\">\n<h3 class=\"sd-title\">Distribuie pe:<\/h3>\n<div class=\"sd-content\">\n<ul>\n<li class=\"share-facebook\">\n<li class=\"share-twitter\"><a href=\"https:\/\/twitter.com\/share\" class=\"twitter-share-button\" data-url=\"https:\/\/www.curierul.ro\/cine-ne-educa-adolescentii\/\" data-text=\"Cine ne educ\u0103 adolescen\u021bii?\" data-via=\"curierulvl\">Tweet<\/a><\/li>\n<li class=\"share-jetpack-whatsapp\"><a rel=\"nofollow noopener noreferrer\" data-shared=\"sharing-whatsapp-196148\" class=\"share-jetpack-whatsapp sd-button\" href=\"https:\/\/www.curierul.ro\/cine-ne-educa-adolescentii\/?share=jetpack-whatsapp\" target=\"_blank\" aria-labelledby=\"sharing-whatsapp-196148\"><span id=\"sharing-whatsapp-196148\" hidden>D\u0103 clic pentru partajare pe WhatsApp(Se deschide \u00eentr-o fereastr\u0103 nou\u0103)<\/span><span>WhatsApp<\/span><\/a><\/li>\n<li><a href=\"https:\/\/www.curierul.ro\/cine-ne-educa-adolescentii\/\" class=\"sharing-anchor sd-button share-more\"><span>Mai mult<\/span><\/a><\/li>\n<li class=\"share-end\"><\/ul>\n<div class=\"sharing-hidden\">\n<div class=\"inner\">\n<ul>\n<li class=\"share-email\"><a rel=\"nofollow noopener noreferrer\" data-shared=\"sharing-email-196148\" class=\"share-email sd-button\" href=\"mailto:?subject=%5BArticol%20partajat%5D%20Cine%20ne%20educ%C4%83%20adolescen%C8%9Bii%3F&amp;body=https%3A%2F%2Fwww.curierul.ro%2Fcine-ne-educa-adolescentii%2F&amp;share=email\" target=\"_blank\" aria-labelledby=\"sharing-email-196148\" data-email-share-error-title=\"\u021ai-ai configurat emailul?\" data-email-share-error-text=\"Dac\u0103 ai probleme la partajarea prin email, probabil nu ai configurat emailul pentru navigator. Poate trebuie s\u0103 creezi singur un email nou.\" data-email-share-nonce=\"218c5862fa\" data-email-share-track-url=\"https:\/\/www.curierul.ro\/cine-ne-educa-adolescentii\/?share=email\"><span id=\"sharing-email-196148\" hidden>D\u0103 clic pentru a trimite o leg\u0103tur\u0103 prin email unui prieten(Se deschide \u00eentr-o fereastr\u0103 nou\u0103)<\/span><span>Email<\/span><\/a><\/li>\n<li class=\"share-print\"><a rel=\"nofollow noopener noreferrer\" data-shared=\"sharing-print-196148\" class=\"share-print sd-button\" href=\"https:\/\/www.curierul.ro\/cine-ne-educa-adolescentii\/#print?share=print\" target=\"_blank\" aria-labelledby=\"sharing-print-196148\"><span id=\"sharing-print-196148\" hidden>D\u0103 clic pentru a imprima(Se deschide \u00eentr-o fereastr\u0103 nou\u0103)<\/span><span>Imprimare<\/span><\/a><\/li>\n<li class=\"share-end\"><\/ul>\n<\/div>\n<\/div>\n<\/div>\n<\/div>\n<\/div>\n<div id=\"jp-relatedposts\" class=\"jp-relatedposts\">\n<h3 class=\"jp-relatedposts-headline\"><em>Similare<\/em><\/h3>\n<\/div>\n<footer class=\"post-footer\">\n<p class=\"tags\"><strong>Tags: <\/strong><a href=\"https:\/\/www.curierul.ro\/tag\/copii\/\" rel=\"tag\">copii<\/a>, <a href=\"https:\/\/www.curierul.ro\/tag\/educa\/\" rel=\"tag\">educa<\/a>, <a href=\"https:\/\/www.curierul.ro\/tag\/marius-carbunescu-2\/\" rel=\"tag\">Marius Carbunescu<\/a>, <a href=\"https:\/\/www.curierul.ro\/tag\/trolli\/\" rel=\"tag\">trolli<\/a><\/p>\n<div class=\"post-navigation clearfix\">\n<div class=\"previous-post\">\n<div class=\"featured-photo\"><img loading=\"lazy\" decoding=\"async\" width=\"1154\" height=\"646\" src=\"https:\/\/i0.wp.com\/www.curierul.ro\/wp-content\/uploads\/2026\/02\/Pod-2.jpeg?fit=300%2C168&amp;ssl=1\" class=\"attachment-post-thumbnail size-post-thumbnail wp-post-image\" alt><\/div>\n<p class=\"paginate-title\">\u00ab\u00ab <a href=\"https:\/\/www.curierul.ro\/toata-albia-raului-olanesti-va-fi-modernizata\/\" rel=\"prev\">Toat\u0103 albia r\u00e2ului Ol\u0103ne\u0219ti va fi modernizat\u0103!<\/a><\/p>\n<\/div>\n<div class=\"next-post\">\n<div class=\"featured-photo\"><img decoding=\"async\" width=\"1056\" height=\"532\" src=\"https:\/\/i0.wp.com\/www.curierul.ro\/wp-content\/uploads\/2026\/02\/Centrul-Andreea-2.jpeg?fit=300%2C151&amp;ssl=1\" class=\"attachment-post-thumbnail size-post-thumbnail wp-post-image\" alt loading=\"lazy\"><\/div>\n<p class=\"paginate-title\"><a href=\"https:\/\/www.curierul.ro\/centrul-andreea-intra-in-modernizare\/\" rel=\"next\">Centrul \u201eAndreea\u201d intr\u0103 \u00een modernizare!<\/a> \u00bb\u00bb<\/p>\n<\/div>\n<\/div>\n<div id=\"comments\" class=\"comments-area\">\n<div id=\"respond\" class=\"comment-respond\">\n<h3 id=\"reply-title\" class=\"comment-reply-title\">Po\u021bi comenta aici<small><a rel=\"nofollow\" id=\"cancel-comment-reply-link\" href=\"https:\/\/www.curierul.ro\/cine-ne-educa-adolescentii\/#respond\">Anuleaz\u0103 r\u0103spunsul<\/a><\/small><\/h3>\n<\/div>\n<p class=\"akismet_comment_form_privacy_notice\">Acest site folose\u0219te Akismet pentru a reduce spamul. <a href=\"https:\/\/akismet.com\/privacy\/\" target=\"_blank\" rel=\"nofollow noopener\">Afl\u0103 cum sunt procesate datele comentariilor tale<\/a>.<\/p>\n<\/div>\n<section class=\"related-stories\">\n<h2>Related Stories<\/h2>\n<div class=\"stories-container\">\n<article id=\"latest-196011\" class=\"story post-196011 post type-post status-publish format-standard has-post-thumbnail hentry category-eveniment-social category-invatamant category-social tag-copii tag-proiect tag-scoala-gimnaziala-nicolae-balcescu\">\n<div class=\"photo\"><img decoding=\"async\" width=\"735\" height=\"440\" src=\"https:\/\/i0.wp.com\/www.curierul.ro\/wp-content\/uploads\/2026\/01\/scoala2.jpeg?fit=300%2C200&amp;ssl=1\" class=\"attachment-giornalismo-single size-giornalismo-single wp-post-image\" alt loading=\"lazy\"><\/div>\n<p class=\"headline\"><a href=\"https:\/\/www.curierul.ro\/la-scoala-gimnaziala-nicolae-balcescu-un-proiect-de-suflet-construit-pentru-copii-si-pentru-viitor\/\">La \u0218coala Gimnazial\u0103 \u201eNicolae B\u0103lcescu\u201d, un proiect de suflet, construit pentru copii \u0219i pentru viitor<\/a><\/p>\n<\/article>\n<article id=\"latest-194511\" class=\"story post-194511 post type-post status-publish format-standard has-post-thumbnail hentry category-invatamant category-politica category-social tag-copii tag-intalnire-directori tag-interes tag-mircia-gutau-2 tag-scoli-2\">\n<div class=\"photo\"><img decoding=\"async\" width=\"735\" height=\"440\" src=\"https:\/\/i0.wp.com\/www.curierul.ro\/wp-content\/uploads\/2025\/09\/intalnire-directori-scoli.jpg?fit=300%2C200&amp;ssl=1\" class=\"attachment-giornalismo-single size-giornalismo-single wp-post-image\" alt loading=\"lazy\"><\/div>\n<p class=\"headline\"><a href=\"https:\/\/www.curierul.ro\/primarul-mircia-gutau-la-intalnirea-cu-directorii-scolilor-din-ramnic-urmariti-interesul-copiilor\/\">Primarul Mircia Gut\u0103u, la \u00eent\u00e2lnirea cu directorii \u0219colilor din R\u00e2mnic: \u201eUrm\u0103ri\u021bi interesul copiilor!\u201d<\/a><\/p>\n<\/article>\n<article id=\"latest-191213\" class=\"story post-191213 post type-post status-publish format-standard has-post-thumbnail hentry category-actualitate category-headlines category-politica tag-cadouri tag-copii tag-mos-craciun tag-primaria-municipiului-rm-valcea\">\n<div class=\"photo\"><img decoding=\"async\" width=\"735\" height=\"440\" src=\"https:\/\/i0.wp.com\/www.curierul.ro\/wp-content\/uploads\/2024\/12\/mos-nicolae.jpg?fit=300%2C225&amp;ssl=1\" class=\"attachment-giornalismo-single size-giornalismo-single wp-post-image\" alt loading=\"lazy\"><\/div>\n<p class=\"headline\"><a href=\"https:\/\/www.curierul.ro\/primaria-municipiului-il-ajuta-pe-mos-craciun-sa-duca-cadouri-la-10-000-de-copii-din-ramnic\/\">Prim\u0103ria Municipiului \u00eel ajut\u0103 pe Mo\u0219 Cr\u0103ciun s\u0103 duc\u0103 cadouri la 10.000 de copii din R\u00e2mnic<\/a><\/p>\n<\/article>\n<\/div>\n<\/section>\n<section class=\"latest-category clearfix\">\n<h2 class=\"title\">More Stories From Actualitate<\/h2>\n<div class=\"stories-container\">\n<article id=\"related-196296\" class=\"story post-196296 post type-post status-publish format-standard has-post-thumbnail hentry category-actualitate category-economie category-eveniment-social category-headlines tag-camera-de-comert-si-industrie-valcea-2 tag-centenar tag-invitat tag-principele-nicolae\">\n<div class=\"photo\"><img decoding=\"async\" width=\"735\" height=\"440\" src=\"https:\/\/i0.wp.com\/www.curierul.ro\/wp-content\/uploads\/2026\/02\/FOND.jpg?fit=300%2C200&amp;ssl=1\" class=\"attachment-giornalismo-single size-giornalismo-single wp-post-image\" alt loading=\"lazy\"><\/div>\n<p class=\"headline\"><a href=\"https:\/\/www.curierul.ro\/astazi-principele-nicolae-este-invitatul-special-al-centenarului-camerei-de-comert-si-industrie-valcea\/\">Ast\u0103zi, Principele Nicolae este invitatul special al Centenarului Camerei de Comer\u021b \u0219i Industrie V\u00e2lcea<\/a><\/p>\n<\/article>\n<article id=\"related-196293\" class=\"story post-196293 post type-post status-publish format-standard has-post-thumbnail hentry category-actualitate category-politica\">\n<div class=\"photo\"><img decoding=\"async\" width=\"735\" height=\"440\" src=\"https:\/\/i0.wp.com\/www.curierul.ro\/wp-content\/uploads\/2026\/02\/gutau-discutii-asociatii.jpg?fit=300%2C225&amp;ssl=1\" class=\"attachment-giornalismo-single size-giornalismo-single wp-post-image\" alt loading=\"lazy\"><\/div>\n<p class=\"headline\"><a href=\"https:\/\/www.curierul.ro\/primarul-gutau-in-dialog-direct-cu-asociatiile-de-proprietari\/\">Primarul Gut\u0103u, \u00een dialog direct cu asocia\u021biile de proprietari<\/a><\/p>\n<\/article>\n<article id=\"related-196290\" class=\"story post-196290 post type-post status-publish format-standard has-post-thumbnail hentry category-actualitate category-zidezi tag-articol-de-la-partener\">\n<div class=\"photo\"><img decoding=\"async\" width=\"735\" height=\"440\" src=\"https:\/\/i0.wp.com\/www.curierul.ro\/wp-content\/uploads\/2026\/02\/ii9zqlzrz1pbwdp_wp.jpg?fit=300%2C200&amp;ssl=1\" class=\"attachment-giornalismo-single size-giornalismo-single wp-post-image\" alt loading=\"lazy\"><\/div>\n<p class=\"headline\"><a href=\"https:\/\/www.curierul.ro\/lumina-care-schimba-totul-cum-iti-transformi-bucataria-cu-un-iluminat-bine-ales\/\">Lumina care schimb\u0103 totul \u2013 cum \u00ee\u021bi transformi buc\u0103t\u0103ria cu un iluminat bine ales<\/a><\/p>\n<\/article>\n<\/div>\n<\/section>\n<section class=\"author-bio clearfix\">\n<div class=\"mug-shot\"><img decoding=\"async\" alt src=\"https:\/\/secure.gravatar.com\/avatar\/ba482057c6d1bda67708f17163429f2327c04ac56e0ade26a8da99f105efef18?s=96&amp;d=mm&amp;r=g\" class=\"avatar avatar-96 photo\" height=\"96\" width=\"96\" loading=\"lazy\"><\/div>\n<div class=\"author-info\">\n<p class=\"title\">About Carbunescu Marius, <\/p>\n<div class=\"author-social-area\"><a href=\"mailto:marius.carbunescu@gmail.com\"><span class=\"fal fa-envelope\"><span class=\"screen-reader-text\">Email the Author<\/span><\/span><\/a><\/div>\n<\/div>\n<\/section>\n<\/footer>\n<\/article>\n<article id=\"196148\" class=\"post-196148 post type-post status-publish format-standard has-post-thumbnail hentry category-actualitate category-fraze tag-copii tag-educa tag-marius-carbunescu-2 tag-trolli\">\n<header class=\"post-header\">\n<ul class=\"breadcrumbs\">\n<li><a href=\"https:\/\/www.curierul.ro\">Home<\/a><\/li>\n<li class=\"breadcrumbs-active .category-actualitate\"><a href=\"https:\/\/www.curierul.ro\/index.php?cat=1615\">Actualitate<\/a><\/li>\n<li class=\"breadcrumbs-active .category-actualitate\">Cine ne educ\u0103 adolescen\u021bii?<\/li>\n<\/ul>\n<div class=\"featured-photo\"><img loading=\"lazy\" decoding=\"async\" width=\"530\" height=\"213\" src=\"https:\/\/i0.wp.com\/www.curierul.ro\/wp-content\/uploads\/2022\/08\/MARIUS-CARBUNESCU.jpg?fit=300%2C121&amp;ssl=1\" class=\"attachment-single size-single wp-post-image\" alt><\/div>\n<h1 class=\"headline\">Cine ne educ\u0103 adolescen\u021bii?<\/h1>\n<p class=\"byline\">\n\t\tScris de<a href=\"https:\/\/www.curierul.ro\/author\/marius-carbunescu\/\">Carbunescu Marius<\/a>, \t\t2 februarie 2026\t\t\t\t<\/p>\n<hr>\n<\/header>\n<p>\u0218coala este dep\u0103\u0219it\u0103 de situa\u021bie. Familia este dep\u0103\u0219it\u0103 de situa\u021bie. De biseric\u0103, care \u00een trecut avea un rol importat, nici nu mai vorbesc. Cine ne educ\u0103 copiii? De bun\u0103 seam\u0103 c\u0103 re\u021belele sociale. De acolo \u00ee\u0219i iau doza de ur\u0103, intoleran\u021b\u0103 \u0219i frustrare. Acolo se mufeaz\u0103 la lumea adul\u021bilor, la cea mai abject\u0103 interfa\u021b\u0103 a ei. Fenomenul seam\u0103n\u0103 oarecum cu migra\u021bia de la sat la ora\u0219, cu ocazia industrializ\u0103rii, dar e cu o treapt\u0103 mai periculos. La sat nu puteai face nelegiuiri c\u0103ci te \u0219tia lumea, te vedea ob\u0219tea, \u00eens\u0103 la ora\u0219 nu te \u0219tia nimeni. Sociologic se explic\u0103 de ce ascunderea \u00een anonimat \u0219i gloata favorizeaz\u0103 pornirile violente. \u00cen armat\u0103 s-a inventat uniforma cu acela\u0219i scop. \u00cen plus, era mult mai u\u0219or s\u0103 te asociezi. Copiii cu cheia de g\u00e2t erau cei mai vulnerabili. Dar exista \u0219coala \u0219i lipseau mijloacele de comunica\u021bie moderne.<\/p>\n<p>\u00centr-un mediu online toxic, sunt l\u0103sa\u021bi asemenea c\u00e2inilor de pripas s\u0103 se \u00eenh\u0103iteze. \u0218i atunci fac ravagii. Nu e nevoie s\u0103 facem investiga\u021bii ca s\u0103 vedem c\u00e2t\u0103 ur\u0103 muste\u0219te pe internet, ascuns\u0103 \u00een spatele unor nickname-uri. De la banalele jigniri, la \u00eenjur\u0103turi \u0219i chiar amenin\u021b\u0103ri cu moartea. Oameni cu care nu ai avut de a face \u00een via\u021ba ta \u00ee\u0219i permit s\u0103 te trag\u0103 la r\u0103spundere \u00eentr-un mod grobian pentru convingerile politice, pentru apartenen\u021ba la o minoritate sexual\u0103 sau etnic\u0103. Copiii sunt acolo, \u00een r\u00e2ndul \u00eent\u00e2i, v\u0103d \u0219i-\u0219i \u00eensu\u0219esc. \u00cenjur\u0103turile \u00eei emancipeaz\u0103, amenin\u021b\u0103rile le valideaz\u0103 stima de sine. Pentru ei pojghi\u021ba dintre virtual \u0219i real e sub\u021bire. E mult mai u\u0219or de trecut la fapte. Mai ales c\u00e2nd g\u0103sesc afinit\u0103\u021bi \u00een r\u00e2ndul prietenilor educa\u021bi la sistemul acelora\u0219i <em>valori<\/em>.<\/p>\n<p>\u00cen Timi\u0219, trei adolescen\u021bi cu v\u00e2rste \u00eentre 13 \u0219i 15 ani l-au ucis pe un al patrulea, premedit\u00e2ndu-\u0219i fapta. Asemenea unor criminali \u00een serie, au c\u0103utat s\u0103-\u0219i ascund\u0103 urmele. \u00cen Mure\u0219, balada s-a scris altfel, au t\u0103b\u0103r\u00e2t asupra unui taximetrist s\u0103-i fure ma\u0219ina \u0219i banii. Acela\u0219i num\u0103r fatidic \u0219i acelea\u0219i v\u00e2rste. Ulterior, \u00een urma cercet\u0103rilor, \u00eencadrarea faptei a fost schimbat\u0103 din t\u00e2lh\u0103rie \u00een tentativ\u0103 de omor. Tinerii de 13 ani nici m\u0103car nu pot fi pu\u0219i sub acuzare, datorit\u0103 v\u00e2rstei, at\u00e2t de neputincios este bra\u021bul justi\u021biei. Aceste dou\u0103 exemple sunt doar v\u00e2rful aisbergului. \u00cen spatele lor, delicven\u021ba juvenil\u0103 construie\u0219te o piramid\u0103 cu multe laturi.<\/p>\n<p>Au ap\u0103rut \u0219i ini\u021biativele civice, ca de obicei, postfactum. Trebuie s\u0103 avem femei ucise, copii care ucid, ca s\u0103 ne duc\u0103 mintea la schimbarea legii. Aceste cazuri nu au ap\u0103rut din neant, se sprijin\u0103 pe o sumedenie de tentative \u0219i alte violen\u021be. De ce nu ne-am trezit atunci \u00een con\u0219tiin\u021b\u0103, la primul caz? \u00cen fine, se propune sc\u0103derea v\u00e2rstei de la care copilul poate r\u0103spunde pentru faptele sale la 13 ani. De asemenea, limitarea accesului pe re\u021belele sociale a persoanelor cu v\u00e2rste de p\u00e2n\u0103 \u00een 15 ani. \u00cen paralel, exist\u0103 o ini\u021biativ\u0103 ca spa\u021biul online s\u0103 fie definit ca spa\u021biu public \u0219i \u00een consecin\u021b\u0103 toate persoanele lezate s\u0103 poat\u0103 sesiza instan\u021bele la fel cum s-ar \u00eent\u00e2mpla dac\u0103 se deplaseaz\u0103 pe strad\u0103 \u0219i primesc injurii. De ce nu? Insulta, calomnia, amenin\u021b\u0103rile, \u0219antajul de orice fel sunt definite de Codul Penal, produc\u00e2nd efecte \u0219i \u00een mediul virtual. Mam\u0103, ce ar curge procesele. Cineva spunea c\u0103 s-ar bloca instan\u021bele la c\u00e2te dejec\u021bii exist\u0103 pe Facebook.<\/p>\n<p>Pe de alt\u0103 parte, responsabilitatea re\u021belelor sociale trebuie avut\u0103 \u0219i ea \u00een vedere de legiuitor. Mesajele cu con\u021binut trivial pot fi blocate foarte u\u0219or. \u00cen epoca inteligen\u021bei artificiale nu mai po\u021bi p\u0103c\u0103li internetul cu o liter\u0103 lips\u0103 sau un asterisc. La abateri repetate se poate merge p\u00e2n\u0103 la \u00eenchiderea conturilor. Trolli s\u0103 mai pofteasc\u0103 pe la noi. Jap! Dac\u0103 nu, amenzi tat\u0103, c\u0103 re\u021belele au de unde pl\u0103ti. Cine nu \u0219i-ar dori asanarea mediului \u00een care tr\u0103im, fie el real sau virtual? C\u0103 suntem intoxica\u021bi zi de zi de acest mediu toxic, nu ne mai mir\u0103m. Dar acum am \u00eenceput s\u0103 \u0219i murim. Trebuie f\u0103cut ceva.<\/p>\n<div class=\"sharedaddy sd-sharing-enabled\">\n<div class=\"robots-nocontent sd-block sd-social sd-social-official sd-sharing\">\n<h3 class=\"sd-title\">Distribuie pe:<\/h3>\n<div class=\"sd-content\">\n<ul>\n<li class=\"share-facebook\">\n<li class=\"share-twitter\"><a href=\"https:\/\/twitter.com\/share\" class=\"twitter-share-button\" data-url=\"https:\/\/www.curierul.ro\/cine-ne-educa-adolescentii\/\" data-text=\"Cine ne educ\u0103 adolescen\u021bii?\" data-via=\"curierulvl\">Tweet<\/a><\/li>\n<li class=\"share-jetpack-whatsapp\"><a rel=\"nofollow noopener noreferrer\" data-shared=\"sharing-whatsapp-196148\" class=\"share-jetpack-whatsapp sd-button\" href=\"https:\/\/www.curierul.ro\/cine-ne-educa-adolescentii\/?share=jetpack-whatsapp\" target=\"_blank\" aria-labelledby=\"sharing-whatsapp-196148\"><span id=\"sharing-whatsapp-196148\" hidden>D\u0103 clic pentru partajare pe WhatsApp(Se deschide \u00eentr-o fereastr\u0103 nou\u0103)<\/span><span>WhatsApp<\/span><\/a><\/li>\n<li><a href=\"https:\/\/www.curierul.ro\/cine-ne-educa-adolescentii\/\" class=\"sharing-anchor sd-button share-more\"><span>Mai mult<\/span><\/a><\/li>\n<li class=\"share-end\"><\/ul>\n<div class=\"sharing-hidden\">\n<div class=\"inner\">\n<ul>\n<li class=\"share-email\"><a rel=\"nofollow noopener noreferrer\" data-shared=\"sharing-email-196148\" class=\"share-email sd-button\" href=\"mailto:?subject=%5BArticol%20partajat%5D%20Cine%20ne%20educ%C4%83%20adolescen%C8%9Bii%3F&amp;body=https%3A%2F%2Fwww.curierul.ro%2Fcine-ne-educa-adolescentii%2F&amp;share=email\" target=\"_blank\" aria-labelledby=\"sharing-email-196148\" data-email-share-error-title=\"\u021ai-ai configurat emailul?\" data-email-share-error-text=\"Dac\u0103 ai probleme la partajarea prin email, probabil nu ai configurat emailul pentru navigator. Poate trebuie s\u0103 creezi singur un email nou.\" data-email-share-nonce=\"218c5862fa\" data-email-share-track-url=\"https:\/\/www.curierul.ro\/cine-ne-educa-adolescentii\/?share=email\"><span id=\"sharing-email-196148\" hidden>D\u0103 clic pentru a trimite o leg\u0103tur\u0103 prin email unui prieten(Se deschide \u00eentr-o fereastr\u0103 nou\u0103)<\/span><span>Email<\/span><\/a><\/li>\n<li class=\"share-print\"><a rel=\"nofollow noopener noreferrer\" data-shared=\"sharing-print-196148\" class=\"share-print sd-button\" href=\"https:\/\/www.curierul.ro\/cine-ne-educa-adolescentii\/#print?share=print\" target=\"_blank\" aria-labelledby=\"sharing-print-196148\"><span id=\"sharing-print-196148\" hidden>D\u0103 clic pentru a imprima(Se deschide \u00eentr-o fereastr\u0103 nou\u0103)<\/span><span>Imprimare<\/span><\/a><\/li>\n<li class=\"share-end\"><\/ul>\n<\/div>\n<\/div>\n<\/div>\n<\/div>\n<\/div>\n<div id=\"jp-relatedposts\" class=\"jp-relatedposts\">\n<h3 class=\"jp-relatedposts-headline\"><em>Similare<\/em><\/h3>\n<\/div>\n<footer class=\"post-footer\">\n<p class=\"tags\"><strong>Tags: <\/strong><a href=\"https:\/\/www.curierul.ro\/tag\/copii\/\" rel=\"tag\">copii<\/a>, <a href=\"https:\/\/www.curierul.ro\/tag\/educa\/\" rel=\"tag\">educa<\/a>, <a href=\"https:\/\/www.curierul.ro\/tag\/marius-carbunescu-2\/\" rel=\"tag\">Marius Carbunescu<\/a>, <a href=\"https:\/\/www.curierul.ro\/tag\/trolli\/\" rel=\"tag\">trolli<\/a><\/p>\n<div class=\"post-navigation clearfix\">\n<div class=\"previous-post\">\n<div class=\"featured-photo\"><img loading=\"lazy\" decoding=\"async\" width=\"1154\" height=\"646\" src=\"https:\/\/i0.wp.com\/www.curierul.ro\/wp-content\/uploads\/2026\/02\/Pod-2.jpeg?fit=300%2C168&amp;ssl=1\" class=\"attachment-post-thumbnail size-post-thumbnail wp-post-image\" alt><\/div>\n<p class=\"paginate-title\">\u00ab\u00ab <a href=\"https:\/\/www.curierul.ro\/toata-albia-raului-olanesti-va-fi-modernizata\/\" rel=\"prev\">Toat\u0103 albia r\u00e2ului Ol\u0103ne\u0219ti va fi modernizat\u0103!<\/a><\/p>\n<\/div>\n<div class=\"next-post\">\n<div class=\"featured-photo\"><img decoding=\"async\" width=\"1056\" height=\"532\" src=\"https:\/\/i0.wp.com\/www.curierul.ro\/wp-content\/uploads\/2026\/02\/Centrul-Andreea-2.jpeg?fit=300%2C151&amp;ssl=1\" class=\"attachment-post-thumbnail size-post-thumbnail wp-post-image\" alt loading=\"lazy\"><\/div>\n<p class=\"paginate-title\"><a href=\"https:\/\/www.curierul.ro\/centrul-andreea-intra-in-modernizare\/\" rel=\"next\">Centrul \u201eAndreea\u201d intr\u0103 \u00een modernizare!<\/a> \u00bb\u00bb<\/p>\n<\/div>\n<\/div>\n<div id=\"comments\" class=\"comments-area\">\n<div id=\"respond\" class=\"comment-respond\">\n<h3 id=\"reply-title\" class=\"comment-reply-title\">Po\u021bi comenta aici<small><a rel=\"nofollow\" id=\"cancel-comment-reply-link\" href=\"https:\/\/www.curierul.ro\/cine-ne-educa-adolescentii\/#respond\">Anuleaz\u0103 r\u0103spunsul<\/a><\/small><\/h3>\n<\/div>\n<p class=\"akismet_comment_form_privacy_notice\">Acest site folose\u0219te Akismet pentru a reduce spamul. <a href=\"https:\/\/akismet.com\/privacy\/\" target=\"_blank\" rel=\"nofollow noopener\">Afl\u0103 cum sunt procesate datele comentariilor tale<\/a>.<\/p>\n<\/div>\n<section class=\"related-stories\">\n<h2>Related Stories<\/h2>\n<div class=\"stories-container\">\n<article id=\"latest-196011\" class=\"story post-196011 post type-post status-publish format-standard has-post-thumbnail hentry category-eveniment-social category-invatamant category-social tag-copii tag-proiect tag-scoala-gimnaziala-nicolae-balcescu\">\n<div class=\"photo\"><img decoding=\"async\" width=\"735\" height=\"440\" src=\"https:\/\/i0.wp.com\/www.curierul.ro\/wp-content\/uploads\/2026\/01\/scoala2.jpeg?fit=300%2C200&amp;ssl=1\" class=\"attachment-giornalismo-single size-giornalismo-single wp-post-image\" alt loading=\"lazy\"><\/div>\n<p class=\"headline\"><a href=\"https:\/\/www.curierul.ro\/la-scoala-gimnaziala-nicolae-balcescu-un-proiect-de-suflet-construit-pentru-copii-si-pentru-viitor\/\">La \u0218coala Gimnazial\u0103 \u201eNicolae B\u0103lcescu\u201d, un proiect de suflet, construit pentru copii \u0219i pentru viitor<\/a><\/p>\n<\/article>\n<article id=\"latest-194511\" class=\"story post-194511 post type-post status-publish format-standard has-post-thumbnail hentry category-invatamant category-politica category-social tag-copii tag-intalnire-directori tag-interes tag-mircia-gutau-2 tag-scoli-2\">\n<div class=\"photo\"><img decoding=\"async\" width=\"735\" height=\"440\" src=\"https:\/\/i0.wp.com\/www.curierul.ro\/wp-content\/uploads\/2025\/09\/intalnire-directori-scoli.jpg?fit=300%2C200&amp;ssl=1\" class=\"attachment-giornalismo-single size-giornalismo-single wp-post-image\" alt loading=\"lazy\"><\/div>\n<p class=\"headline\"><a href=\"https:\/\/www.curierul.ro\/primarul-mircia-gutau-la-intalnirea-cu-directorii-scolilor-din-ramnic-urmariti-interesul-copiilor\/\">Primarul Mircia Gut\u0103u, la \u00eent\u00e2lnirea cu directorii \u0219colilor din R\u00e2mnic: \u201eUrm\u0103ri\u021bi interesul copiilor!\u201d<\/a><\/p>\n<\/article>\n<article id=\"latest-191213\" class=\"story post-191213 post type-post status-publish format-standard has-post-thumbnail hentry category-actualitate category-headlines category-politica tag-cadouri tag-copii tag-mos-craciun tag-primaria-municipiului-rm-valcea\">\n<div class=\"photo\"><img decoding=\"async\" width=\"735\" height=\"440\" src=\"https:\/\/i0.wp.com\/www.curierul.ro\/wp-content\/uploads\/2024\/12\/mos-nicolae.jpg?fit=300%2C225&amp;ssl=1\" class=\"attachment-giornalismo-single size-giornalismo-single wp-post-image\" alt loading=\"lazy\"><\/div>\n<p class=\"headline\"><a href=\"https:\/\/www.curierul.ro\/primaria-municipiului-il-ajuta-pe-mos-craciun-sa-duca-cadouri-la-10-000-de-copii-din-ramnic\/\">Prim\u0103ria Municipiului \u00eel ajut\u0103 pe Mo\u0219 Cr\u0103ciun s\u0103 duc\u0103 cadouri la 10.000 de copii din R\u00e2mnic<\/a><\/p>\n<\/article>\n<\/div>\n<\/section>\n<section class=\"latest-category clearfix\">\n<h2 class=\"title\">More Stories From Actualitate<\/h2>\n<div class=\"stories-container\">\n<article id=\"related-196296\" class=\"story post-196296 post type-post status-publish format-standard has-post-thumbnail hentry category-actualitate category-economie category-eveniment-social category-headlines tag-camera-de-comert-si-industrie-valcea-2 tag-centenar tag-invitat tag-principele-nicolae\">\n<div class=\"photo\"><img decoding=\"async\" width=\"735\" height=\"440\" src=\"https:\/\/i0.wp.com\/www.curierul.ro\/wp-content\/uploads\/2026\/02\/FOND.jpg?fit=300%2C200&amp;ssl=1\" class=\"attachment-giornalismo-single size-giornalismo-single wp-post-image\" alt loading=\"lazy\"><\/div>\n<p class=\"headline\"><a href=\"https:\/\/www.curierul.ro\/astazi-principele-nicolae-este-invitatul-special-al-centenarului-camerei-de-comert-si-industrie-valcea\/\">Ast\u0103zi, Principele Nicolae este invitatul special al Centenarului Camerei de Comer\u021b \u0219i Industrie V\u00e2lcea<\/a><\/p>\n<\/article>\n<article id=\"related-196293\" class=\"story post-196293 post type-post status-publish format-standard has-post-thumbnail hentry category-actualitate category-politica\">\n<div class=\"photo\"><img decoding=\"async\" width=\"735\" height=\"440\" src=\"https:\/\/i0.wp.com\/www.curierul.ro\/wp-content\/uploads\/2026\/02\/gutau-discutii-asociatii.jpg?fit=300%2C225&amp;ssl=1\" class=\"attachment-giornalismo-single size-giornalismo-single wp-post-image\" alt loading=\"lazy\"><\/div>\n<p class=\"headline\"><a href=\"https:\/\/www.curierul.ro\/primarul-gutau-in-dialog-direct-cu-asociatiile-de-proprietari\/\">Primarul Gut\u0103u, \u00een dialog direct cu asocia\u021biile de proprietari<\/a><\/p>\n<\/article>\n<article id=\"related-196290\" class=\"story post-196290 post type-post status-publish format-standard has-post-thumbnail hentry category-actualitate category-zidezi tag-articol-de-la-partener\">\n<div class=\"photo\"><img decoding=\"async\" width=\"735\" height=\"440\" src=\"https:\/\/i0.wp.com\/www.curierul.ro\/wp-content\/uploads\/2026\/02\/ii9zqlzrz1pbwdp_wp.jpg?fit=300%2C200&amp;ssl=1\" class=\"attachment-giornalismo-single size-giornalismo-single wp-post-image\" alt loading=\"lazy\"><\/div>\n<p class=\"headline\"><a href=\"https:\/\/www.curierul.ro\/lumina-care-schimba-totul-cum-iti-transformi-bucataria-cu-un-iluminat-bine-ales\/\">Lumina care schimb\u0103 totul \u2013 cum \u00ee\u021bi transformi buc\u0103t\u0103ria cu un iluminat bine ales<\/a><\/p>\n<\/article>\n<\/div>\n<\/section>\n<section class=\"author-bio clearfix\">\n<div class=\"mug-shot\"><img decoding=\"async\" alt src=\"https:\/\/secure.gravatar.com\/avatar\/ba482057c6d1bda67708f17163429f2327c04ac56e0ade26a8da99f105efef18?s=96&amp;d=mm&amp;r=g\" class=\"avatar avatar-96 photo\" height=\"96\" width=\"96\" loading=\"lazy\"><\/div>\n<div class=\"author-info\">\n<p class=\"title\">About Carbunescu Marius, <\/p>\n<div class=\"author-social-area\"><a href=\"mailto:marius.carbunescu@gmail.com\"><span class=\"fal fa-envelope\"><span class=\"screen-reader-text\">Email the Author<\/span><\/span><\/a><\/div>\n<\/div>\n<\/section>\n<\/footer>\n<\/article>\n<article id=\"latest-196011\" class=\"story post-196011 post type-post status-publish format-standard has-post-thumbnail hentry category-eveniment-social category-invatamant category-social tag-copii tag-proiect tag-scoala-gimnaziala-nicolae-balcescu\">\n<div class=\"photo\"><img decoding=\"async\" width=\"735\" height=\"440\" src=\"https:\/\/i0.wp.com\/www.curierul.ro\/wp-content\/uploads\/2026\/01\/scoala2.jpeg?fit=300%2C200&amp;ssl=1\" class=\"attachment-giornalismo-single size-giornalismo-single wp-post-image\" alt loading=\"lazy\"><\/div>\n<p class=\"headline\"><a href=\"https:\/\/www.curierul.ro\/la-scoala-gimnaziala-nicolae-balcescu-un-proiect-de-suflet-construit-pentru-copii-si-pentru-viitor\/\">La \u0218coala Gimnazial\u0103 \u201eNicolae B\u0103lcescu\u201d, un proiect de suflet, construit pentru copii \u0219i pentru viitor<\/a><\/p>\n<\/article>\n<article id=\"latest-194511\" class=\"story post-194511 post type-post status-publish format-standard has-post-thumbnail hentry category-invatamant category-politica category-social tag-copii tag-intalnire-directori tag-interes tag-mircia-gutau-2 tag-scoli-2\">\n<div class=\"photo\"><img decoding=\"async\" width=\"735\" height=\"440\" src=\"https:\/\/i0.wp.com\/www.curierul.ro\/wp-content\/uploads\/2025\/09\/intalnire-directori-scoli.jpg?fit=300%2C200&amp;ssl=1\" class=\"attachment-giornalismo-single size-giornalismo-single wp-post-image\" alt loading=\"lazy\"><\/div>\n<p class=\"headline\"><a href=\"https:\/\/www.curierul.ro\/primarul-mircia-gutau-la-intalnirea-cu-directorii-scolilor-din-ramnic-urmariti-interesul-copiilor\/\">Primarul Mircia Gut\u0103u, la \u00eent\u00e2lnirea cu directorii \u0219colilor din R\u00e2mnic: \u201eUrm\u0103ri\u021bi interesul copiilor!\u201d<\/a><\/p>\n<\/article>\n<article id=\"latest-191213\" class=\"story post-191213 post type-post status-publish format-standard has-post-thumbnail hentry category-actualitate category-headlines category-politica tag-cadouri tag-copii tag-mos-craciun tag-primaria-municipiului-rm-valcea\">\n<div class=\"photo\"><img decoding=\"async\" width=\"735\" height=\"440\" src=\"https:\/\/i0.wp.com\/www.curierul.ro\/wp-content\/uploads\/2024\/12\/mos-nicolae.jpg?fit=300%2C225&amp;ssl=1\" class=\"attachment-giornalismo-single size-giornalismo-single wp-post-image\" alt loading=\"lazy\"><\/div>\n<p class=\"headline\"><a href=\"https:\/\/www.curierul.ro\/primaria-municipiului-il-ajuta-pe-mos-craciun-sa-duca-cadouri-la-10-000-de-copii-din-ramnic\/\">Prim\u0103ria Municipiului \u00eel ajut\u0103 pe Mo\u0219 Cr\u0103ciun s\u0103 duc\u0103 cadouri la 10.000 de copii din R\u00e2mnic<\/a><\/p>\n<\/article>\n<article id=\"related-196296\" class=\"story post-196296 post type-post status-publish format-standard has-post-thumbnail hentry category-actualitate category-economie category-eveniment-social category-headlines tag-camera-de-comert-si-industrie-valcea-2 tag-centenar tag-invitat tag-principele-nicolae\">\n<div class=\"photo\"><img decoding=\"async\" width=\"735\" height=\"440\" src=\"https:\/\/i0.wp.com\/www.curierul.ro\/wp-content\/uploads\/2026\/02\/FOND.jpg?fit=300%2C200&amp;ssl=1\" class=\"attachment-giornalismo-single size-giornalismo-single wp-post-image\" alt loading=\"lazy\"><\/div>\n<p class=\"headline\"><a href=\"https:\/\/www.curierul.ro\/astazi-principele-nicolae-este-invitatul-special-al-centenarului-camerei-de-comert-si-industrie-valcea\/\">Ast\u0103zi, Principele Nicolae este invitatul special al Centenarului Camerei de Comer\u021b \u0219i Industrie V\u00e2lcea<\/a><\/p>\n<\/article>\n<article id=\"related-196293\" class=\"story post-196293 post type-post status-publish format-standard has-post-thumbnail hentry category-actualitate category-politica\">\n<div class=\"photo\"><img decoding=\"async\" width=\"735\" height=\"440\" src=\"https:\/\/i0.wp.com\/www.curierul.ro\/wp-content\/uploads\/2026\/02\/gutau-discutii-asociatii.jpg?fit=300%2C225&amp;ssl=1\" class=\"attachment-giornalismo-single size-giornalismo-single wp-post-image\" alt loading=\"lazy\"><\/div>\n<p class=\"headline\"><a href=\"https:\/\/www.curierul.ro\/primarul-gutau-in-dialog-direct-cu-asociatiile-de-proprietari\/\">Primarul Gut\u0103u, \u00een dialog direct cu asocia\u021biile de proprietari<\/a><\/p>\n<\/article>\n<article id=\"related-196290\" class=\"story post-196290 post type-post status-publish format-standard has-post-thumbnail hentry category-actualitate category-zidezi tag-articol-de-la-partener\">\n<div class=\"photo\"><img decoding=\"async\" width=\"735\" height=\"440\" src=\"https:\/\/i0.wp.com\/www.curierul.ro\/wp-content\/uploads\/2026\/02\/ii9zqlzrz1pbwdp_wp.jpg?fit=300%2C200&amp;ssl=1\" class=\"attachment-giornalismo-single size-giornalismo-single wp-post-image\" alt loading=\"lazy\"><\/div>\n<p class=\"headline\"><a href=\"https:\/\/www.curierul.ro\/lumina-care-schimba-totul-cum-iti-transformi-bucataria-cu-un-iluminat-bine-ales\/\">Lumina care schimb\u0103 totul \u2013 cum \u00ee\u021bi transformi buc\u0103t\u0103ria cu un iluminat bine ales<\/a><\/p>\n<\/article>\n<p>[analyse_source url=&#8221;https:\/\/www.curierul.ro\/cine-ne-educa-adolescentii\/&#8221;]<\/p>\n","protected":false},"excerpt":{"rendered":"<p>[analyse_image type=&#8221;featured&#8221; src=&#8221;https:\/\/www.curierul.ro\/wp-content\/uploads\/2022\/08\/MARIUS-CARBUNESCU.jpghttps:\/\/i0.wp.com\/www.curierul.ro\/wp-content\/uploads\/2022\/08\/MARIUS-CARBUNESCU.jpg?fit=530%2C213&amp;ssl=1&#8243;] Home Actualitate Cine ne educ\u0103 adolescen\u021bii? Cine ne educ\u0103 adolescen\u021bii? Scris deCarbunescu Marius, 2 februarie 2026 \u0218coala este dep\u0103\u0219it\u0103 de situa\u021bie. Familia este dep\u0103\u0219it\u0103 de situa\u021bie. De biseric\u0103, care \u00een trecut avea un rol importat, nici nu mai vorbesc. Cine ne educ\u0103 copiii? De bun\u0103 seam\u0103 c\u0103 re\u021belele sociale. De acolo \u00ee\u0219i [&hellip;]<\/p>\n","protected":false},"author":1,"featured_media":0,"comment_status":"open","ping_status":"","sticky":false,"template":"","format":"standard","meta":{"footnotes":""},"categories":[89],"tags":[226,213],"class_list":["post-1766469","post","type-post","status-publish","format-standard","hentry","category-romania","tag-crawlmanager","tag-curierul-ro"],"_links":{"self":[{"href":"https:\/\/analyse.optim.biz\/index.php?rest_route=\/wp\/v2\/posts\/1766469","targetHints":{"allow":["GET"]}}],"collection":[{"href":"https:\/\/analyse.optim.biz\/index.php?rest_route=\/wp\/v2\/posts"}],"about":[{"href":"https:\/\/analyse.optim.biz\/index.php?rest_route=\/wp\/v2\/types\/post"}],"author":[{"embeddable":true,"href":"https:\/\/analyse.optim.biz\/index.php?rest_route=\/wp\/v2\/users\/1"}],"replies":[{"embeddable":true,"href":"https:\/\/analyse.optim.biz\/index.php?rest_route=%2Fwp%2Fv2%2Fcomments&post=1766469"}],"version-history":[{"count":0,"href":"https:\/\/analyse.optim.biz\/index.php?rest_route=\/wp\/v2\/posts\/1766469\/revisions"}],"wp:attachment":[{"href":"https:\/\/analyse.optim.biz\/index.php?rest_route=%2Fwp%2Fv2%2Fmedia&parent=1766469"}],"wp:term":[{"taxonomy":"category","embeddable":true,"href":"https:\/\/analyse.optim.biz\/index.php?rest_route=%2Fwp%2Fv2%2Fcategories&post=1766469"},{"taxonomy":"post_tag","embeddable":true,"href":"https:\/\/analyse.optim.biz\/index.php?rest_route=%2Fwp%2Fv2%2Ftags&post=1766469"}],"curies":[{"name":"wp","href":"https:\/\/api.w.org\/{rel}","templated":true}]}}