{"id":1766468,"date":"2026-02-02T08:38:01","date_gmt":"2026-02-02T05:38:01","guid":{"rendered":"https:\/\/analyse.optim.biz\/?p=1766468"},"modified":"2026-02-02T08:38:01","modified_gmt":"2026-02-02T05:38:01","slug":"toata-albia-raului-olanesti-va-fi-modernizata","status":"publish","type":"post","link":"https:\/\/analyse.optim.biz\/?p=1766468","title":{"rendered":"Toat\u0103 albia r\u00e2ului Ol\u0103ne\u0219ti va fi modernizat\u0103!"},"content":{"rendered":"<p>[analyse_image type=&#8221;featured&#8221; src=&#8221;https:\/\/www.curierul.ro\/wp-content\/uploads\/2026\/02\/Pod-2.jpeghttps:\/\/i0.wp.com\/www.curierul.ro\/wp-content\/uploads\/2026\/02\/Pod-2.jpeg?fit=1154%2C646&amp;ssl=1&#8243;]<\/p>\n<article id=\"196145\" class=\"post-196145 post type-post status-publish format-standard has-post-thumbnail hentry category-actualitate category-headlines category-politica tag-albia-raului-olanesti tag-mircia-gutau-2 tag-ramnic-2\">\n<header class=\"post-header\">\n<ul class=\"breadcrumbs\">\n<li><a href=\"https:\/\/www.curierul.ro\">Home<\/a><\/li>\n<li class=\"breadcrumbs-active .category-actualitate\"><a href=\"https:\/\/www.curierul.ro\/index.php?cat=1615\">Actualitate<\/a><\/li>\n<li class=\"breadcrumbs-active .category-actualitate\">Toat\u0103 albia r\u00e2ului Ol\u0103ne\u0219ti va fi modernizat\u0103!<\/li>\n<\/ul>\n<div class=\"featured-photo\"><img loading=\"lazy\" decoding=\"async\" width=\"1154\" height=\"646\" src=\"https:\/\/i0.wp.com\/www.curierul.ro\/wp-content\/uploads\/2026\/02\/Pod-2.jpeg?fit=300%2C168&amp;ssl=1\" class=\"attachment-single size-single wp-post-image\" alt><\/div>\n<h1 class=\"headline\">Toat\u0103 albia r\u00e2ului Ol\u0103ne\u0219ti va fi modernizat\u0103!<\/h1>\n<p class=\"byline\">\n\t\tScris de<a href=\"https:\/\/www.curierul.ro\/author\/curierul\/\">Curierul de Valcea<\/a>, \t\t2 februarie 2026\t\t\t\t<\/p>\n<hr>\n<\/header>\n<p>Vineri, primarul R\u00e2mnicului, Mircia Gut\u0103u, a participat personal la predarea amplasamentului \u0219i emiterea ordinului de \u00eencepere a lucr\u0103rilor pentru proiectul \u201eCre\u0219terea mobilit\u0103\u021bii urbane, pietonale \u0219i cicliste \u00een municipiul R\u00e2mnicu V\u00e2lcea \u2013 Componenta I\u201d, finan\u021bat din fonduri europene.<\/p>\n<p>Cu o valoarea de 48.208.780,53 lei, proiectul vizeaz\u0103 transformarea albiei r\u00e2ului Ol\u0103ne\u0219ti prin:<\/p>\n<ul>\n<li>amenajarea unor promenade pietonale cu o lungime de 3,16 km;<\/li>\n<li>realizarea a 9,89 km de piste de biciclete;<\/li>\n<li>construirea unui pod pietonal-ciclist peste r\u00e2ul Ol\u0103ne\u0219ti, amplasat \u00een zona Ostroveni, dedicat exclusiv pietonilor \u0219i bicicli\u0219tilor.<\/li>\n<\/ul>\n<p>Lucr\u0103rile se vor desf\u0103\u0219ura pe ambele maluri ale r\u00e2ului Ol\u0103ne\u0219ti, \u00eentre Podul Morilor \u0219i Podul Tineretului.<\/p>\n<p>Componenta II a proiectului, care prevede amenajarea a peste 40 km, de piste de biciclete, inclusiv de-a lungul r\u00e2ului Olt \u0219i construirea a dou\u0103 noi poduri pietonal-cicliste peste r\u00e2ul Ol\u0103ne\u0219ti, se afl\u0103 \u00een prezent \u00een proces de achizi\u021bie, urm\u00e2nd s\u0103 fie desemnat executantul.<\/p>\n<div class=\"sharedaddy sd-sharing-enabled\">\n<div class=\"robots-nocontent sd-block sd-social sd-social-official sd-sharing\">\n<h3 class=\"sd-title\">Distribuie pe:<\/h3>\n<div class=\"sd-content\">\n<ul>\n<li class=\"share-facebook\">\n<li class=\"share-twitter\"><a href=\"https:\/\/twitter.com\/share\" class=\"twitter-share-button\" data-url=\"https:\/\/www.curierul.ro\/toata-albia-raului-olanesti-va-fi-modernizata\/\" data-text=\"Toat\u0103 albia r\u00e2ului Ol\u0103ne\u0219ti va fi modernizat\u0103!\" data-via=\"curierulvl\">Tweet<\/a><\/li>\n<li class=\"share-jetpack-whatsapp\"><a rel=\"nofollow noopener noreferrer\" data-shared=\"sharing-whatsapp-196145\" class=\"share-jetpack-whatsapp sd-button\" href=\"https:\/\/www.curierul.ro\/toata-albia-raului-olanesti-va-fi-modernizata\/?share=jetpack-whatsapp\" target=\"_blank\" aria-labelledby=\"sharing-whatsapp-196145\"><span id=\"sharing-whatsapp-196145\" hidden>D\u0103 clic pentru partajare pe WhatsApp(Se deschide \u00eentr-o fereastr\u0103 nou\u0103)<\/span><span>WhatsApp<\/span><\/a><\/li>\n<li><a href=\"https:\/\/www.curierul.ro\/toata-albia-raului-olanesti-va-fi-modernizata\/\" class=\"sharing-anchor sd-button share-more\"><span>Mai mult<\/span><\/a><\/li>\n<li class=\"share-end\"><\/ul>\n<div class=\"sharing-hidden\">\n<div class=\"inner\">\n<ul>\n<li class=\"share-email\"><a rel=\"nofollow noopener noreferrer\" data-shared=\"sharing-email-196145\" class=\"share-email sd-button\" href=\"mailto:?subject=%5BArticol%20partajat%5D%20Toat%C4%83%20albia%20r%C3%A2ului%20Ol%C4%83ne%C8%99ti%20va%20fi%20modernizat%C4%83%21&amp;body=https%3A%2F%2Fwww.curierul.ro%2Ftoata-albia-raului-olanesti-va-fi-modernizata%2F&amp;share=email\" target=\"_blank\" aria-labelledby=\"sharing-email-196145\" data-email-share-error-title=\"\u021ai-ai configurat emailul?\" data-email-share-error-text=\"Dac\u0103 ai probleme la partajarea prin email, probabil nu ai configurat emailul pentru navigator. Poate trebuie s\u0103 creezi singur un email nou.\" data-email-share-nonce=\"68dbcb7d23\" data-email-share-track-url=\"https:\/\/www.curierul.ro\/toata-albia-raului-olanesti-va-fi-modernizata\/?share=email\"><span id=\"sharing-email-196145\" hidden>D\u0103 clic pentru a trimite o leg\u0103tur\u0103 prin email unui prieten(Se deschide \u00eentr-o fereastr\u0103 nou\u0103)<\/span><span>Email<\/span><\/a><\/li>\n<li class=\"share-print\"><a rel=\"nofollow noopener noreferrer\" data-shared=\"sharing-print-196145\" class=\"share-print sd-button\" href=\"https:\/\/www.curierul.ro\/toata-albia-raului-olanesti-va-fi-modernizata\/#print?share=print\" target=\"_blank\" aria-labelledby=\"sharing-print-196145\"><span id=\"sharing-print-196145\" hidden>D\u0103 clic pentru a imprima(Se deschide \u00eentr-o fereastr\u0103 nou\u0103)<\/span><span>Imprimare<\/span><\/a><\/li>\n<li class=\"share-end\"><\/ul>\n<\/div>\n<\/div>\n<\/div>\n<\/div>\n<\/div>\n<div id=\"jp-relatedposts\" class=\"jp-relatedposts\">\n<h3 class=\"jp-relatedposts-headline\"><em>Similare<\/em><\/h3>\n<\/div>\n<footer class=\"post-footer\">\n<p class=\"tags\"><strong>Tags: <\/strong><a href=\"https:\/\/www.curierul.ro\/tag\/albia-raului-olanesti\/\" rel=\"tag\">albia r\u00e2ului Ol\u0103ne\u0219ti<\/a>, <a href=\"https:\/\/www.curierul.ro\/tag\/mircia-gutau-2\/\" rel=\"tag\">Mircia Gut\u0103u<\/a>, <a href=\"https:\/\/www.curierul.ro\/tag\/ramnic-2\/\" rel=\"tag\">R\u00e2mnic<\/a><\/p>\n<div class=\"post-navigation clearfix\">\n<div class=\"previous-post\">\n<div class=\"featured-photo\"><img loading=\"lazy\" decoding=\"async\" width=\"1920\" height=\"2560\" src=\"https:\/\/i0.wp.com\/www.curierul.ro\/wp-content\/uploads\/2026\/01\/IMG-20260131-WA0001-1-scaled.jpg?fit=225%2C300&amp;ssl=1\" class=\"attachment-post-thumbnail size-post-thumbnail wp-post-image\" alt><\/div>\n<p class=\"paginate-title\">\u00ab\u00ab <a href=\"https:\/\/www.curierul.ro\/un-nou-incendiu-dezastruos\/\" rel=\"prev\">Un nou incendiu dezastruos<\/a><\/p>\n<\/div>\n<div class=\"next-post\">\n<div class=\"featured-photo\"><img decoding=\"async\" width=\"530\" height=\"213\" src=\"https:\/\/i0.wp.com\/www.curierul.ro\/wp-content\/uploads\/2022\/08\/MARIUS-CARBUNESCU.jpg?fit=300%2C121&amp;ssl=1\" class=\"attachment-post-thumbnail size-post-thumbnail wp-post-image\" alt loading=\"lazy\"><\/div>\n<p class=\"paginate-title\"><a href=\"https:\/\/www.curierul.ro\/cine-ne-educa-adolescentii\/\" rel=\"next\">Cine ne educ\u0103 adolescen\u021bii?<\/a> \u00bb\u00bb<\/p>\n<\/div>\n<\/div>\n<div id=\"comments\" class=\"comments-area\">\n<div id=\"respond\" class=\"comment-respond\">\n<h3 id=\"reply-title\" class=\"comment-reply-title\">Po\u021bi comenta aici<small><a rel=\"nofollow\" id=\"cancel-comment-reply-link\" href=\"https:\/\/www.curierul.ro\/toata-albia-raului-olanesti-va-fi-modernizata\/#respond\">Anuleaz\u0103 r\u0103spunsul<\/a><\/small><\/h3>\n<\/div>\n<p class=\"akismet_comment_form_privacy_notice\">Acest site folose\u0219te Akismet pentru a reduce spamul. <a href=\"https:\/\/akismet.com\/privacy\/\" target=\"_blank\" rel=\"nofollow noopener\">Afl\u0103 cum sunt procesate datele comentariilor tale<\/a>.<\/p>\n<\/div>\n<section class=\"latest-category clearfix\">\n<h2 class=\"title\">More Stories From Actualitate<\/h2>\n<div class=\"stories-container\">\n<article id=\"related-196296\" class=\"story post-196296 post type-post status-publish format-standard has-post-thumbnail hentry category-actualitate category-economie category-eveniment-social category-headlines tag-camera-de-comert-si-industrie-valcea-2 tag-centenar tag-invitat tag-principele-nicolae\">\n<div class=\"photo\"><img decoding=\"async\" width=\"735\" height=\"440\" src=\"https:\/\/i0.wp.com\/www.curierul.ro\/wp-content\/uploads\/2026\/02\/FOND.jpg?fit=300%2C200&amp;ssl=1\" class=\"attachment-giornalismo-single size-giornalismo-single wp-post-image\" alt loading=\"lazy\"><\/div>\n<p class=\"headline\"><a href=\"https:\/\/www.curierul.ro\/astazi-principele-nicolae-este-invitatul-special-al-centenarului-camerei-de-comert-si-industrie-valcea\/\">Ast\u0103zi, Principele Nicolae este invitatul special al Centenarului Camerei de Comer\u021b \u0219i Industrie V\u00e2lcea<\/a><\/p>\n<\/article>\n<article id=\"related-196293\" class=\"story post-196293 post type-post status-publish format-standard has-post-thumbnail hentry category-actualitate category-politica\">\n<div class=\"photo\"><img decoding=\"async\" width=\"735\" height=\"440\" src=\"https:\/\/i0.wp.com\/www.curierul.ro\/wp-content\/uploads\/2026\/02\/gutau-discutii-asociatii.jpg?fit=300%2C225&amp;ssl=1\" class=\"attachment-giornalismo-single size-giornalismo-single wp-post-image\" alt loading=\"lazy\"><\/div>\n<p class=\"headline\"><a href=\"https:\/\/www.curierul.ro\/primarul-gutau-in-dialog-direct-cu-asociatiile-de-proprietari\/\">Primarul Gut\u0103u, \u00een dialog direct cu asocia\u021biile de proprietari<\/a><\/p>\n<\/article>\n<article id=\"related-196290\" class=\"story post-196290 post type-post status-publish format-standard has-post-thumbnail hentry category-actualitate category-zidezi tag-articol-de-la-partener\">\n<div class=\"photo\"><img decoding=\"async\" width=\"735\" height=\"440\" src=\"https:\/\/i0.wp.com\/www.curierul.ro\/wp-content\/uploads\/2026\/02\/ii9zqlzrz1pbwdp_wp.jpg?fit=300%2C200&amp;ssl=1\" class=\"attachment-giornalismo-single size-giornalismo-single wp-post-image\" alt loading=\"lazy\"><\/div>\n<p class=\"headline\"><a href=\"https:\/\/www.curierul.ro\/lumina-care-schimba-totul-cum-iti-transformi-bucataria-cu-un-iluminat-bine-ales\/\">Lumina care schimb\u0103 totul \u2013 cum \u00ee\u021bi transformi buc\u0103t\u0103ria cu un iluminat bine ales<\/a><\/p>\n<\/article>\n<\/div>\n<\/section>\n<section class=\"author-bio clearfix\">\n<div class=\"mug-shot\"><img decoding=\"async\" alt src=\"https:\/\/secure.gravatar.com\/avatar\/2a58d181c1d85262357d59db6fc29158130ca794fc45057783762a4c0eb9167f?s=96&amp;d=mm&amp;r=g\" class=\"avatar avatar-96 photo\" height=\"96\" width=\"96\" loading=\"lazy\"><\/div>\n<div class=\"author-info\">\n<p class=\"title\">About Curierul de Valcea, <\/p>\n<div class=\"author-social-area\"><a href=\"mailto:curierul@curierul.ro\"><span class=\"fal fa-envelope\"><span class=\"screen-reader-text\">Email the Author<\/span><\/span><\/a><\/div>\n<\/div>\n<\/section>\n<\/footer>\n<\/article>\n<article id=\"196145\" class=\"post-196145 post type-post status-publish format-standard has-post-thumbnail hentry category-actualitate category-headlines category-politica tag-albia-raului-olanesti tag-mircia-gutau-2 tag-ramnic-2\">\n<header class=\"post-header\">\n<ul class=\"breadcrumbs\">\n<li><a href=\"https:\/\/www.curierul.ro\">Home<\/a><\/li>\n<li class=\"breadcrumbs-active .category-actualitate\"><a href=\"https:\/\/www.curierul.ro\/index.php?cat=1615\">Actualitate<\/a><\/li>\n<li class=\"breadcrumbs-active .category-actualitate\">Toat\u0103 albia r\u00e2ului Ol\u0103ne\u0219ti va fi modernizat\u0103!<\/li>\n<\/ul>\n<div class=\"featured-photo\"><img loading=\"lazy\" decoding=\"async\" width=\"1154\" height=\"646\" src=\"https:\/\/i0.wp.com\/www.curierul.ro\/wp-content\/uploads\/2026\/02\/Pod-2.jpeg?fit=300%2C168&amp;ssl=1\" class=\"attachment-single size-single wp-post-image\" alt><\/div>\n<h1 class=\"headline\">Toat\u0103 albia r\u00e2ului Ol\u0103ne\u0219ti va fi modernizat\u0103!<\/h1>\n<p class=\"byline\">\n\t\tScris de<a href=\"https:\/\/www.curierul.ro\/author\/curierul\/\">Curierul de Valcea<\/a>, \t\t2 februarie 2026\t\t\t\t<\/p>\n<hr>\n<\/header>\n<p>Vineri, primarul R\u00e2mnicului, Mircia Gut\u0103u, a participat personal la predarea amplasamentului \u0219i emiterea ordinului de \u00eencepere a lucr\u0103rilor pentru proiectul \u201eCre\u0219terea mobilit\u0103\u021bii urbane, pietonale \u0219i cicliste \u00een municipiul R\u00e2mnicu V\u00e2lcea \u2013 Componenta I\u201d, finan\u021bat din fonduri europene.<\/p>\n<p>Cu o valoarea de 48.208.780,53 lei, proiectul vizeaz\u0103 transformarea albiei r\u00e2ului Ol\u0103ne\u0219ti prin:<\/p>\n<ul>\n<li>amenajarea unor promenade pietonale cu o lungime de 3,16 km;<\/li>\n<li>realizarea a 9,89 km de piste de biciclete;<\/li>\n<li>construirea unui pod pietonal-ciclist peste r\u00e2ul Ol\u0103ne\u0219ti, amplasat \u00een zona Ostroveni, dedicat exclusiv pietonilor \u0219i bicicli\u0219tilor.<\/li>\n<\/ul>\n<p>Lucr\u0103rile se vor desf\u0103\u0219ura pe ambele maluri ale r\u00e2ului Ol\u0103ne\u0219ti, \u00eentre Podul Morilor \u0219i Podul Tineretului.<\/p>\n<p>Componenta II a proiectului, care prevede amenajarea a peste 40 km, de piste de biciclete, inclusiv de-a lungul r\u00e2ului Olt \u0219i construirea a dou\u0103 noi poduri pietonal-cicliste peste r\u00e2ul Ol\u0103ne\u0219ti, se afl\u0103 \u00een prezent \u00een proces de achizi\u021bie, urm\u00e2nd s\u0103 fie desemnat executantul.<\/p>\n<div class=\"sharedaddy sd-sharing-enabled\">\n<div class=\"robots-nocontent sd-block sd-social sd-social-official sd-sharing\">\n<h3 class=\"sd-title\">Distribuie pe:<\/h3>\n<div class=\"sd-content\">\n<ul>\n<li class=\"share-facebook\">\n<li class=\"share-twitter\"><a href=\"https:\/\/twitter.com\/share\" class=\"twitter-share-button\" data-url=\"https:\/\/www.curierul.ro\/toata-albia-raului-olanesti-va-fi-modernizata\/\" data-text=\"Toat\u0103 albia r\u00e2ului Ol\u0103ne\u0219ti va fi modernizat\u0103!\" data-via=\"curierulvl\">Tweet<\/a><\/li>\n<li class=\"share-jetpack-whatsapp\"><a rel=\"nofollow noopener noreferrer\" data-shared=\"sharing-whatsapp-196145\" class=\"share-jetpack-whatsapp sd-button\" href=\"https:\/\/www.curierul.ro\/toata-albia-raului-olanesti-va-fi-modernizata\/?share=jetpack-whatsapp\" target=\"_blank\" aria-labelledby=\"sharing-whatsapp-196145\"><span id=\"sharing-whatsapp-196145\" hidden>D\u0103 clic pentru partajare pe WhatsApp(Se deschide \u00eentr-o fereastr\u0103 nou\u0103)<\/span><span>WhatsApp<\/span><\/a><\/li>\n<li><a href=\"https:\/\/www.curierul.ro\/toata-albia-raului-olanesti-va-fi-modernizata\/\" class=\"sharing-anchor sd-button share-more\"><span>Mai mult<\/span><\/a><\/li>\n<li class=\"share-end\"><\/ul>\n<div class=\"sharing-hidden\">\n<div class=\"inner\">\n<ul>\n<li class=\"share-email\"><a rel=\"nofollow noopener noreferrer\" data-shared=\"sharing-email-196145\" class=\"share-email sd-button\" href=\"mailto:?subject=%5BArticol%20partajat%5D%20Toat%C4%83%20albia%20r%C3%A2ului%20Ol%C4%83ne%C8%99ti%20va%20fi%20modernizat%C4%83%21&amp;body=https%3A%2F%2Fwww.curierul.ro%2Ftoata-albia-raului-olanesti-va-fi-modernizata%2F&amp;share=email\" target=\"_blank\" aria-labelledby=\"sharing-email-196145\" data-email-share-error-title=\"\u021ai-ai configurat emailul?\" data-email-share-error-text=\"Dac\u0103 ai probleme la partajarea prin email, probabil nu ai configurat emailul pentru navigator. Poate trebuie s\u0103 creezi singur un email nou.\" data-email-share-nonce=\"68dbcb7d23\" data-email-share-track-url=\"https:\/\/www.curierul.ro\/toata-albia-raului-olanesti-va-fi-modernizata\/?share=email\"><span id=\"sharing-email-196145\" hidden>D\u0103 clic pentru a trimite o leg\u0103tur\u0103 prin email unui prieten(Se deschide \u00eentr-o fereastr\u0103 nou\u0103)<\/span><span>Email<\/span><\/a><\/li>\n<li class=\"share-print\"><a rel=\"nofollow noopener noreferrer\" data-shared=\"sharing-print-196145\" class=\"share-print sd-button\" href=\"https:\/\/www.curierul.ro\/toata-albia-raului-olanesti-va-fi-modernizata\/#print?share=print\" target=\"_blank\" aria-labelledby=\"sharing-print-196145\"><span id=\"sharing-print-196145\" hidden>D\u0103 clic pentru a imprima(Se deschide \u00eentr-o fereastr\u0103 nou\u0103)<\/span><span>Imprimare<\/span><\/a><\/li>\n<li class=\"share-end\"><\/ul>\n<\/div>\n<\/div>\n<\/div>\n<\/div>\n<\/div>\n<div id=\"jp-relatedposts\" class=\"jp-relatedposts\">\n<h3 class=\"jp-relatedposts-headline\"><em>Similare<\/em><\/h3>\n<\/div>\n<footer class=\"post-footer\">\n<p class=\"tags\"><strong>Tags: <\/strong><a href=\"https:\/\/www.curierul.ro\/tag\/albia-raului-olanesti\/\" rel=\"tag\">albia r\u00e2ului Ol\u0103ne\u0219ti<\/a>, <a href=\"https:\/\/www.curierul.ro\/tag\/mircia-gutau-2\/\" rel=\"tag\">Mircia Gut\u0103u<\/a>, <a href=\"https:\/\/www.curierul.ro\/tag\/ramnic-2\/\" rel=\"tag\">R\u00e2mnic<\/a><\/p>\n<div class=\"post-navigation clearfix\">\n<div class=\"previous-post\">\n<div class=\"featured-photo\"><img loading=\"lazy\" decoding=\"async\" width=\"1920\" height=\"2560\" src=\"https:\/\/i0.wp.com\/www.curierul.ro\/wp-content\/uploads\/2026\/01\/IMG-20260131-WA0001-1-scaled.jpg?fit=225%2C300&amp;ssl=1\" class=\"attachment-post-thumbnail size-post-thumbnail wp-post-image\" alt><\/div>\n<p class=\"paginate-title\">\u00ab\u00ab <a href=\"https:\/\/www.curierul.ro\/un-nou-incendiu-dezastruos\/\" rel=\"prev\">Un nou incendiu dezastruos<\/a><\/p>\n<\/div>\n<div class=\"next-post\">\n<div class=\"featured-photo\"><img decoding=\"async\" width=\"530\" height=\"213\" src=\"https:\/\/i0.wp.com\/www.curierul.ro\/wp-content\/uploads\/2022\/08\/MARIUS-CARBUNESCU.jpg?fit=300%2C121&amp;ssl=1\" class=\"attachment-post-thumbnail size-post-thumbnail wp-post-image\" alt loading=\"lazy\"><\/div>\n<p class=\"paginate-title\"><a href=\"https:\/\/www.curierul.ro\/cine-ne-educa-adolescentii\/\" rel=\"next\">Cine ne educ\u0103 adolescen\u021bii?<\/a> \u00bb\u00bb<\/p>\n<\/div>\n<\/div>\n<div id=\"comments\" class=\"comments-area\">\n<div id=\"respond\" class=\"comment-respond\">\n<h3 id=\"reply-title\" class=\"comment-reply-title\">Po\u021bi comenta aici<small><a rel=\"nofollow\" id=\"cancel-comment-reply-link\" href=\"https:\/\/www.curierul.ro\/toata-albia-raului-olanesti-va-fi-modernizata\/#respond\">Anuleaz\u0103 r\u0103spunsul<\/a><\/small><\/h3>\n<\/div>\n<p class=\"akismet_comment_form_privacy_notice\">Acest site folose\u0219te Akismet pentru a reduce spamul. <a href=\"https:\/\/akismet.com\/privacy\/\" target=\"_blank\" rel=\"nofollow noopener\">Afl\u0103 cum sunt procesate datele comentariilor tale<\/a>.<\/p>\n<\/div>\n<section class=\"latest-category clearfix\">\n<h2 class=\"title\">More Stories From Actualitate<\/h2>\n<div class=\"stories-container\">\n<article id=\"related-196296\" class=\"story post-196296 post type-post status-publish format-standard has-post-thumbnail hentry category-actualitate category-economie category-eveniment-social category-headlines tag-camera-de-comert-si-industrie-valcea-2 tag-centenar tag-invitat tag-principele-nicolae\">\n<div class=\"photo\"><img decoding=\"async\" width=\"735\" height=\"440\" src=\"https:\/\/i0.wp.com\/www.curierul.ro\/wp-content\/uploads\/2026\/02\/FOND.jpg?fit=300%2C200&amp;ssl=1\" class=\"attachment-giornalismo-single size-giornalismo-single wp-post-image\" alt loading=\"lazy\"><\/div>\n<p class=\"headline\"><a href=\"https:\/\/www.curierul.ro\/astazi-principele-nicolae-este-invitatul-special-al-centenarului-camerei-de-comert-si-industrie-valcea\/\">Ast\u0103zi, Principele Nicolae este invitatul special al Centenarului Camerei de Comer\u021b \u0219i Industrie V\u00e2lcea<\/a><\/p>\n<\/article>\n<article id=\"related-196293\" class=\"story post-196293 post type-post status-publish format-standard has-post-thumbnail hentry category-actualitate category-politica\">\n<div class=\"photo\"><img decoding=\"async\" width=\"735\" height=\"440\" src=\"https:\/\/i0.wp.com\/www.curierul.ro\/wp-content\/uploads\/2026\/02\/gutau-discutii-asociatii.jpg?fit=300%2C225&amp;ssl=1\" class=\"attachment-giornalismo-single size-giornalismo-single wp-post-image\" alt loading=\"lazy\"><\/div>\n<p class=\"headline\"><a href=\"https:\/\/www.curierul.ro\/primarul-gutau-in-dialog-direct-cu-asociatiile-de-proprietari\/\">Primarul Gut\u0103u, \u00een dialog direct cu asocia\u021biile de proprietari<\/a><\/p>\n<\/article>\n<article id=\"related-196290\" class=\"story post-196290 post type-post status-publish format-standard has-post-thumbnail hentry category-actualitate category-zidezi tag-articol-de-la-partener\">\n<div class=\"photo\"><img decoding=\"async\" width=\"735\" height=\"440\" src=\"https:\/\/i0.wp.com\/www.curierul.ro\/wp-content\/uploads\/2026\/02\/ii9zqlzrz1pbwdp_wp.jpg?fit=300%2C200&amp;ssl=1\" class=\"attachment-giornalismo-single size-giornalismo-single wp-post-image\" alt loading=\"lazy\"><\/div>\n<p class=\"headline\"><a href=\"https:\/\/www.curierul.ro\/lumina-care-schimba-totul-cum-iti-transformi-bucataria-cu-un-iluminat-bine-ales\/\">Lumina care schimb\u0103 totul \u2013 cum \u00ee\u021bi transformi buc\u0103t\u0103ria cu un iluminat bine ales<\/a><\/p>\n<\/article>\n<\/div>\n<\/section>\n<section class=\"author-bio clearfix\">\n<div class=\"mug-shot\"><img decoding=\"async\" alt src=\"https:\/\/secure.gravatar.com\/avatar\/2a58d181c1d85262357d59db6fc29158130ca794fc45057783762a4c0eb9167f?s=96&amp;d=mm&amp;r=g\" class=\"avatar avatar-96 photo\" height=\"96\" width=\"96\" loading=\"lazy\"><\/div>\n<div class=\"author-info\">\n<p class=\"title\">About Curierul de Valcea, <\/p>\n<div class=\"author-social-area\"><a href=\"mailto:curierul@curierul.ro\"><span class=\"fal fa-envelope\"><span class=\"screen-reader-text\">Email the Author<\/span><\/span><\/a><\/div>\n<\/div>\n<\/section>\n<\/footer>\n<\/article>\n<article id=\"related-196296\" class=\"story post-196296 post type-post status-publish format-standard has-post-thumbnail hentry category-actualitate category-economie category-eveniment-social category-headlines tag-camera-de-comert-si-industrie-valcea-2 tag-centenar tag-invitat tag-principele-nicolae\">\n<div class=\"photo\"><img decoding=\"async\" width=\"735\" height=\"440\" src=\"https:\/\/i0.wp.com\/www.curierul.ro\/wp-content\/uploads\/2026\/02\/FOND.jpg?fit=300%2C200&amp;ssl=1\" class=\"attachment-giornalismo-single size-giornalismo-single wp-post-image\" alt loading=\"lazy\"><\/div>\n<p class=\"headline\"><a href=\"https:\/\/www.curierul.ro\/astazi-principele-nicolae-este-invitatul-special-al-centenarului-camerei-de-comert-si-industrie-valcea\/\">Ast\u0103zi, Principele Nicolae este invitatul special al Centenarului Camerei de Comer\u021b \u0219i Industrie V\u00e2lcea<\/a><\/p>\n<\/article>\n<article id=\"related-196293\" class=\"story post-196293 post type-post status-publish format-standard has-post-thumbnail hentry category-actualitate category-politica\">\n<div class=\"photo\"><img decoding=\"async\" width=\"735\" height=\"440\" src=\"https:\/\/i0.wp.com\/www.curierul.ro\/wp-content\/uploads\/2026\/02\/gutau-discutii-asociatii.jpg?fit=300%2C225&amp;ssl=1\" class=\"attachment-giornalismo-single size-giornalismo-single wp-post-image\" alt loading=\"lazy\"><\/div>\n<p class=\"headline\"><a href=\"https:\/\/www.curierul.ro\/primarul-gutau-in-dialog-direct-cu-asociatiile-de-proprietari\/\">Primarul Gut\u0103u, \u00een dialog direct cu asocia\u021biile de proprietari<\/a><\/p>\n<\/article>\n<article id=\"related-196290\" class=\"story post-196290 post type-post status-publish format-standard has-post-thumbnail hentry category-actualitate category-zidezi tag-articol-de-la-partener\">\n<div class=\"photo\"><img decoding=\"async\" width=\"735\" height=\"440\" src=\"https:\/\/i0.wp.com\/www.curierul.ro\/wp-content\/uploads\/2026\/02\/ii9zqlzrz1pbwdp_wp.jpg?fit=300%2C200&amp;ssl=1\" class=\"attachment-giornalismo-single size-giornalismo-single wp-post-image\" alt loading=\"lazy\"><\/div>\n<p class=\"headline\"><a href=\"https:\/\/www.curierul.ro\/lumina-care-schimba-totul-cum-iti-transformi-bucataria-cu-un-iluminat-bine-ales\/\">Lumina care schimb\u0103 totul \u2013 cum \u00ee\u021bi transformi buc\u0103t\u0103ria cu un iluminat bine ales<\/a><\/p>\n<\/article>\n<p>[analyse_source url=&#8221;https:\/\/www.curierul.ro\/toata-albia-raului-olanesti-va-fi-modernizata\/&#8221;]<\/p>\n","protected":false},"excerpt":{"rendered":"<p>[analyse_image type=&#8221;featured&#8221; src=&#8221;https:\/\/www.curierul.ro\/wp-content\/uploads\/2026\/02\/Pod-2.jpeghttps:\/\/i0.wp.com\/www.curierul.ro\/wp-content\/uploads\/2026\/02\/Pod-2.jpeg?fit=1154%2C646&amp;ssl=1&#8243;] Home Actualitate Toat\u0103 albia r\u00e2ului Ol\u0103ne\u0219ti va fi modernizat\u0103! Toat\u0103 albia r\u00e2ului Ol\u0103ne\u0219ti va fi modernizat\u0103! Scris deCurierul de Valcea, 2 februarie 2026 Vineri, primarul R\u00e2mnicului, Mircia Gut\u0103u, a participat personal la predarea amplasamentului \u0219i emiterea ordinului de \u00eencepere a lucr\u0103rilor pentru proiectul \u201eCre\u0219terea mobilit\u0103\u021bii urbane, pietonale \u0219i cicliste \u00een municipiul R\u00e2mnicu [&hellip;]<\/p>\n","protected":false},"author":1,"featured_media":0,"comment_status":"open","ping_status":"","sticky":false,"template":"","format":"standard","meta":{"footnotes":""},"categories":[89],"tags":[226,213],"class_list":["post-1766468","post","type-post","status-publish","format-standard","hentry","category-romania","tag-crawlmanager","tag-curierul-ro"],"_links":{"self":[{"href":"https:\/\/analyse.optim.biz\/index.php?rest_route=\/wp\/v2\/posts\/1766468","targetHints":{"allow":["GET"]}}],"collection":[{"href":"https:\/\/analyse.optim.biz\/index.php?rest_route=\/wp\/v2\/posts"}],"about":[{"href":"https:\/\/analyse.optim.biz\/index.php?rest_route=\/wp\/v2\/types\/post"}],"author":[{"embeddable":true,"href":"https:\/\/analyse.optim.biz\/index.php?rest_route=\/wp\/v2\/users\/1"}],"replies":[{"embeddable":true,"href":"https:\/\/analyse.optim.biz\/index.php?rest_route=%2Fwp%2Fv2%2Fcomments&post=1766468"}],"version-history":[{"count":0,"href":"https:\/\/analyse.optim.biz\/index.php?rest_route=\/wp\/v2\/posts\/1766468\/revisions"}],"wp:attachment":[{"href":"https:\/\/analyse.optim.biz\/index.php?rest_route=%2Fwp%2Fv2%2Fmedia&parent=1766468"}],"wp:term":[{"taxonomy":"category","embeddable":true,"href":"https:\/\/analyse.optim.biz\/index.php?rest_route=%2Fwp%2Fv2%2Fcategories&post=1766468"},{"taxonomy":"post_tag","embeddable":true,"href":"https:\/\/analyse.optim.biz\/index.php?rest_route=%2Fwp%2Fv2%2Ftags&post=1766468"}],"curies":[{"name":"wp","href":"https:\/\/api.w.org\/{rel}","templated":true}]}}