{"id":1766316,"date":"2026-02-12T00:00:00","date_gmt":"2026-02-11T21:00:00","guid":{"rendered":"https:\/\/analyse.optim.biz\/?p=1766316"},"modified":"2026-02-12T00:00:00","modified_gmt":"2026-02-11T21:00:00","slug":"foto-un-bmw-s-a-rasturnat-in-zona-grupul-scolar-din-suceava-soferita-a-fost-ranita","status":"publish","type":"post","link":"https:\/\/analyse.optim.biz\/?p=1766316","title":{"rendered":"FOTO Un BMW s-a r\u0103sturnat \u00een zona Grupul \u015ecolar din Suceava. \u015eoferi\u0163a a fost r\u0103nit\u0103"},"content":{"rendered":"<p>[analyse_image type=&#8221;featured&#8221; src=&#8221;&#8221;]<\/p>\n<div class=\"entry-content\">\n<p><img decoding=\"async\" loading=\"lazy\" class=\"alignright size-medium wp-image-318597\" src=\"https:\/\/suceavanews.ro\/wp-content\/uploads\/2026\/02\/WhatsApp-Image-2026-02-12-at-15.29.27-300x225.jpeg\" alt=\"\" width=\"300\" height=\"225\">Un BMW s-a r\u0103sturnat \u00een zona Grupul \u015ecolar din municipiul Suceava, iar \u015foferi\u0163a a fost r\u0103nit\u0103. La fa\u0163a locului au intervenit\u00a0pompierii militari din cadrul Deta\u0219amentului Suceava cu o autospecial\u0103 pentru descarcerare \u0219i o ambulan\u021b\u0103 SMURD B2, cu sprijinul unui echipaj SAJ cu medic.<\/p>\n<p>\u201c<em><strong>\u00cen urma evenimentului, conduc\u0103toarea autoturismului, con\u0219tient\u0103 \u0219i cooperant\u0103, a r\u0103mas \u00eencarcerat\u0103 \u00een interiorul autoturismului, fiind nevoie de interven\u021bia echipajului de descarcerare pentru extragerea acesteia. Aceasta a fost extras\u0103 din autoturism \u0219i predat\u0103 echipajului SAJ cu medic pentru acordarea primului ajutor medical<\/strong><\/em>\u201c, au transmis reprezentan\u0163ii Inspectoratului pentru Situa\u0163ii de Urgen\u0163\u0103.<\/p>\n<p>Persoana implicat\u0103 \u00een evenimentul rutier este transportat\u0103 la UPU Suceava pentru investiga\u021bii suplimentare \u0219i tratament de specialitate.<\/p>\n<\/div>\n<div class=\"entry-content\">\n<p><img decoding=\"async\" loading=\"lazy\" class=\"alignright size-medium wp-image-318597\" src=\"https:\/\/suceavanews.ro\/wp-content\/uploads\/2026\/02\/WhatsApp-Image-2026-02-12-at-15.29.27-300x225.jpeg\" alt=\"\" width=\"300\" height=\"225\">Un BMW s-a r\u0103sturnat \u00een zona Grupul \u015ecolar din municipiul Suceava, iar \u015foferi\u0163a a fost r\u0103nit\u0103. La fa\u0163a locului au intervenit\u00a0pompierii militari din cadrul Deta\u0219amentului Suceava cu o autospecial\u0103 pentru descarcerare \u0219i o ambulan\u021b\u0103 SMURD B2, cu sprijinul unui echipaj SAJ cu medic.<\/p>\n<p>\u201c<em><strong>\u00cen urma evenimentului, conduc\u0103toarea autoturismului, con\u0219tient\u0103 \u0219i cooperant\u0103, a r\u0103mas \u00eencarcerat\u0103 \u00een interiorul autoturismului, fiind nevoie de interven\u021bia echipajului de descarcerare pentru extragerea acesteia. Aceasta a fost extras\u0103 din autoturism \u0219i predat\u0103 echipajului SAJ cu medic pentru acordarea primului ajutor medical<\/strong><\/em>\u201c, au transmis reprezentan\u0163ii Inspectoratului pentru Situa\u0163ii de Urgen\u0163\u0103.<\/p>\n<p>Persoana implicat\u0103 \u00een evenimentul rutier este transportat\u0103 la UPU Suceava pentru investiga\u021bii suplimentare \u0219i tratament de specialitate.<\/p>\n<\/div>\n<p>[analyse_source url=&#8221;https:\/\/suceavanews.ro\/318596\/eveniment\/foto-un-bmw-s-a-rasturnat-in-zona-grupul-scolar-din-suceava-soferita-a-fost-ranita\/&#8221;]<\/p>\n","protected":false},"excerpt":{"rendered":"<p>[analyse_image type=&#8221;featured&#8221; src=&#8221;&#8221;] Un BMW s-a r\u0103sturnat \u00een zona Grupul \u015ecolar din municipiul Suceava, iar \u015foferi\u0163a a fost r\u0103nit\u0103. La fa\u0163a locului au intervenit\u00a0pompierii militari din cadrul Deta\u0219amentului Suceava cu o autospecial\u0103 pentru descarcerare \u0219i o ambulan\u021b\u0103 SMURD B2, cu sprijinul unui echipaj SAJ cu medic. \u201c\u00cen urma evenimentului, conduc\u0103toarea autoturismului, con\u0219tient\u0103 \u0219i cooperant\u0103, a [&hellip;]<\/p>\n","protected":false},"author":1,"featured_media":0,"comment_status":"open","ping_status":"","sticky":false,"template":"","format":"standard","meta":{"footnotes":""},"categories":[89],"tags":[226,174],"class_list":["post-1766316","post","type-post","status-publish","format-standard","hentry","category-romania","tag-crawlmanager","tag-suceavanews-ro"],"_links":{"self":[{"href":"https:\/\/analyse.optim.biz\/index.php?rest_route=\/wp\/v2\/posts\/1766316","targetHints":{"allow":["GET"]}}],"collection":[{"href":"https:\/\/analyse.optim.biz\/index.php?rest_route=\/wp\/v2\/posts"}],"about":[{"href":"https:\/\/analyse.optim.biz\/index.php?rest_route=\/wp\/v2\/types\/post"}],"author":[{"embeddable":true,"href":"https:\/\/analyse.optim.biz\/index.php?rest_route=\/wp\/v2\/users\/1"}],"replies":[{"embeddable":true,"href":"https:\/\/analyse.optim.biz\/index.php?rest_route=%2Fwp%2Fv2%2Fcomments&post=1766316"}],"version-history":[{"count":0,"href":"https:\/\/analyse.optim.biz\/index.php?rest_route=\/wp\/v2\/posts\/1766316\/revisions"}],"wp:attachment":[{"href":"https:\/\/analyse.optim.biz\/index.php?rest_route=%2Fwp%2Fv2%2Fmedia&parent=1766316"}],"wp:term":[{"taxonomy":"category","embeddable":true,"href":"https:\/\/analyse.optim.biz\/index.php?rest_route=%2Fwp%2Fv2%2Fcategories&post=1766316"},{"taxonomy":"post_tag","embeddable":true,"href":"https:\/\/analyse.optim.biz\/index.php?rest_route=%2Fwp%2Fv2%2Ftags&post=1766316"}],"curies":[{"name":"wp","href":"https:\/\/api.w.org\/{rel}","templated":true}]}}