{"id":1766309,"date":"2026-02-12T00:00:00","date_gmt":"2026-02-11T21:00:00","guid":{"rendered":"https:\/\/analyse.optim.biz\/?p=1766309"},"modified":"2026-02-12T00:00:00","modified_gmt":"2026-02-11T21:00:00","slug":"foto-un-adolescent-de-16-ani-prins-la-volan-desi-nu-avea-permis-iesise-la-plimbare-cu-iubita-sa","status":"publish","type":"post","link":"https:\/\/analyse.optim.biz\/?p=1766309","title":{"rendered":"FOTO Un adolescent de 16 ani, prins la volan, de\u015fi nu avea permis. Ie\u015fise la plimbare cu iubita sa"},"content":{"rendered":"<p>[analyse_image type=&#8221;featured&#8221; src=&#8221;&#8221;]<\/p>\n<div class=\"entry-content\">\n<p><em><img decoding=\"async\" loading=\"lazy\" class=\"alignright size-medium wp-image-318594\" src=\"https:\/\/suceavanews.ro\/wp-content\/uploads\/2026\/02\/masina-condusa-de-un-pusti-de-16-ani-la-suceava-300x180.jpg\" alt=\"\" width=\"300\" height=\"180\">Poli\u021bi\u0219tii de frontier\u0103 din cadrul Serviciului Teritorial al Poli\u021biei de Frontier\u0103 Suceava au oprit, \u00een trafic, un autoturism ne\u00eenmatriculat condus de c\u0103tre un minor de 16 ani. \u00cen ma\u0219in\u0103, \u00een calitate de pasager se afla \u0219i prietena acestuia, o t\u00e2n\u0103r\u0103 \u00een v\u00e2rst\u0103 de 18 ani.<\/em><\/p>\n<p>Ieri, 11 februarie a.c., \u00een jurul orei 16.45, poli\u021bi\u0219tii de frontier\u0103 din cadrul Serviciului Teritorial al Poli\u021biei de Frontier\u0103 Suceava au oprit pe comunica\u021bia Bilca \u2013 Vicovu de Sus, un autoturism la volanul c\u0103ruia se afla un t\u00e2n\u0103r de 16 ani. Minorul, domiciliat pe raza jude\u021bului Suceava, conducea un autoturism ce nu avea aplicate pl\u0103cu\u021be cu num\u0103r de \u00eenmatriculare.<\/p>\n<p>\u00cen urma verific\u0103rilor \u00een bazele de date specifice, colegii no\u0219tri de la STPF Suceava au constatat faptul c\u0103 autoturismul avea retrase pl\u0103cu\u021bele de \u00eenmatriculare din data de 13.12.2025.<\/p>\n<p>\u00cen cauz\u0103 s-a \u00eentocmit dosar penal sub aspectul s\u0103v\u00e2r\u0219irii infrac\u021biunilor de conducere a unui autovehicul de c\u0103tre o persoan\u0103 care nu de\u021bine permis de conducere \u0219i punerea \u00een circula\u021bie a unui autovehicul ne\u00eenmatriculat.<\/p>\n<\/div>\n<div class=\"entry-content\">\n<p><em><img decoding=\"async\" loading=\"lazy\" class=\"alignright size-medium wp-image-318594\" src=\"https:\/\/suceavanews.ro\/wp-content\/uploads\/2026\/02\/masina-condusa-de-un-pusti-de-16-ani-la-suceava-300x180.jpg\" alt=\"\" width=\"300\" height=\"180\">Poli\u021bi\u0219tii de frontier\u0103 din cadrul Serviciului Teritorial al Poli\u021biei de Frontier\u0103 Suceava au oprit, \u00een trafic, un autoturism ne\u00eenmatriculat condus de c\u0103tre un minor de 16 ani. \u00cen ma\u0219in\u0103, \u00een calitate de pasager se afla \u0219i prietena acestuia, o t\u00e2n\u0103r\u0103 \u00een v\u00e2rst\u0103 de 18 ani.<\/em><\/p>\n<p>Ieri, 11 februarie a.c., \u00een jurul orei 16.45, poli\u021bi\u0219tii de frontier\u0103 din cadrul Serviciului Teritorial al Poli\u021biei de Frontier\u0103 Suceava au oprit pe comunica\u021bia Bilca \u2013 Vicovu de Sus, un autoturism la volanul c\u0103ruia se afla un t\u00e2n\u0103r de 16 ani. Minorul, domiciliat pe raza jude\u021bului Suceava, conducea un autoturism ce nu avea aplicate pl\u0103cu\u021be cu num\u0103r de \u00eenmatriculare.<\/p>\n<p>\u00cen urma verific\u0103rilor \u00een bazele de date specifice, colegii no\u0219tri de la STPF Suceava au constatat faptul c\u0103 autoturismul avea retrase pl\u0103cu\u021bele de \u00eenmatriculare din data de 13.12.2025.<\/p>\n<p>\u00cen cauz\u0103 s-a \u00eentocmit dosar penal sub aspectul s\u0103v\u00e2r\u0219irii infrac\u021biunilor de conducere a unui autovehicul de c\u0103tre o persoan\u0103 care nu de\u021bine permis de conducere \u0219i punerea \u00een circula\u021bie a unui autovehicul ne\u00eenmatriculat.<\/p>\n<\/div>\n<p>[analyse_source url=&#8221;https:\/\/suceavanews.ro\/318593\/eveniment\/foto-un-adolescent-de-16-ani-prins-la-volan-desi-nu-avea-permis-iesise-la-plimbare-cu-iubita-sa\/&#8221;]<\/p>\n","protected":false},"excerpt":{"rendered":"<p>[analyse_image type=&#8221;featured&#8221; src=&#8221;&#8221;] Poli\u021bi\u0219tii de frontier\u0103 din cadrul Serviciului Teritorial al Poli\u021biei de Frontier\u0103 Suceava au oprit, \u00een trafic, un autoturism ne\u00eenmatriculat condus de c\u0103tre un minor de 16 ani. \u00cen ma\u0219in\u0103, \u00een calitate de pasager se afla \u0219i prietena acestuia, o t\u00e2n\u0103r\u0103 \u00een v\u00e2rst\u0103 de 18 ani. Ieri, 11 februarie a.c., \u00een jurul orei [&hellip;]<\/p>\n","protected":false},"author":1,"featured_media":0,"comment_status":"open","ping_status":"","sticky":false,"template":"","format":"standard","meta":{"footnotes":""},"categories":[89],"tags":[226,174],"class_list":["post-1766309","post","type-post","status-publish","format-standard","hentry","category-romania","tag-crawlmanager","tag-suceavanews-ro"],"_links":{"self":[{"href":"https:\/\/analyse.optim.biz\/index.php?rest_route=\/wp\/v2\/posts\/1766309","targetHints":{"allow":["GET"]}}],"collection":[{"href":"https:\/\/analyse.optim.biz\/index.php?rest_route=\/wp\/v2\/posts"}],"about":[{"href":"https:\/\/analyse.optim.biz\/index.php?rest_route=\/wp\/v2\/types\/post"}],"author":[{"embeddable":true,"href":"https:\/\/analyse.optim.biz\/index.php?rest_route=\/wp\/v2\/users\/1"}],"replies":[{"embeddable":true,"href":"https:\/\/analyse.optim.biz\/index.php?rest_route=%2Fwp%2Fv2%2Fcomments&post=1766309"}],"version-history":[{"count":0,"href":"https:\/\/analyse.optim.biz\/index.php?rest_route=\/wp\/v2\/posts\/1766309\/revisions"}],"wp:attachment":[{"href":"https:\/\/analyse.optim.biz\/index.php?rest_route=%2Fwp%2Fv2%2Fmedia&parent=1766309"}],"wp:term":[{"taxonomy":"category","embeddable":true,"href":"https:\/\/analyse.optim.biz\/index.php?rest_route=%2Fwp%2Fv2%2Fcategories&post=1766309"},{"taxonomy":"post_tag","embeddable":true,"href":"https:\/\/analyse.optim.biz\/index.php?rest_route=%2Fwp%2Fv2%2Ftags&post=1766309"}],"curies":[{"name":"wp","href":"https:\/\/api.w.org\/{rel}","templated":true}]}}